{"id":14989,"date":"2023-02-28T19:05:52","date_gmt":"2023-02-28T19:05:52","guid":{"rendered":"https:\/\/www.africa-press.net\/congo-brazzaville\/politique\/journee-nationale-de-la-jeunesse-la-plateforme-numerique-youth-connekt-congo-officiellement-lancee"},"modified":"2023-02-28T19:39:46","modified_gmt":"2023-02-28T19:39:46","slug":"journee-nationale-de-la-jeunesse-la-plateforme-numerique-youth-connekt-congo-officiellement-lancee","status":"publish","type":"post","link":"https:\/\/www.africa-press.net\/congo-brazzaville\/photo\/journee-nationale-de-la-jeunesse-la-plateforme-numerique-youth-connekt-congo-officiellement-lancee","title":{"rendered":"Journ\u00e9e nationale de la jeunesse : la plateforme num\u00e9rique Youth connekt Congo officiellement lanc\u00e9e"},"content":{"rendered":"<p><span style=\"color: #ff6600\"><strong>Africa-Press &#8211; Congo Brazzaville. <\/strong><\/span><b>La journe\u0301e ce\u0301le\u0301bre\u0301e le 28 fe\u0301vrier a\u0300 Brazzaville sur le the\u0300me \u00ab Formation et insertion professionnelle des jeunes: outils et opportunite\u0301s \u00bb a marque\u0301 le lancement officiel de la plateforme nume\u0301rique Youth connekt Congo. <\/b><\/p>\n<p>\u00abApre\u0300s la participation au sommet Youth connekt Africa qui s\u2019est de\u0301roule\u0301 a\u0300 Kigali, en septembre 2022, dans le cadre de la mise en \u0153uvre de sa feuille de route, notre pays pre\u0301sente ce jour la plateforme nume\u0301rique Youth connekt Congo, regroupant de nombreuses opportunite\u0301s pour notre jeunesse. Il s\u2019agit, entre autres, des opportunite\u0301s de formation certifiantes dispense\u0301es par des sites de grande notorie\u0301te\u0301 et des informations sur des opportunite\u0301s d\u2019emplois et offres offertes par les entreprises installe\u0301es dans notre pays \u00bb, a de\u0301clare\u0301 le ministre en charge de la Jeunesse, Hugues Ngoue\u0301londe\u0301le\u0301. Il a remercie\u0301 le Programme des Nations unies pour le de\u0301veloppement (Pnud) pour son implication qui a permis la concre\u0301tisation de ce projet.<\/p>\n<p>Youth connekt est une initiative du gouvernement rwandais en partenariat avec le Pnud, cre\u0301e\u0301e dans le but de connecter les jeunes aux opportunite\u0301s. C\u2019est un outil qui sert a\u0300 fournir une solution visant a\u0300 atte\u0301nuer les de\u0301fis auxquels sont confronte\u0301s les jeunes en Afrique. Il permet aussi d\u2019e\u0301largir le bassin d\u2019opportunite\u0301s de leadership e\u0301conomique social et civique gra\u0302ce aux initiatives nationales.<\/p>\n<p>La plateforme lance\u0301e permet, quant a\u0300 elle, de connecter les jeunes a\u0300 la transformation socioe\u0301conomique et de de\u0301velopper leurs capacite\u0301s dans l\u2019employabilite\u0301. C\u2019est une plateforme E- learning qui fournira un arsenal de formation certifiant gratuite et payante pour les jeunes mais aussi un outil de re\u0301seautage qui permet de les rassembler et un me\u0301canisme de leur coaching par des professionnels qui ne\u0301cessite un appui et un accompagnement spe\u0301cifique dans le domaine pour lequel ils e\u0301voluent.<\/p>\n<p><b>Quatre panels au menu de la ce\u0301le\u0301bration de la journe\u0301e<\/b><\/p>\n<p>Cette plateforme, soulignent les concepteurs, cible la jeunesse congolaise mais aussi africaine parce que le monde du digital n\u2019a pas de limites. Les professionnels sont e\u0301galement concerne\u0301s dans leur capacite\u0301 a\u0300 poster les offres qu\u2019ils ont dans leurs structures et se de\u0301marquer en e\u0301tant des coaches des jeunes qui sont dans la plateforme.<\/p>\n<p>Outre la pre\u0301sentation de cette plateforme, quatre panels de discussion ont e\u0301te\u0301 au menu de la ce\u0301le\u0301bration de la Journe\u0301e a\u0300 laquelle a participe\u0301 Lydia Mikolo, ministre des Petites et moyennes entreprises et de l\u2019Artisanat. Les the\u0300mes des panels de discussion programme\u0301s a\u0300 l\u2019occasion de cette journe\u0301e, a explique\u0301 Hugues Ngoue\u0301londe\u0301le\u0301, ont permis de s\u2019informer sur les outils et opportunite\u0301s mis a\u0300 disposition par l\u2019Etat pour la formation et l\u2019insertion professionnelle des jeunes.<\/p>\n<p>Le panel sur la re\u0301silience e\u0301conomique et financement visait a\u0300 promouvoir la re\u0301silience socioe\u0301conomique au Congo, spe\u0301cifiquement dans le cadre des plans de relance ainsi que d\u2019accompagnement et encourager les jeunes a\u0300 e\u0302tre dans un processus d\u2019action permanente et pertinente.<\/p>\n<p>\u00ab Employabilite\u0301 et entrepreneuriat \u00bb visait a\u0300 ame\u0301liorer l\u2019employabilite\u0301 des jeunes en sus de leur insertion. Les panelistes ont e\u0301change\u0301 sur l\u2019entrepreneuriat en milieu juve\u0301nile, permettant ainsi a\u0300 l\u2019Agence universitaire de la francophonie d\u2019informer les jeunes sur l\u2019existence du centre d\u2019employabilite\u0301 sis au Cneuf.<\/p>\n<p>Le the\u0300me \u00ab La construction d\u2019un e\u0301cosyste\u0300me national en faveur de l\u2019engagement social et solidaire \u00bb a eu pour objectif de permettre l&rsquo;e\u0301change sur l\u2019engagement social solidaire et civique en milieu juve\u0301nile, la partition dans le de\u0301veloppement socioe\u0301conomique du Congo et surtout son impact sur la prospe\u0301rite\u0301 de la nation, la pre\u0301servation de la paix, la bonne gouvernance et l\u2019e\u0301panouissement de la jeunesse congolaise.<\/p>\n<p>Quant au the\u0300me sur \u00ab Le volontariat, moyen d\u2019insertion socio-professionnelle des jeunes \u00bb, il a mis en lumie\u0300re les avantages du volontariat par le partage d\u2019expe\u0301rience et des bonnes pratiques afin d\u2019inciter les jeunes a\u0300 s\u2019y inte\u0301resser et a\u0300 s\u2019en approprier.<\/p>\n<p>La Journe\u0301e nationale de la jeunesse, rappelons-le, est ce\u0301le\u0301bre\u0301e le 28 fe\u0301vrier de chaque anne\u0301e dans le but de vulgariser la politique de la nation en matie\u0300re de la jeunesse, de promouvoir des activite\u0301s socio-e\u0301ducatives culturelles et sportives en milieu jeune ainsi que de concevoir et mettre en \u0153uvre des actions de formation en vue de favoriser l\u2019e\u0301panouissement des jeunes.<\/p>\n\r\n                <style type=\"text\/css\">\r\n                    \r\n                    #td_uid_1_69f168d79c825  .td-doubleSlider-2 .td-item1 {\r\n                        background: url(https:\/\/static.africa-press.net\/congo-brazzaville\/sites\/51\/2023\/02\/postMediaimg_60_1-63fe5748a4238-80x60.jpg) 0 0 no-repeat;\r\n                    }\r\n                    #td_uid_1_69f168d79c825  .td-doubleSlider-2 .td-item2 {\r\n                        background: url(https:\/\/static.africa-press.net\/congo-brazzaville\/sites\/51\/2023\/02\/postMediaimg_60_2-63fe57519e53d-80x60.jpg) 0 0 no-repeat;\r\n                    }\r\n                <\/style>\r\n\r\n                <div id=\"td_uid_1_69f168d79c825\" class=\"td-gallery td-slide-on-2-columns\">\r\n                    <div class=\"post_td_gallery\">\r\n                        <div class=\"td-gallery-slide-top\">\r\n                           <div class=\"td-gallery-title\"><\/div>\r\n\r\n                            <div class=\"td-gallery-controls-wrapper\">\r\n                                <div class=\"td-gallery-slide-count\"><span class=\"td-gallery-slide-item-focus\">1<\/span> de 2<\/div>\r\n                                <div class=\"td-gallery-slide-prev-next-but\">\r\n                                    <i class = \"td-icon-left doubleSliderPrevButton\"><\/i>\r\n                                    <i class = \"td-icon-right doubleSliderNextButton\"><\/i>\r\n                                <\/div>\r\n                            <\/div>\r\n                        <\/div>\r\n\r\n                        <div class = \"td-doubleSlider-1 \">\r\n                            <div class = \"td-slider\">\r\n                                \r\n                    <div class = \"td-slide-item td-item1\">\r\n                        <figure class=\"td-slide-galery-figure td-slide-popup-gallery\">\r\n                            <a class=\"slide-gallery-image-link\" href=\"https:\/\/static.africa-press.net\/congo-brazzaville\/sites\/51\/2023\/02\/postMediaimg_60_1-63fe5748a4238.jpg\" title=\"postMediaimg_60_1-63fe5748a4238\"  data-caption=\"\"  data-description=\"\">\r\n                                <img decoding=\"async\" src=\"https:\/\/static.africa-press.net\/congo-brazzaville\/sites\/51\/2023\/02\/postMediaimg_60_1-63fe5748a4238.jpg\" srcset=\"https:\/\/static.africa-press.net\/congo-brazzaville\/sites\/51\/2023\/02\/postMediaimg_60_1-63fe5748a4238.jpg 1155w, https:\/\/static.africa-press.net\/congo-brazzaville\/sites\/51\/2023\/02\/postMediaimg_60_1-63fe5748a4238-300x199.jpg 300w, https:\/\/static.africa-press.net\/congo-brazzaville\/sites\/51\/2023\/02\/postMediaimg_60_1-63fe5748a4238-1024x681.jpg 1024w, https:\/\/static.africa-press.net\/congo-brazzaville\/sites\/51\/2023\/02\/postMediaimg_60_1-63fe5748a4238-768x511.jpg 768w\" sizes=\"(max-width: 1155px) 100vw, 1155px\" alt=\"\">\r\n                            <\/a>\r\n                            \r\n                        <\/figure>\r\n                    <\/div>\r\n                    <div class = \"td-slide-item td-item2\">\r\n                        <figure class=\"td-slide-galery-figure td-slide-popup-gallery\">\r\n                            <a class=\"slide-gallery-image-link\" href=\"https:\/\/static.africa-press.net\/congo-brazzaville\/sites\/51\/2023\/02\/postMediaimg_60_2-63fe57519e53d.jpg\" title=\"postMediaimg_60_2-63fe57519e53d\"  data-caption=\"\"  data-description=\"\">\r\n                                <img decoding=\"async\" src=\"https:\/\/static.africa-press.net\/congo-brazzaville\/sites\/51\/2023\/02\/postMediaimg_60_2-63fe57519e53d.jpg\" srcset=\"https:\/\/static.africa-press.net\/congo-brazzaville\/sites\/51\/2023\/02\/postMediaimg_60_2-63fe57519e53d.jpg 1155w, https:\/\/static.africa-press.net\/congo-brazzaville\/sites\/51\/2023\/02\/postMediaimg_60_2-63fe57519e53d-300x199.jpg 300w, https:\/\/static.africa-press.net\/congo-brazzaville\/sites\/51\/2023\/02\/postMediaimg_60_2-63fe57519e53d-1024x681.jpg 1024w, https:\/\/static.africa-press.net\/congo-brazzaville\/sites\/51\/2023\/02\/postMediaimg_60_2-63fe57519e53d-768x511.jpg 768w\" sizes=\"(max-width: 1155px) 100vw, 1155px\" alt=\"\">\r\n                            <\/a>\r\n                            \r\n                        <\/figure>\r\n                    <\/div>\r\n                            <\/div>\r\n                        <\/div>\r\n\r\n                        <div class = \"td-doubleSlider-2\">\r\n                            <div class = \"td-slider\">\r\n                                \r\n                    <div class = \"td-button td-item1\">\r\n                        <div class = \"td-border\"><\/div>\r\n                    <\/div>\r\n                    <div class = \"td-button td-item2\">\r\n                        <div class = \"td-border\"><\/div>\r\n                    <\/div>\r\n                            <\/div>\r\n                        <\/div>\r\n\r\n                    <\/div>\r\n\r\n                <\/div>\r\n                \n<p><strong>Pour plus d&rsquo;informations et d&rsquo;analyses sur la <a href=\"https:\/\/www.africa-press.net\/congo-brazzaville\">Congo Brazzaville<\/a>, suivez <a href=\"https:\/\/www.africa-press.net\/\">Africa-Press<\/a><\/strong><\/p>\n","protected":false},"excerpt":{"rendered":"<p>Africa-Press &#8211; Congo Brazzaville. La journe\u0301e ce\u0301le\u0301bre\u0301e le 28 fe\u0301vrier a\u0300 Brazzaville sur le the\u0300me \u00ab Formation et insertion professionnelle des jeunes: outils et opportunite\u0301s \u00bb a marque\u0301 le lancement officiel de la plateforme nume\u0301rique Youth connekt Congo. \u00abApre\u0300s la participation au sommet Youth connekt Africa qui s\u2019est de\u0301roule\u0301 a\u0300 Kigali, en septembre 2022, dans [&hellip;]<\/p>\n","protected":false},"author":82,"featured_media":14988,"comment_status":"open","ping_status":"closed","sticky":false,"template":"","format":"standard","meta":{"footnotes":""},"categories":[21,8,10],"tags":[36,47,46],"class_list":["post-14989","post","type-post","status-publish","format-standard","has-post-thumbnail","hentry","category-communaute","category-photo","category-toutes-les-actualites","tag-africa-press","tag-africa-press-congo-brazzaville","tag-congo-brazzaville"],"yoast_head":"<!-- This site is optimized with the Yoast SEO Premium plugin v26.1 (Yoast SEO v27.0) - https:\/\/yoast.com\/product\/yoast-seo-premium-wordpress\/ -->\n<title>Journ\u00e9e nationale de la jeunesse : la plateforme num\u00e9rique Youth connekt Congo officiellement lanc\u00e9e - Congo Brazzaville<\/title>\n<meta name=\"description\" content=\"La journe\u0301e ce\u0301le\u0301bre\u0301e le 28 fe\u0301vrier a\u0300 Brazzaville sur le the\u0300me \u00ab Formation et insertion professionnelle des jeun ...\" \/>\n<meta name=\"robots\" content=\"index, follow, max-snippet:-1, max-image-preview:large, max-video-preview:-1\" \/>\n<link rel=\"canonical\" href=\"https:\/\/www.africa-press.net\/congo-brazzaville\/photo\/journee-nationale-de-la-jeunesse-la-plateforme-numerique-youth-connekt-congo-officiellement-lancee\" \/>\n<meta property=\"og:locale\" content=\"fr_FR\" \/>\n<meta property=\"og:type\" content=\"article\" \/>\n<meta property=\"og:title\" content=\"Journ\u00e9e nationale de la jeunesse : la plateforme num\u00e9rique Youth connekt Congo officiellement lanc\u00e9e\" \/>\n<meta property=\"og:description\" content=\"La journe\u0301e ce\u0301le\u0301bre\u0301e le 28 fe\u0301vrier a\u0300 Brazzaville sur le the\u0300me \u00ab Formation et insertion professionnelle des jeun ...\" \/>\n<meta property=\"og:url\" content=\"https:\/\/www.africa-press.net\/congo-brazzaville\/photo\/journee-nationale-de-la-jeunesse-la-plateforme-numerique-youth-connekt-congo-officiellement-lancee\" \/>\n<meta property=\"og:site_name\" content=\"Congo Brazzaville\" \/>\n<meta property=\"article:published_time\" content=\"2023-02-28T19:05:52+00:00\" \/>\n<meta property=\"article:modified_time\" content=\"2023-02-28T19:39:46+00:00\" \/>\n<meta property=\"og:image\" content=\"https:\/\/static.africa-press.net\/congo-brazzaville\/sites\/51\/2023\/02\/postQueueImg_1677598567.26.jpg\" \/>\n\t<meta property=\"og:image:width\" content=\"1155\" \/>\n\t<meta property=\"og:image:height\" content=\"768\" \/>\n\t<meta property=\"og:image:type\" content=\"image\/jpeg\" \/>\n<meta name=\"author\" content=\"cfeditorfr\" \/>\n<meta name=\"twitter:card\" content=\"summary_large_image\" \/>\n<meta name=\"twitter:label1\" content=\"\u00c9crit par\" \/>\n\t<meta name=\"twitter:data1\" content=\"cfeditorfr\" \/>\n\t<meta name=\"twitter:label2\" content=\"Dur\u00e9e de lecture estim\u00e9e\" \/>\n\t<meta name=\"twitter:data2\" content=\"4 minutes\" \/>\n<script type=\"application\/ld+json\" class=\"yoast-schema-graph\">{\"@context\":\"https:\/\/schema.org\",\"@graph\":[{\"@type\":\"Article\",\"@id\":\"https:\/\/www.africa-press.net\/congo-brazzaville\/photo\/journee-nationale-de-la-jeunesse-la-plateforme-numerique-youth-connekt-congo-officiellement-lancee#article\",\"isPartOf\":{\"@id\":\"https:\/\/www.africa-press.net\/congo-brazzaville\/photo\/journee-nationale-de-la-jeunesse-la-plateforme-numerique-youth-connekt-congo-officiellement-lancee\"},\"author\":{\"name\":\"cfeditorfr\",\"@id\":\"https:\/\/www.africa-press.net\/congo-brazzaville\/#\/schema\/person\/2b1cf3cd81a31e3cd26889ca66d677f1\"},\"headline\":\"Journ\u00e9e nationale de la jeunesse : la plateforme num\u00e9rique Youth connekt Congo officiellement lanc\u00e9e\",\"datePublished\":\"2023-02-28T19:05:52+00:00\",\"dateModified\":\"2023-02-28T19:39:46+00:00\",\"mainEntityOfPage\":{\"@id\":\"https:\/\/www.africa-press.net\/congo-brazzaville\/photo\/journee-nationale-de-la-jeunesse-la-plateforme-numerique-youth-connekt-congo-officiellement-lancee\"},\"wordCount\":828,\"commentCount\":0,\"image\":{\"@id\":\"https:\/\/www.africa-press.net\/congo-brazzaville\/photo\/journee-nationale-de-la-jeunesse-la-plateforme-numerique-youth-connekt-congo-officiellement-lancee#primaryimage\"},\"thumbnailUrl\":\"https:\/\/static.africa-press.net\/congo-brazzaville\/sites\/51\/2023\/02\/postQueueImg_1677598567.26.jpg\",\"keywords\":[\"Africa Press\",\"Africa Press-Congo Brazzaville\",\"Congo Brazzaville\"],\"articleSection\":[\"Communaut\u00e9\",\"Photo\",\"Toutes les actualit\u00e9s\"],\"inLanguage\":\"fr-FR\",\"potentialAction\":[{\"@type\":\"CommentAction\",\"name\":\"Comment\",\"target\":[\"https:\/\/www.africa-press.net\/congo-brazzaville\/photo\/journee-nationale-de-la-jeunesse-la-plateforme-numerique-youth-connekt-congo-officiellement-lancee#respond\"]}]},{\"@type\":\"WebPage\",\"@id\":\"https:\/\/www.africa-press.net\/congo-brazzaville\/photo\/journee-nationale-de-la-jeunesse-la-plateforme-numerique-youth-connekt-congo-officiellement-lancee\",\"url\":\"https:\/\/www.africa-press.net\/congo-brazzaville\/photo\/journee-nationale-de-la-jeunesse-la-plateforme-numerique-youth-connekt-congo-officiellement-lancee\",\"name\":\"Journ\u00e9e nationale de la jeunesse : la plateforme num\u00e9rique Youth connekt Congo officiellement lanc\u00e9e - Congo Brazzaville\",\"isPartOf\":{\"@id\":\"https:\/\/www.africa-press.net\/congo-brazzaville\/#website\"},\"primaryImageOfPage\":{\"@id\":\"https:\/\/www.africa-press.net\/congo-brazzaville\/photo\/journee-nationale-de-la-jeunesse-la-plateforme-numerique-youth-connekt-congo-officiellement-lancee#primaryimage\"},\"image\":{\"@id\":\"https:\/\/www.africa-press.net\/congo-brazzaville\/photo\/journee-nationale-de-la-jeunesse-la-plateforme-numerique-youth-connekt-congo-officiellement-lancee#primaryimage\"},\"thumbnailUrl\":\"https:\/\/static.africa-press.net\/congo-brazzaville\/sites\/51\/2023\/02\/postQueueImg_1677598567.26.jpg\",\"datePublished\":\"2023-02-28T19:05:52+00:00\",\"dateModified\":\"2023-02-28T19:39:46+00:00\",\"author\":{\"@id\":\"https:\/\/www.africa-press.net\/congo-brazzaville\/#\/schema\/person\/2b1cf3cd81a31e3cd26889ca66d677f1\"},\"description\":\"La journe\u0301e ce\u0301le\u0301bre\u0301e le 28 fe\u0301vrier a\u0300 Brazzaville sur le the\u0300me \u00ab Formation et insertion professionnelle des jeun ...\",\"breadcrumb\":{\"@id\":\"https:\/\/www.africa-press.net\/congo-brazzaville\/photo\/journee-nationale-de-la-jeunesse-la-plateforme-numerique-youth-connekt-congo-officiellement-lancee#breadcrumb\"},\"inLanguage\":\"fr-FR\",\"potentialAction\":[{\"@type\":\"ReadAction\",\"target\":[\"https:\/\/www.africa-press.net\/congo-brazzaville\/photo\/journee-nationale-de-la-jeunesse-la-plateforme-numerique-youth-connekt-congo-officiellement-lancee\"]}]},{\"@type\":\"ImageObject\",\"inLanguage\":\"fr-FR\",\"@id\":\"https:\/\/www.africa-press.net\/congo-brazzaville\/photo\/journee-nationale-de-la-jeunesse-la-plateforme-numerique-youth-connekt-congo-officiellement-lancee#primaryimage\",\"url\":\"https:\/\/static.africa-press.net\/congo-brazzaville\/sites\/51\/2023\/02\/postQueueImg_1677598567.26.jpg\",\"contentUrl\":\"https:\/\/static.africa-press.net\/congo-brazzaville\/sites\/51\/2023\/02\/postQueueImg_1677598567.26.jpg\",\"width\":1155,\"height\":768,\"caption\":\"Journ\u00e9e nationale de la jeunesse : la plateforme num\u00e9rique Youth connekt Congo officiellement lanc\u00e9e\"},{\"@type\":\"BreadcrumbList\",\"@id\":\"https:\/\/www.africa-press.net\/congo-brazzaville\/photo\/journee-nationale-de-la-jeunesse-la-plateforme-numerique-youth-connekt-congo-officiellement-lancee#breadcrumb\",\"itemListElement\":[{\"@type\":\"ListItem\",\"position\":1,\"name\":\"Accueil\",\"item\":\"https:\/\/www.africa-press.net\/congo-brazzaville\/\"},{\"@type\":\"ListItem\",\"position\":2,\"name\":\"Journ\u00e9e nationale de la jeunesse : la plateforme num\u00e9rique Youth connekt Congo officiellement lanc\u00e9e\"}]},{\"@type\":\"WebSite\",\"@id\":\"https:\/\/www.africa-press.net\/congo-brazzaville\/#website\",\"url\":\"https:\/\/www.africa-press.net\/congo-brazzaville\/\",\"name\":\"Congo Brazzaville\",\"description\":\"Just another Africa News Agency Sites site\",\"potentialAction\":[{\"@type\":\"SearchAction\",\"target\":{\"@type\":\"EntryPoint\",\"urlTemplate\":\"https:\/\/www.africa-press.net\/congo-brazzaville\/?s={search_term_string}\"},\"query-input\":{\"@type\":\"PropertyValueSpecification\",\"valueRequired\":true,\"valueName\":\"search_term_string\"}}],\"inLanguage\":\"fr-FR\"},{\"@type\":\"Person\",\"@id\":\"https:\/\/www.africa-press.net\/congo-brazzaville\/#\/schema\/person\/2b1cf3cd81a31e3cd26889ca66d677f1\",\"name\":\"cfeditorfr\"}]}<\/script>\n<!-- \/ Yoast SEO Premium plugin. -->","yoast_head_json":{"title":"Journ\u00e9e nationale de la jeunesse : la plateforme num\u00e9rique Youth connekt Congo officiellement lanc\u00e9e - Congo Brazzaville","description":"La journe\u0301e ce\u0301le\u0301bre\u0301e le 28 fe\u0301vrier a\u0300 Brazzaville sur le the\u0300me \u00ab Formation et insertion professionnelle des jeun ...","robots":{"index":"index","follow":"follow","max-snippet":"max-snippet:-1","max-image-preview":"max-image-preview:large","max-video-preview":"max-video-preview:-1"},"canonical":"https:\/\/www.africa-press.net\/congo-brazzaville\/photo\/journee-nationale-de-la-jeunesse-la-plateforme-numerique-youth-connekt-congo-officiellement-lancee","og_locale":"fr_FR","og_type":"article","og_title":"Journ\u00e9e nationale de la jeunesse : la plateforme num\u00e9rique Youth connekt Congo officiellement lanc\u00e9e","og_description":"La journe\u0301e ce\u0301le\u0301bre\u0301e le 28 fe\u0301vrier a\u0300 Brazzaville sur le the\u0300me \u00ab Formation et insertion professionnelle des jeun ...","og_url":"https:\/\/www.africa-press.net\/congo-brazzaville\/photo\/journee-nationale-de-la-jeunesse-la-plateforme-numerique-youth-connekt-congo-officiellement-lancee","og_site_name":"Congo Brazzaville","article_published_time":"2023-02-28T19:05:52+00:00","article_modified_time":"2023-02-28T19:39:46+00:00","og_image":[{"width":1155,"height":768,"url":"https:\/\/static.africa-press.net\/congo-brazzaville\/sites\/51\/2023\/02\/postQueueImg_1677598567.26.jpg","type":"image\/jpeg"}],"author":"cfeditorfr","twitter_card":"summary_large_image","twitter_misc":{"\u00c9crit par":"cfeditorfr","Dur\u00e9e de lecture estim\u00e9e":"4 minutes"},"schema":{"@context":"https:\/\/schema.org","@graph":[{"@type":"Article","@id":"https:\/\/www.africa-press.net\/congo-brazzaville\/photo\/journee-nationale-de-la-jeunesse-la-plateforme-numerique-youth-connekt-congo-officiellement-lancee#article","isPartOf":{"@id":"https:\/\/www.africa-press.net\/congo-brazzaville\/photo\/journee-nationale-de-la-jeunesse-la-plateforme-numerique-youth-connekt-congo-officiellement-lancee"},"author":{"name":"cfeditorfr","@id":"https:\/\/www.africa-press.net\/congo-brazzaville\/#\/schema\/person\/2b1cf3cd81a31e3cd26889ca66d677f1"},"headline":"Journ\u00e9e nationale de la jeunesse : la plateforme num\u00e9rique Youth connekt Congo officiellement lanc\u00e9e","datePublished":"2023-02-28T19:05:52+00:00","dateModified":"2023-02-28T19:39:46+00:00","mainEntityOfPage":{"@id":"https:\/\/www.africa-press.net\/congo-brazzaville\/photo\/journee-nationale-de-la-jeunesse-la-plateforme-numerique-youth-connekt-congo-officiellement-lancee"},"wordCount":828,"commentCount":0,"image":{"@id":"https:\/\/www.africa-press.net\/congo-brazzaville\/photo\/journee-nationale-de-la-jeunesse-la-plateforme-numerique-youth-connekt-congo-officiellement-lancee#primaryimage"},"thumbnailUrl":"https:\/\/static.africa-press.net\/congo-brazzaville\/sites\/51\/2023\/02\/postQueueImg_1677598567.26.jpg","keywords":["Africa Press","Africa Press-Congo Brazzaville","Congo Brazzaville"],"articleSection":["Communaut\u00e9","Photo","Toutes les actualit\u00e9s"],"inLanguage":"fr-FR","potentialAction":[{"@type":"CommentAction","name":"Comment","target":["https:\/\/www.africa-press.net\/congo-brazzaville\/photo\/journee-nationale-de-la-jeunesse-la-plateforme-numerique-youth-connekt-congo-officiellement-lancee#respond"]}]},{"@type":"WebPage","@id":"https:\/\/www.africa-press.net\/congo-brazzaville\/photo\/journee-nationale-de-la-jeunesse-la-plateforme-numerique-youth-connekt-congo-officiellement-lancee","url":"https:\/\/www.africa-press.net\/congo-brazzaville\/photo\/journee-nationale-de-la-jeunesse-la-plateforme-numerique-youth-connekt-congo-officiellement-lancee","name":"Journ\u00e9e nationale de la jeunesse : la plateforme num\u00e9rique Youth connekt Congo officiellement lanc\u00e9e - Congo Brazzaville","isPartOf":{"@id":"https:\/\/www.africa-press.net\/congo-brazzaville\/#website"},"primaryImageOfPage":{"@id":"https:\/\/www.africa-press.net\/congo-brazzaville\/photo\/journee-nationale-de-la-jeunesse-la-plateforme-numerique-youth-connekt-congo-officiellement-lancee#primaryimage"},"image":{"@id":"https:\/\/www.africa-press.net\/congo-brazzaville\/photo\/journee-nationale-de-la-jeunesse-la-plateforme-numerique-youth-connekt-congo-officiellement-lancee#primaryimage"},"thumbnailUrl":"https:\/\/static.africa-press.net\/congo-brazzaville\/sites\/51\/2023\/02\/postQueueImg_1677598567.26.jpg","datePublished":"2023-02-28T19:05:52+00:00","dateModified":"2023-02-28T19:39:46+00:00","author":{"@id":"https:\/\/www.africa-press.net\/congo-brazzaville\/#\/schema\/person\/2b1cf3cd81a31e3cd26889ca66d677f1"},"description":"La journe\u0301e ce\u0301le\u0301bre\u0301e le 28 fe\u0301vrier a\u0300 Brazzaville sur le the\u0300me \u00ab Formation et insertion professionnelle des jeun ...","breadcrumb":{"@id":"https:\/\/www.africa-press.net\/congo-brazzaville\/photo\/journee-nationale-de-la-jeunesse-la-plateforme-numerique-youth-connekt-congo-officiellement-lancee#breadcrumb"},"inLanguage":"fr-FR","potentialAction":[{"@type":"ReadAction","target":["https:\/\/www.africa-press.net\/congo-brazzaville\/photo\/journee-nationale-de-la-jeunesse-la-plateforme-numerique-youth-connekt-congo-officiellement-lancee"]}]},{"@type":"ImageObject","inLanguage":"fr-FR","@id":"https:\/\/www.africa-press.net\/congo-brazzaville\/photo\/journee-nationale-de-la-jeunesse-la-plateforme-numerique-youth-connekt-congo-officiellement-lancee#primaryimage","url":"https:\/\/static.africa-press.net\/congo-brazzaville\/sites\/51\/2023\/02\/postQueueImg_1677598567.26.jpg","contentUrl":"https:\/\/static.africa-press.net\/congo-brazzaville\/sites\/51\/2023\/02\/postQueueImg_1677598567.26.jpg","width":1155,"height":768,"caption":"Journ\u00e9e nationale de la jeunesse : la plateforme num\u00e9rique Youth connekt Congo officiellement lanc\u00e9e"},{"@type":"BreadcrumbList","@id":"https:\/\/www.africa-press.net\/congo-brazzaville\/photo\/journee-nationale-de-la-jeunesse-la-plateforme-numerique-youth-connekt-congo-officiellement-lancee#breadcrumb","itemListElement":[{"@type":"ListItem","position":1,"name":"Accueil","item":"https:\/\/www.africa-press.net\/congo-brazzaville\/"},{"@type":"ListItem","position":2,"name":"Journ\u00e9e nationale de la jeunesse : la plateforme num\u00e9rique Youth connekt Congo officiellement lanc\u00e9e"}]},{"@type":"WebSite","@id":"https:\/\/www.africa-press.net\/congo-brazzaville\/#website","url":"https:\/\/www.africa-press.net\/congo-brazzaville\/","name":"Congo Brazzaville","description":"Just another Africa News Agency Sites site","potentialAction":[{"@type":"SearchAction","target":{"@type":"EntryPoint","urlTemplate":"https:\/\/www.africa-press.net\/congo-brazzaville\/?s={search_term_string}"},"query-input":{"@type":"PropertyValueSpecification","valueRequired":true,"valueName":"search_term_string"}}],"inLanguage":"fr-FR"},{"@type":"Person","@id":"https:\/\/www.africa-press.net\/congo-brazzaville\/#\/schema\/person\/2b1cf3cd81a31e3cd26889ca66d677f1","name":"cfeditorfr"}]}},"_links":{"self":[{"href":"https:\/\/www.africa-press.net\/congo-brazzaville\/wp-json\/wp\/v2\/posts\/14989","targetHints":{"allow":["GET"]}}],"collection":[{"href":"https:\/\/www.africa-press.net\/congo-brazzaville\/wp-json\/wp\/v2\/posts"}],"about":[{"href":"https:\/\/www.africa-press.net\/congo-brazzaville\/wp-json\/wp\/v2\/types\/post"}],"author":[{"embeddable":true,"href":"https:\/\/www.africa-press.net\/congo-brazzaville\/wp-json\/wp\/v2\/users\/82"}],"replies":[{"embeddable":true,"href":"https:\/\/www.africa-press.net\/congo-brazzaville\/wp-json\/wp\/v2\/comments?post=14989"}],"version-history":[{"count":0,"href":"https:\/\/www.africa-press.net\/congo-brazzaville\/wp-json\/wp\/v2\/posts\/14989\/revisions"}],"wp:featuredmedia":[{"embeddable":true,"href":"https:\/\/www.africa-press.net\/congo-brazzaville\/wp-json\/wp\/v2\/media\/14988"}],"wp:attachment":[{"href":"https:\/\/www.africa-press.net\/congo-brazzaville\/wp-json\/wp\/v2\/media?parent=14989"}],"wp:term":[{"taxonomy":"category","embeddable":true,"href":"https:\/\/www.africa-press.net\/congo-brazzaville\/wp-json\/wp\/v2\/categories?post=14989"},{"taxonomy":"post_tag","embeddable":true,"href":"https:\/\/www.africa-press.net\/congo-brazzaville\/wp-json\/wp\/v2\/tags?post=14989"}],"curies":[{"name":"wp","href":"https:\/\/api.w.org\/{rel}","templated":true}]}}