{"id":14991,"date":"2023-02-28T19:06:17","date_gmt":"2023-02-28T19:06:17","guid":{"rendered":"https:\/\/www.africa-press.net\/congo-brazzaville\/politique\/enseignement-superieur-le-comite-consultatif-du-cames-en-conclave-a-brazzaville"},"modified":"2023-02-28T19:40:03","modified_gmt":"2023-02-28T19:40:03","slug":"enseignement-superieur-le-comite-consultatif-du-cames-en-conclave-a-brazzaville","status":"publish","type":"post","link":"https:\/\/www.africa-press.net\/congo-brazzaville\/toutes-les-actualites\/enseignement-superieur-le-comite-consultatif-du-cames-en-conclave-a-brazzaville","title":{"rendered":"Enseignement sup\u00e9rieur : le Comit\u00e9 consultatif du Cames en conclave \u00e0 Brazzaville"},"content":{"rendered":"<p><span style=\"color: #ff6600\"><strong>Africa-Press &#8211; Congo Brazzaville. <\/strong><\/span><b>Les conclusions de la re\u0301union extraordinaire du Comite\u0301 consultatif ge\u0301ne\u0301ral du Conseil africain et malgache pour l\u2019enseignement supe\u0301rieur (Cames), officiellement ouverte le 28 fe\u0301vrier par le Premier ministre, Anatole Collinet Makosso, sont attendues le 1er mars, jour de clo\u0302ture de la rencontre. <\/b><\/p>\n<p>\u00ab La pre\u0301sente rencontre a pour but d\u2019examiner les questions acade\u0301miques et scientifiques a\u0300 soumettre au conseil de ministres du Cames qui se tiendra du 22 au 26 mai de cette anne\u0301e a\u0300 Niamey, au Niger \u00bb, a explique\u0301 le secre\u0301taire ge\u0301ne\u0301ral du Cames, le Pr Souleymane Konate\u0301, dans son mot de circonstance, lors de la ce\u0301re\u0301monie d\u2019ouverture officielle des travaux de la re\u0301union extraordinaire du Comite\u0301 consultatif ge\u0301ne\u0301ral du Cames qui avaient re\u0301ellement de\u0301bute\u0301 la veille.<\/p>\n<p>Suivant l\u2019ordre du jour de\u0301voile\u0301 par le pre\u0301sident du Comite\u0301 consultatif, le Pr Ahmadou Aly Mbaye, les scientifiques re\u0301unis a\u0300 Brazzaville vont plancher, entre autres, sur les activite\u0301s des programmes statutaires re\u0301alise\u0301s ; la 37e session du programme de reconnaissance et d\u2019e\u0301quivalence des diplo\u0302mes ; l\u2019ame\u0301lioration des outils de gouvernance, notamment l\u2019amendement du guide d\u2019e\u0301valuation des candidats au concours d\u2019agre\u0301gation de me\u0301decine.<\/p>\n<p>Ouvrant les travaux, le Premier ministre, Anatole Collinet Makosso, a souligne\u0301 que le Congo poursuit des efforts pour ame\u0301liorer la qualite\u0301 de l&rsquo;enseignement supe\u0301rieur et de la recherche scientifique. \u00ab Notre pays, qui ne me\u0301nage aucun effort pour s\u2019acquitter de ses obligations vis-a\u0300-vis du Cames, appre\u0301cie la contribution du Cames a\u0300 son progre\u0300s scientifique \u00bb, a indique\u0301 le chef du gouvernement en souhaitant plein succe\u0300s aux travaux.<\/p>\n<p>Il convient de souligner qu\u2019en marge de la ce\u0301re\u0301monie d\u2019ouverture de cette re\u0301union extraordinaire une confe\u0301rence publique s&rsquo;est tenue sur l\u2019assurance qualite\u0301 dans l\u2019enseignement supe\u0301rieur. Au cours de celle-ci, la ministre de l\u2019Enseignement supe\u0301rieur, de la Recherche scientifique et l\u2019Innovation technologique, le Pr Delphine Edith Emmanuel, est revenue sur la volonte\u0301 du Congo d&rsquo;ame\u0301liorer les offres de formation a\u0300 travers notamment la mise en place de l\u2019Agence nationale d\u2019assurance qualite\u0301 de l\u2019enseignement supe\u0301rieur.<\/p>\n<p><strong>Pour plus d&rsquo;informations et d&rsquo;analyses sur la <a href=\"https:\/\/www.africa-press.net\/congo-brazzaville\">Congo Brazzaville<\/a>, suivez <a href=\"https:\/\/www.africa-press.net\/\">Africa-Press<\/a><\/strong><\/p>\n","protected":false},"excerpt":{"rendered":"<p>Africa-Press &#8211; Congo Brazzaville. Les conclusions de la re\u0301union extraordinaire du Comite\u0301 consultatif ge\u0301ne\u0301ral du Conseil africain et malgache pour l\u2019enseignement supe\u0301rieur (Cames), officiellement ouverte le 28 fe\u0301vrier par le Premier ministre, Anatole Collinet Makosso, sont attendues le 1er mars, jour de clo\u0302ture de la rencontre. \u00ab La pre\u0301sente rencontre a pour but d\u2019examiner les [&hellip;]<\/p>\n","protected":false},"author":82,"featured_media":14990,"comment_status":"open","ping_status":"closed","sticky":false,"template":"","format":"standard","meta":{"footnotes":""},"categories":[21,10],"tags":[36,47,46],"class_list":["post-14991","post","type-post","status-publish","format-standard","has-post-thumbnail","hentry","category-communaute","category-toutes-les-actualites","tag-africa-press","tag-africa-press-congo-brazzaville","tag-congo-brazzaville"],"yoast_head":"<!-- This site is optimized with the Yoast SEO Premium plugin v26.1 (Yoast SEO v27.0) - https:\/\/yoast.com\/product\/yoast-seo-premium-wordpress\/ -->\n<title>Enseignement sup\u00e9rieur : le Comit\u00e9 consultatif du Cames en conclave \u00e0 Brazzaville - Congo Brazzaville<\/title>\n<meta name=\"description\" content=\"Les conclusions de la re\u0301union extraordinaire du Comite\u0301 consultatif ge\u0301ne\u0301ral du Conseil africain et malgache pour l ...\" \/>\n<meta name=\"robots\" content=\"index, follow, max-snippet:-1, max-image-preview:large, max-video-preview:-1\" \/>\n<link rel=\"canonical\" href=\"https:\/\/www.africa-press.net\/congo-brazzaville\/toutes-les-actualites\/enseignement-superieur-le-comite-consultatif-du-cames-en-conclave-a-brazzaville\" \/>\n<meta property=\"og:locale\" content=\"fr_FR\" \/>\n<meta property=\"og:type\" content=\"article\" \/>\n<meta property=\"og:title\" content=\"Enseignement sup\u00e9rieur : le Comit\u00e9 consultatif du Cames en conclave \u00e0 Brazzaville\" \/>\n<meta property=\"og:description\" content=\"Les conclusions de la re\u0301union extraordinaire du Comite\u0301 consultatif ge\u0301ne\u0301ral du Conseil africain et malgache pour l ...\" \/>\n<meta property=\"og:url\" content=\"https:\/\/www.africa-press.net\/congo-brazzaville\/toutes-les-actualites\/enseignement-superieur-le-comite-consultatif-du-cames-en-conclave-a-brazzaville\" \/>\n<meta property=\"og:site_name\" content=\"Congo Brazzaville\" \/>\n<meta property=\"article:published_time\" content=\"2023-02-28T19:06:17+00:00\" \/>\n<meta property=\"article:modified_time\" content=\"2023-02-28T19:40:03+00:00\" \/>\n<meta property=\"og:image\" content=\"https:\/\/static.africa-press.net\/congo-brazzaville\/sites\/51\/2023\/02\/postQueueImg_1677598590.42.jpg\" \/>\n\t<meta property=\"og:image:width\" content=\"1155\" \/>\n\t<meta property=\"og:image:height\" content=\"768\" \/>\n\t<meta property=\"og:image:type\" content=\"image\/jpeg\" \/>\n<meta name=\"author\" content=\"cfeditorfr\" \/>\n<meta name=\"twitter:card\" content=\"summary_large_image\" \/>\n<meta name=\"twitter:label1\" content=\"\u00c9crit par\" \/>\n\t<meta name=\"twitter:data1\" content=\"cfeditorfr\" \/>\n\t<meta name=\"twitter:label2\" content=\"Dur\u00e9e de lecture estim\u00e9e\" \/>\n\t<meta name=\"twitter:data2\" content=\"2 minutes\" \/>\n<script type=\"application\/ld+json\" class=\"yoast-schema-graph\">{\"@context\":\"https:\/\/schema.org\",\"@graph\":[{\"@type\":\"Article\",\"@id\":\"https:\/\/www.africa-press.net\/congo-brazzaville\/toutes-les-actualites\/enseignement-superieur-le-comite-consultatif-du-cames-en-conclave-a-brazzaville#article\",\"isPartOf\":{\"@id\":\"https:\/\/www.africa-press.net\/congo-brazzaville\/toutes-les-actualites\/enseignement-superieur-le-comite-consultatif-du-cames-en-conclave-a-brazzaville\"},\"author\":{\"name\":\"cfeditorfr\",\"@id\":\"https:\/\/www.africa-press.net\/congo-brazzaville\/#\/schema\/person\/2b1cf3cd81a31e3cd26889ca66d677f1\"},\"headline\":\"Enseignement sup\u00e9rieur : le Comit\u00e9 consultatif du Cames en conclave \u00e0 Brazzaville\",\"datePublished\":\"2023-02-28T19:06:17+00:00\",\"dateModified\":\"2023-02-28T19:40:03+00:00\",\"mainEntityOfPage\":{\"@id\":\"https:\/\/www.africa-press.net\/congo-brazzaville\/toutes-les-actualites\/enseignement-superieur-le-comite-consultatif-du-cames-en-conclave-a-brazzaville\"},\"wordCount\":408,\"commentCount\":0,\"image\":{\"@id\":\"https:\/\/www.africa-press.net\/congo-brazzaville\/toutes-les-actualites\/enseignement-superieur-le-comite-consultatif-du-cames-en-conclave-a-brazzaville#primaryimage\"},\"thumbnailUrl\":\"https:\/\/static.africa-press.net\/congo-brazzaville\/sites\/51\/2023\/02\/postQueueImg_1677598590.42.jpg\",\"keywords\":[\"Africa Press\",\"Africa Press-Congo Brazzaville\",\"Congo Brazzaville\"],\"articleSection\":[\"Communaut\u00e9\",\"Toutes les actualit\u00e9s\"],\"inLanguage\":\"fr-FR\",\"potentialAction\":[{\"@type\":\"CommentAction\",\"name\":\"Comment\",\"target\":[\"https:\/\/www.africa-press.net\/congo-brazzaville\/toutes-les-actualites\/enseignement-superieur-le-comite-consultatif-du-cames-en-conclave-a-brazzaville#respond\"]}]},{\"@type\":\"WebPage\",\"@id\":\"https:\/\/www.africa-press.net\/congo-brazzaville\/toutes-les-actualites\/enseignement-superieur-le-comite-consultatif-du-cames-en-conclave-a-brazzaville\",\"url\":\"https:\/\/www.africa-press.net\/congo-brazzaville\/toutes-les-actualites\/enseignement-superieur-le-comite-consultatif-du-cames-en-conclave-a-brazzaville\",\"name\":\"Enseignement sup\u00e9rieur : le Comit\u00e9 consultatif du Cames en conclave \u00e0 Brazzaville - Congo Brazzaville\",\"isPartOf\":{\"@id\":\"https:\/\/www.africa-press.net\/congo-brazzaville\/#website\"},\"primaryImageOfPage\":{\"@id\":\"https:\/\/www.africa-press.net\/congo-brazzaville\/toutes-les-actualites\/enseignement-superieur-le-comite-consultatif-du-cames-en-conclave-a-brazzaville#primaryimage\"},\"image\":{\"@id\":\"https:\/\/www.africa-press.net\/congo-brazzaville\/toutes-les-actualites\/enseignement-superieur-le-comite-consultatif-du-cames-en-conclave-a-brazzaville#primaryimage\"},\"thumbnailUrl\":\"https:\/\/static.africa-press.net\/congo-brazzaville\/sites\/51\/2023\/02\/postQueueImg_1677598590.42.jpg\",\"datePublished\":\"2023-02-28T19:06:17+00:00\",\"dateModified\":\"2023-02-28T19:40:03+00:00\",\"author\":{\"@id\":\"https:\/\/www.africa-press.net\/congo-brazzaville\/#\/schema\/person\/2b1cf3cd81a31e3cd26889ca66d677f1\"},\"description\":\"Les conclusions de la re\u0301union extraordinaire du Comite\u0301 consultatif ge\u0301ne\u0301ral du Conseil africain et malgache pour l ...\",\"breadcrumb\":{\"@id\":\"https:\/\/www.africa-press.net\/congo-brazzaville\/toutes-les-actualites\/enseignement-superieur-le-comite-consultatif-du-cames-en-conclave-a-brazzaville#breadcrumb\"},\"inLanguage\":\"fr-FR\",\"potentialAction\":[{\"@type\":\"ReadAction\",\"target\":[\"https:\/\/www.africa-press.net\/congo-brazzaville\/toutes-les-actualites\/enseignement-superieur-le-comite-consultatif-du-cames-en-conclave-a-brazzaville\"]}]},{\"@type\":\"ImageObject\",\"inLanguage\":\"fr-FR\",\"@id\":\"https:\/\/www.africa-press.net\/congo-brazzaville\/toutes-les-actualites\/enseignement-superieur-le-comite-consultatif-du-cames-en-conclave-a-brazzaville#primaryimage\",\"url\":\"https:\/\/static.africa-press.net\/congo-brazzaville\/sites\/51\/2023\/02\/postQueueImg_1677598590.42.jpg\",\"contentUrl\":\"https:\/\/static.africa-press.net\/congo-brazzaville\/sites\/51\/2023\/02\/postQueueImg_1677598590.42.jpg\",\"width\":1155,\"height\":768,\"caption\":\"Enseignement sup\u00e9rieur : le Comit\u00e9 consultatif du Cames en conclave \u00e0 Brazzaville\"},{\"@type\":\"BreadcrumbList\",\"@id\":\"https:\/\/www.africa-press.net\/congo-brazzaville\/toutes-les-actualites\/enseignement-superieur-le-comite-consultatif-du-cames-en-conclave-a-brazzaville#breadcrumb\",\"itemListElement\":[{\"@type\":\"ListItem\",\"position\":1,\"name\":\"Accueil\",\"item\":\"https:\/\/www.africa-press.net\/congo-brazzaville\/\"},{\"@type\":\"ListItem\",\"position\":2,\"name\":\"Enseignement sup\u00e9rieur : le Comit\u00e9 consultatif du Cames en conclave \u00e0 Brazzaville\"}]},{\"@type\":\"WebSite\",\"@id\":\"https:\/\/www.africa-press.net\/congo-brazzaville\/#website\",\"url\":\"https:\/\/www.africa-press.net\/congo-brazzaville\/\",\"name\":\"Congo Brazzaville\",\"description\":\"Just another Africa News Agency Sites site\",\"potentialAction\":[{\"@type\":\"SearchAction\",\"target\":{\"@type\":\"EntryPoint\",\"urlTemplate\":\"https:\/\/www.africa-press.net\/congo-brazzaville\/?s={search_term_string}\"},\"query-input\":{\"@type\":\"PropertyValueSpecification\",\"valueRequired\":true,\"valueName\":\"search_term_string\"}}],\"inLanguage\":\"fr-FR\"},{\"@type\":\"Person\",\"@id\":\"https:\/\/www.africa-press.net\/congo-brazzaville\/#\/schema\/person\/2b1cf3cd81a31e3cd26889ca66d677f1\",\"name\":\"cfeditorfr\"}]}<\/script>\n<!-- \/ Yoast SEO Premium plugin. -->","yoast_head_json":{"title":"Enseignement sup\u00e9rieur : le Comit\u00e9 consultatif du Cames en conclave \u00e0 Brazzaville - Congo Brazzaville","description":"Les conclusions de la re\u0301union extraordinaire du Comite\u0301 consultatif ge\u0301ne\u0301ral du Conseil africain et malgache pour l ...","robots":{"index":"index","follow":"follow","max-snippet":"max-snippet:-1","max-image-preview":"max-image-preview:large","max-video-preview":"max-video-preview:-1"},"canonical":"https:\/\/www.africa-press.net\/congo-brazzaville\/toutes-les-actualites\/enseignement-superieur-le-comite-consultatif-du-cames-en-conclave-a-brazzaville","og_locale":"fr_FR","og_type":"article","og_title":"Enseignement sup\u00e9rieur : le Comit\u00e9 consultatif du Cames en conclave \u00e0 Brazzaville","og_description":"Les conclusions de la re\u0301union extraordinaire du Comite\u0301 consultatif ge\u0301ne\u0301ral du Conseil africain et malgache pour l ...","og_url":"https:\/\/www.africa-press.net\/congo-brazzaville\/toutes-les-actualites\/enseignement-superieur-le-comite-consultatif-du-cames-en-conclave-a-brazzaville","og_site_name":"Congo Brazzaville","article_published_time":"2023-02-28T19:06:17+00:00","article_modified_time":"2023-02-28T19:40:03+00:00","og_image":[{"width":1155,"height":768,"url":"https:\/\/static.africa-press.net\/congo-brazzaville\/sites\/51\/2023\/02\/postQueueImg_1677598590.42.jpg","type":"image\/jpeg"}],"author":"cfeditorfr","twitter_card":"summary_large_image","twitter_misc":{"\u00c9crit par":"cfeditorfr","Dur\u00e9e de lecture estim\u00e9e":"2 minutes"},"schema":{"@context":"https:\/\/schema.org","@graph":[{"@type":"Article","@id":"https:\/\/www.africa-press.net\/congo-brazzaville\/toutes-les-actualites\/enseignement-superieur-le-comite-consultatif-du-cames-en-conclave-a-brazzaville#article","isPartOf":{"@id":"https:\/\/www.africa-press.net\/congo-brazzaville\/toutes-les-actualites\/enseignement-superieur-le-comite-consultatif-du-cames-en-conclave-a-brazzaville"},"author":{"name":"cfeditorfr","@id":"https:\/\/www.africa-press.net\/congo-brazzaville\/#\/schema\/person\/2b1cf3cd81a31e3cd26889ca66d677f1"},"headline":"Enseignement sup\u00e9rieur : le Comit\u00e9 consultatif du Cames en conclave \u00e0 Brazzaville","datePublished":"2023-02-28T19:06:17+00:00","dateModified":"2023-02-28T19:40:03+00:00","mainEntityOfPage":{"@id":"https:\/\/www.africa-press.net\/congo-brazzaville\/toutes-les-actualites\/enseignement-superieur-le-comite-consultatif-du-cames-en-conclave-a-brazzaville"},"wordCount":408,"commentCount":0,"image":{"@id":"https:\/\/www.africa-press.net\/congo-brazzaville\/toutes-les-actualites\/enseignement-superieur-le-comite-consultatif-du-cames-en-conclave-a-brazzaville#primaryimage"},"thumbnailUrl":"https:\/\/static.africa-press.net\/congo-brazzaville\/sites\/51\/2023\/02\/postQueueImg_1677598590.42.jpg","keywords":["Africa Press","Africa Press-Congo Brazzaville","Congo Brazzaville"],"articleSection":["Communaut\u00e9","Toutes les actualit\u00e9s"],"inLanguage":"fr-FR","potentialAction":[{"@type":"CommentAction","name":"Comment","target":["https:\/\/www.africa-press.net\/congo-brazzaville\/toutes-les-actualites\/enseignement-superieur-le-comite-consultatif-du-cames-en-conclave-a-brazzaville#respond"]}]},{"@type":"WebPage","@id":"https:\/\/www.africa-press.net\/congo-brazzaville\/toutes-les-actualites\/enseignement-superieur-le-comite-consultatif-du-cames-en-conclave-a-brazzaville","url":"https:\/\/www.africa-press.net\/congo-brazzaville\/toutes-les-actualites\/enseignement-superieur-le-comite-consultatif-du-cames-en-conclave-a-brazzaville","name":"Enseignement sup\u00e9rieur : le Comit\u00e9 consultatif du Cames en conclave \u00e0 Brazzaville - Congo Brazzaville","isPartOf":{"@id":"https:\/\/www.africa-press.net\/congo-brazzaville\/#website"},"primaryImageOfPage":{"@id":"https:\/\/www.africa-press.net\/congo-brazzaville\/toutes-les-actualites\/enseignement-superieur-le-comite-consultatif-du-cames-en-conclave-a-brazzaville#primaryimage"},"image":{"@id":"https:\/\/www.africa-press.net\/congo-brazzaville\/toutes-les-actualites\/enseignement-superieur-le-comite-consultatif-du-cames-en-conclave-a-brazzaville#primaryimage"},"thumbnailUrl":"https:\/\/static.africa-press.net\/congo-brazzaville\/sites\/51\/2023\/02\/postQueueImg_1677598590.42.jpg","datePublished":"2023-02-28T19:06:17+00:00","dateModified":"2023-02-28T19:40:03+00:00","author":{"@id":"https:\/\/www.africa-press.net\/congo-brazzaville\/#\/schema\/person\/2b1cf3cd81a31e3cd26889ca66d677f1"},"description":"Les conclusions de la re\u0301union extraordinaire du Comite\u0301 consultatif ge\u0301ne\u0301ral du Conseil africain et malgache pour l ...","breadcrumb":{"@id":"https:\/\/www.africa-press.net\/congo-brazzaville\/toutes-les-actualites\/enseignement-superieur-le-comite-consultatif-du-cames-en-conclave-a-brazzaville#breadcrumb"},"inLanguage":"fr-FR","potentialAction":[{"@type":"ReadAction","target":["https:\/\/www.africa-press.net\/congo-brazzaville\/toutes-les-actualites\/enseignement-superieur-le-comite-consultatif-du-cames-en-conclave-a-brazzaville"]}]},{"@type":"ImageObject","inLanguage":"fr-FR","@id":"https:\/\/www.africa-press.net\/congo-brazzaville\/toutes-les-actualites\/enseignement-superieur-le-comite-consultatif-du-cames-en-conclave-a-brazzaville#primaryimage","url":"https:\/\/static.africa-press.net\/congo-brazzaville\/sites\/51\/2023\/02\/postQueueImg_1677598590.42.jpg","contentUrl":"https:\/\/static.africa-press.net\/congo-brazzaville\/sites\/51\/2023\/02\/postQueueImg_1677598590.42.jpg","width":1155,"height":768,"caption":"Enseignement sup\u00e9rieur : le Comit\u00e9 consultatif du Cames en conclave \u00e0 Brazzaville"},{"@type":"BreadcrumbList","@id":"https:\/\/www.africa-press.net\/congo-brazzaville\/toutes-les-actualites\/enseignement-superieur-le-comite-consultatif-du-cames-en-conclave-a-brazzaville#breadcrumb","itemListElement":[{"@type":"ListItem","position":1,"name":"Accueil","item":"https:\/\/www.africa-press.net\/congo-brazzaville\/"},{"@type":"ListItem","position":2,"name":"Enseignement sup\u00e9rieur : le Comit\u00e9 consultatif du Cames en conclave \u00e0 Brazzaville"}]},{"@type":"WebSite","@id":"https:\/\/www.africa-press.net\/congo-brazzaville\/#website","url":"https:\/\/www.africa-press.net\/congo-brazzaville\/","name":"Congo Brazzaville","description":"Just another Africa News Agency Sites site","potentialAction":[{"@type":"SearchAction","target":{"@type":"EntryPoint","urlTemplate":"https:\/\/www.africa-press.net\/congo-brazzaville\/?s={search_term_string}"},"query-input":{"@type":"PropertyValueSpecification","valueRequired":true,"valueName":"search_term_string"}}],"inLanguage":"fr-FR"},{"@type":"Person","@id":"https:\/\/www.africa-press.net\/congo-brazzaville\/#\/schema\/person\/2b1cf3cd81a31e3cd26889ca66d677f1","name":"cfeditorfr"}]}},"_links":{"self":[{"href":"https:\/\/www.africa-press.net\/congo-brazzaville\/wp-json\/wp\/v2\/posts\/14991","targetHints":{"allow":["GET"]}}],"collection":[{"href":"https:\/\/www.africa-press.net\/congo-brazzaville\/wp-json\/wp\/v2\/posts"}],"about":[{"href":"https:\/\/www.africa-press.net\/congo-brazzaville\/wp-json\/wp\/v2\/types\/post"}],"author":[{"embeddable":true,"href":"https:\/\/www.africa-press.net\/congo-brazzaville\/wp-json\/wp\/v2\/users\/82"}],"replies":[{"embeddable":true,"href":"https:\/\/www.africa-press.net\/congo-brazzaville\/wp-json\/wp\/v2\/comments?post=14991"}],"version-history":[{"count":0,"href":"https:\/\/www.africa-press.net\/congo-brazzaville\/wp-json\/wp\/v2\/posts\/14991\/revisions"}],"wp:featuredmedia":[{"embeddable":true,"href":"https:\/\/www.africa-press.net\/congo-brazzaville\/wp-json\/wp\/v2\/media\/14990"}],"wp:attachment":[{"href":"https:\/\/www.africa-press.net\/congo-brazzaville\/wp-json\/wp\/v2\/media?parent=14991"}],"wp:term":[{"taxonomy":"category","embeddable":true,"href":"https:\/\/www.africa-press.net\/congo-brazzaville\/wp-json\/wp\/v2\/categories?post=14991"},{"taxonomy":"post_tag","embeddable":true,"href":"https:\/\/www.africa-press.net\/congo-brazzaville\/wp-json\/wp\/v2\/tags?post=14991"}],"curies":[{"name":"wp","href":"https:\/\/api.w.org\/{rel}","templated":true}]}}