{"id":14995,"date":"2023-02-28T19:07:04","date_gmt":"2023-02-28T19:07:04","guid":{"rendered":"https:\/\/www.africa-press.net\/congo-brazzaville\/politique\/rwanda-les-medias-africains-impregnes-du-modele-de-reconciliation-nationale"},"modified":"2023-02-28T19:40:18","modified_gmt":"2023-02-28T19:40:18","slug":"rwanda-les-medias-africains-impregnes-du-modele-de-reconciliation-nationale","status":"publish","type":"post","link":"https:\/\/www.africa-press.net\/congo-brazzaville\/politique\/rwanda-les-medias-africains-impregnes-du-modele-de-reconciliation-nationale","title":{"rendered":"Rwanda : les m\u00e9dias africains impr\u00e9gn\u00e9s du mod\u00e8le de r\u00e9conciliation nationale"},"content":{"rendered":"<p><span style=\"color: #ff6600\"><strong>Africa-Press &#8211; Congo Brazzaville. <\/strong><\/span><b>Les Rwandais poursuivent inexorablement leur marche vers la re\u0301conciliation pre\u0300s de trente ans apre\u0300s la fin du ge\u0301nocide. La deuxie\u0300me journe\u0301e des travaux du dialogue national \u00ab\u00a0Umushyikirano\u00a0\u00bb, ce 28 fe\u0301vrier, est axe\u0301e essentiellement sur l&rsquo;e\u0301tat des lieux de l&rsquo;unite\u0301 nationale et la consolidation de la paix base\u0301e sur la famille.<\/b><\/p>\n<p>De nombreux journalistes du continent ont e\u0301te\u0301 invite\u0301s a\u0300 prendre part a\u0300 la 18e e\u0301dition du dialogue \u00ab Umushyikirano \u00bb, un e\u0301ve\u0300nement annuel re\u0301unissant les membres du gouvernement, les autorite\u0301s locales, la socie\u0301te\u0301 civile et les citoyens ordinaires autour du pre\u0301sident rwandais, Paul Kagame. La question de re\u0301conciliation reste un gros de\u0301fi pour ce pays de\u0301chire\u0301 par un conflit sanglant, il y a plus d\u2019un quart de sie\u0300ge, le ge\u0301nocide des Tutsi.<\/p>\n<p>Selon une re\u0301cente e\u0301tude mene\u0301e en 2020 dans le pays, 97% des Rwandais croient a\u0300 la re\u0301conciliation et pensent que des efforts importants vers l\u2019unite\u0301 nationale ont e\u0301te\u0301 accomplis. Ce succe\u0300s est attribue\u0301 a\u0300 la qualite\u0301 du syste\u0300me e\u0301ducatif et a\u0300 la bonne gouvernance. Les autorite\u0301s misent sur la jeunesse du pays qui repre\u0301sente plus de 65,3%, en vue de consolider l&rsquo;\u0153uvre de la re\u0301conciliation nationale.<\/p>\n<p>Mais les 1700 participants a\u0300 la grand-messe du dialogue ont de\u0301plore\u0301 la persistance de l&rsquo;ide\u0301ologie ge\u0301nocidaire alimente\u0301e au sein de certains groupes sociaux et dans les pays voisins ; alors que 44 Rwandais sur 168 continuent de faire re\u0301fe\u0301rence a\u0300 cette ide\u0301ologie. <b>\u00ab <\/b>On doit continuer de dialoguer a\u0300 travers l&rsquo;Umushyikirano, afin de pe\u0301renniser la paix et l&rsquo;unite\u0301 nationale che\u0300rement acquises. Nous devons, pour cela, enseigner l&rsquo;histoire a\u0300 nos enfants, la confiance, la coope\u0301ration avec les autres, la culture de la paix \u00bb, a martele\u0301 Dr. Jean Damsce\u0300ne Bizimana, le ministre charge\u0301 de l&rsquo;Unite\u0301 nationale.<\/p>\n<p>En effet, le mode\u0300le de famille que pro\u0302nent les Rwandais c\u2019est celle qui est fonde\u0301e sur les valeurs traditionnelles du pays, l&rsquo;ouverture et la tole\u0301rance, le respect de l&rsquo;environnement et de l&rsquo;hygie\u0300ne de vie, y compris celle qui favorise l&rsquo;e\u0301ducation de l&rsquo;enfant. \u00ab Le ge\u0301nocide a se\u0301pare\u0301 de nombreuses familles, mais l&rsquo;E\u0301tat a accompli d&rsquo;e\u0301normes efforts pour reconstituer le tissu social, gra\u0302ce a\u0300 un programme de\u0301nomme\u0301 \u2018\u2018Anges gardiens\u2019\u2019 \u00bb, a explique\u0301 la ministre du Genre et de la famille, le Dr. Jeanette Bayisenge.<\/p>\n<p><b>Des engagements&#8230;<\/b><\/p>\n<p>Comme courant en Afrique, la socie\u0301te\u0301 rwandaise est e\u0301galement confronte\u0301e au phe\u0301nome\u0300ne de violences cause\u0301 par l&rsquo;alcoolisme. Les de\u0301faillances des parents et leur manque d&rsquo;autorite\u0301 sont la cause de l\u2019e\u0301clatement des familles et la de\u0301scolarisation des enfants, a re\u0301agi Christian, un jeune intervenant. Celui-ci n\u2019a pas bascule\u0301 dans la violence, gra\u0302ce aux initiatives du club d&rsquo;e\u0301ducation de son quartier. Il est aujourd&rsquo;hui implique\u0301 dans les travaux communautaires et la sensibilisation des jeunes de\u0301favorise\u0301s de Kigali. Une expe\u0301rience que le jeune Christian a voulu partager aux jeunes de son pays et du continent.<\/p>\n<p>A\u0300 la clo\u0302ture des travaux du dialogue national Umushyikirano, les responsables politiques ont signe\u0301 des contrats de performance pour la pe\u0301riode 2022-2023. Le gouvernement est engage\u0301 a\u0300 promouvoir les valeurs traditionnelles, la culture du re\u0301sultat, l&rsquo;e\u0301ducation des enfants, le dialogue au sein des familles et la gestion du patrimoine familial, la lutte contre la pauvrete\u0301, le changement de mentalite\u0301, la sante\u0301 des enfants, la lutte contre les maladies (paludisme, cancers), ainsi que dans d\u2019autres domaines e\u0301conomiques.<\/p>\n<p>\u00ab Le mieux est de poursuivre les efforts de re\u0301conciliation et d&rsquo;assurer le suivi des projets engage\u0301s. Nous devons acce\u0301le\u0301rer les re\u0301formes pour pouvoir rattraper le retard \u00bb, a conclu Paul Kagame.<\/p>\n\r\n                <style type=\"text\/css\">\r\n                    \r\n                    #td_uid_1_69f168d800c6a  .td-doubleSlider-2 .td-item1 {\r\n                        background: url(https:\/\/static.africa-press.net\/congo-brazzaville\/sites\/51\/2023\/02\/postMediaimg_62_1-63fe57790a038-80x60.jpg) 0 0 no-repeat;\r\n                    }\r\n                    #td_uid_1_69f168d800c6a  .td-doubleSlider-2 .td-item2 {\r\n                        background: url(https:\/\/static.africa-press.net\/congo-brazzaville\/sites\/51\/2023\/02\/postMediaimg_62_2-63fe5782b8597-80x60.jpg) 0 0 no-repeat;\r\n                    }\r\n                <\/style>\r\n\r\n                <div id=\"td_uid_1_69f168d800c6a\" class=\"td-gallery td-slide-on-2-columns\">\r\n                    <div class=\"post_td_gallery\">\r\n                        <div class=\"td-gallery-slide-top\">\r\n                           <div class=\"td-gallery-title\"><\/div>\r\n\r\n                            <div class=\"td-gallery-controls-wrapper\">\r\n                                <div class=\"td-gallery-slide-count\"><span class=\"td-gallery-slide-item-focus\">1<\/span> de 2<\/div>\r\n                                <div class=\"td-gallery-slide-prev-next-but\">\r\n                                    <i class = \"td-icon-left doubleSliderPrevButton\"><\/i>\r\n                                    <i class = \"td-icon-right doubleSliderNextButton\"><\/i>\r\n                                <\/div>\r\n                            <\/div>\r\n                        <\/div>\r\n\r\n                        <div class = \"td-doubleSlider-1 \">\r\n                            <div class = \"td-slider\">\r\n                                \r\n                    <div class = \"td-slide-item td-item1\">\r\n                        <figure class=\"td-slide-galery-figure td-slide-popup-gallery\">\r\n                            <a class=\"slide-gallery-image-link\" href=\"https:\/\/static.africa-press.net\/congo-brazzaville\/sites\/51\/2023\/02\/postMediaimg_62_1-63fe57790a038.jpg\" title=\"postMediaimg_62_1-63fe57790a038\"  data-caption=\"\"  data-description=\"\">\r\n                                <img decoding=\"async\" src=\"https:\/\/static.africa-press.net\/congo-brazzaville\/sites\/51\/2023\/02\/postMediaimg_62_1-63fe57790a038.jpg\" srcset=\"https:\/\/static.africa-press.net\/congo-brazzaville\/sites\/51\/2023\/02\/postMediaimg_62_1-63fe57790a038.jpg 1040w, https:\/\/static.africa-press.net\/congo-brazzaville\/sites\/51\/2023\/02\/postMediaimg_62_1-63fe57790a038-300x135.jpg 300w, https:\/\/static.africa-press.net\/congo-brazzaville\/sites\/51\/2023\/02\/postMediaimg_62_1-63fe57790a038-1024x461.jpg 1024w, https:\/\/static.africa-press.net\/congo-brazzaville\/sites\/51\/2023\/02\/postMediaimg_62_1-63fe57790a038-768x346.jpg 768w\" sizes=\"(max-width: 1040px) 100vw, 1040px\" alt=\"\">\r\n                            <\/a>\r\n                            \r\n                        <\/figure>\r\n                    <\/div>\r\n                    <div class = \"td-slide-item td-item2\">\r\n                        <figure class=\"td-slide-galery-figure td-slide-popup-gallery\">\r\n                            <a class=\"slide-gallery-image-link\" href=\"https:\/\/static.africa-press.net\/congo-brazzaville\/sites\/51\/2023\/02\/postMediaimg_62_2-63fe5782b8597.jpg\" title=\"postMediaimg_62_2-63fe5782b8597\"  data-caption=\"\"  data-description=\"\">\r\n                                <img decoding=\"async\" src=\"https:\/\/static.africa-press.net\/congo-brazzaville\/sites\/51\/2023\/02\/postMediaimg_62_2-63fe5782b8597.jpg\" srcset=\"https:\/\/static.africa-press.net\/congo-brazzaville\/sites\/51\/2023\/02\/postMediaimg_62_2-63fe5782b8597.jpg 1040w, https:\/\/static.africa-press.net\/congo-brazzaville\/sites\/51\/2023\/02\/postMediaimg_62_2-63fe5782b8597-300x135.jpg 300w, https:\/\/static.africa-press.net\/congo-brazzaville\/sites\/51\/2023\/02\/postMediaimg_62_2-63fe5782b8597-1024x461.jpg 1024w, https:\/\/static.africa-press.net\/congo-brazzaville\/sites\/51\/2023\/02\/postMediaimg_62_2-63fe5782b8597-768x346.jpg 768w\" sizes=\"(max-width: 1040px) 100vw, 1040px\" alt=\"\">\r\n                            <\/a>\r\n                            \r\n                        <\/figure>\r\n                    <\/div>\r\n                            <\/div>\r\n                        <\/div>\r\n\r\n                        <div class = \"td-doubleSlider-2\">\r\n                            <div class = \"td-slider\">\r\n                                \r\n                    <div class = \"td-button td-item1\">\r\n                        <div class = \"td-border\"><\/div>\r\n                    <\/div>\r\n                    <div class = \"td-button td-item2\">\r\n                        <div class = \"td-border\"><\/div>\r\n                    <\/div>\r\n                            <\/div>\r\n                        <\/div>\r\n\r\n                    <\/div>\r\n\r\n                <\/div>\r\n                \n<p><strong>Pour plus d&rsquo;informations et d&rsquo;analyses sur la <a href=\"https:\/\/www.africa-press.net\/congo-brazzaville\">Congo Brazzaville<\/a>, suivez <a href=\"https:\/\/www.africa-press.net\/\">Africa-Press<\/a><\/strong><\/p>\n","protected":false},"excerpt":{"rendered":"<p>Africa-Press &#8211; Congo Brazzaville. Les Rwandais poursuivent inexorablement leur marche vers la re\u0301conciliation pre\u0300s de trente ans apre\u0300s la fin du ge\u0301nocide. La deuxie\u0300me journe\u0301e des travaux du dialogue national \u00ab\u00a0Umushyikirano\u00a0\u00bb, ce 28 fe\u0301vrier, est axe\u0301e essentiellement sur l&rsquo;e\u0301tat des lieux de l&rsquo;unite\u0301 nationale et la consolidation de la paix base\u0301e sur la famille. De [&hellip;]<\/p>\n","protected":false},"author":82,"featured_media":14994,"comment_status":"open","ping_status":"closed","sticky":false,"template":"","format":"standard","meta":{"footnotes":""},"categories":[8,2,10],"tags":[36,47,46],"class_list":["post-14995","post","type-post","status-publish","format-standard","has-post-thumbnail","hentry","category-photo","category-politique","category-toutes-les-actualites","tag-africa-press","tag-africa-press-congo-brazzaville","tag-congo-brazzaville"],"yoast_head":"<!-- This site is optimized with the Yoast SEO Premium plugin v26.1 (Yoast SEO v27.0) - https:\/\/yoast.com\/product\/yoast-seo-premium-wordpress\/ -->\n<title>Rwanda : les m\u00e9dias africains impr\u00e9gn\u00e9s du mod\u00e8le de r\u00e9conciliation nationale - Congo Brazzaville<\/title>\n<meta name=\"description\" content=\"Les Rwandais poursuivent inexorablement leur marche vers la re\u0301conciliation pre\u0300s de trente ans apre\u0300s la fin du ge\u0301n ...\" \/>\n<meta name=\"robots\" content=\"index, follow, max-snippet:-1, max-image-preview:large, max-video-preview:-1\" \/>\n<link rel=\"canonical\" href=\"https:\/\/www.africa-press.net\/congo-brazzaville\/politique\/rwanda-les-medias-africains-impregnes-du-modele-de-reconciliation-nationale\" \/>\n<meta property=\"og:locale\" content=\"fr_FR\" \/>\n<meta property=\"og:type\" content=\"article\" \/>\n<meta property=\"og:title\" content=\"Rwanda : les m\u00e9dias africains impr\u00e9gn\u00e9s du mod\u00e8le de r\u00e9conciliation nationale\" \/>\n<meta property=\"og:description\" content=\"Les Rwandais poursuivent inexorablement leur marche vers la re\u0301conciliation pre\u0300s de trente ans apre\u0300s la fin du ge\u0301n ...\" \/>\n<meta property=\"og:url\" content=\"https:\/\/www.africa-press.net\/congo-brazzaville\/politique\/rwanda-les-medias-africains-impregnes-du-modele-de-reconciliation-nationale\" \/>\n<meta property=\"og:site_name\" content=\"Congo Brazzaville\" \/>\n<meta property=\"article:published_time\" content=\"2023-02-28T19:07:04+00:00\" \/>\n<meta property=\"article:modified_time\" content=\"2023-02-28T19:40:18+00:00\" \/>\n<meta property=\"og:image\" content=\"https:\/\/static.africa-press.net\/congo-brazzaville\/sites\/51\/2023\/02\/postQueueImg_1677598630.81.jpg\" \/>\n\t<meta property=\"og:image:width\" content=\"1040\" \/>\n\t<meta property=\"og:image:height\" content=\"468\" \/>\n\t<meta property=\"og:image:type\" content=\"image\/jpeg\" \/>\n<meta name=\"author\" content=\"cfeditorfr\" \/>\n<meta name=\"twitter:card\" content=\"summary_large_image\" \/>\n<meta name=\"twitter:label1\" content=\"\u00c9crit par\" \/>\n\t<meta name=\"twitter:data1\" content=\"cfeditorfr\" \/>\n\t<meta name=\"twitter:label2\" content=\"Dur\u00e9e de lecture estim\u00e9e\" \/>\n\t<meta name=\"twitter:data2\" content=\"3 minutes\" \/>\n<script type=\"application\/ld+json\" class=\"yoast-schema-graph\">{\"@context\":\"https:\/\/schema.org\",\"@graph\":[{\"@type\":\"Article\",\"@id\":\"https:\/\/www.africa-press.net\/congo-brazzaville\/politique\/rwanda-les-medias-africains-impregnes-du-modele-de-reconciliation-nationale#article\",\"isPartOf\":{\"@id\":\"https:\/\/www.africa-press.net\/congo-brazzaville\/politique\/rwanda-les-medias-africains-impregnes-du-modele-de-reconciliation-nationale\"},\"author\":{\"name\":\"cfeditorfr\",\"@id\":\"https:\/\/www.africa-press.net\/congo-brazzaville\/#\/schema\/person\/2b1cf3cd81a31e3cd26889ca66d677f1\"},\"headline\":\"Rwanda : les m\u00e9dias africains impr\u00e9gn\u00e9s du mod\u00e8le de r\u00e9conciliation nationale\",\"datePublished\":\"2023-02-28T19:07:04+00:00\",\"dateModified\":\"2023-02-28T19:40:18+00:00\",\"mainEntityOfPage\":{\"@id\":\"https:\/\/www.africa-press.net\/congo-brazzaville\/politique\/rwanda-les-medias-africains-impregnes-du-modele-de-reconciliation-nationale\"},\"wordCount\":703,\"commentCount\":0,\"image\":{\"@id\":\"https:\/\/www.africa-press.net\/congo-brazzaville\/politique\/rwanda-les-medias-africains-impregnes-du-modele-de-reconciliation-nationale#primaryimage\"},\"thumbnailUrl\":\"https:\/\/static.africa-press.net\/congo-brazzaville\/sites\/51\/2023\/02\/postQueueImg_1677598630.81.jpg\",\"keywords\":[\"Africa Press\",\"Africa Press-Congo Brazzaville\",\"Congo Brazzaville\"],\"articleSection\":[\"Photo\",\"Politique\",\"Toutes les actualit\u00e9s\"],\"inLanguage\":\"fr-FR\",\"potentialAction\":[{\"@type\":\"CommentAction\",\"name\":\"Comment\",\"target\":[\"https:\/\/www.africa-press.net\/congo-brazzaville\/politique\/rwanda-les-medias-africains-impregnes-du-modele-de-reconciliation-nationale#respond\"]}]},{\"@type\":\"WebPage\",\"@id\":\"https:\/\/www.africa-press.net\/congo-brazzaville\/politique\/rwanda-les-medias-africains-impregnes-du-modele-de-reconciliation-nationale\",\"url\":\"https:\/\/www.africa-press.net\/congo-brazzaville\/politique\/rwanda-les-medias-africains-impregnes-du-modele-de-reconciliation-nationale\",\"name\":\"Rwanda : les m\u00e9dias africains impr\u00e9gn\u00e9s du mod\u00e8le de r\u00e9conciliation nationale - Congo Brazzaville\",\"isPartOf\":{\"@id\":\"https:\/\/www.africa-press.net\/congo-brazzaville\/#website\"},\"primaryImageOfPage\":{\"@id\":\"https:\/\/www.africa-press.net\/congo-brazzaville\/politique\/rwanda-les-medias-africains-impregnes-du-modele-de-reconciliation-nationale#primaryimage\"},\"image\":{\"@id\":\"https:\/\/www.africa-press.net\/congo-brazzaville\/politique\/rwanda-les-medias-africains-impregnes-du-modele-de-reconciliation-nationale#primaryimage\"},\"thumbnailUrl\":\"https:\/\/static.africa-press.net\/congo-brazzaville\/sites\/51\/2023\/02\/postQueueImg_1677598630.81.jpg\",\"datePublished\":\"2023-02-28T19:07:04+00:00\",\"dateModified\":\"2023-02-28T19:40:18+00:00\",\"author\":{\"@id\":\"https:\/\/www.africa-press.net\/congo-brazzaville\/#\/schema\/person\/2b1cf3cd81a31e3cd26889ca66d677f1\"},\"description\":\"Les Rwandais poursuivent inexorablement leur marche vers la re\u0301conciliation pre\u0300s de trente ans apre\u0300s la fin du ge\u0301n ...\",\"breadcrumb\":{\"@id\":\"https:\/\/www.africa-press.net\/congo-brazzaville\/politique\/rwanda-les-medias-africains-impregnes-du-modele-de-reconciliation-nationale#breadcrumb\"},\"inLanguage\":\"fr-FR\",\"potentialAction\":[{\"@type\":\"ReadAction\",\"target\":[\"https:\/\/www.africa-press.net\/congo-brazzaville\/politique\/rwanda-les-medias-africains-impregnes-du-modele-de-reconciliation-nationale\"]}]},{\"@type\":\"ImageObject\",\"inLanguage\":\"fr-FR\",\"@id\":\"https:\/\/www.africa-press.net\/congo-brazzaville\/politique\/rwanda-les-medias-africains-impregnes-du-modele-de-reconciliation-nationale#primaryimage\",\"url\":\"https:\/\/static.africa-press.net\/congo-brazzaville\/sites\/51\/2023\/02\/postQueueImg_1677598630.81.jpg\",\"contentUrl\":\"https:\/\/static.africa-press.net\/congo-brazzaville\/sites\/51\/2023\/02\/postQueueImg_1677598630.81.jpg\",\"width\":1040,\"height\":468,\"caption\":\"Rwanda : les m\u00e9dias africains impr\u00e9gn\u00e9s du mod\u00e8le de r\u00e9conciliation nationale\"},{\"@type\":\"BreadcrumbList\",\"@id\":\"https:\/\/www.africa-press.net\/congo-brazzaville\/politique\/rwanda-les-medias-africains-impregnes-du-modele-de-reconciliation-nationale#breadcrumb\",\"itemListElement\":[{\"@type\":\"ListItem\",\"position\":1,\"name\":\"Accueil\",\"item\":\"https:\/\/www.africa-press.net\/congo-brazzaville\/\"},{\"@type\":\"ListItem\",\"position\":2,\"name\":\"Rwanda : les m\u00e9dias africains impr\u00e9gn\u00e9s du mod\u00e8le de r\u00e9conciliation nationale\"}]},{\"@type\":\"WebSite\",\"@id\":\"https:\/\/www.africa-press.net\/congo-brazzaville\/#website\",\"url\":\"https:\/\/www.africa-press.net\/congo-brazzaville\/\",\"name\":\"Congo Brazzaville\",\"description\":\"Just another Africa News Agency Sites site\",\"potentialAction\":[{\"@type\":\"SearchAction\",\"target\":{\"@type\":\"EntryPoint\",\"urlTemplate\":\"https:\/\/www.africa-press.net\/congo-brazzaville\/?s={search_term_string}\"},\"query-input\":{\"@type\":\"PropertyValueSpecification\",\"valueRequired\":true,\"valueName\":\"search_term_string\"}}],\"inLanguage\":\"fr-FR\"},{\"@type\":\"Person\",\"@id\":\"https:\/\/www.africa-press.net\/congo-brazzaville\/#\/schema\/person\/2b1cf3cd81a31e3cd26889ca66d677f1\",\"name\":\"cfeditorfr\"}]}<\/script>\n<!-- \/ Yoast SEO Premium plugin. -->","yoast_head_json":{"title":"Rwanda : les m\u00e9dias africains impr\u00e9gn\u00e9s du mod\u00e8le de r\u00e9conciliation nationale - Congo Brazzaville","description":"Les Rwandais poursuivent inexorablement leur marche vers la re\u0301conciliation pre\u0300s de trente ans apre\u0300s la fin du ge\u0301n ...","robots":{"index":"index","follow":"follow","max-snippet":"max-snippet:-1","max-image-preview":"max-image-preview:large","max-video-preview":"max-video-preview:-1"},"canonical":"https:\/\/www.africa-press.net\/congo-brazzaville\/politique\/rwanda-les-medias-africains-impregnes-du-modele-de-reconciliation-nationale","og_locale":"fr_FR","og_type":"article","og_title":"Rwanda : les m\u00e9dias africains impr\u00e9gn\u00e9s du mod\u00e8le de r\u00e9conciliation nationale","og_description":"Les Rwandais poursuivent inexorablement leur marche vers la re\u0301conciliation pre\u0300s de trente ans apre\u0300s la fin du ge\u0301n ...","og_url":"https:\/\/www.africa-press.net\/congo-brazzaville\/politique\/rwanda-les-medias-africains-impregnes-du-modele-de-reconciliation-nationale","og_site_name":"Congo Brazzaville","article_published_time":"2023-02-28T19:07:04+00:00","article_modified_time":"2023-02-28T19:40:18+00:00","og_image":[{"width":1040,"height":468,"url":"https:\/\/static.africa-press.net\/congo-brazzaville\/sites\/51\/2023\/02\/postQueueImg_1677598630.81.jpg","type":"image\/jpeg"}],"author":"cfeditorfr","twitter_card":"summary_large_image","twitter_misc":{"\u00c9crit par":"cfeditorfr","Dur\u00e9e de lecture estim\u00e9e":"3 minutes"},"schema":{"@context":"https:\/\/schema.org","@graph":[{"@type":"Article","@id":"https:\/\/www.africa-press.net\/congo-brazzaville\/politique\/rwanda-les-medias-africains-impregnes-du-modele-de-reconciliation-nationale#article","isPartOf":{"@id":"https:\/\/www.africa-press.net\/congo-brazzaville\/politique\/rwanda-les-medias-africains-impregnes-du-modele-de-reconciliation-nationale"},"author":{"name":"cfeditorfr","@id":"https:\/\/www.africa-press.net\/congo-brazzaville\/#\/schema\/person\/2b1cf3cd81a31e3cd26889ca66d677f1"},"headline":"Rwanda : les m\u00e9dias africains impr\u00e9gn\u00e9s du mod\u00e8le de r\u00e9conciliation nationale","datePublished":"2023-02-28T19:07:04+00:00","dateModified":"2023-02-28T19:40:18+00:00","mainEntityOfPage":{"@id":"https:\/\/www.africa-press.net\/congo-brazzaville\/politique\/rwanda-les-medias-africains-impregnes-du-modele-de-reconciliation-nationale"},"wordCount":703,"commentCount":0,"image":{"@id":"https:\/\/www.africa-press.net\/congo-brazzaville\/politique\/rwanda-les-medias-africains-impregnes-du-modele-de-reconciliation-nationale#primaryimage"},"thumbnailUrl":"https:\/\/static.africa-press.net\/congo-brazzaville\/sites\/51\/2023\/02\/postQueueImg_1677598630.81.jpg","keywords":["Africa Press","Africa Press-Congo Brazzaville","Congo Brazzaville"],"articleSection":["Photo","Politique","Toutes les actualit\u00e9s"],"inLanguage":"fr-FR","potentialAction":[{"@type":"CommentAction","name":"Comment","target":["https:\/\/www.africa-press.net\/congo-brazzaville\/politique\/rwanda-les-medias-africains-impregnes-du-modele-de-reconciliation-nationale#respond"]}]},{"@type":"WebPage","@id":"https:\/\/www.africa-press.net\/congo-brazzaville\/politique\/rwanda-les-medias-africains-impregnes-du-modele-de-reconciliation-nationale","url":"https:\/\/www.africa-press.net\/congo-brazzaville\/politique\/rwanda-les-medias-africains-impregnes-du-modele-de-reconciliation-nationale","name":"Rwanda : les m\u00e9dias africains impr\u00e9gn\u00e9s du mod\u00e8le de r\u00e9conciliation nationale - Congo Brazzaville","isPartOf":{"@id":"https:\/\/www.africa-press.net\/congo-brazzaville\/#website"},"primaryImageOfPage":{"@id":"https:\/\/www.africa-press.net\/congo-brazzaville\/politique\/rwanda-les-medias-africains-impregnes-du-modele-de-reconciliation-nationale#primaryimage"},"image":{"@id":"https:\/\/www.africa-press.net\/congo-brazzaville\/politique\/rwanda-les-medias-africains-impregnes-du-modele-de-reconciliation-nationale#primaryimage"},"thumbnailUrl":"https:\/\/static.africa-press.net\/congo-brazzaville\/sites\/51\/2023\/02\/postQueueImg_1677598630.81.jpg","datePublished":"2023-02-28T19:07:04+00:00","dateModified":"2023-02-28T19:40:18+00:00","author":{"@id":"https:\/\/www.africa-press.net\/congo-brazzaville\/#\/schema\/person\/2b1cf3cd81a31e3cd26889ca66d677f1"},"description":"Les Rwandais poursuivent inexorablement leur marche vers la re\u0301conciliation pre\u0300s de trente ans apre\u0300s la fin du ge\u0301n ...","breadcrumb":{"@id":"https:\/\/www.africa-press.net\/congo-brazzaville\/politique\/rwanda-les-medias-africains-impregnes-du-modele-de-reconciliation-nationale#breadcrumb"},"inLanguage":"fr-FR","potentialAction":[{"@type":"ReadAction","target":["https:\/\/www.africa-press.net\/congo-brazzaville\/politique\/rwanda-les-medias-africains-impregnes-du-modele-de-reconciliation-nationale"]}]},{"@type":"ImageObject","inLanguage":"fr-FR","@id":"https:\/\/www.africa-press.net\/congo-brazzaville\/politique\/rwanda-les-medias-africains-impregnes-du-modele-de-reconciliation-nationale#primaryimage","url":"https:\/\/static.africa-press.net\/congo-brazzaville\/sites\/51\/2023\/02\/postQueueImg_1677598630.81.jpg","contentUrl":"https:\/\/static.africa-press.net\/congo-brazzaville\/sites\/51\/2023\/02\/postQueueImg_1677598630.81.jpg","width":1040,"height":468,"caption":"Rwanda : les m\u00e9dias africains impr\u00e9gn\u00e9s du mod\u00e8le de r\u00e9conciliation nationale"},{"@type":"BreadcrumbList","@id":"https:\/\/www.africa-press.net\/congo-brazzaville\/politique\/rwanda-les-medias-africains-impregnes-du-modele-de-reconciliation-nationale#breadcrumb","itemListElement":[{"@type":"ListItem","position":1,"name":"Accueil","item":"https:\/\/www.africa-press.net\/congo-brazzaville\/"},{"@type":"ListItem","position":2,"name":"Rwanda : les m\u00e9dias africains impr\u00e9gn\u00e9s du mod\u00e8le de r\u00e9conciliation nationale"}]},{"@type":"WebSite","@id":"https:\/\/www.africa-press.net\/congo-brazzaville\/#website","url":"https:\/\/www.africa-press.net\/congo-brazzaville\/","name":"Congo Brazzaville","description":"Just another Africa News Agency Sites site","potentialAction":[{"@type":"SearchAction","target":{"@type":"EntryPoint","urlTemplate":"https:\/\/www.africa-press.net\/congo-brazzaville\/?s={search_term_string}"},"query-input":{"@type":"PropertyValueSpecification","valueRequired":true,"valueName":"search_term_string"}}],"inLanguage":"fr-FR"},{"@type":"Person","@id":"https:\/\/www.africa-press.net\/congo-brazzaville\/#\/schema\/person\/2b1cf3cd81a31e3cd26889ca66d677f1","name":"cfeditorfr"}]}},"_links":{"self":[{"href":"https:\/\/www.africa-press.net\/congo-brazzaville\/wp-json\/wp\/v2\/posts\/14995","targetHints":{"allow":["GET"]}}],"collection":[{"href":"https:\/\/www.africa-press.net\/congo-brazzaville\/wp-json\/wp\/v2\/posts"}],"about":[{"href":"https:\/\/www.africa-press.net\/congo-brazzaville\/wp-json\/wp\/v2\/types\/post"}],"author":[{"embeddable":true,"href":"https:\/\/www.africa-press.net\/congo-brazzaville\/wp-json\/wp\/v2\/users\/82"}],"replies":[{"embeddable":true,"href":"https:\/\/www.africa-press.net\/congo-brazzaville\/wp-json\/wp\/v2\/comments?post=14995"}],"version-history":[{"count":0,"href":"https:\/\/www.africa-press.net\/congo-brazzaville\/wp-json\/wp\/v2\/posts\/14995\/revisions"}],"wp:featuredmedia":[{"embeddable":true,"href":"https:\/\/www.africa-press.net\/congo-brazzaville\/wp-json\/wp\/v2\/media\/14994"}],"wp:attachment":[{"href":"https:\/\/www.africa-press.net\/congo-brazzaville\/wp-json\/wp\/v2\/media?parent=14995"}],"wp:term":[{"taxonomy":"category","embeddable":true,"href":"https:\/\/www.africa-press.net\/congo-brazzaville\/wp-json\/wp\/v2\/categories?post=14995"},{"taxonomy":"post_tag","embeddable":true,"href":"https:\/\/www.africa-press.net\/congo-brazzaville\/wp-json\/wp\/v2\/tags?post=14995"}],"curies":[{"name":"wp","href":"https:\/\/api.w.org\/{rel}","templated":true}]}}