{"id":14997,"date":"2023-02-28T19:07:23","date_gmt":"2023-02-28T19:07:23","guid":{"rendered":"https:\/\/www.africa-press.net\/congo-brazzaville\/politique\/securite-civile-les-technologies-de-linformation-face-a-levaluation-des-risques"},"modified":"2023-02-28T19:40:35","modified_gmt":"2023-02-28T19:40:35","slug":"securite-civile-les-technologies-de-linformation-face-a-levaluation-des-risques","status":"publish","type":"post","link":"https:\/\/www.africa-press.net\/congo-brazzaville\/toutes-les-actualites\/securite-civile-les-technologies-de-linformation-face-a-levaluation-des-risques","title":{"rendered":"S\u00e9curit\u00e9 civile : les technologies de l\u2019information face \u00e0 l\u2019\u00e9valuation des risques"},"content":{"rendered":"<p><span style=\"color: #ff6600\"><strong>Africa-Press &#8211; Congo Brazzaville. <\/strong><\/span><b>Le 1er mars de chaque anne\u0301e, l\u2019humanite\u0301 ce\u0301le\u0300bre la Journe\u0301e mondiale de la se\u0301curite\u0301 civile. Cette anne\u0301e, elle est comme\u0301more\u0301e sur le the\u0300me \u00ab Le ro\u0302le des technologies de l\u2019information dans l\u2019e\u0301valuation des risques \u00bb.<\/b><\/p>\n<p>A cette occasion, le gouvernement congolais par l\u2019entremise du ministre de l\u2019Inte\u0301rieur, de la De\u0301centralisation et du De\u0301veloppement local, Raymond Ze\u0301phirin Mboulou, a rendu publique une de\u0301claration dans laquelle il a releve\u0301 l\u2019importance de sensibiliser le grand public au ro\u0302le de la protection civile dans la vie quotidienne de la communaute\u0301 ainsi qu&rsquo;aux diffe\u0301rentes mesures de pre\u0301vention a\u0300 adopter en cas de situation d\u2019urgence.<\/p>\n<p>\u00ab Face a\u0300 la prolife\u0301ration des risques divers auxquels est confronte\u0301 le monde, la protection civile est devenue un secteur sensible de l\u2019activite\u0301 des Etats. Il s\u2019agit pour elle d\u2019e\u0302tre sur la bre\u0300che pour de\u0301tecter les facteurs de risque et les e\u0301valuer afin de rehausser les capacite\u0301s de re\u0301silience des communaute\u0301s \u00bb, a-t-il de\u0301clare\u0301.<\/p>\n<p>Par ailleurs, a-t-il ajoute\u0301, cette vision commande qu\u2019on accorde une attention particulie\u0300re a\u0300 la pre\u0301vention et a\u0300 tout outil susceptible de la promouvoir, a\u0300 savoir entre autres les technologies de l\u2019information. Les progre\u0300s en la matie\u0300re, a-t-il poursuivi, sont le moyen qui conduit a\u0300 l\u2019appropriation des technologies porte\u0301es sur l\u2019identification des risques de toute nature et leur exploitation ope\u0301rationnelle dans le secteur de la se\u0301curite\u0301 civile.<\/p>\n<p>\u00ab Conscient des enjeux de la se\u0301curite\u0301 civile, le gouvernement a place\u0301 depuis quelques anne\u0301es le de\u0301veloppement du commandement de la se\u0301curite\u0301 civile au centre de ses pre\u0301occupations. A cet effet, je re\u0301ite\u0300re son engagement a\u0300 poursuivre la politique de de\u0301concentration et de de\u0301centralisation des services de la se\u0301curite\u0301 civile \u00bb, a de\u0301clare\u0301 le ministre Raymond Ze\u0301phirin Mboulou.<\/p>\n<p>C\u2019est ainsi que l\u2019orateur a invite\u0301 les acteurs qui concourent a\u0300 la pre\u0301vention des risques et a\u0300 la gestion des catastrophes a\u0300 mettre en place, avec la se\u0301curite\u0301 civile, une plateforme interactive de partage des donne\u0301es pour une alerte pre\u0301coce et efficace au niveau national.<\/p>\n<p>A cet e\u0301gard, a-t-il renche\u0301ri, la nouvelle structuration du commandement de la se\u0301curite\u0301 civile donne une variante d\u2019appui a\u0300 la pre\u0301paration, a\u0300 l\u2019engagement des forces et aux ope\u0301rations a\u0300 travers la mise en place d\u2019un centre de veille et de coordination ope\u0301rationnelle aupre\u0300s de son e\u0301tat-major pour une prise en charge des risques de catastrophes et un me\u0301canisme d\u2019alerte pre\u0301coce interservices.<\/p>\n<p>Le combat contre les risques et les catastrophes est transversal et ne\u0301cessite l\u2019apport de diffe\u0301rents secteurs, a fait remarquer le ministre Raymond Ze\u0301phirin Mboulou. C\u2019est la\u0300, a-t-il insiste\u0301, l\u2019importance du the\u0300me choisi par l\u2019organisation internationale de la protection civile cette anne\u0301e, the\u0300me autour duquel la se\u0301curite\u0301 civile, a\u0300 travers un atelier, s\u2019est propose\u0301 d\u2019e\u0301changer avec les partenaires et professionnels de la protection civile sur l\u2019apport de chacun, dans le cadre de la pre\u0301vention des risques de catastrophes.<\/p>\n<p>Par ailleurs, il a re\u0301ite\u0301re\u0301 l\u2019engagement du gouvernement dans sa politique de de\u0301veloppement de la se\u0301curite\u0301 civile en la dotant des moyens et outils modernes dont les technologies de l\u2019information. De me\u0302me, il a fe\u0301licite\u0301 et encourage\u0301 les professionnels de la pre\u0301vention des risques et des catastrophes pour leur engagement sacrificiel.<\/p>\n<p><strong>Pour plus d&rsquo;informations et d&rsquo;analyses sur la <a href=\"https:\/\/www.africa-press.net\/congo-brazzaville\">Congo Brazzaville<\/a>, suivez <a href=\"https:\/\/www.africa-press.net\/\">Africa-Press<\/a><\/strong><\/p>\n","protected":false},"excerpt":{"rendered":"<p>Africa-Press &#8211; Congo Brazzaville. Le 1er mars de chaque anne\u0301e, l\u2019humanite\u0301 ce\u0301le\u0300bre la Journe\u0301e mondiale de la se\u0301curite\u0301 civile. Cette anne\u0301e, elle est comme\u0301more\u0301e sur le the\u0300me \u00ab Le ro\u0302le des technologies de l\u2019information dans l\u2019e\u0301valuation des risques \u00bb. A cette occasion, le gouvernement congolais par l\u2019entremise du ministre de l\u2019Inte\u0301rieur, de la De\u0301centralisation et [&hellip;]<\/p>\n","protected":false},"author":82,"featured_media":14996,"comment_status":"open","ping_status":"closed","sticky":false,"template":"","format":"standard","meta":{"footnotes":""},"categories":[21,10],"tags":[36,47,46],"class_list":["post-14997","post","type-post","status-publish","format-standard","has-post-thumbnail","hentry","category-communaute","category-toutes-les-actualites","tag-africa-press","tag-africa-press-congo-brazzaville","tag-congo-brazzaville"],"yoast_head":"<!-- This site is optimized with the Yoast SEO Premium plugin v26.1 (Yoast SEO v27.0) - https:\/\/yoast.com\/product\/yoast-seo-premium-wordpress\/ -->\n<title>S\u00e9curit\u00e9 civile : les technologies de l\u2019information face \u00e0 l\u2019\u00e9valuation des risques - Congo Brazzaville<\/title>\n<meta name=\"description\" content=\"Le 1er mars de chaque anne\u0301e, l\u2019humanite\u0301 ce\u0301le\u0300bre la Journe\u0301e mondiale de la se\u0301curite\u0301 civile. Cette anne\u0301e, elle ...\" \/>\n<meta name=\"robots\" content=\"index, follow, max-snippet:-1, max-image-preview:large, max-video-preview:-1\" \/>\n<link rel=\"canonical\" href=\"https:\/\/www.africa-press.net\/congo-brazzaville\/toutes-les-actualites\/securite-civile-les-technologies-de-linformation-face-a-levaluation-des-risques\" \/>\n<meta property=\"og:locale\" content=\"fr_FR\" \/>\n<meta property=\"og:type\" content=\"article\" \/>\n<meta property=\"og:title\" content=\"S\u00e9curit\u00e9 civile : les technologies de l\u2019information face \u00e0 l\u2019\u00e9valuation des risques\" \/>\n<meta property=\"og:description\" content=\"Le 1er mars de chaque anne\u0301e, l\u2019humanite\u0301 ce\u0301le\u0300bre la Journe\u0301e mondiale de la se\u0301curite\u0301 civile. Cette anne\u0301e, elle ...\" \/>\n<meta property=\"og:url\" content=\"https:\/\/www.africa-press.net\/congo-brazzaville\/toutes-les-actualites\/securite-civile-les-technologies-de-linformation-face-a-levaluation-des-risques\" \/>\n<meta property=\"og:site_name\" content=\"Congo Brazzaville\" \/>\n<meta property=\"article:published_time\" content=\"2023-02-28T19:07:23+00:00\" \/>\n<meta property=\"article:modified_time\" content=\"2023-02-28T19:40:35+00:00\" \/>\n<meta property=\"og:image\" content=\"https:\/\/static.africa-press.net\/congo-brazzaville\/sites\/51\/2023\/02\/postQueueImg_1677598654.08.jpg\" \/>\n\t<meta property=\"og:image:width\" content=\"1023\" \/>\n\t<meta property=\"og:image:height\" content=\"768\" \/>\n\t<meta property=\"og:image:type\" content=\"image\/jpeg\" \/>\n<meta name=\"author\" content=\"cfeditorfr\" \/>\n<meta name=\"twitter:card\" content=\"summary_large_image\" \/>\n<meta name=\"twitter:label1\" content=\"\u00c9crit par\" \/>\n\t<meta name=\"twitter:data1\" content=\"cfeditorfr\" \/>\n\t<meta name=\"twitter:label2\" content=\"Dur\u00e9e de lecture estim\u00e9e\" \/>\n\t<meta name=\"twitter:data2\" content=\"3 minutes\" \/>\n<script type=\"application\/ld+json\" class=\"yoast-schema-graph\">{\"@context\":\"https:\/\/schema.org\",\"@graph\":[{\"@type\":\"Article\",\"@id\":\"https:\/\/www.africa-press.net\/congo-brazzaville\/toutes-les-actualites\/securite-civile-les-technologies-de-linformation-face-a-levaluation-des-risques#article\",\"isPartOf\":{\"@id\":\"https:\/\/www.africa-press.net\/congo-brazzaville\/toutes-les-actualites\/securite-civile-les-technologies-de-linformation-face-a-levaluation-des-risques\"},\"author\":{\"name\":\"cfeditorfr\",\"@id\":\"https:\/\/www.africa-press.net\/congo-brazzaville\/#\/schema\/person\/2b1cf3cd81a31e3cd26889ca66d677f1\"},\"headline\":\"S\u00e9curit\u00e9 civile : les technologies de l\u2019information face \u00e0 l\u2019\u00e9valuation des risques\",\"datePublished\":\"2023-02-28T19:07:23+00:00\",\"dateModified\":\"2023-02-28T19:40:35+00:00\",\"mainEntityOfPage\":{\"@id\":\"https:\/\/www.africa-press.net\/congo-brazzaville\/toutes-les-actualites\/securite-civile-les-technologies-de-linformation-face-a-levaluation-des-risques\"},\"wordCount\":642,\"commentCount\":0,\"image\":{\"@id\":\"https:\/\/www.africa-press.net\/congo-brazzaville\/toutes-les-actualites\/securite-civile-les-technologies-de-linformation-face-a-levaluation-des-risques#primaryimage\"},\"thumbnailUrl\":\"https:\/\/static.africa-press.net\/congo-brazzaville\/sites\/51\/2023\/02\/postQueueImg_1677598654.08.jpg\",\"keywords\":[\"Africa Press\",\"Africa Press-Congo Brazzaville\",\"Congo Brazzaville\"],\"articleSection\":[\"Communaut\u00e9\",\"Toutes les actualit\u00e9s\"],\"inLanguage\":\"fr-FR\",\"potentialAction\":[{\"@type\":\"CommentAction\",\"name\":\"Comment\",\"target\":[\"https:\/\/www.africa-press.net\/congo-brazzaville\/toutes-les-actualites\/securite-civile-les-technologies-de-linformation-face-a-levaluation-des-risques#respond\"]}]},{\"@type\":\"WebPage\",\"@id\":\"https:\/\/www.africa-press.net\/congo-brazzaville\/toutes-les-actualites\/securite-civile-les-technologies-de-linformation-face-a-levaluation-des-risques\",\"url\":\"https:\/\/www.africa-press.net\/congo-brazzaville\/toutes-les-actualites\/securite-civile-les-technologies-de-linformation-face-a-levaluation-des-risques\",\"name\":\"S\u00e9curit\u00e9 civile : les technologies de l\u2019information face \u00e0 l\u2019\u00e9valuation des risques - Congo Brazzaville\",\"isPartOf\":{\"@id\":\"https:\/\/www.africa-press.net\/congo-brazzaville\/#website\"},\"primaryImageOfPage\":{\"@id\":\"https:\/\/www.africa-press.net\/congo-brazzaville\/toutes-les-actualites\/securite-civile-les-technologies-de-linformation-face-a-levaluation-des-risques#primaryimage\"},\"image\":{\"@id\":\"https:\/\/www.africa-press.net\/congo-brazzaville\/toutes-les-actualites\/securite-civile-les-technologies-de-linformation-face-a-levaluation-des-risques#primaryimage\"},\"thumbnailUrl\":\"https:\/\/static.africa-press.net\/congo-brazzaville\/sites\/51\/2023\/02\/postQueueImg_1677598654.08.jpg\",\"datePublished\":\"2023-02-28T19:07:23+00:00\",\"dateModified\":\"2023-02-28T19:40:35+00:00\",\"author\":{\"@id\":\"https:\/\/www.africa-press.net\/congo-brazzaville\/#\/schema\/person\/2b1cf3cd81a31e3cd26889ca66d677f1\"},\"description\":\"Le 1er mars de chaque anne\u0301e, l\u2019humanite\u0301 ce\u0301le\u0300bre la Journe\u0301e mondiale de la se\u0301curite\u0301 civile. Cette anne\u0301e, elle ...\",\"breadcrumb\":{\"@id\":\"https:\/\/www.africa-press.net\/congo-brazzaville\/toutes-les-actualites\/securite-civile-les-technologies-de-linformation-face-a-levaluation-des-risques#breadcrumb\"},\"inLanguage\":\"fr-FR\",\"potentialAction\":[{\"@type\":\"ReadAction\",\"target\":[\"https:\/\/www.africa-press.net\/congo-brazzaville\/toutes-les-actualites\/securite-civile-les-technologies-de-linformation-face-a-levaluation-des-risques\"]}]},{\"@type\":\"ImageObject\",\"inLanguage\":\"fr-FR\",\"@id\":\"https:\/\/www.africa-press.net\/congo-brazzaville\/toutes-les-actualites\/securite-civile-les-technologies-de-linformation-face-a-levaluation-des-risques#primaryimage\",\"url\":\"https:\/\/static.africa-press.net\/congo-brazzaville\/sites\/51\/2023\/02\/postQueueImg_1677598654.08.jpg\",\"contentUrl\":\"https:\/\/static.africa-press.net\/congo-brazzaville\/sites\/51\/2023\/02\/postQueueImg_1677598654.08.jpg\",\"width\":1023,\"height\":768,\"caption\":\"S\u00e9curit\u00e9 civile : les technologies de l\u2019information face \u00e0 l\u2019\u00e9valuation des risques\"},{\"@type\":\"BreadcrumbList\",\"@id\":\"https:\/\/www.africa-press.net\/congo-brazzaville\/toutes-les-actualites\/securite-civile-les-technologies-de-linformation-face-a-levaluation-des-risques#breadcrumb\",\"itemListElement\":[{\"@type\":\"ListItem\",\"position\":1,\"name\":\"Accueil\",\"item\":\"https:\/\/www.africa-press.net\/congo-brazzaville\/\"},{\"@type\":\"ListItem\",\"position\":2,\"name\":\"S\u00e9curit\u00e9 civile : les technologies de l\u2019information face \u00e0 l\u2019\u00e9valuation des risques\"}]},{\"@type\":\"WebSite\",\"@id\":\"https:\/\/www.africa-press.net\/congo-brazzaville\/#website\",\"url\":\"https:\/\/www.africa-press.net\/congo-brazzaville\/\",\"name\":\"Congo Brazzaville\",\"description\":\"Just another Africa News Agency Sites site\",\"potentialAction\":[{\"@type\":\"SearchAction\",\"target\":{\"@type\":\"EntryPoint\",\"urlTemplate\":\"https:\/\/www.africa-press.net\/congo-brazzaville\/?s={search_term_string}\"},\"query-input\":{\"@type\":\"PropertyValueSpecification\",\"valueRequired\":true,\"valueName\":\"search_term_string\"}}],\"inLanguage\":\"fr-FR\"},{\"@type\":\"Person\",\"@id\":\"https:\/\/www.africa-press.net\/congo-brazzaville\/#\/schema\/person\/2b1cf3cd81a31e3cd26889ca66d677f1\",\"name\":\"cfeditorfr\"}]}<\/script>\n<!-- \/ Yoast SEO Premium plugin. -->","yoast_head_json":{"title":"S\u00e9curit\u00e9 civile : les technologies de l\u2019information face \u00e0 l\u2019\u00e9valuation des risques - Congo Brazzaville","description":"Le 1er mars de chaque anne\u0301e, l\u2019humanite\u0301 ce\u0301le\u0300bre la Journe\u0301e mondiale de la se\u0301curite\u0301 civile. Cette anne\u0301e, elle ...","robots":{"index":"index","follow":"follow","max-snippet":"max-snippet:-1","max-image-preview":"max-image-preview:large","max-video-preview":"max-video-preview:-1"},"canonical":"https:\/\/www.africa-press.net\/congo-brazzaville\/toutes-les-actualites\/securite-civile-les-technologies-de-linformation-face-a-levaluation-des-risques","og_locale":"fr_FR","og_type":"article","og_title":"S\u00e9curit\u00e9 civile : les technologies de l\u2019information face \u00e0 l\u2019\u00e9valuation des risques","og_description":"Le 1er mars de chaque anne\u0301e, l\u2019humanite\u0301 ce\u0301le\u0300bre la Journe\u0301e mondiale de la se\u0301curite\u0301 civile. Cette anne\u0301e, elle ...","og_url":"https:\/\/www.africa-press.net\/congo-brazzaville\/toutes-les-actualites\/securite-civile-les-technologies-de-linformation-face-a-levaluation-des-risques","og_site_name":"Congo Brazzaville","article_published_time":"2023-02-28T19:07:23+00:00","article_modified_time":"2023-02-28T19:40:35+00:00","og_image":[{"width":1023,"height":768,"url":"https:\/\/static.africa-press.net\/congo-brazzaville\/sites\/51\/2023\/02\/postQueueImg_1677598654.08.jpg","type":"image\/jpeg"}],"author":"cfeditorfr","twitter_card":"summary_large_image","twitter_misc":{"\u00c9crit par":"cfeditorfr","Dur\u00e9e de lecture estim\u00e9e":"3 minutes"},"schema":{"@context":"https:\/\/schema.org","@graph":[{"@type":"Article","@id":"https:\/\/www.africa-press.net\/congo-brazzaville\/toutes-les-actualites\/securite-civile-les-technologies-de-linformation-face-a-levaluation-des-risques#article","isPartOf":{"@id":"https:\/\/www.africa-press.net\/congo-brazzaville\/toutes-les-actualites\/securite-civile-les-technologies-de-linformation-face-a-levaluation-des-risques"},"author":{"name":"cfeditorfr","@id":"https:\/\/www.africa-press.net\/congo-brazzaville\/#\/schema\/person\/2b1cf3cd81a31e3cd26889ca66d677f1"},"headline":"S\u00e9curit\u00e9 civile : les technologies de l\u2019information face \u00e0 l\u2019\u00e9valuation des risques","datePublished":"2023-02-28T19:07:23+00:00","dateModified":"2023-02-28T19:40:35+00:00","mainEntityOfPage":{"@id":"https:\/\/www.africa-press.net\/congo-brazzaville\/toutes-les-actualites\/securite-civile-les-technologies-de-linformation-face-a-levaluation-des-risques"},"wordCount":642,"commentCount":0,"image":{"@id":"https:\/\/www.africa-press.net\/congo-brazzaville\/toutes-les-actualites\/securite-civile-les-technologies-de-linformation-face-a-levaluation-des-risques#primaryimage"},"thumbnailUrl":"https:\/\/static.africa-press.net\/congo-brazzaville\/sites\/51\/2023\/02\/postQueueImg_1677598654.08.jpg","keywords":["Africa Press","Africa Press-Congo Brazzaville","Congo Brazzaville"],"articleSection":["Communaut\u00e9","Toutes les actualit\u00e9s"],"inLanguage":"fr-FR","potentialAction":[{"@type":"CommentAction","name":"Comment","target":["https:\/\/www.africa-press.net\/congo-brazzaville\/toutes-les-actualites\/securite-civile-les-technologies-de-linformation-face-a-levaluation-des-risques#respond"]}]},{"@type":"WebPage","@id":"https:\/\/www.africa-press.net\/congo-brazzaville\/toutes-les-actualites\/securite-civile-les-technologies-de-linformation-face-a-levaluation-des-risques","url":"https:\/\/www.africa-press.net\/congo-brazzaville\/toutes-les-actualites\/securite-civile-les-technologies-de-linformation-face-a-levaluation-des-risques","name":"S\u00e9curit\u00e9 civile : les technologies de l\u2019information face \u00e0 l\u2019\u00e9valuation des risques - Congo Brazzaville","isPartOf":{"@id":"https:\/\/www.africa-press.net\/congo-brazzaville\/#website"},"primaryImageOfPage":{"@id":"https:\/\/www.africa-press.net\/congo-brazzaville\/toutes-les-actualites\/securite-civile-les-technologies-de-linformation-face-a-levaluation-des-risques#primaryimage"},"image":{"@id":"https:\/\/www.africa-press.net\/congo-brazzaville\/toutes-les-actualites\/securite-civile-les-technologies-de-linformation-face-a-levaluation-des-risques#primaryimage"},"thumbnailUrl":"https:\/\/static.africa-press.net\/congo-brazzaville\/sites\/51\/2023\/02\/postQueueImg_1677598654.08.jpg","datePublished":"2023-02-28T19:07:23+00:00","dateModified":"2023-02-28T19:40:35+00:00","author":{"@id":"https:\/\/www.africa-press.net\/congo-brazzaville\/#\/schema\/person\/2b1cf3cd81a31e3cd26889ca66d677f1"},"description":"Le 1er mars de chaque anne\u0301e, l\u2019humanite\u0301 ce\u0301le\u0300bre la Journe\u0301e mondiale de la se\u0301curite\u0301 civile. Cette anne\u0301e, elle ...","breadcrumb":{"@id":"https:\/\/www.africa-press.net\/congo-brazzaville\/toutes-les-actualites\/securite-civile-les-technologies-de-linformation-face-a-levaluation-des-risques#breadcrumb"},"inLanguage":"fr-FR","potentialAction":[{"@type":"ReadAction","target":["https:\/\/www.africa-press.net\/congo-brazzaville\/toutes-les-actualites\/securite-civile-les-technologies-de-linformation-face-a-levaluation-des-risques"]}]},{"@type":"ImageObject","inLanguage":"fr-FR","@id":"https:\/\/www.africa-press.net\/congo-brazzaville\/toutes-les-actualites\/securite-civile-les-technologies-de-linformation-face-a-levaluation-des-risques#primaryimage","url":"https:\/\/static.africa-press.net\/congo-brazzaville\/sites\/51\/2023\/02\/postQueueImg_1677598654.08.jpg","contentUrl":"https:\/\/static.africa-press.net\/congo-brazzaville\/sites\/51\/2023\/02\/postQueueImg_1677598654.08.jpg","width":1023,"height":768,"caption":"S\u00e9curit\u00e9 civile : les technologies de l\u2019information face \u00e0 l\u2019\u00e9valuation des risques"},{"@type":"BreadcrumbList","@id":"https:\/\/www.africa-press.net\/congo-brazzaville\/toutes-les-actualites\/securite-civile-les-technologies-de-linformation-face-a-levaluation-des-risques#breadcrumb","itemListElement":[{"@type":"ListItem","position":1,"name":"Accueil","item":"https:\/\/www.africa-press.net\/congo-brazzaville\/"},{"@type":"ListItem","position":2,"name":"S\u00e9curit\u00e9 civile : les technologies de l\u2019information face \u00e0 l\u2019\u00e9valuation des risques"}]},{"@type":"WebSite","@id":"https:\/\/www.africa-press.net\/congo-brazzaville\/#website","url":"https:\/\/www.africa-press.net\/congo-brazzaville\/","name":"Congo Brazzaville","description":"Just another Africa News Agency Sites site","potentialAction":[{"@type":"SearchAction","target":{"@type":"EntryPoint","urlTemplate":"https:\/\/www.africa-press.net\/congo-brazzaville\/?s={search_term_string}"},"query-input":{"@type":"PropertyValueSpecification","valueRequired":true,"valueName":"search_term_string"}}],"inLanguage":"fr-FR"},{"@type":"Person","@id":"https:\/\/www.africa-press.net\/congo-brazzaville\/#\/schema\/person\/2b1cf3cd81a31e3cd26889ca66d677f1","name":"cfeditorfr"}]}},"_links":{"self":[{"href":"https:\/\/www.africa-press.net\/congo-brazzaville\/wp-json\/wp\/v2\/posts\/14997","targetHints":{"allow":["GET"]}}],"collection":[{"href":"https:\/\/www.africa-press.net\/congo-brazzaville\/wp-json\/wp\/v2\/posts"}],"about":[{"href":"https:\/\/www.africa-press.net\/congo-brazzaville\/wp-json\/wp\/v2\/types\/post"}],"author":[{"embeddable":true,"href":"https:\/\/www.africa-press.net\/congo-brazzaville\/wp-json\/wp\/v2\/users\/82"}],"replies":[{"embeddable":true,"href":"https:\/\/www.africa-press.net\/congo-brazzaville\/wp-json\/wp\/v2\/comments?post=14997"}],"version-history":[{"count":0,"href":"https:\/\/www.africa-press.net\/congo-brazzaville\/wp-json\/wp\/v2\/posts\/14997\/revisions"}],"wp:featuredmedia":[{"embeddable":true,"href":"https:\/\/www.africa-press.net\/congo-brazzaville\/wp-json\/wp\/v2\/media\/14996"}],"wp:attachment":[{"href":"https:\/\/www.africa-press.net\/congo-brazzaville\/wp-json\/wp\/v2\/media?parent=14997"}],"wp:term":[{"taxonomy":"category","embeddable":true,"href":"https:\/\/www.africa-press.net\/congo-brazzaville\/wp-json\/wp\/v2\/categories?post=14997"},{"taxonomy":"post_tag","embeddable":true,"href":"https:\/\/www.africa-press.net\/congo-brazzaville\/wp-json\/wp\/v2\/tags?post=14997"}],"curies":[{"name":"wp","href":"https:\/\/api.w.org\/{rel}","templated":true}]}}