{"id":14999,"date":"2023-02-28T19:07:37","date_gmt":"2023-02-28T19:07:37","guid":{"rendered":"https:\/\/www.africa-press.net\/congo-brazzaville\/politique\/sante-publique-le-ministere-de-tutelle-peaufine-sa-strategie-de-cooperation"},"modified":"2023-02-28T19:40:49","modified_gmt":"2023-02-28T19:40:49","slug":"sante-publique-le-ministere-de-tutelle-peaufine-sa-strategie-de-cooperation","status":"publish","type":"post","link":"https:\/\/www.africa-press.net\/congo-brazzaville\/toutes-les-actualites\/sante-publique-le-ministere-de-tutelle-peaufine-sa-strategie-de-cooperation","title":{"rendered":"Sant\u00e9 publique : le minist\u00e8re de tutelle peaufine sa strat\u00e9gie de coop\u00e9ration"},"content":{"rendered":"<p><span style=\"color: #ff6600\"><strong>Africa-Press &#8211; Congo Brazzaville. <\/strong><\/span><b>Le ministre de la Sante\u0301 et de la Population, Gilbert Mokoki, a lance\u0301 le 28 fe\u0301vrier a\u0300 Brazzaville, avec l\u2019appui des partenaires au de\u0301veloppement, les travaux d\u2019e\u0301laboration de la strate\u0301gie de coope\u0301ration de son de\u0301partement. Il s\u2019agit d\u2019une politique visant a\u0300 mobiliser les partenaires afin de mieux financer les projets retenus dans le secteur de la sante\u0301 et de la population.<\/b><\/p>\n<p>L\u2019atelier d\u2019e\u0301laboration de la strate\u0301gie de coope\u0301ration re\u0301unit les cadres et techniciens du ministe\u0300re de la Sante\u0301 et de la Population ainsi que quelques responsables des agences du syste\u0300me des Nations unies au Congo.<\/p>\n<p>Au cours de leurs e\u0301changes, les participants vont e\u0301tablir un diagnostic du cadre institutionnel de mise en \u0153uvre de la coope\u0301ration en matie\u0300re de sante\u0301 publique. Il s&rsquo;agit, a\u0300 cet effet, d&rsquo;e\u0301laborer des propositions sur des projets et actions a\u0300 mener pendant la pe\u0301riode quinquennale 2022-2026, dans le cadre de la coope\u0301ration. \u00abLa ce\u0301re\u0301monie qui nous re\u0301unit ce jour marque le lancement du processus d\u2019e\u0301laboration de la strate\u0301gie de coope\u0301ration en matie\u0300re de sante\u0301 et de population. Cette strate\u0301gie permet d\u2019assurer une meilleure visibilite\u0301 et une efficience des actions en vue de favoriser la culture de la transparence \u00bb, a souligne\u0301 le ministre de la Sante\u0301, Gilbert Mokoki.<\/p>\n<p>L\u2019objectif vise\u0301 par le gouvernement, a-t-il ajoute\u0301, est de capitaliser sur les appuis des partenaires en vue d\u2019obtenir une structuration des actions de coope\u0301ration en matie\u0300re de sante\u0301 publique ; un meilleur alignement des partenaires sur les priorite\u0301s devant conduire a\u0300 un syste\u0300me de sante\u0301 re\u0301siliant et performant.<\/p>\n<p>Il s\u2019agit aussi d\u2019e\u0301viter la duplication des actions sur le terrain afin d\u2019accroi\u0302tre leur efficacite\u0301. \u00ab La proble\u0301matique du financement du syste\u0300me de sante\u0301, le gouvernement congolais accorde une place de choix a\u0300 la dynamisation de la coope\u0301ration avec ses partenaires bilate\u0301raux et multilate\u0301raux, les organisations non gouvernementales et celles de la socie\u0301te\u0301 civile \u00bb, a rencheri Gilbert Mokoki. Pour sa part, la repre\u0301sentante du Programme alimentaire mondial au Congo, Anne-Claire Mouillez, a re\u0301ite\u0301re\u0301 la volonte\u0301 de l\u2019agence onusienne de continuer d\u2019aider ce pays dans le domaine alimentaire.<\/p>\n<p><strong>Pour plus d&rsquo;informations et d&rsquo;analyses sur la <a href=\"https:\/\/www.africa-press.net\/congo-brazzaville\">Congo Brazzaville<\/a>, suivez <a href=\"https:\/\/www.africa-press.net\/\">Africa-Press<\/a><\/strong><\/p>\n","protected":false},"excerpt":{"rendered":"<p>Africa-Press &#8211; Congo Brazzaville. Le ministre de la Sante\u0301 et de la Population, Gilbert Mokoki, a lance\u0301 le 28 fe\u0301vrier a\u0300 Brazzaville, avec l\u2019appui des partenaires au de\u0301veloppement, les travaux d\u2019e\u0301laboration de la strate\u0301gie de coope\u0301ration de son de\u0301partement. Il s\u2019agit d\u2019une politique visant a\u0300 mobiliser les partenaires afin de mieux financer les projets retenus [&hellip;]<\/p>\n","protected":false},"author":82,"featured_media":14998,"comment_status":"open","ping_status":"closed","sticky":false,"template":"","format":"standard","meta":{"footnotes":""},"categories":[21,10],"tags":[36,47,46],"class_list":["post-14999","post","type-post","status-publish","format-standard","has-post-thumbnail","hentry","category-communaute","category-toutes-les-actualites","tag-africa-press","tag-africa-press-congo-brazzaville","tag-congo-brazzaville"],"yoast_head":"<!-- This site is optimized with the Yoast SEO Premium plugin v26.1 (Yoast SEO v27.0) - https:\/\/yoast.com\/product\/yoast-seo-premium-wordpress\/ -->\n<title>Sant\u00e9 publique : le minist\u00e8re de tutelle peaufine sa strat\u00e9gie de coop\u00e9ration - Congo Brazzaville<\/title>\n<meta name=\"description\" content=\"Le ministre de la Sante\u0301 et de la Population, Gilbert Mokoki, a lance\u0301 le 28 fe\u0301vrier a\u0300 Brazzaville, avec l\u2019appui de ...\" \/>\n<meta name=\"robots\" content=\"index, follow, max-snippet:-1, max-image-preview:large, max-video-preview:-1\" \/>\n<link rel=\"canonical\" href=\"https:\/\/www.africa-press.net\/congo-brazzaville\/toutes-les-actualites\/sante-publique-le-ministere-de-tutelle-peaufine-sa-strategie-de-cooperation\" \/>\n<meta property=\"og:locale\" content=\"fr_FR\" \/>\n<meta property=\"og:type\" content=\"article\" \/>\n<meta property=\"og:title\" content=\"Sant\u00e9 publique : le minist\u00e8re de tutelle peaufine sa strat\u00e9gie de coop\u00e9ration\" \/>\n<meta property=\"og:description\" content=\"Le ministre de la Sante\u0301 et de la Population, Gilbert Mokoki, a lance\u0301 le 28 fe\u0301vrier a\u0300 Brazzaville, avec l\u2019appui de ...\" \/>\n<meta property=\"og:url\" content=\"https:\/\/www.africa-press.net\/congo-brazzaville\/toutes-les-actualites\/sante-publique-le-ministere-de-tutelle-peaufine-sa-strategie-de-cooperation\" \/>\n<meta property=\"og:site_name\" content=\"Congo Brazzaville\" \/>\n<meta property=\"article:published_time\" content=\"2023-02-28T19:07:37+00:00\" \/>\n<meta property=\"article:modified_time\" content=\"2023-02-28T19:40:49+00:00\" \/>\n<meta property=\"og:image\" content=\"https:\/\/static.africa-press.net\/congo-brazzaville\/sites\/51\/2023\/02\/postQueueImg_1677598666.44.jpg\" \/>\n\t<meta property=\"og:image:width\" content=\"1669\" \/>\n\t<meta property=\"og:image:height\" content=\"768\" \/>\n\t<meta property=\"og:image:type\" content=\"image\/jpeg\" \/>\n<meta name=\"author\" content=\"cfeditorfr\" \/>\n<meta name=\"twitter:card\" content=\"summary_large_image\" \/>\n<meta name=\"twitter:label1\" content=\"\u00c9crit par\" \/>\n\t<meta name=\"twitter:data1\" content=\"cfeditorfr\" \/>\n\t<meta name=\"twitter:label2\" content=\"Dur\u00e9e de lecture estim\u00e9e\" \/>\n\t<meta name=\"twitter:data2\" content=\"2 minutes\" \/>\n<script type=\"application\/ld+json\" class=\"yoast-schema-graph\">{\"@context\":\"https:\/\/schema.org\",\"@graph\":[{\"@type\":\"Article\",\"@id\":\"https:\/\/www.africa-press.net\/congo-brazzaville\/toutes-les-actualites\/sante-publique-le-ministere-de-tutelle-peaufine-sa-strategie-de-cooperation#article\",\"isPartOf\":{\"@id\":\"https:\/\/www.africa-press.net\/congo-brazzaville\/toutes-les-actualites\/sante-publique-le-ministere-de-tutelle-peaufine-sa-strategie-de-cooperation\"},\"author\":{\"name\":\"cfeditorfr\",\"@id\":\"https:\/\/www.africa-press.net\/congo-brazzaville\/#\/schema\/person\/2b1cf3cd81a31e3cd26889ca66d677f1\"},\"headline\":\"Sant\u00e9 publique : le minist\u00e8re de tutelle peaufine sa strat\u00e9gie de coop\u00e9ration\",\"datePublished\":\"2023-02-28T19:07:37+00:00\",\"dateModified\":\"2023-02-28T19:40:49+00:00\",\"mainEntityOfPage\":{\"@id\":\"https:\/\/www.africa-press.net\/congo-brazzaville\/toutes-les-actualites\/sante-publique-le-ministere-de-tutelle-peaufine-sa-strategie-de-cooperation\"},\"wordCount\":425,\"commentCount\":0,\"image\":{\"@id\":\"https:\/\/www.africa-press.net\/congo-brazzaville\/toutes-les-actualites\/sante-publique-le-ministere-de-tutelle-peaufine-sa-strategie-de-cooperation#primaryimage\"},\"thumbnailUrl\":\"https:\/\/static.africa-press.net\/congo-brazzaville\/sites\/51\/2023\/02\/postQueueImg_1677598666.44.jpg\",\"keywords\":[\"Africa Press\",\"Africa Press-Congo Brazzaville\",\"Congo Brazzaville\"],\"articleSection\":[\"Communaut\u00e9\",\"Toutes les actualit\u00e9s\"],\"inLanguage\":\"fr-FR\",\"potentialAction\":[{\"@type\":\"CommentAction\",\"name\":\"Comment\",\"target\":[\"https:\/\/www.africa-press.net\/congo-brazzaville\/toutes-les-actualites\/sante-publique-le-ministere-de-tutelle-peaufine-sa-strategie-de-cooperation#respond\"]}]},{\"@type\":\"WebPage\",\"@id\":\"https:\/\/www.africa-press.net\/congo-brazzaville\/toutes-les-actualites\/sante-publique-le-ministere-de-tutelle-peaufine-sa-strategie-de-cooperation\",\"url\":\"https:\/\/www.africa-press.net\/congo-brazzaville\/toutes-les-actualites\/sante-publique-le-ministere-de-tutelle-peaufine-sa-strategie-de-cooperation\",\"name\":\"Sant\u00e9 publique : le minist\u00e8re de tutelle peaufine sa strat\u00e9gie de coop\u00e9ration - Congo Brazzaville\",\"isPartOf\":{\"@id\":\"https:\/\/www.africa-press.net\/congo-brazzaville\/#website\"},\"primaryImageOfPage\":{\"@id\":\"https:\/\/www.africa-press.net\/congo-brazzaville\/toutes-les-actualites\/sante-publique-le-ministere-de-tutelle-peaufine-sa-strategie-de-cooperation#primaryimage\"},\"image\":{\"@id\":\"https:\/\/www.africa-press.net\/congo-brazzaville\/toutes-les-actualites\/sante-publique-le-ministere-de-tutelle-peaufine-sa-strategie-de-cooperation#primaryimage\"},\"thumbnailUrl\":\"https:\/\/static.africa-press.net\/congo-brazzaville\/sites\/51\/2023\/02\/postQueueImg_1677598666.44.jpg\",\"datePublished\":\"2023-02-28T19:07:37+00:00\",\"dateModified\":\"2023-02-28T19:40:49+00:00\",\"author\":{\"@id\":\"https:\/\/www.africa-press.net\/congo-brazzaville\/#\/schema\/person\/2b1cf3cd81a31e3cd26889ca66d677f1\"},\"description\":\"Le ministre de la Sante\u0301 et de la Population, Gilbert Mokoki, a lance\u0301 le 28 fe\u0301vrier a\u0300 Brazzaville, avec l\u2019appui de ...\",\"breadcrumb\":{\"@id\":\"https:\/\/www.africa-press.net\/congo-brazzaville\/toutes-les-actualites\/sante-publique-le-ministere-de-tutelle-peaufine-sa-strategie-de-cooperation#breadcrumb\"},\"inLanguage\":\"fr-FR\",\"potentialAction\":[{\"@type\":\"ReadAction\",\"target\":[\"https:\/\/www.africa-press.net\/congo-brazzaville\/toutes-les-actualites\/sante-publique-le-ministere-de-tutelle-peaufine-sa-strategie-de-cooperation\"]}]},{\"@type\":\"ImageObject\",\"inLanguage\":\"fr-FR\",\"@id\":\"https:\/\/www.africa-press.net\/congo-brazzaville\/toutes-les-actualites\/sante-publique-le-ministere-de-tutelle-peaufine-sa-strategie-de-cooperation#primaryimage\",\"url\":\"https:\/\/static.africa-press.net\/congo-brazzaville\/sites\/51\/2023\/02\/postQueueImg_1677598666.44.jpg\",\"contentUrl\":\"https:\/\/static.africa-press.net\/congo-brazzaville\/sites\/51\/2023\/02\/postQueueImg_1677598666.44.jpg\",\"width\":1669,\"height\":768,\"caption\":\"Sant\u00e9 publique : le minist\u00e8re de tutelle peaufine sa strat\u00e9gie de coop\u00e9ration\"},{\"@type\":\"BreadcrumbList\",\"@id\":\"https:\/\/www.africa-press.net\/congo-brazzaville\/toutes-les-actualites\/sante-publique-le-ministere-de-tutelle-peaufine-sa-strategie-de-cooperation#breadcrumb\",\"itemListElement\":[{\"@type\":\"ListItem\",\"position\":1,\"name\":\"Accueil\",\"item\":\"https:\/\/www.africa-press.net\/congo-brazzaville\/\"},{\"@type\":\"ListItem\",\"position\":2,\"name\":\"Sant\u00e9 publique : le minist\u00e8re de tutelle peaufine sa strat\u00e9gie de coop\u00e9ration\"}]},{\"@type\":\"WebSite\",\"@id\":\"https:\/\/www.africa-press.net\/congo-brazzaville\/#website\",\"url\":\"https:\/\/www.africa-press.net\/congo-brazzaville\/\",\"name\":\"Congo Brazzaville\",\"description\":\"Just another Africa News Agency Sites site\",\"potentialAction\":[{\"@type\":\"SearchAction\",\"target\":{\"@type\":\"EntryPoint\",\"urlTemplate\":\"https:\/\/www.africa-press.net\/congo-brazzaville\/?s={search_term_string}\"},\"query-input\":{\"@type\":\"PropertyValueSpecification\",\"valueRequired\":true,\"valueName\":\"search_term_string\"}}],\"inLanguage\":\"fr-FR\"},{\"@type\":\"Person\",\"@id\":\"https:\/\/www.africa-press.net\/congo-brazzaville\/#\/schema\/person\/2b1cf3cd81a31e3cd26889ca66d677f1\",\"name\":\"cfeditorfr\"}]}<\/script>\n<!-- \/ Yoast SEO Premium plugin. -->","yoast_head_json":{"title":"Sant\u00e9 publique : le minist\u00e8re de tutelle peaufine sa strat\u00e9gie de coop\u00e9ration - Congo Brazzaville","description":"Le ministre de la Sante\u0301 et de la Population, Gilbert Mokoki, a lance\u0301 le 28 fe\u0301vrier a\u0300 Brazzaville, avec l\u2019appui de ...","robots":{"index":"index","follow":"follow","max-snippet":"max-snippet:-1","max-image-preview":"max-image-preview:large","max-video-preview":"max-video-preview:-1"},"canonical":"https:\/\/www.africa-press.net\/congo-brazzaville\/toutes-les-actualites\/sante-publique-le-ministere-de-tutelle-peaufine-sa-strategie-de-cooperation","og_locale":"fr_FR","og_type":"article","og_title":"Sant\u00e9 publique : le minist\u00e8re de tutelle peaufine sa strat\u00e9gie de coop\u00e9ration","og_description":"Le ministre de la Sante\u0301 et de la Population, Gilbert Mokoki, a lance\u0301 le 28 fe\u0301vrier a\u0300 Brazzaville, avec l\u2019appui de ...","og_url":"https:\/\/www.africa-press.net\/congo-brazzaville\/toutes-les-actualites\/sante-publique-le-ministere-de-tutelle-peaufine-sa-strategie-de-cooperation","og_site_name":"Congo Brazzaville","article_published_time":"2023-02-28T19:07:37+00:00","article_modified_time":"2023-02-28T19:40:49+00:00","og_image":[{"width":1669,"height":768,"url":"https:\/\/static.africa-press.net\/congo-brazzaville\/sites\/51\/2023\/02\/postQueueImg_1677598666.44.jpg","type":"image\/jpeg"}],"author":"cfeditorfr","twitter_card":"summary_large_image","twitter_misc":{"\u00c9crit par":"cfeditorfr","Dur\u00e9e de lecture estim\u00e9e":"2 minutes"},"schema":{"@context":"https:\/\/schema.org","@graph":[{"@type":"Article","@id":"https:\/\/www.africa-press.net\/congo-brazzaville\/toutes-les-actualites\/sante-publique-le-ministere-de-tutelle-peaufine-sa-strategie-de-cooperation#article","isPartOf":{"@id":"https:\/\/www.africa-press.net\/congo-brazzaville\/toutes-les-actualites\/sante-publique-le-ministere-de-tutelle-peaufine-sa-strategie-de-cooperation"},"author":{"name":"cfeditorfr","@id":"https:\/\/www.africa-press.net\/congo-brazzaville\/#\/schema\/person\/2b1cf3cd81a31e3cd26889ca66d677f1"},"headline":"Sant\u00e9 publique : le minist\u00e8re de tutelle peaufine sa strat\u00e9gie de coop\u00e9ration","datePublished":"2023-02-28T19:07:37+00:00","dateModified":"2023-02-28T19:40:49+00:00","mainEntityOfPage":{"@id":"https:\/\/www.africa-press.net\/congo-brazzaville\/toutes-les-actualites\/sante-publique-le-ministere-de-tutelle-peaufine-sa-strategie-de-cooperation"},"wordCount":425,"commentCount":0,"image":{"@id":"https:\/\/www.africa-press.net\/congo-brazzaville\/toutes-les-actualites\/sante-publique-le-ministere-de-tutelle-peaufine-sa-strategie-de-cooperation#primaryimage"},"thumbnailUrl":"https:\/\/static.africa-press.net\/congo-brazzaville\/sites\/51\/2023\/02\/postQueueImg_1677598666.44.jpg","keywords":["Africa Press","Africa Press-Congo Brazzaville","Congo Brazzaville"],"articleSection":["Communaut\u00e9","Toutes les actualit\u00e9s"],"inLanguage":"fr-FR","potentialAction":[{"@type":"CommentAction","name":"Comment","target":["https:\/\/www.africa-press.net\/congo-brazzaville\/toutes-les-actualites\/sante-publique-le-ministere-de-tutelle-peaufine-sa-strategie-de-cooperation#respond"]}]},{"@type":"WebPage","@id":"https:\/\/www.africa-press.net\/congo-brazzaville\/toutes-les-actualites\/sante-publique-le-ministere-de-tutelle-peaufine-sa-strategie-de-cooperation","url":"https:\/\/www.africa-press.net\/congo-brazzaville\/toutes-les-actualites\/sante-publique-le-ministere-de-tutelle-peaufine-sa-strategie-de-cooperation","name":"Sant\u00e9 publique : le minist\u00e8re de tutelle peaufine sa strat\u00e9gie de coop\u00e9ration - Congo Brazzaville","isPartOf":{"@id":"https:\/\/www.africa-press.net\/congo-brazzaville\/#website"},"primaryImageOfPage":{"@id":"https:\/\/www.africa-press.net\/congo-brazzaville\/toutes-les-actualites\/sante-publique-le-ministere-de-tutelle-peaufine-sa-strategie-de-cooperation#primaryimage"},"image":{"@id":"https:\/\/www.africa-press.net\/congo-brazzaville\/toutes-les-actualites\/sante-publique-le-ministere-de-tutelle-peaufine-sa-strategie-de-cooperation#primaryimage"},"thumbnailUrl":"https:\/\/static.africa-press.net\/congo-brazzaville\/sites\/51\/2023\/02\/postQueueImg_1677598666.44.jpg","datePublished":"2023-02-28T19:07:37+00:00","dateModified":"2023-02-28T19:40:49+00:00","author":{"@id":"https:\/\/www.africa-press.net\/congo-brazzaville\/#\/schema\/person\/2b1cf3cd81a31e3cd26889ca66d677f1"},"description":"Le ministre de la Sante\u0301 et de la Population, Gilbert Mokoki, a lance\u0301 le 28 fe\u0301vrier a\u0300 Brazzaville, avec l\u2019appui de ...","breadcrumb":{"@id":"https:\/\/www.africa-press.net\/congo-brazzaville\/toutes-les-actualites\/sante-publique-le-ministere-de-tutelle-peaufine-sa-strategie-de-cooperation#breadcrumb"},"inLanguage":"fr-FR","potentialAction":[{"@type":"ReadAction","target":["https:\/\/www.africa-press.net\/congo-brazzaville\/toutes-les-actualites\/sante-publique-le-ministere-de-tutelle-peaufine-sa-strategie-de-cooperation"]}]},{"@type":"ImageObject","inLanguage":"fr-FR","@id":"https:\/\/www.africa-press.net\/congo-brazzaville\/toutes-les-actualites\/sante-publique-le-ministere-de-tutelle-peaufine-sa-strategie-de-cooperation#primaryimage","url":"https:\/\/static.africa-press.net\/congo-brazzaville\/sites\/51\/2023\/02\/postQueueImg_1677598666.44.jpg","contentUrl":"https:\/\/static.africa-press.net\/congo-brazzaville\/sites\/51\/2023\/02\/postQueueImg_1677598666.44.jpg","width":1669,"height":768,"caption":"Sant\u00e9 publique : le minist\u00e8re de tutelle peaufine sa strat\u00e9gie de coop\u00e9ration"},{"@type":"BreadcrumbList","@id":"https:\/\/www.africa-press.net\/congo-brazzaville\/toutes-les-actualites\/sante-publique-le-ministere-de-tutelle-peaufine-sa-strategie-de-cooperation#breadcrumb","itemListElement":[{"@type":"ListItem","position":1,"name":"Accueil","item":"https:\/\/www.africa-press.net\/congo-brazzaville\/"},{"@type":"ListItem","position":2,"name":"Sant\u00e9 publique : le minist\u00e8re de tutelle peaufine sa strat\u00e9gie de coop\u00e9ration"}]},{"@type":"WebSite","@id":"https:\/\/www.africa-press.net\/congo-brazzaville\/#website","url":"https:\/\/www.africa-press.net\/congo-brazzaville\/","name":"Congo Brazzaville","description":"Just another Africa News Agency Sites site","potentialAction":[{"@type":"SearchAction","target":{"@type":"EntryPoint","urlTemplate":"https:\/\/www.africa-press.net\/congo-brazzaville\/?s={search_term_string}"},"query-input":{"@type":"PropertyValueSpecification","valueRequired":true,"valueName":"search_term_string"}}],"inLanguage":"fr-FR"},{"@type":"Person","@id":"https:\/\/www.africa-press.net\/congo-brazzaville\/#\/schema\/person\/2b1cf3cd81a31e3cd26889ca66d677f1","name":"cfeditorfr"}]}},"_links":{"self":[{"href":"https:\/\/www.africa-press.net\/congo-brazzaville\/wp-json\/wp\/v2\/posts\/14999","targetHints":{"allow":["GET"]}}],"collection":[{"href":"https:\/\/www.africa-press.net\/congo-brazzaville\/wp-json\/wp\/v2\/posts"}],"about":[{"href":"https:\/\/www.africa-press.net\/congo-brazzaville\/wp-json\/wp\/v2\/types\/post"}],"author":[{"embeddable":true,"href":"https:\/\/www.africa-press.net\/congo-brazzaville\/wp-json\/wp\/v2\/users\/82"}],"replies":[{"embeddable":true,"href":"https:\/\/www.africa-press.net\/congo-brazzaville\/wp-json\/wp\/v2\/comments?post=14999"}],"version-history":[{"count":0,"href":"https:\/\/www.africa-press.net\/congo-brazzaville\/wp-json\/wp\/v2\/posts\/14999\/revisions"}],"wp:featuredmedia":[{"embeddable":true,"href":"https:\/\/www.africa-press.net\/congo-brazzaville\/wp-json\/wp\/v2\/media\/14998"}],"wp:attachment":[{"href":"https:\/\/www.africa-press.net\/congo-brazzaville\/wp-json\/wp\/v2\/media?parent=14999"}],"wp:term":[{"taxonomy":"category","embeddable":true,"href":"https:\/\/www.africa-press.net\/congo-brazzaville\/wp-json\/wp\/v2\/categories?post=14999"},{"taxonomy":"post_tag","embeddable":true,"href":"https:\/\/www.africa-press.net\/congo-brazzaville\/wp-json\/wp\/v2\/tags?post=14999"}],"curies":[{"name":"wp","href":"https:\/\/api.w.org\/{rel}","templated":true}]}}