{"id":15003,"date":"2023-02-28T19:08:50","date_gmt":"2023-02-28T19:08:50","guid":{"rendered":"https:\/\/www.africa-press.net\/congo-brazzaville\/politique\/la-2eme-conference-interparlementaire-russie-afrique-est-prevue-en-juillet-prochain"},"modified":"2023-02-28T19:41:23","modified_gmt":"2023-02-28T19:41:23","slug":"la-2eme-conference-interparlementaire-russie-afrique-est-prevue-en-juillet-prochain","status":"publish","type":"post","link":"https:\/\/www.africa-press.net\/congo-brazzaville\/politique\/la-2eme-conference-interparlementaire-russie-afrique-est-prevue-en-juillet-prochain","title":{"rendered":"la\u00a02\u00e8me\u00a0conf\u00e9rence interparlementaire russie-afrique\u00a0est pr\u00e9vue en juillet prochain"},"content":{"rendered":"<p><span style=\"color: #ff6600\"><strong>Africa-Press &#8211; Congo Brazzaville. <\/strong><\/span><b>Le Pre\u0301sident du se\u0301nat Pierre Ngolo a e\u0301change\u0301 le 28 fe\u0301vrier a\u0300 Brazzaville, avec l\u2019Ambassadeur de la Fe\u0301de\u0301ration de Russie au Congo, Gueorguy Tchepik sur la tenue sous peu de la 2e\u0300me confe\u0301rence interparlementaire pre\u0301paratoire du sommet Russie-Afrique de juillet prochain.<\/b><\/p>\n<p>\u00ab Nous sommes venus voir le Pre\u0301sident du Se\u0301nat pour lui faire part de l\u2019organisation dans un mois et demi de la confe\u0301rence parlementaire qui va pre\u0301parer le forum Russie- Afrique qui se tiendra en juillet parce que les parlementaires ont des contributions a\u0300 faire lors de ce rendez-vous. Outre cela, nous avons passe\u0301 en revue les questions de la coope\u0301ration Russie-Congo \u00bb, a indique\u0301 l\u2019Ambassadeur de la fe\u0301de\u0301ration de Russie au Congo, apre\u0300s l\u2019e\u0301change avec le Pre\u0301sident du Se\u0301nat.<\/p>\n<p>\u00ab Pendant cette confe\u0301rence nous allons examiner plusieurs affaires qui seront traite\u0301es au forum Russie-Afrique. Au nombre des dossiers, nous allons voir comment rendre plus efficace la coope\u0301ration Russie- Afrique et dans quelle mesure nous pouvons ame\u0301liorer cette coope\u0301ration. Nous allons e\u0301galement examiner l\u2019impact de la coope\u0301ration Russie-Afrique \u00bb, a-t-il poursuivi.<\/p>\n<p>Le sommet Russie- Afrique, le deuxie\u0300me du genre, se tiendra du 23 au 24 juillet a\u0300 Saint-Pe\u0301tersbourg. La coope\u0301ration humanitaire et e\u0301conomique figure au menu des sujets qui seront aborde\u0301s lors de cette rencontre.<\/p>\n<p><strong>Pour plus d&rsquo;informations et d&rsquo;analyses sur la <a href=\"https:\/\/www.africa-press.net\/congo-brazzaville\">Congo Brazzaville<\/a>, suivez <a href=\"https:\/\/www.africa-press.net\/\">Africa-Press<\/a><\/strong><\/p>\n","protected":false},"excerpt":{"rendered":"<p>Africa-Press &#8211; Congo Brazzaville. Le Pre\u0301sident du se\u0301nat Pierre Ngolo a e\u0301change\u0301 le 28 fe\u0301vrier a\u0300 Brazzaville, avec l\u2019Ambassadeur de la Fe\u0301de\u0301ration de Russie au Congo, Gueorguy Tchepik sur la tenue sous peu de la 2e\u0300me confe\u0301rence interparlementaire pre\u0301paratoire du sommet Russie-Afrique de juillet prochain. \u00ab Nous sommes venus voir le Pre\u0301sident du Se\u0301nat pour [&hellip;]<\/p>\n","protected":false},"author":82,"featured_media":15002,"comment_status":"open","ping_status":"closed","sticky":false,"template":"","format":"standard","meta":{"footnotes":""},"categories":[2,20,10],"tags":[36,47,46],"class_list":["post-15003","post","type-post","status-publish","format-standard","has-post-thumbnail","hentry","category-politique","category-top-nouvelles","category-toutes-les-actualites","tag-africa-press","tag-africa-press-congo-brazzaville","tag-congo-brazzaville"],"yoast_head":"<!-- This site is optimized with the Yoast SEO Premium plugin v26.1 (Yoast SEO v27.0) - https:\/\/yoast.com\/product\/yoast-seo-premium-wordpress\/ -->\n<title>la\u00a02\u00e8me\u00a0conf\u00e9rence interparlementaire russie-afrique\u00a0est pr\u00e9vue en juillet prochain - Congo Brazzaville<\/title>\n<meta name=\"description\" content=\"Le Pre\u0301sident du se\u0301nat Pierre Ngolo a e\u0301change\u0301 le 28 fe\u0301vrier a\u0300 Brazzaville, avec l\u2019Ambassadeur de la Fe\u0301de\u0301ration ...\" \/>\n<meta name=\"robots\" content=\"index, follow, max-snippet:-1, max-image-preview:large, max-video-preview:-1\" \/>\n<link rel=\"canonical\" href=\"https:\/\/www.africa-press.net\/congo-brazzaville\/politique\/la-2eme-conference-interparlementaire-russie-afrique-est-prevue-en-juillet-prochain\" \/>\n<meta property=\"og:locale\" content=\"fr_FR\" \/>\n<meta property=\"og:type\" content=\"article\" \/>\n<meta property=\"og:title\" content=\"la\u00a02\u00e8me\u00a0conf\u00e9rence interparlementaire russie-afrique\u00a0est pr\u00e9vue en juillet prochain\" \/>\n<meta property=\"og:description\" content=\"Le Pre\u0301sident du se\u0301nat Pierre Ngolo a e\u0301change\u0301 le 28 fe\u0301vrier a\u0300 Brazzaville, avec l\u2019Ambassadeur de la Fe\u0301de\u0301ration ...\" \/>\n<meta property=\"og:url\" content=\"https:\/\/www.africa-press.net\/congo-brazzaville\/politique\/la-2eme-conference-interparlementaire-russie-afrique-est-prevue-en-juillet-prochain\" \/>\n<meta property=\"og:site_name\" content=\"Congo Brazzaville\" \/>\n<meta property=\"article:published_time\" content=\"2023-02-28T19:08:50+00:00\" \/>\n<meta property=\"article:modified_time\" content=\"2023-02-28T19:41:23+00:00\" \/>\n<meta property=\"og:image\" content=\"https:\/\/static.africa-press.net\/congo-brazzaville\/sites\/51\/2023\/02\/postQueueImg_1677598744.43.jpg\" \/>\n\t<meta property=\"og:image:width\" content=\"933\" \/>\n\t<meta property=\"og:image:height\" content=\"445\" \/>\n\t<meta property=\"og:image:type\" content=\"image\/jpeg\" \/>\n<meta name=\"author\" content=\"cfeditorfr\" \/>\n<meta name=\"twitter:card\" content=\"summary_large_image\" \/>\n<meta name=\"twitter:label1\" content=\"\u00c9crit par\" \/>\n\t<meta name=\"twitter:data1\" content=\"cfeditorfr\" \/>\n\t<meta name=\"twitter:label2\" content=\"Dur\u00e9e de lecture estim\u00e9e\" \/>\n\t<meta name=\"twitter:data2\" content=\"1 minute\" \/>\n<script type=\"application\/ld+json\" class=\"yoast-schema-graph\">{\"@context\":\"https:\/\/schema.org\",\"@graph\":[{\"@type\":\"Article\",\"@id\":\"https:\/\/www.africa-press.net\/congo-brazzaville\/politique\/la-2eme-conference-interparlementaire-russie-afrique-est-prevue-en-juillet-prochain#article\",\"isPartOf\":{\"@id\":\"https:\/\/www.africa-press.net\/congo-brazzaville\/politique\/la-2eme-conference-interparlementaire-russie-afrique-est-prevue-en-juillet-prochain\"},\"author\":{\"name\":\"cfeditorfr\",\"@id\":\"https:\/\/www.africa-press.net\/congo-brazzaville\/#\/schema\/person\/2b1cf3cd81a31e3cd26889ca66d677f1\"},\"headline\":\"la\u00a02\u00e8me\u00a0conf\u00e9rence interparlementaire russie-afrique\u00a0est pr\u00e9vue en juillet prochain\",\"datePublished\":\"2023-02-28T19:08:50+00:00\",\"dateModified\":\"2023-02-28T19:41:23+00:00\",\"mainEntityOfPage\":{\"@id\":\"https:\/\/www.africa-press.net\/congo-brazzaville\/politique\/la-2eme-conference-interparlementaire-russie-afrique-est-prevue-en-juillet-prochain\"},\"wordCount\":265,\"commentCount\":0,\"image\":{\"@id\":\"https:\/\/www.africa-press.net\/congo-brazzaville\/politique\/la-2eme-conference-interparlementaire-russie-afrique-est-prevue-en-juillet-prochain#primaryimage\"},\"thumbnailUrl\":\"https:\/\/static.africa-press.net\/congo-brazzaville\/sites\/51\/2023\/02\/postQueueImg_1677598744.43.jpg\",\"keywords\":[\"Africa Press\",\"Africa Press-Congo Brazzaville\",\"Congo Brazzaville\"],\"articleSection\":[\"Politique\",\"Top Nouvelles\",\"Toutes les actualit\u00e9s\"],\"inLanguage\":\"fr-FR\",\"potentialAction\":[{\"@type\":\"CommentAction\",\"name\":\"Comment\",\"target\":[\"https:\/\/www.africa-press.net\/congo-brazzaville\/politique\/la-2eme-conference-interparlementaire-russie-afrique-est-prevue-en-juillet-prochain#respond\"]}]},{\"@type\":\"WebPage\",\"@id\":\"https:\/\/www.africa-press.net\/congo-brazzaville\/politique\/la-2eme-conference-interparlementaire-russie-afrique-est-prevue-en-juillet-prochain\",\"url\":\"https:\/\/www.africa-press.net\/congo-brazzaville\/politique\/la-2eme-conference-interparlementaire-russie-afrique-est-prevue-en-juillet-prochain\",\"name\":\"la\u00a02\u00e8me\u00a0conf\u00e9rence interparlementaire russie-afrique\u00a0est pr\u00e9vue en juillet prochain - Congo Brazzaville\",\"isPartOf\":{\"@id\":\"https:\/\/www.africa-press.net\/congo-brazzaville\/#website\"},\"primaryImageOfPage\":{\"@id\":\"https:\/\/www.africa-press.net\/congo-brazzaville\/politique\/la-2eme-conference-interparlementaire-russie-afrique-est-prevue-en-juillet-prochain#primaryimage\"},\"image\":{\"@id\":\"https:\/\/www.africa-press.net\/congo-brazzaville\/politique\/la-2eme-conference-interparlementaire-russie-afrique-est-prevue-en-juillet-prochain#primaryimage\"},\"thumbnailUrl\":\"https:\/\/static.africa-press.net\/congo-brazzaville\/sites\/51\/2023\/02\/postQueueImg_1677598744.43.jpg\",\"datePublished\":\"2023-02-28T19:08:50+00:00\",\"dateModified\":\"2023-02-28T19:41:23+00:00\",\"author\":{\"@id\":\"https:\/\/www.africa-press.net\/congo-brazzaville\/#\/schema\/person\/2b1cf3cd81a31e3cd26889ca66d677f1\"},\"description\":\"Le Pre\u0301sident du se\u0301nat Pierre Ngolo a e\u0301change\u0301 le 28 fe\u0301vrier a\u0300 Brazzaville, avec l\u2019Ambassadeur de la Fe\u0301de\u0301ration ...\",\"breadcrumb\":{\"@id\":\"https:\/\/www.africa-press.net\/congo-brazzaville\/politique\/la-2eme-conference-interparlementaire-russie-afrique-est-prevue-en-juillet-prochain#breadcrumb\"},\"inLanguage\":\"fr-FR\",\"potentialAction\":[{\"@type\":\"ReadAction\",\"target\":[\"https:\/\/www.africa-press.net\/congo-brazzaville\/politique\/la-2eme-conference-interparlementaire-russie-afrique-est-prevue-en-juillet-prochain\"]}]},{\"@type\":\"ImageObject\",\"inLanguage\":\"fr-FR\",\"@id\":\"https:\/\/www.africa-press.net\/congo-brazzaville\/politique\/la-2eme-conference-interparlementaire-russie-afrique-est-prevue-en-juillet-prochain#primaryimage\",\"url\":\"https:\/\/static.africa-press.net\/congo-brazzaville\/sites\/51\/2023\/02\/postQueueImg_1677598744.43.jpg\",\"contentUrl\":\"https:\/\/static.africa-press.net\/congo-brazzaville\/sites\/51\/2023\/02\/postQueueImg_1677598744.43.jpg\",\"width\":933,\"height\":445,\"caption\":\"la\u00a02\u00e8me\u00a0conf\u00e9rence interparlementaire russie-afrique\u00a0est pr\u00e9vue en juillet prochain\"},{\"@type\":\"BreadcrumbList\",\"@id\":\"https:\/\/www.africa-press.net\/congo-brazzaville\/politique\/la-2eme-conference-interparlementaire-russie-afrique-est-prevue-en-juillet-prochain#breadcrumb\",\"itemListElement\":[{\"@type\":\"ListItem\",\"position\":1,\"name\":\"Accueil\",\"item\":\"https:\/\/www.africa-press.net\/congo-brazzaville\/\"},{\"@type\":\"ListItem\",\"position\":2,\"name\":\"la\u00a02\u00e8me\u00a0conf\u00e9rence interparlementaire russie-afrique\u00a0est pr\u00e9vue en juillet prochain\"}]},{\"@type\":\"WebSite\",\"@id\":\"https:\/\/www.africa-press.net\/congo-brazzaville\/#website\",\"url\":\"https:\/\/www.africa-press.net\/congo-brazzaville\/\",\"name\":\"Congo Brazzaville\",\"description\":\"Just another Africa News Agency Sites site\",\"potentialAction\":[{\"@type\":\"SearchAction\",\"target\":{\"@type\":\"EntryPoint\",\"urlTemplate\":\"https:\/\/www.africa-press.net\/congo-brazzaville\/?s={search_term_string}\"},\"query-input\":{\"@type\":\"PropertyValueSpecification\",\"valueRequired\":true,\"valueName\":\"search_term_string\"}}],\"inLanguage\":\"fr-FR\"},{\"@type\":\"Person\",\"@id\":\"https:\/\/www.africa-press.net\/congo-brazzaville\/#\/schema\/person\/2b1cf3cd81a31e3cd26889ca66d677f1\",\"name\":\"cfeditorfr\"}]}<\/script>\n<!-- \/ Yoast SEO Premium plugin. -->","yoast_head_json":{"title":"la\u00a02\u00e8me\u00a0conf\u00e9rence interparlementaire russie-afrique\u00a0est pr\u00e9vue en juillet prochain - Congo Brazzaville","description":"Le Pre\u0301sident du se\u0301nat Pierre Ngolo a e\u0301change\u0301 le 28 fe\u0301vrier a\u0300 Brazzaville, avec l\u2019Ambassadeur de la Fe\u0301de\u0301ration ...","robots":{"index":"index","follow":"follow","max-snippet":"max-snippet:-1","max-image-preview":"max-image-preview:large","max-video-preview":"max-video-preview:-1"},"canonical":"https:\/\/www.africa-press.net\/congo-brazzaville\/politique\/la-2eme-conference-interparlementaire-russie-afrique-est-prevue-en-juillet-prochain","og_locale":"fr_FR","og_type":"article","og_title":"la\u00a02\u00e8me\u00a0conf\u00e9rence interparlementaire russie-afrique\u00a0est pr\u00e9vue en juillet prochain","og_description":"Le Pre\u0301sident du se\u0301nat Pierre Ngolo a e\u0301change\u0301 le 28 fe\u0301vrier a\u0300 Brazzaville, avec l\u2019Ambassadeur de la Fe\u0301de\u0301ration ...","og_url":"https:\/\/www.africa-press.net\/congo-brazzaville\/politique\/la-2eme-conference-interparlementaire-russie-afrique-est-prevue-en-juillet-prochain","og_site_name":"Congo Brazzaville","article_published_time":"2023-02-28T19:08:50+00:00","article_modified_time":"2023-02-28T19:41:23+00:00","og_image":[{"width":933,"height":445,"url":"https:\/\/static.africa-press.net\/congo-brazzaville\/sites\/51\/2023\/02\/postQueueImg_1677598744.43.jpg","type":"image\/jpeg"}],"author":"cfeditorfr","twitter_card":"summary_large_image","twitter_misc":{"\u00c9crit par":"cfeditorfr","Dur\u00e9e de lecture estim\u00e9e":"1 minute"},"schema":{"@context":"https:\/\/schema.org","@graph":[{"@type":"Article","@id":"https:\/\/www.africa-press.net\/congo-brazzaville\/politique\/la-2eme-conference-interparlementaire-russie-afrique-est-prevue-en-juillet-prochain#article","isPartOf":{"@id":"https:\/\/www.africa-press.net\/congo-brazzaville\/politique\/la-2eme-conference-interparlementaire-russie-afrique-est-prevue-en-juillet-prochain"},"author":{"name":"cfeditorfr","@id":"https:\/\/www.africa-press.net\/congo-brazzaville\/#\/schema\/person\/2b1cf3cd81a31e3cd26889ca66d677f1"},"headline":"la\u00a02\u00e8me\u00a0conf\u00e9rence interparlementaire russie-afrique\u00a0est pr\u00e9vue en juillet prochain","datePublished":"2023-02-28T19:08:50+00:00","dateModified":"2023-02-28T19:41:23+00:00","mainEntityOfPage":{"@id":"https:\/\/www.africa-press.net\/congo-brazzaville\/politique\/la-2eme-conference-interparlementaire-russie-afrique-est-prevue-en-juillet-prochain"},"wordCount":265,"commentCount":0,"image":{"@id":"https:\/\/www.africa-press.net\/congo-brazzaville\/politique\/la-2eme-conference-interparlementaire-russie-afrique-est-prevue-en-juillet-prochain#primaryimage"},"thumbnailUrl":"https:\/\/static.africa-press.net\/congo-brazzaville\/sites\/51\/2023\/02\/postQueueImg_1677598744.43.jpg","keywords":["Africa Press","Africa Press-Congo Brazzaville","Congo Brazzaville"],"articleSection":["Politique","Top Nouvelles","Toutes les actualit\u00e9s"],"inLanguage":"fr-FR","potentialAction":[{"@type":"CommentAction","name":"Comment","target":["https:\/\/www.africa-press.net\/congo-brazzaville\/politique\/la-2eme-conference-interparlementaire-russie-afrique-est-prevue-en-juillet-prochain#respond"]}]},{"@type":"WebPage","@id":"https:\/\/www.africa-press.net\/congo-brazzaville\/politique\/la-2eme-conference-interparlementaire-russie-afrique-est-prevue-en-juillet-prochain","url":"https:\/\/www.africa-press.net\/congo-brazzaville\/politique\/la-2eme-conference-interparlementaire-russie-afrique-est-prevue-en-juillet-prochain","name":"la\u00a02\u00e8me\u00a0conf\u00e9rence interparlementaire russie-afrique\u00a0est pr\u00e9vue en juillet prochain - Congo Brazzaville","isPartOf":{"@id":"https:\/\/www.africa-press.net\/congo-brazzaville\/#website"},"primaryImageOfPage":{"@id":"https:\/\/www.africa-press.net\/congo-brazzaville\/politique\/la-2eme-conference-interparlementaire-russie-afrique-est-prevue-en-juillet-prochain#primaryimage"},"image":{"@id":"https:\/\/www.africa-press.net\/congo-brazzaville\/politique\/la-2eme-conference-interparlementaire-russie-afrique-est-prevue-en-juillet-prochain#primaryimage"},"thumbnailUrl":"https:\/\/static.africa-press.net\/congo-brazzaville\/sites\/51\/2023\/02\/postQueueImg_1677598744.43.jpg","datePublished":"2023-02-28T19:08:50+00:00","dateModified":"2023-02-28T19:41:23+00:00","author":{"@id":"https:\/\/www.africa-press.net\/congo-brazzaville\/#\/schema\/person\/2b1cf3cd81a31e3cd26889ca66d677f1"},"description":"Le Pre\u0301sident du se\u0301nat Pierre Ngolo a e\u0301change\u0301 le 28 fe\u0301vrier a\u0300 Brazzaville, avec l\u2019Ambassadeur de la Fe\u0301de\u0301ration ...","breadcrumb":{"@id":"https:\/\/www.africa-press.net\/congo-brazzaville\/politique\/la-2eme-conference-interparlementaire-russie-afrique-est-prevue-en-juillet-prochain#breadcrumb"},"inLanguage":"fr-FR","potentialAction":[{"@type":"ReadAction","target":["https:\/\/www.africa-press.net\/congo-brazzaville\/politique\/la-2eme-conference-interparlementaire-russie-afrique-est-prevue-en-juillet-prochain"]}]},{"@type":"ImageObject","inLanguage":"fr-FR","@id":"https:\/\/www.africa-press.net\/congo-brazzaville\/politique\/la-2eme-conference-interparlementaire-russie-afrique-est-prevue-en-juillet-prochain#primaryimage","url":"https:\/\/static.africa-press.net\/congo-brazzaville\/sites\/51\/2023\/02\/postQueueImg_1677598744.43.jpg","contentUrl":"https:\/\/static.africa-press.net\/congo-brazzaville\/sites\/51\/2023\/02\/postQueueImg_1677598744.43.jpg","width":933,"height":445,"caption":"la\u00a02\u00e8me\u00a0conf\u00e9rence interparlementaire russie-afrique\u00a0est pr\u00e9vue en juillet prochain"},{"@type":"BreadcrumbList","@id":"https:\/\/www.africa-press.net\/congo-brazzaville\/politique\/la-2eme-conference-interparlementaire-russie-afrique-est-prevue-en-juillet-prochain#breadcrumb","itemListElement":[{"@type":"ListItem","position":1,"name":"Accueil","item":"https:\/\/www.africa-press.net\/congo-brazzaville\/"},{"@type":"ListItem","position":2,"name":"la\u00a02\u00e8me\u00a0conf\u00e9rence interparlementaire russie-afrique\u00a0est pr\u00e9vue en juillet prochain"}]},{"@type":"WebSite","@id":"https:\/\/www.africa-press.net\/congo-brazzaville\/#website","url":"https:\/\/www.africa-press.net\/congo-brazzaville\/","name":"Congo Brazzaville","description":"Just another Africa News Agency Sites site","potentialAction":[{"@type":"SearchAction","target":{"@type":"EntryPoint","urlTemplate":"https:\/\/www.africa-press.net\/congo-brazzaville\/?s={search_term_string}"},"query-input":{"@type":"PropertyValueSpecification","valueRequired":true,"valueName":"search_term_string"}}],"inLanguage":"fr-FR"},{"@type":"Person","@id":"https:\/\/www.africa-press.net\/congo-brazzaville\/#\/schema\/person\/2b1cf3cd81a31e3cd26889ca66d677f1","name":"cfeditorfr"}]}},"_links":{"self":[{"href":"https:\/\/www.africa-press.net\/congo-brazzaville\/wp-json\/wp\/v2\/posts\/15003","targetHints":{"allow":["GET"]}}],"collection":[{"href":"https:\/\/www.africa-press.net\/congo-brazzaville\/wp-json\/wp\/v2\/posts"}],"about":[{"href":"https:\/\/www.africa-press.net\/congo-brazzaville\/wp-json\/wp\/v2\/types\/post"}],"author":[{"embeddable":true,"href":"https:\/\/www.africa-press.net\/congo-brazzaville\/wp-json\/wp\/v2\/users\/82"}],"replies":[{"embeddable":true,"href":"https:\/\/www.africa-press.net\/congo-brazzaville\/wp-json\/wp\/v2\/comments?post=15003"}],"version-history":[{"count":0,"href":"https:\/\/www.africa-press.net\/congo-brazzaville\/wp-json\/wp\/v2\/posts\/15003\/revisions"}],"wp:featuredmedia":[{"embeddable":true,"href":"https:\/\/www.africa-press.net\/congo-brazzaville\/wp-json\/wp\/v2\/media\/15002"}],"wp:attachment":[{"href":"https:\/\/www.africa-press.net\/congo-brazzaville\/wp-json\/wp\/v2\/media?parent=15003"}],"wp:term":[{"taxonomy":"category","embeddable":true,"href":"https:\/\/www.africa-press.net\/congo-brazzaville\/wp-json\/wp\/v2\/categories?post=15003"},{"taxonomy":"post_tag","embeddable":true,"href":"https:\/\/www.africa-press.net\/congo-brazzaville\/wp-json\/wp\/v2\/tags?post=15003"}],"curies":[{"name":"wp","href":"https:\/\/api.w.org\/{rel}","templated":true}]}}