{"id":15005,"date":"2023-02-28T19:09:09","date_gmt":"2023-02-28T19:09:09","guid":{"rendered":"https:\/\/www.africa-press.net\/congo-brazzaville\/politique\/le-senat-compati-au-deuil-de-la-famille-dalphonse-boudo-nesa"},"modified":"2023-02-28T19:41:40","modified_gmt":"2023-02-28T19:41:40","slug":"le-senat-compati-au-deuil-de-la-famille-dalphonse-boudo-nesa","status":"publish","type":"post","link":"https:\/\/www.africa-press.net\/congo-brazzaville\/politique\/le-senat-compati-au-deuil-de-la-famille-dalphonse-boudo-nesa","title":{"rendered":"le s\u00e9nat compati au deuil de la famille d\u2019alphonse boudo-nesa"},"content":{"rendered":"<p><span style=\"color: #ff6600\"><strong>Africa-Press &#8211; Congo Brazzaville. <\/strong><\/span><b>La de\u0301le\u0301gation du Se\u0301nat, conduite par son pre\u0301sident Pierre Ngolo, est alle\u0301e compatir le 28 fe\u0301vrier a\u0300 Brazzaville, a\u0300 la douleur de la famille du deuxie\u0300me vice-pre\u0301sident du bureau de la chambre haute du Parlement, Alphonse Boudo-Nesa qui a tire\u0301 sa re\u0301ve\u0301rence le 27 fe\u0301vrier a\u0300 Brazzaville, des suites de maladie<\/b>.<\/p>\n<p>\u00ab Nous sommes venus compatir avec la famille e\u0301prouve\u0301e et leur annoncer que nous allons participer a\u0300 l\u2019organisation des obse\u0300ques afin qu\u2019elles soient a\u0300 la hauteur de l\u2019illustre disparu. Nous avons perdu un grand dirigeant et un grand homme. C\u2019est un vide que le deuxie\u0300me vice-pre\u0301sident du bureau du Se\u0301nat a laisse\u0301 parmi nous. La perte est e\u0301norme, nous essayons de contenir nos e\u0301motions \u00bb, a indique\u0301 le Premier secre\u0301taire du bureau du Se\u0301nat, Julien Epola.<\/p>\n<p>Peu avant son de\u0301ce\u0300s, le deuxie\u0300me vice-pre\u0301sident du bureau du Se\u0301nat, entendait mener une activite\u0301 avec son fre\u0300re ai\u0302ne\u0301. \u00ab La dernie\u0300re fois qu\u2019on s\u2019est parle\u0301 sous les arbres dans sa parcelle, nous nous sommes entendu d\u2019acheter la gazelle et le buffle ma\u0302les et femelles a\u0300 Impfondo pour e\u0301lever. Et voila\u0300 qu\u2019il s\u2019en est alle\u0301 alors que moi son grand fre\u0300re je suis encore en vie \u00bb, a souligne\u0301 Alphonse Gondia attriste\u0301 de la disparition de son fre\u0300re cadet.<\/p>\n<p>Alphonse Boudo-Nesa fut se\u0301nateur dans le de\u0301partement de la Likouala. De 1990 a\u0300 1991, le deuxie\u0300me vice-pre\u0301sident du bureau du Se\u0301nat a occupe\u0301 le poste de ministre du Commerce, des petites et moyennes entreprises.<\/p>\n<p><strong>Pour plus d&rsquo;informations et d&rsquo;analyses sur la <a href=\"https:\/\/www.africa-press.net\/congo-brazzaville\">Congo Brazzaville<\/a>, suivez <a href=\"https:\/\/www.africa-press.net\/\">Africa-Press<\/a><\/strong><\/p>\n","protected":false},"excerpt":{"rendered":"<p>Africa-Press &#8211; Congo Brazzaville. La de\u0301le\u0301gation du Se\u0301nat, conduite par son pre\u0301sident Pierre Ngolo, est alle\u0301e compatir le 28 fe\u0301vrier a\u0300 Brazzaville, a\u0300 la douleur de la famille du deuxie\u0300me vice-pre\u0301sident du bureau de la chambre haute du Parlement, Alphonse Boudo-Nesa qui a tire\u0301 sa re\u0301ve\u0301rence le 27 fe\u0301vrier a\u0300 Brazzaville, des suites de maladie. [&hellip;]<\/p>\n","protected":false},"author":82,"featured_media":15004,"comment_status":"open","ping_status":"closed","sticky":false,"template":"","format":"standard","meta":{"footnotes":""},"categories":[2,10],"tags":[36,47,46],"class_list":["post-15005","post","type-post","status-publish","format-standard","has-post-thumbnail","hentry","category-politique","category-toutes-les-actualites","tag-africa-press","tag-africa-press-congo-brazzaville","tag-congo-brazzaville"],"yoast_head":"<!-- This site is optimized with the Yoast SEO Premium plugin v26.1 (Yoast SEO v27.0) - https:\/\/yoast.com\/product\/yoast-seo-premium-wordpress\/ -->\n<title>le s\u00e9nat compati au deuil de la famille d\u2019alphonse boudo-nesa - Congo Brazzaville<\/title>\n<meta name=\"description\" content=\"La de\u0301le\u0301gation du Se\u0301nat, conduite par son pre\u0301sident Pierre Ngolo, est alle\u0301e compatir le 28 fe\u0301vrier a\u0300 Brazzavill ...\" \/>\n<meta name=\"robots\" content=\"index, follow, max-snippet:-1, max-image-preview:large, max-video-preview:-1\" \/>\n<link rel=\"canonical\" href=\"https:\/\/www.africa-press.net\/congo-brazzaville\/politique\/le-senat-compati-au-deuil-de-la-famille-dalphonse-boudo-nesa\" \/>\n<meta property=\"og:locale\" content=\"fr_FR\" \/>\n<meta property=\"og:type\" content=\"article\" \/>\n<meta property=\"og:title\" content=\"le s\u00e9nat compati au deuil de la famille d\u2019alphonse boudo-nesa\" \/>\n<meta property=\"og:description\" content=\"La de\u0301le\u0301gation du Se\u0301nat, conduite par son pre\u0301sident Pierre Ngolo, est alle\u0301e compatir le 28 fe\u0301vrier a\u0300 Brazzavill ...\" \/>\n<meta property=\"og:url\" content=\"https:\/\/www.africa-press.net\/congo-brazzaville\/politique\/le-senat-compati-au-deuil-de-la-famille-dalphonse-boudo-nesa\" \/>\n<meta property=\"og:site_name\" content=\"Congo Brazzaville\" \/>\n<meta property=\"article:published_time\" content=\"2023-02-28T19:09:09+00:00\" \/>\n<meta property=\"article:modified_time\" content=\"2023-02-28T19:41:40+00:00\" \/>\n<meta property=\"og:image\" content=\"https:\/\/static.africa-press.net\/congo-brazzaville\/sites\/51\/2023\/02\/postQueueImg_1677598768.89.jpg\" \/>\n\t<meta property=\"og:image:width\" content=\"795\" \/>\n\t<meta property=\"og:image:height\" content=\"443\" \/>\n\t<meta property=\"og:image:type\" content=\"image\/jpeg\" \/>\n<meta name=\"author\" content=\"cfeditorfr\" \/>\n<meta name=\"twitter:card\" content=\"summary_large_image\" \/>\n<meta name=\"twitter:label1\" content=\"\u00c9crit par\" \/>\n\t<meta name=\"twitter:data1\" content=\"cfeditorfr\" \/>\n\t<meta name=\"twitter:label2\" content=\"Dur\u00e9e de lecture estim\u00e9e\" \/>\n\t<meta name=\"twitter:data2\" content=\"1 minute\" \/>\n<script type=\"application\/ld+json\" class=\"yoast-schema-graph\">{\"@context\":\"https:\/\/schema.org\",\"@graph\":[{\"@type\":\"Article\",\"@id\":\"https:\/\/www.africa-press.net\/congo-brazzaville\/politique\/le-senat-compati-au-deuil-de-la-famille-dalphonse-boudo-nesa#article\",\"isPartOf\":{\"@id\":\"https:\/\/www.africa-press.net\/congo-brazzaville\/politique\/le-senat-compati-au-deuil-de-la-famille-dalphonse-boudo-nesa\"},\"author\":{\"name\":\"cfeditorfr\",\"@id\":\"https:\/\/www.africa-press.net\/congo-brazzaville\/#\/schema\/person\/2b1cf3cd81a31e3cd26889ca66d677f1\"},\"headline\":\"le s\u00e9nat compati au deuil de la famille d\u2019alphonse boudo-nesa\",\"datePublished\":\"2023-02-28T19:09:09+00:00\",\"dateModified\":\"2023-02-28T19:41:40+00:00\",\"mainEntityOfPage\":{\"@id\":\"https:\/\/www.africa-press.net\/congo-brazzaville\/politique\/le-senat-compati-au-deuil-de-la-famille-dalphonse-boudo-nesa\"},\"wordCount\":308,\"commentCount\":0,\"image\":{\"@id\":\"https:\/\/www.africa-press.net\/congo-brazzaville\/politique\/le-senat-compati-au-deuil-de-la-famille-dalphonse-boudo-nesa#primaryimage\"},\"thumbnailUrl\":\"https:\/\/static.africa-press.net\/congo-brazzaville\/sites\/51\/2023\/02\/postQueueImg_1677598768.89.jpg\",\"keywords\":[\"Africa Press\",\"Africa Press-Congo Brazzaville\",\"Congo Brazzaville\"],\"articleSection\":[\"Politique\",\"Toutes les actualit\u00e9s\"],\"inLanguage\":\"fr-FR\",\"potentialAction\":[{\"@type\":\"CommentAction\",\"name\":\"Comment\",\"target\":[\"https:\/\/www.africa-press.net\/congo-brazzaville\/politique\/le-senat-compati-au-deuil-de-la-famille-dalphonse-boudo-nesa#respond\"]}]},{\"@type\":\"WebPage\",\"@id\":\"https:\/\/www.africa-press.net\/congo-brazzaville\/politique\/le-senat-compati-au-deuil-de-la-famille-dalphonse-boudo-nesa\",\"url\":\"https:\/\/www.africa-press.net\/congo-brazzaville\/politique\/le-senat-compati-au-deuil-de-la-famille-dalphonse-boudo-nesa\",\"name\":\"le s\u00e9nat compati au deuil de la famille d\u2019alphonse boudo-nesa - Congo Brazzaville\",\"isPartOf\":{\"@id\":\"https:\/\/www.africa-press.net\/congo-brazzaville\/#website\"},\"primaryImageOfPage\":{\"@id\":\"https:\/\/www.africa-press.net\/congo-brazzaville\/politique\/le-senat-compati-au-deuil-de-la-famille-dalphonse-boudo-nesa#primaryimage\"},\"image\":{\"@id\":\"https:\/\/www.africa-press.net\/congo-brazzaville\/politique\/le-senat-compati-au-deuil-de-la-famille-dalphonse-boudo-nesa#primaryimage\"},\"thumbnailUrl\":\"https:\/\/static.africa-press.net\/congo-brazzaville\/sites\/51\/2023\/02\/postQueueImg_1677598768.89.jpg\",\"datePublished\":\"2023-02-28T19:09:09+00:00\",\"dateModified\":\"2023-02-28T19:41:40+00:00\",\"author\":{\"@id\":\"https:\/\/www.africa-press.net\/congo-brazzaville\/#\/schema\/person\/2b1cf3cd81a31e3cd26889ca66d677f1\"},\"description\":\"La de\u0301le\u0301gation du Se\u0301nat, conduite par son pre\u0301sident Pierre Ngolo, est alle\u0301e compatir le 28 fe\u0301vrier a\u0300 Brazzavill ...\",\"breadcrumb\":{\"@id\":\"https:\/\/www.africa-press.net\/congo-brazzaville\/politique\/le-senat-compati-au-deuil-de-la-famille-dalphonse-boudo-nesa#breadcrumb\"},\"inLanguage\":\"fr-FR\",\"potentialAction\":[{\"@type\":\"ReadAction\",\"target\":[\"https:\/\/www.africa-press.net\/congo-brazzaville\/politique\/le-senat-compati-au-deuil-de-la-famille-dalphonse-boudo-nesa\"]}]},{\"@type\":\"ImageObject\",\"inLanguage\":\"fr-FR\",\"@id\":\"https:\/\/www.africa-press.net\/congo-brazzaville\/politique\/le-senat-compati-au-deuil-de-la-famille-dalphonse-boudo-nesa#primaryimage\",\"url\":\"https:\/\/static.africa-press.net\/congo-brazzaville\/sites\/51\/2023\/02\/postQueueImg_1677598768.89.jpg\",\"contentUrl\":\"https:\/\/static.africa-press.net\/congo-brazzaville\/sites\/51\/2023\/02\/postQueueImg_1677598768.89.jpg\",\"width\":795,\"height\":443,\"caption\":\"le s\u00e9nat compati au deuil de la famille d\u2019alphonse boudo-nesa\"},{\"@type\":\"BreadcrumbList\",\"@id\":\"https:\/\/www.africa-press.net\/congo-brazzaville\/politique\/le-senat-compati-au-deuil-de-la-famille-dalphonse-boudo-nesa#breadcrumb\",\"itemListElement\":[{\"@type\":\"ListItem\",\"position\":1,\"name\":\"Accueil\",\"item\":\"https:\/\/www.africa-press.net\/congo-brazzaville\/\"},{\"@type\":\"ListItem\",\"position\":2,\"name\":\"le s\u00e9nat compati au deuil de la famille d\u2019alphonse boudo-nesa\"}]},{\"@type\":\"WebSite\",\"@id\":\"https:\/\/www.africa-press.net\/congo-brazzaville\/#website\",\"url\":\"https:\/\/www.africa-press.net\/congo-brazzaville\/\",\"name\":\"Congo Brazzaville\",\"description\":\"Just another Africa News Agency Sites site\",\"potentialAction\":[{\"@type\":\"SearchAction\",\"target\":{\"@type\":\"EntryPoint\",\"urlTemplate\":\"https:\/\/www.africa-press.net\/congo-brazzaville\/?s={search_term_string}\"},\"query-input\":{\"@type\":\"PropertyValueSpecification\",\"valueRequired\":true,\"valueName\":\"search_term_string\"}}],\"inLanguage\":\"fr-FR\"},{\"@type\":\"Person\",\"@id\":\"https:\/\/www.africa-press.net\/congo-brazzaville\/#\/schema\/person\/2b1cf3cd81a31e3cd26889ca66d677f1\",\"name\":\"cfeditorfr\"}]}<\/script>\n<!-- \/ Yoast SEO Premium plugin. -->","yoast_head_json":{"title":"le s\u00e9nat compati au deuil de la famille d\u2019alphonse boudo-nesa - Congo Brazzaville","description":"La de\u0301le\u0301gation du Se\u0301nat, conduite par son pre\u0301sident Pierre Ngolo, est alle\u0301e compatir le 28 fe\u0301vrier a\u0300 Brazzavill ...","robots":{"index":"index","follow":"follow","max-snippet":"max-snippet:-1","max-image-preview":"max-image-preview:large","max-video-preview":"max-video-preview:-1"},"canonical":"https:\/\/www.africa-press.net\/congo-brazzaville\/politique\/le-senat-compati-au-deuil-de-la-famille-dalphonse-boudo-nesa","og_locale":"fr_FR","og_type":"article","og_title":"le s\u00e9nat compati au deuil de la famille d\u2019alphonse boudo-nesa","og_description":"La de\u0301le\u0301gation du Se\u0301nat, conduite par son pre\u0301sident Pierre Ngolo, est alle\u0301e compatir le 28 fe\u0301vrier a\u0300 Brazzavill ...","og_url":"https:\/\/www.africa-press.net\/congo-brazzaville\/politique\/le-senat-compati-au-deuil-de-la-famille-dalphonse-boudo-nesa","og_site_name":"Congo Brazzaville","article_published_time":"2023-02-28T19:09:09+00:00","article_modified_time":"2023-02-28T19:41:40+00:00","og_image":[{"width":795,"height":443,"url":"https:\/\/static.africa-press.net\/congo-brazzaville\/sites\/51\/2023\/02\/postQueueImg_1677598768.89.jpg","type":"image\/jpeg"}],"author":"cfeditorfr","twitter_card":"summary_large_image","twitter_misc":{"\u00c9crit par":"cfeditorfr","Dur\u00e9e de lecture estim\u00e9e":"1 minute"},"schema":{"@context":"https:\/\/schema.org","@graph":[{"@type":"Article","@id":"https:\/\/www.africa-press.net\/congo-brazzaville\/politique\/le-senat-compati-au-deuil-de-la-famille-dalphonse-boudo-nesa#article","isPartOf":{"@id":"https:\/\/www.africa-press.net\/congo-brazzaville\/politique\/le-senat-compati-au-deuil-de-la-famille-dalphonse-boudo-nesa"},"author":{"name":"cfeditorfr","@id":"https:\/\/www.africa-press.net\/congo-brazzaville\/#\/schema\/person\/2b1cf3cd81a31e3cd26889ca66d677f1"},"headline":"le s\u00e9nat compati au deuil de la famille d\u2019alphonse boudo-nesa","datePublished":"2023-02-28T19:09:09+00:00","dateModified":"2023-02-28T19:41:40+00:00","mainEntityOfPage":{"@id":"https:\/\/www.africa-press.net\/congo-brazzaville\/politique\/le-senat-compati-au-deuil-de-la-famille-dalphonse-boudo-nesa"},"wordCount":308,"commentCount":0,"image":{"@id":"https:\/\/www.africa-press.net\/congo-brazzaville\/politique\/le-senat-compati-au-deuil-de-la-famille-dalphonse-boudo-nesa#primaryimage"},"thumbnailUrl":"https:\/\/static.africa-press.net\/congo-brazzaville\/sites\/51\/2023\/02\/postQueueImg_1677598768.89.jpg","keywords":["Africa Press","Africa Press-Congo Brazzaville","Congo Brazzaville"],"articleSection":["Politique","Toutes les actualit\u00e9s"],"inLanguage":"fr-FR","potentialAction":[{"@type":"CommentAction","name":"Comment","target":["https:\/\/www.africa-press.net\/congo-brazzaville\/politique\/le-senat-compati-au-deuil-de-la-famille-dalphonse-boudo-nesa#respond"]}]},{"@type":"WebPage","@id":"https:\/\/www.africa-press.net\/congo-brazzaville\/politique\/le-senat-compati-au-deuil-de-la-famille-dalphonse-boudo-nesa","url":"https:\/\/www.africa-press.net\/congo-brazzaville\/politique\/le-senat-compati-au-deuil-de-la-famille-dalphonse-boudo-nesa","name":"le s\u00e9nat compati au deuil de la famille d\u2019alphonse boudo-nesa - Congo Brazzaville","isPartOf":{"@id":"https:\/\/www.africa-press.net\/congo-brazzaville\/#website"},"primaryImageOfPage":{"@id":"https:\/\/www.africa-press.net\/congo-brazzaville\/politique\/le-senat-compati-au-deuil-de-la-famille-dalphonse-boudo-nesa#primaryimage"},"image":{"@id":"https:\/\/www.africa-press.net\/congo-brazzaville\/politique\/le-senat-compati-au-deuil-de-la-famille-dalphonse-boudo-nesa#primaryimage"},"thumbnailUrl":"https:\/\/static.africa-press.net\/congo-brazzaville\/sites\/51\/2023\/02\/postQueueImg_1677598768.89.jpg","datePublished":"2023-02-28T19:09:09+00:00","dateModified":"2023-02-28T19:41:40+00:00","author":{"@id":"https:\/\/www.africa-press.net\/congo-brazzaville\/#\/schema\/person\/2b1cf3cd81a31e3cd26889ca66d677f1"},"description":"La de\u0301le\u0301gation du Se\u0301nat, conduite par son pre\u0301sident Pierre Ngolo, est alle\u0301e compatir le 28 fe\u0301vrier a\u0300 Brazzavill ...","breadcrumb":{"@id":"https:\/\/www.africa-press.net\/congo-brazzaville\/politique\/le-senat-compati-au-deuil-de-la-famille-dalphonse-boudo-nesa#breadcrumb"},"inLanguage":"fr-FR","potentialAction":[{"@type":"ReadAction","target":["https:\/\/www.africa-press.net\/congo-brazzaville\/politique\/le-senat-compati-au-deuil-de-la-famille-dalphonse-boudo-nesa"]}]},{"@type":"ImageObject","inLanguage":"fr-FR","@id":"https:\/\/www.africa-press.net\/congo-brazzaville\/politique\/le-senat-compati-au-deuil-de-la-famille-dalphonse-boudo-nesa#primaryimage","url":"https:\/\/static.africa-press.net\/congo-brazzaville\/sites\/51\/2023\/02\/postQueueImg_1677598768.89.jpg","contentUrl":"https:\/\/static.africa-press.net\/congo-brazzaville\/sites\/51\/2023\/02\/postQueueImg_1677598768.89.jpg","width":795,"height":443,"caption":"le s\u00e9nat compati au deuil de la famille d\u2019alphonse boudo-nesa"},{"@type":"BreadcrumbList","@id":"https:\/\/www.africa-press.net\/congo-brazzaville\/politique\/le-senat-compati-au-deuil-de-la-famille-dalphonse-boudo-nesa#breadcrumb","itemListElement":[{"@type":"ListItem","position":1,"name":"Accueil","item":"https:\/\/www.africa-press.net\/congo-brazzaville\/"},{"@type":"ListItem","position":2,"name":"le s\u00e9nat compati au deuil de la famille d\u2019alphonse boudo-nesa"}]},{"@type":"WebSite","@id":"https:\/\/www.africa-press.net\/congo-brazzaville\/#website","url":"https:\/\/www.africa-press.net\/congo-brazzaville\/","name":"Congo Brazzaville","description":"Just another Africa News Agency Sites site","potentialAction":[{"@type":"SearchAction","target":{"@type":"EntryPoint","urlTemplate":"https:\/\/www.africa-press.net\/congo-brazzaville\/?s={search_term_string}"},"query-input":{"@type":"PropertyValueSpecification","valueRequired":true,"valueName":"search_term_string"}}],"inLanguage":"fr-FR"},{"@type":"Person","@id":"https:\/\/www.africa-press.net\/congo-brazzaville\/#\/schema\/person\/2b1cf3cd81a31e3cd26889ca66d677f1","name":"cfeditorfr"}]}},"_links":{"self":[{"href":"https:\/\/www.africa-press.net\/congo-brazzaville\/wp-json\/wp\/v2\/posts\/15005","targetHints":{"allow":["GET"]}}],"collection":[{"href":"https:\/\/www.africa-press.net\/congo-brazzaville\/wp-json\/wp\/v2\/posts"}],"about":[{"href":"https:\/\/www.africa-press.net\/congo-brazzaville\/wp-json\/wp\/v2\/types\/post"}],"author":[{"embeddable":true,"href":"https:\/\/www.africa-press.net\/congo-brazzaville\/wp-json\/wp\/v2\/users\/82"}],"replies":[{"embeddable":true,"href":"https:\/\/www.africa-press.net\/congo-brazzaville\/wp-json\/wp\/v2\/comments?post=15005"}],"version-history":[{"count":0,"href":"https:\/\/www.africa-press.net\/congo-brazzaville\/wp-json\/wp\/v2\/posts\/15005\/revisions"}],"wp:featuredmedia":[{"embeddable":true,"href":"https:\/\/www.africa-press.net\/congo-brazzaville\/wp-json\/wp\/v2\/media\/15004"}],"wp:attachment":[{"href":"https:\/\/www.africa-press.net\/congo-brazzaville\/wp-json\/wp\/v2\/media?parent=15005"}],"wp:term":[{"taxonomy":"category","embeddable":true,"href":"https:\/\/www.africa-press.net\/congo-brazzaville\/wp-json\/wp\/v2\/categories?post=15005"},{"taxonomy":"post_tag","embeddable":true,"href":"https:\/\/www.africa-press.net\/congo-brazzaville\/wp-json\/wp\/v2\/tags?post=15005"}],"curies":[{"name":"wp","href":"https:\/\/api.w.org\/{rel}","templated":true}]}}