{"id":15032,"date":"2023-03-01T21:26:03","date_gmt":"2023-03-01T21:26:03","guid":{"rendered":"https:\/\/www.africa-press.net\/congo-brazzaville\/politique\/loi-de-finances-2023-des-contribuables-edifies-sur-les-nouvelles-dispositions-fiscales"},"modified":"2023-03-01T22:55:26","modified_gmt":"2023-03-01T22:55:26","slug":"loi-de-finances-2023-des-contribuables-edifies-sur-les-nouvelles-dispositions-fiscales","status":"publish","type":"post","link":"https:\/\/www.africa-press.net\/congo-brazzaville\/economie\/loi-de-finances-2023-des-contribuables-edifies-sur-les-nouvelles-dispositions-fiscales","title":{"rendered":"Loi de finances 2023 : des contribuables \u00e9difi\u00e9s sur les nouvelles dispositions fiscales"},"content":{"rendered":"<p><span style=\"color: #ff6600\"><strong>Africa-Press &#8211; Congo Brazzaville. <\/strong><\/span><b>Une rencontre entrant dans le cadre de la campagne de vulgarisation de la loi n\u00b077\/2022 du 27 de\u0301cembre 2022, portant loi de finances pour l\u2019anne\u0301e 2023, a eu lieu le 28 fe\u0301vrier dans la salle de la direction ge\u0301ne\u0301rale du Port autonome de Pointe-Noire (PAPN).<\/b> <b>Les assises ont e\u0301te\u0301 chapeaute\u0301es par Ludovic Itoua, directeur ge\u0301ne\u0301ral des Impo\u0302ts et des Domaines publics.<\/b><\/p>\n<p>La promulgation par le pre\u0301sident de la Re\u0301publique de la loi de finances pour l\u2019anne\u0301e 2023, le 27 de\u0301cembre dernier, comme a\u0300 l&rsquo;accoutume\u0301e, a e\u0301te\u0301 suivie du lancement, le 17 fe\u0301vrier, a\u0300 Brazzaville par Jean-Baptiste Ondaye, ministre de l\u2019Economie et des Finances, de la campagne destine\u0301e a\u0300 sa vulgarisation. Pointe-Noire a emboi\u0302te\u0301 le pas des se\u0301ances de travail devant permettre une meilleure compre\u0301hension, interpre\u0301tation et application des nouvelles dispositions fiscales par les usagers, les ope\u0301rateurs e\u0301conomiques, les contribuables, les cadres et agents de l\u2019administration fiscale pour e\u0301viter les contentieux fiscaux.<\/p>\n<p>Dans la salle du PAPN, les travaux ont re\u0301uni les administrations fiscales et les partenaires, donc les contribuables. Ils ont permis de vulgariser l\u2019instruction d\u2019application des dispositions fiscales nouvelles contenues dans la loi des finances 2023. Se\u0301raphin Ndzon, directeur des ve\u0301rifications ge\u0301ne\u0301rales et de la recherche, et Ernaude Mbouni, chef de service re\u0300glementation du contentieux, ont e\u0301difie\u0301 les contribuables sur les dispositions fiscales du code ge\u0301ne\u0301ral des impo\u0302ts et les textes non codifie\u0301s contenus dans ladite loi. Les participants ont e\u0301te\u0301 instruits sur les mesures fiscales pre\u0301conise\u0301es (e\u0301largissement de l\u2019assiette fiscale, renforcement des capacite\u0301s de recouvrement des recettes de service, ame\u0301lioration de l\u2019environnement des affaires, se\u0301curisation des recettes des domaines, re\u0301duction de la de\u0301pense fiscale) et sur les modifications apporte\u0301es en matie\u0300re fiscale par le gouvernement et le le\u0301gislateur.<\/p>\n<p>Celles-ci concernent notamment l\u2019impo\u0302t sur les socie\u0301te\u0301s ; l\u2019exone\u0301ration de la taxe sur la valeur ajoute\u0301e a\u0300 l\u2019acquisition (important sur le marche\u0301 local, mesure visant a\u0300 prote\u0301ger le panier de la me\u0301nage\u0300re) ; l\u2019utilisation des machines e\u0301lectroniques certifie\u0301es de facturation, l\u2019obligation de la retenue salariale a\u0300 la source de 10% sur toutes les sommes de nature non salariale paye\u0301es par les institutions et administrations publiques, y compris leur de\u0301nombrement ; le re\u0301gime de la proprie\u0301te\u0301 foncie\u0300re; la taxe unique sur les salaires. Lesdites modifications entrent dans le cadre de la mise en \u0153uvre du plan de re\u0301silience, a indique\u0301 Ludovic Itoua.<\/p>\n<p>Evoquant les impe\u0301ratifs du moment, il a rappele\u0301 les objectifs budge\u0301taires assigne\u0301s a\u0300 la Direction ge\u0301ne\u0301rale des impo\u0302ts et des domaines au titre de l\u2019anne\u0301e 2023 qui s\u2019e\u0301le\u0300vent a\u0300 668 milliards FCFA de recettes fiscales. Abordant cet aspect, Jean-Franc\u0327ois Oboa, directeur interde\u0301partemental des impo\u0302ts et des domaines de Pointe-Noire\/Kouilou, a releve\u0301 le fait que jamais dans l\u2019histoire du Congo, la direction ge\u0301ne\u0301rale des impo\u0302ts et des domaines n\u2019est alle\u0301e aussi loin, non seulement dans sa capacite\u0301 a\u0300 mobiliser les recettes dans un contexte e\u0301conomique national et international morose, mais aussi a\u0300 informatiser et digitaliser ses services.<\/p>\n<p>Pour Ludovic Itoua, ce de\u0301fi ne peut e\u0302tre releve\u0301 qu\u2019avec les contribuables. S&rsquo;adressant a\u0300 l&rsquo;auditoire, il a de\u0301clare\u0301 : \u00abC\u2019est avec votre concours que nous pouvons relever le de\u0301fi et atteindre cet objectif afin de doter le gouvernement des ressources ne\u0301cessaires pour couvrir les e\u0301changes publics, satisfaire les besoins d\u2019inte\u0301re\u0302t ge\u0301ne\u0301ral et faire face aux de\u0301penses prioritaires, dont le financement du Programme national de de\u0301veloppement 2022-2026, cher a\u0300 son excellence Denis Sassou N\u2019Guesso, pre\u0301sident de la Re\u0301publique, chef de l\u2019Etat\u00bb.<\/p>\n<p>La rencontre entre les administrations fiscales et leurs partenaires a e\u0301galement e\u0301te\u0301 l\u2019occasion de voir comment travailler ensemble pour \u00ab\u00a0de\u0301fendre les ide\u0301aux, l\u2019e\u0301quite\u0301 et la justice fiscale pour permettre le de\u0301veloppement d\u2019une e\u0301conomie saine au Congo\u00a0\u00bb.<\/p>\n\r\n                <style type=\"text\/css\">\r\n                    \r\n                    #td_uid_1_69f1770058f00  .td-doubleSlider-2 .td-item1 {\r\n                        background: url(https:\/\/static.africa-press.net\/congo-brazzaville\/sites\/51\/2023\/03\/postMediaimg_106_1-80x60.jpg) 0 0 no-repeat;\r\n                    }\r\n                    #td_uid_1_69f1770058f00  .td-doubleSlider-2 .td-item2 {\r\n                        background: url(https:\/\/static.africa-press.net\/congo-brazzaville\/sites\/51\/2023\/03\/postMediaimg_106_2-80x60.jpg) 0 0 no-repeat;\r\n                    }\r\n                <\/style>\r\n\r\n                <div id=\"td_uid_1_69f1770058f00\" class=\"td-gallery td-slide-on-2-columns\">\r\n                    <div class=\"post_td_gallery\">\r\n                        <div class=\"td-gallery-slide-top\">\r\n                           <div class=\"td-gallery-title\"><\/div>\r\n\r\n                            <div class=\"td-gallery-controls-wrapper\">\r\n                                <div class=\"td-gallery-slide-count\"><span class=\"td-gallery-slide-item-focus\">1<\/span> de 2<\/div>\r\n                                <div class=\"td-gallery-slide-prev-next-but\">\r\n                                    <i class = \"td-icon-left doubleSliderPrevButton\"><\/i>\r\n                                    <i class = \"td-icon-right doubleSliderNextButton\"><\/i>\r\n                                <\/div>\r\n                            <\/div>\r\n                        <\/div>\r\n\r\n                        <div class = \"td-doubleSlider-1 \">\r\n                            <div class = \"td-slider\">\r\n                                \r\n                    <div class = \"td-slide-item td-item1\">\r\n                        <figure class=\"td-slide-galery-figure td-slide-popup-gallery\">\r\n                            <a class=\"slide-gallery-image-link\" href=\"https:\/\/static.africa-press.net\/congo-brazzaville\/sites\/51\/2023\/03\/postMediaimg_106_1.jpg\" title=\"postMediaimg_106_1\"  data-caption=\"\"  data-description=\"\">\r\n                                <img decoding=\"async\" src=\"https:\/\/static.africa-press.net\/congo-brazzaville\/sites\/51\/2023\/03\/postMediaimg_106_1.jpg\" srcset=\"https:\/\/static.africa-press.net\/congo-brazzaville\/sites\/51\/2023\/03\/postMediaimg_106_1.jpg 300w, https:\/\/static.africa-press.net\/congo-brazzaville\/sites\/51\/2023\/03\/postMediaimg_106_1-80x60.jpg 80w\" sizes=\"(max-width: 300px) 100vw, 300px\" alt=\"\">\r\n                            <\/a>\r\n                            \r\n                        <\/figure>\r\n                    <\/div>\r\n                    <div class = \"td-slide-item td-item2\">\r\n                        <figure class=\"td-slide-galery-figure td-slide-popup-gallery\">\r\n                            <a class=\"slide-gallery-image-link\" href=\"https:\/\/static.africa-press.net\/congo-brazzaville\/sites\/51\/2023\/03\/postMediaimg_106_2.jpg\" title=\"postMediaimg_106_2\"  data-caption=\"\"  data-description=\"\">\r\n                                <img decoding=\"async\" src=\"https:\/\/static.africa-press.net\/congo-brazzaville\/sites\/51\/2023\/03\/postMediaimg_106_2.jpg\" alt=\"\">\r\n                            <\/a>\r\n                            \r\n                        <\/figure>\r\n                    <\/div>\r\n                            <\/div>\r\n                        <\/div>\r\n\r\n                        <div class = \"td-doubleSlider-2\">\r\n                            <div class = \"td-slider\">\r\n                                \r\n                    <div class = \"td-button td-item1\">\r\n                        <div class = \"td-border\"><\/div>\r\n                    <\/div>\r\n                    <div class = \"td-button td-item2\">\r\n                        <div class = \"td-border\"><\/div>\r\n                    <\/div>\r\n                            <\/div>\r\n                        <\/div>\r\n\r\n                    <\/div>\r\n\r\n                <\/div>\r\n                \n<p><strong>Pour plus d&rsquo;informations et d&rsquo;analyses sur la <a href=\"https:\/\/www.africa-press.net\/congo-brazzaville\">Congo Brazzaville<\/a>, suivez <a href=\"https:\/\/www.africa-press.net\/\">Africa-Press<\/a><\/strong><\/p>\n","protected":false},"excerpt":{"rendered":"<p>Africa-Press &#8211; Congo Brazzaville. Une rencontre entrant dans le cadre de la campagne de vulgarisation de la loi n\u00b077\/2022 du 27 de\u0301cembre 2022, portant loi de finances pour l\u2019anne\u0301e 2023, a eu lieu le 28 fe\u0301vrier dans la salle de la direction ge\u0301ne\u0301rale du Port autonome de Pointe-Noire (PAPN). Les assises ont e\u0301te\u0301 chapeaute\u0301es par [&hellip;]<\/p>\n","protected":false},"author":82,"featured_media":15031,"comment_status":"open","ping_status":"closed","sticky":false,"template":"","format":"standard","meta":{"footnotes":""},"categories":[3,8,10],"tags":[36,47,46],"class_list":["post-15032","post","type-post","status-publish","format-standard","has-post-thumbnail","hentry","category-economie","category-photo","category-toutes-les-actualites","tag-africa-press","tag-africa-press-congo-brazzaville","tag-congo-brazzaville"],"yoast_head":"<!-- This site is optimized with the Yoast SEO Premium plugin v26.1 (Yoast SEO v27.0) - https:\/\/yoast.com\/product\/yoast-seo-premium-wordpress\/ -->\n<title>Loi de finances 2023 : des contribuables \u00e9difi\u00e9s sur les nouvelles dispositions fiscales - Congo Brazzaville<\/title>\n<meta name=\"description\" content=\"Une rencontre entrant dans le cadre de la campagne de vulgarisation de la loi n\u00b077\/2022 du 27 de\u0301cembre 2022, portant ...\" \/>\n<meta name=\"robots\" content=\"index, follow, max-snippet:-1, max-image-preview:large, max-video-preview:-1\" \/>\n<link rel=\"canonical\" href=\"https:\/\/www.africa-press.net\/congo-brazzaville\/economie\/loi-de-finances-2023-des-contribuables-edifies-sur-les-nouvelles-dispositions-fiscales\" \/>\n<meta property=\"og:locale\" content=\"fr_FR\" \/>\n<meta property=\"og:type\" content=\"article\" \/>\n<meta property=\"og:title\" content=\"Loi de finances 2023 : des contribuables \u00e9difi\u00e9s sur les nouvelles dispositions fiscales\" \/>\n<meta property=\"og:description\" content=\"Une rencontre entrant dans le cadre de la campagne de vulgarisation de la loi n\u00b077\/2022 du 27 de\u0301cembre 2022, portant ...\" \/>\n<meta property=\"og:url\" content=\"https:\/\/www.africa-press.net\/congo-brazzaville\/economie\/loi-de-finances-2023-des-contribuables-edifies-sur-les-nouvelles-dispositions-fiscales\" \/>\n<meta property=\"og:site_name\" content=\"Congo Brazzaville\" \/>\n<meta property=\"article:published_time\" content=\"2023-03-01T21:26:03+00:00\" \/>\n<meta property=\"article:modified_time\" content=\"2023-03-01T22:55:26+00:00\" \/>\n<meta property=\"og:image\" content=\"https:\/\/static.africa-press.net\/congo-brazzaville\/sites\/51\/2023\/03\/postQueueImg_1677693369.62.jpg\" \/>\n\t<meta property=\"og:image:width\" content=\"720\" \/>\n\t<meta property=\"og:image:height\" content=\"540\" \/>\n\t<meta property=\"og:image:type\" content=\"image\/jpeg\" \/>\n<meta name=\"author\" content=\"cfeditorfr\" \/>\n<meta name=\"twitter:card\" content=\"summary_large_image\" \/>\n<meta name=\"twitter:label1\" content=\"\u00c9crit par\" \/>\n\t<meta name=\"twitter:data1\" content=\"cfeditorfr\" \/>\n\t<meta name=\"twitter:label2\" content=\"Dur\u00e9e de lecture estim\u00e9e\" \/>\n\t<meta name=\"twitter:data2\" content=\"4 minutes\" \/>\n<script type=\"application\/ld+json\" class=\"yoast-schema-graph\">{\"@context\":\"https:\/\/schema.org\",\"@graph\":[{\"@type\":\"Article\",\"@id\":\"https:\/\/www.africa-press.net\/congo-brazzaville\/economie\/loi-de-finances-2023-des-contribuables-edifies-sur-les-nouvelles-dispositions-fiscales#article\",\"isPartOf\":{\"@id\":\"https:\/\/www.africa-press.net\/congo-brazzaville\/economie\/loi-de-finances-2023-des-contribuables-edifies-sur-les-nouvelles-dispositions-fiscales\"},\"author\":{\"name\":\"cfeditorfr\",\"@id\":\"https:\/\/www.africa-press.net\/congo-brazzaville\/#\/schema\/person\/2b1cf3cd81a31e3cd26889ca66d677f1\"},\"headline\":\"Loi de finances 2023 : des contribuables \u00e9difi\u00e9s sur les nouvelles dispositions fiscales\",\"datePublished\":\"2023-03-01T21:26:03+00:00\",\"dateModified\":\"2023-03-01T22:55:26+00:00\",\"mainEntityOfPage\":{\"@id\":\"https:\/\/www.africa-press.net\/congo-brazzaville\/economie\/loi-de-finances-2023-des-contribuables-edifies-sur-les-nouvelles-dispositions-fiscales\"},\"wordCount\":748,\"commentCount\":0,\"image\":{\"@id\":\"https:\/\/www.africa-press.net\/congo-brazzaville\/economie\/loi-de-finances-2023-des-contribuables-edifies-sur-les-nouvelles-dispositions-fiscales#primaryimage\"},\"thumbnailUrl\":\"https:\/\/static.africa-press.net\/congo-brazzaville\/sites\/51\/2023\/03\/postQueueImg_1677693369.62.jpg\",\"keywords\":[\"Africa Press\",\"Africa Press-Congo Brazzaville\",\"Congo Brazzaville\"],\"articleSection\":[\"\u00c9conomie\",\"Photo\",\"Toutes les actualit\u00e9s\"],\"inLanguage\":\"fr-FR\",\"potentialAction\":[{\"@type\":\"CommentAction\",\"name\":\"Comment\",\"target\":[\"https:\/\/www.africa-press.net\/congo-brazzaville\/economie\/loi-de-finances-2023-des-contribuables-edifies-sur-les-nouvelles-dispositions-fiscales#respond\"]}]},{\"@type\":\"WebPage\",\"@id\":\"https:\/\/www.africa-press.net\/congo-brazzaville\/economie\/loi-de-finances-2023-des-contribuables-edifies-sur-les-nouvelles-dispositions-fiscales\",\"url\":\"https:\/\/www.africa-press.net\/congo-brazzaville\/economie\/loi-de-finances-2023-des-contribuables-edifies-sur-les-nouvelles-dispositions-fiscales\",\"name\":\"Loi de finances 2023 : des contribuables \u00e9difi\u00e9s sur les nouvelles dispositions fiscales - Congo Brazzaville\",\"isPartOf\":{\"@id\":\"https:\/\/www.africa-press.net\/congo-brazzaville\/#website\"},\"primaryImageOfPage\":{\"@id\":\"https:\/\/www.africa-press.net\/congo-brazzaville\/economie\/loi-de-finances-2023-des-contribuables-edifies-sur-les-nouvelles-dispositions-fiscales#primaryimage\"},\"image\":{\"@id\":\"https:\/\/www.africa-press.net\/congo-brazzaville\/economie\/loi-de-finances-2023-des-contribuables-edifies-sur-les-nouvelles-dispositions-fiscales#primaryimage\"},\"thumbnailUrl\":\"https:\/\/static.africa-press.net\/congo-brazzaville\/sites\/51\/2023\/03\/postQueueImg_1677693369.62.jpg\",\"datePublished\":\"2023-03-01T21:26:03+00:00\",\"dateModified\":\"2023-03-01T22:55:26+00:00\",\"author\":{\"@id\":\"https:\/\/www.africa-press.net\/congo-brazzaville\/#\/schema\/person\/2b1cf3cd81a31e3cd26889ca66d677f1\"},\"description\":\"Une rencontre entrant dans le cadre de la campagne de vulgarisation de la loi n\u00b077\/2022 du 27 de\u0301cembre 2022, portant ...\",\"breadcrumb\":{\"@id\":\"https:\/\/www.africa-press.net\/congo-brazzaville\/economie\/loi-de-finances-2023-des-contribuables-edifies-sur-les-nouvelles-dispositions-fiscales#breadcrumb\"},\"inLanguage\":\"fr-FR\",\"potentialAction\":[{\"@type\":\"ReadAction\",\"target\":[\"https:\/\/www.africa-press.net\/congo-brazzaville\/economie\/loi-de-finances-2023-des-contribuables-edifies-sur-les-nouvelles-dispositions-fiscales\"]}]},{\"@type\":\"ImageObject\",\"inLanguage\":\"fr-FR\",\"@id\":\"https:\/\/www.africa-press.net\/congo-brazzaville\/economie\/loi-de-finances-2023-des-contribuables-edifies-sur-les-nouvelles-dispositions-fiscales#primaryimage\",\"url\":\"https:\/\/static.africa-press.net\/congo-brazzaville\/sites\/51\/2023\/03\/postQueueImg_1677693369.62.jpg\",\"contentUrl\":\"https:\/\/static.africa-press.net\/congo-brazzaville\/sites\/51\/2023\/03\/postQueueImg_1677693369.62.jpg\",\"width\":720,\"height\":540,\"caption\":\"Loi de finances 2023 : des contribuables \u00e9difi\u00e9s sur les nouvelles dispositions fiscales\"},{\"@type\":\"BreadcrumbList\",\"@id\":\"https:\/\/www.africa-press.net\/congo-brazzaville\/economie\/loi-de-finances-2023-des-contribuables-edifies-sur-les-nouvelles-dispositions-fiscales#breadcrumb\",\"itemListElement\":[{\"@type\":\"ListItem\",\"position\":1,\"name\":\"Accueil\",\"item\":\"https:\/\/www.africa-press.net\/congo-brazzaville\/\"},{\"@type\":\"ListItem\",\"position\":2,\"name\":\"Loi de finances 2023 : des contribuables \u00e9difi\u00e9s sur les nouvelles dispositions fiscales\"}]},{\"@type\":\"WebSite\",\"@id\":\"https:\/\/www.africa-press.net\/congo-brazzaville\/#website\",\"url\":\"https:\/\/www.africa-press.net\/congo-brazzaville\/\",\"name\":\"Congo Brazzaville\",\"description\":\"Just another Africa News Agency Sites site\",\"potentialAction\":[{\"@type\":\"SearchAction\",\"target\":{\"@type\":\"EntryPoint\",\"urlTemplate\":\"https:\/\/www.africa-press.net\/congo-brazzaville\/?s={search_term_string}\"},\"query-input\":{\"@type\":\"PropertyValueSpecification\",\"valueRequired\":true,\"valueName\":\"search_term_string\"}}],\"inLanguage\":\"fr-FR\"},{\"@type\":\"Person\",\"@id\":\"https:\/\/www.africa-press.net\/congo-brazzaville\/#\/schema\/person\/2b1cf3cd81a31e3cd26889ca66d677f1\",\"name\":\"cfeditorfr\"}]}<\/script>\n<!-- \/ Yoast SEO Premium plugin. -->","yoast_head_json":{"title":"Loi de finances 2023 : des contribuables \u00e9difi\u00e9s sur les nouvelles dispositions fiscales - Congo Brazzaville","description":"Une rencontre entrant dans le cadre de la campagne de vulgarisation de la loi n\u00b077\/2022 du 27 de\u0301cembre 2022, portant ...","robots":{"index":"index","follow":"follow","max-snippet":"max-snippet:-1","max-image-preview":"max-image-preview:large","max-video-preview":"max-video-preview:-1"},"canonical":"https:\/\/www.africa-press.net\/congo-brazzaville\/economie\/loi-de-finances-2023-des-contribuables-edifies-sur-les-nouvelles-dispositions-fiscales","og_locale":"fr_FR","og_type":"article","og_title":"Loi de finances 2023 : des contribuables \u00e9difi\u00e9s sur les nouvelles dispositions fiscales","og_description":"Une rencontre entrant dans le cadre de la campagne de vulgarisation de la loi n\u00b077\/2022 du 27 de\u0301cembre 2022, portant ...","og_url":"https:\/\/www.africa-press.net\/congo-brazzaville\/economie\/loi-de-finances-2023-des-contribuables-edifies-sur-les-nouvelles-dispositions-fiscales","og_site_name":"Congo Brazzaville","article_published_time":"2023-03-01T21:26:03+00:00","article_modified_time":"2023-03-01T22:55:26+00:00","og_image":[{"width":720,"height":540,"url":"https:\/\/static.africa-press.net\/congo-brazzaville\/sites\/51\/2023\/03\/postQueueImg_1677693369.62.jpg","type":"image\/jpeg"}],"author":"cfeditorfr","twitter_card":"summary_large_image","twitter_misc":{"\u00c9crit par":"cfeditorfr","Dur\u00e9e de lecture estim\u00e9e":"4 minutes"},"schema":{"@context":"https:\/\/schema.org","@graph":[{"@type":"Article","@id":"https:\/\/www.africa-press.net\/congo-brazzaville\/economie\/loi-de-finances-2023-des-contribuables-edifies-sur-les-nouvelles-dispositions-fiscales#article","isPartOf":{"@id":"https:\/\/www.africa-press.net\/congo-brazzaville\/economie\/loi-de-finances-2023-des-contribuables-edifies-sur-les-nouvelles-dispositions-fiscales"},"author":{"name":"cfeditorfr","@id":"https:\/\/www.africa-press.net\/congo-brazzaville\/#\/schema\/person\/2b1cf3cd81a31e3cd26889ca66d677f1"},"headline":"Loi de finances 2023 : des contribuables \u00e9difi\u00e9s sur les nouvelles dispositions fiscales","datePublished":"2023-03-01T21:26:03+00:00","dateModified":"2023-03-01T22:55:26+00:00","mainEntityOfPage":{"@id":"https:\/\/www.africa-press.net\/congo-brazzaville\/economie\/loi-de-finances-2023-des-contribuables-edifies-sur-les-nouvelles-dispositions-fiscales"},"wordCount":748,"commentCount":0,"image":{"@id":"https:\/\/www.africa-press.net\/congo-brazzaville\/economie\/loi-de-finances-2023-des-contribuables-edifies-sur-les-nouvelles-dispositions-fiscales#primaryimage"},"thumbnailUrl":"https:\/\/static.africa-press.net\/congo-brazzaville\/sites\/51\/2023\/03\/postQueueImg_1677693369.62.jpg","keywords":["Africa Press","Africa Press-Congo Brazzaville","Congo Brazzaville"],"articleSection":["\u00c9conomie","Photo","Toutes les actualit\u00e9s"],"inLanguage":"fr-FR","potentialAction":[{"@type":"CommentAction","name":"Comment","target":["https:\/\/www.africa-press.net\/congo-brazzaville\/economie\/loi-de-finances-2023-des-contribuables-edifies-sur-les-nouvelles-dispositions-fiscales#respond"]}]},{"@type":"WebPage","@id":"https:\/\/www.africa-press.net\/congo-brazzaville\/economie\/loi-de-finances-2023-des-contribuables-edifies-sur-les-nouvelles-dispositions-fiscales","url":"https:\/\/www.africa-press.net\/congo-brazzaville\/economie\/loi-de-finances-2023-des-contribuables-edifies-sur-les-nouvelles-dispositions-fiscales","name":"Loi de finances 2023 : des contribuables \u00e9difi\u00e9s sur les nouvelles dispositions fiscales - Congo Brazzaville","isPartOf":{"@id":"https:\/\/www.africa-press.net\/congo-brazzaville\/#website"},"primaryImageOfPage":{"@id":"https:\/\/www.africa-press.net\/congo-brazzaville\/economie\/loi-de-finances-2023-des-contribuables-edifies-sur-les-nouvelles-dispositions-fiscales#primaryimage"},"image":{"@id":"https:\/\/www.africa-press.net\/congo-brazzaville\/economie\/loi-de-finances-2023-des-contribuables-edifies-sur-les-nouvelles-dispositions-fiscales#primaryimage"},"thumbnailUrl":"https:\/\/static.africa-press.net\/congo-brazzaville\/sites\/51\/2023\/03\/postQueueImg_1677693369.62.jpg","datePublished":"2023-03-01T21:26:03+00:00","dateModified":"2023-03-01T22:55:26+00:00","author":{"@id":"https:\/\/www.africa-press.net\/congo-brazzaville\/#\/schema\/person\/2b1cf3cd81a31e3cd26889ca66d677f1"},"description":"Une rencontre entrant dans le cadre de la campagne de vulgarisation de la loi n\u00b077\/2022 du 27 de\u0301cembre 2022, portant ...","breadcrumb":{"@id":"https:\/\/www.africa-press.net\/congo-brazzaville\/economie\/loi-de-finances-2023-des-contribuables-edifies-sur-les-nouvelles-dispositions-fiscales#breadcrumb"},"inLanguage":"fr-FR","potentialAction":[{"@type":"ReadAction","target":["https:\/\/www.africa-press.net\/congo-brazzaville\/economie\/loi-de-finances-2023-des-contribuables-edifies-sur-les-nouvelles-dispositions-fiscales"]}]},{"@type":"ImageObject","inLanguage":"fr-FR","@id":"https:\/\/www.africa-press.net\/congo-brazzaville\/economie\/loi-de-finances-2023-des-contribuables-edifies-sur-les-nouvelles-dispositions-fiscales#primaryimage","url":"https:\/\/static.africa-press.net\/congo-brazzaville\/sites\/51\/2023\/03\/postQueueImg_1677693369.62.jpg","contentUrl":"https:\/\/static.africa-press.net\/congo-brazzaville\/sites\/51\/2023\/03\/postQueueImg_1677693369.62.jpg","width":720,"height":540,"caption":"Loi de finances 2023 : des contribuables \u00e9difi\u00e9s sur les nouvelles dispositions fiscales"},{"@type":"BreadcrumbList","@id":"https:\/\/www.africa-press.net\/congo-brazzaville\/economie\/loi-de-finances-2023-des-contribuables-edifies-sur-les-nouvelles-dispositions-fiscales#breadcrumb","itemListElement":[{"@type":"ListItem","position":1,"name":"Accueil","item":"https:\/\/www.africa-press.net\/congo-brazzaville\/"},{"@type":"ListItem","position":2,"name":"Loi de finances 2023 : des contribuables \u00e9difi\u00e9s sur les nouvelles dispositions fiscales"}]},{"@type":"WebSite","@id":"https:\/\/www.africa-press.net\/congo-brazzaville\/#website","url":"https:\/\/www.africa-press.net\/congo-brazzaville\/","name":"Congo Brazzaville","description":"Just another Africa News Agency Sites site","potentialAction":[{"@type":"SearchAction","target":{"@type":"EntryPoint","urlTemplate":"https:\/\/www.africa-press.net\/congo-brazzaville\/?s={search_term_string}"},"query-input":{"@type":"PropertyValueSpecification","valueRequired":true,"valueName":"search_term_string"}}],"inLanguage":"fr-FR"},{"@type":"Person","@id":"https:\/\/www.africa-press.net\/congo-brazzaville\/#\/schema\/person\/2b1cf3cd81a31e3cd26889ca66d677f1","name":"cfeditorfr"}]}},"_links":{"self":[{"href":"https:\/\/www.africa-press.net\/congo-brazzaville\/wp-json\/wp\/v2\/posts\/15032","targetHints":{"allow":["GET"]}}],"collection":[{"href":"https:\/\/www.africa-press.net\/congo-brazzaville\/wp-json\/wp\/v2\/posts"}],"about":[{"href":"https:\/\/www.africa-press.net\/congo-brazzaville\/wp-json\/wp\/v2\/types\/post"}],"author":[{"embeddable":true,"href":"https:\/\/www.africa-press.net\/congo-brazzaville\/wp-json\/wp\/v2\/users\/82"}],"replies":[{"embeddable":true,"href":"https:\/\/www.africa-press.net\/congo-brazzaville\/wp-json\/wp\/v2\/comments?post=15032"}],"version-history":[{"count":0,"href":"https:\/\/www.africa-press.net\/congo-brazzaville\/wp-json\/wp\/v2\/posts\/15032\/revisions"}],"wp:featuredmedia":[{"embeddable":true,"href":"https:\/\/www.africa-press.net\/congo-brazzaville\/wp-json\/wp\/v2\/media\/15031"}],"wp:attachment":[{"href":"https:\/\/www.africa-press.net\/congo-brazzaville\/wp-json\/wp\/v2\/media?parent=15032"}],"wp:term":[{"taxonomy":"category","embeddable":true,"href":"https:\/\/www.africa-press.net\/congo-brazzaville\/wp-json\/wp\/v2\/categories?post=15032"},{"taxonomy":"post_tag","embeddable":true,"href":"https:\/\/www.africa-press.net\/congo-brazzaville\/wp-json\/wp\/v2\/tags?post=15032"}],"curies":[{"name":"wp","href":"https:\/\/api.w.org\/{rel}","templated":true}]}}