{"id":15035,"date":"2023-03-01T21:26:13","date_gmt":"2023-03-01T21:26:13","guid":{"rendered":"https:\/\/www.africa-press.net\/congo-brazzaville\/politique\/sante-mentale-creation-en-vue-dun-reseau-de-controle-de-lusage-de-la-drogue"},"modified":"2023-03-01T22:55:58","modified_gmt":"2023-03-01T22:55:58","slug":"sante-mentale-creation-en-vue-dun-reseau-de-controle-de-lusage-de-la-drogue","status":"publish","type":"post","link":"https:\/\/www.africa-press.net\/congo-brazzaville\/toutes-les-actualites\/sante-mentale-creation-en-vue-dun-reseau-de-controle-de-lusage-de-la-drogue","title":{"rendered":"Sant\u00e9 mentale: cr\u00e9ation en vue d&rsquo;un r\u00e9seau de contr\u00f4le de l\u2019usage de la drogue"},"content":{"rendered":"<p><span style=\"color: #ff6600\"><strong>Africa-Press &#8211; Congo Brazzaville. <\/strong><\/span><b>Une de\u0301le\u0301gation de l\u2019Union africaine (UA), en charge des questions de lutte contre l\u2019usage de la drogue, se\u0301journe a\u0300 Brazzaville pour faire le plaidoyer aupre\u0300s du ministe\u0300re de la Sante\u0301 et de la Population sur la mise en place, sous peu, d\u2019un re\u0301seau de contro\u0302le de la toxicomanie en Re\u0301publique du Congo.<\/b><\/p>\n<p>\u00abNous sommes venus faire le plaidoyer aupre\u0300s du ministre de la Sante\u0301 et de la Population, qui ge\u0300re le volet prise en charge des usagers de la drogue, pour mettre en place un re\u0301seau sur l\u2019usage de la toxicomanie, afin d\u2019avoir acce\u0300s a\u0300 toutes les structures qui s\u2019occupent de la question \u00bb, a indique\u0301 le chef de la de\u0301le\u0301gation de l\u2019UA, Philippe Sekone\u0301 Wenyam, le 28 fe\u0301vrier, a\u0300 l\u2019issue d\u2019une se\u0301ance de travail avec le ministre Gilbert Mokoki.<\/p>\n<p>Le re\u0301seau a\u0300 cre\u0301er aura pour mission essentielle de collecter des donne\u0301es sur la toxicomanie, qui est l\u2019usage abusif des stupe\u0301fiants et somnife\u0300res, entre autres, l&rsquo;alcool, le tabac, les amphe\u0301tamines, la cafe\u0301ine, le cannabis, la cocai\u0308ne, l&rsquo;ecstasy, l&rsquo;he\u0301roi\u0308ne, les hallucinoge\u0300nes et la me\u0301thadone qui entrai\u0302nent des troubles mentaux.<\/p>\n<p>La me\u0302me structure aura aussi la responsabilite\u0301 de faire l\u2019e\u0301tat des lieux de la situation des personnes souffrant des troubles mentaux dans le pays. Les donne\u0301es qu\u2019elle collectera permettront d\u2019e\u0301laborer un rapport national contenant des statistiques fiables sur le fle\u0301au de la drogue au Congo. Elles serviront e\u0301galement, selon Philippe Sekone\u0301 Wenyam, aux institutions habilite\u0301es d\u2019e\u0301laborer des statistiques sur le fle\u0301au de la toxicomanie aux niveaux re\u0301gional et continental.<\/p>\n<p>Au plan interne, le directeur du Programme national de sante\u0301 mentale, le Dr Paul Gando, a affirme\u0301 qu\u2019au Congo la situation des maladies mentales est certes alarmante mais semble stable ces derniers temps et ne\u0301cessite une intervention urgente du gouvernement.<\/p>\n<p>\u00ab La situation des maladies mentales est certes en stand bye mais s\u2019ame\u0301liore progressivement. Il est urgent de mettre en place un plan strate\u0301gique de cinq ans sur la question qui permettra d\u2019e\u0301tablir toutes les strate\u0301gies de prise en charge des malades mentaux au Congo \u00bb, a-t-il affirme\u0301.<\/p>\n<p><strong>Pour plus d&rsquo;informations et d&rsquo;analyses sur la <a href=\"https:\/\/www.africa-press.net\/congo-brazzaville\">Congo Brazzaville<\/a>, suivez <a href=\"https:\/\/www.africa-press.net\/\">Africa-Press<\/a><\/strong><\/p>\n","protected":false},"excerpt":{"rendered":"<p>Africa-Press &#8211; Congo Brazzaville. Une de\u0301le\u0301gation de l\u2019Union africaine (UA), en charge des questions de lutte contre l\u2019usage de la drogue, se\u0301journe a\u0300 Brazzaville pour faire le plaidoyer aupre\u0300s du ministe\u0300re de la Sante\u0301 et de la Population sur la mise en place, sous peu, d\u2019un re\u0301seau de contro\u0302le de la toxicomanie en Re\u0301publique du [&hellip;]<\/p>\n","protected":false},"author":82,"featured_media":15034,"comment_status":"open","ping_status":"closed","sticky":false,"template":"","format":"standard","meta":{"footnotes":""},"categories":[21,10],"tags":[36,47,46],"class_list":["post-15035","post","type-post","status-publish","format-standard","has-post-thumbnail","hentry","category-communaute","category-toutes-les-actualites","tag-africa-press","tag-africa-press-congo-brazzaville","tag-congo-brazzaville"],"yoast_head":"<!-- This site is optimized with the Yoast SEO Premium plugin v26.1 (Yoast SEO v27.0) - https:\/\/yoast.com\/product\/yoast-seo-premium-wordpress\/ -->\n<title>Sant\u00e9 mentale: cr\u00e9ation en vue d&#039;un r\u00e9seau de contr\u00f4le de l\u2019usage de la drogue - Congo Brazzaville<\/title>\n<meta name=\"description\" content=\"Une de\u0301le\u0301gation de l\u2019Union africaine (UA), en charge des questions de lutte contre l\u2019usage de la drogue, se\u0301journe a ...\" \/>\n<meta name=\"robots\" content=\"index, follow, max-snippet:-1, max-image-preview:large, max-video-preview:-1\" \/>\n<link rel=\"canonical\" href=\"https:\/\/www.africa-press.net\/congo-brazzaville\/toutes-les-actualites\/sante-mentale-creation-en-vue-dun-reseau-de-controle-de-lusage-de-la-drogue\" \/>\n<meta property=\"og:locale\" content=\"fr_FR\" \/>\n<meta property=\"og:type\" content=\"article\" \/>\n<meta property=\"og:title\" content=\"Sant\u00e9 mentale: cr\u00e9ation en vue d&#039;un r\u00e9seau de contr\u00f4le de l\u2019usage de la drogue\" \/>\n<meta property=\"og:description\" content=\"Une de\u0301le\u0301gation de l\u2019Union africaine (UA), en charge des questions de lutte contre l\u2019usage de la drogue, se\u0301journe a ...\" \/>\n<meta property=\"og:url\" content=\"https:\/\/www.africa-press.net\/congo-brazzaville\/toutes-les-actualites\/sante-mentale-creation-en-vue-dun-reseau-de-controle-de-lusage-de-la-drogue\" \/>\n<meta property=\"og:site_name\" content=\"Congo Brazzaville\" \/>\n<meta property=\"article:published_time\" content=\"2023-03-01T21:26:13+00:00\" \/>\n<meta property=\"article:modified_time\" content=\"2023-03-01T22:55:58+00:00\" \/>\n<meta property=\"og:image\" content=\"https:\/\/static.africa-press.net\/congo-brazzaville\/sites\/51\/2023\/03\/postQueueImg_1677693376.85.jpg\" \/>\n\t<meta property=\"og:image:width\" content=\"1668\" \/>\n\t<meta property=\"og:image:height\" content=\"768\" \/>\n\t<meta property=\"og:image:type\" content=\"image\/jpeg\" \/>\n<meta name=\"author\" content=\"cfeditorfr\" \/>\n<meta name=\"twitter:card\" content=\"summary_large_image\" \/>\n<meta name=\"twitter:label1\" content=\"\u00c9crit par\" \/>\n\t<meta name=\"twitter:data1\" content=\"cfeditorfr\" \/>\n\t<meta name=\"twitter:label2\" content=\"Dur\u00e9e de lecture estim\u00e9e\" \/>\n\t<meta name=\"twitter:data2\" content=\"2 minutes\" \/>\n<script type=\"application\/ld+json\" class=\"yoast-schema-graph\">{\"@context\":\"https:\/\/schema.org\",\"@graph\":[{\"@type\":\"Article\",\"@id\":\"https:\/\/www.africa-press.net\/congo-brazzaville\/toutes-les-actualites\/sante-mentale-creation-en-vue-dun-reseau-de-controle-de-lusage-de-la-drogue#article\",\"isPartOf\":{\"@id\":\"https:\/\/www.africa-press.net\/congo-brazzaville\/toutes-les-actualites\/sante-mentale-creation-en-vue-dun-reseau-de-controle-de-lusage-de-la-drogue\"},\"author\":{\"name\":\"cfeditorfr\",\"@id\":\"https:\/\/www.africa-press.net\/congo-brazzaville\/#\/schema\/person\/2b1cf3cd81a31e3cd26889ca66d677f1\"},\"headline\":\"Sant\u00e9 mentale: cr\u00e9ation en vue d&rsquo;un r\u00e9seau de contr\u00f4le de l\u2019usage de la drogue\",\"datePublished\":\"2023-03-01T21:26:13+00:00\",\"dateModified\":\"2023-03-01T22:55:58+00:00\",\"mainEntityOfPage\":{\"@id\":\"https:\/\/www.africa-press.net\/congo-brazzaville\/toutes-les-actualites\/sante-mentale-creation-en-vue-dun-reseau-de-controle-de-lusage-de-la-drogue\"},\"wordCount\":431,\"commentCount\":0,\"image\":{\"@id\":\"https:\/\/www.africa-press.net\/congo-brazzaville\/toutes-les-actualites\/sante-mentale-creation-en-vue-dun-reseau-de-controle-de-lusage-de-la-drogue#primaryimage\"},\"thumbnailUrl\":\"https:\/\/static.africa-press.net\/congo-brazzaville\/sites\/51\/2023\/03\/postQueueImg_1677693376.85.jpg\",\"keywords\":[\"Africa Press\",\"Africa Press-Congo Brazzaville\",\"Congo Brazzaville\"],\"articleSection\":[\"Communaut\u00e9\",\"Toutes les actualit\u00e9s\"],\"inLanguage\":\"fr-FR\",\"potentialAction\":[{\"@type\":\"CommentAction\",\"name\":\"Comment\",\"target\":[\"https:\/\/www.africa-press.net\/congo-brazzaville\/toutes-les-actualites\/sante-mentale-creation-en-vue-dun-reseau-de-controle-de-lusage-de-la-drogue#respond\"]}]},{\"@type\":\"WebPage\",\"@id\":\"https:\/\/www.africa-press.net\/congo-brazzaville\/toutes-les-actualites\/sante-mentale-creation-en-vue-dun-reseau-de-controle-de-lusage-de-la-drogue\",\"url\":\"https:\/\/www.africa-press.net\/congo-brazzaville\/toutes-les-actualites\/sante-mentale-creation-en-vue-dun-reseau-de-controle-de-lusage-de-la-drogue\",\"name\":\"Sant\u00e9 mentale: cr\u00e9ation en vue d'un r\u00e9seau de contr\u00f4le de l\u2019usage de la drogue - Congo Brazzaville\",\"isPartOf\":{\"@id\":\"https:\/\/www.africa-press.net\/congo-brazzaville\/#website\"},\"primaryImageOfPage\":{\"@id\":\"https:\/\/www.africa-press.net\/congo-brazzaville\/toutes-les-actualites\/sante-mentale-creation-en-vue-dun-reseau-de-controle-de-lusage-de-la-drogue#primaryimage\"},\"image\":{\"@id\":\"https:\/\/www.africa-press.net\/congo-brazzaville\/toutes-les-actualites\/sante-mentale-creation-en-vue-dun-reseau-de-controle-de-lusage-de-la-drogue#primaryimage\"},\"thumbnailUrl\":\"https:\/\/static.africa-press.net\/congo-brazzaville\/sites\/51\/2023\/03\/postQueueImg_1677693376.85.jpg\",\"datePublished\":\"2023-03-01T21:26:13+00:00\",\"dateModified\":\"2023-03-01T22:55:58+00:00\",\"author\":{\"@id\":\"https:\/\/www.africa-press.net\/congo-brazzaville\/#\/schema\/person\/2b1cf3cd81a31e3cd26889ca66d677f1\"},\"description\":\"Une de\u0301le\u0301gation de l\u2019Union africaine (UA), en charge des questions de lutte contre l\u2019usage de la drogue, se\u0301journe a ...\",\"breadcrumb\":{\"@id\":\"https:\/\/www.africa-press.net\/congo-brazzaville\/toutes-les-actualites\/sante-mentale-creation-en-vue-dun-reseau-de-controle-de-lusage-de-la-drogue#breadcrumb\"},\"inLanguage\":\"fr-FR\",\"potentialAction\":[{\"@type\":\"ReadAction\",\"target\":[\"https:\/\/www.africa-press.net\/congo-brazzaville\/toutes-les-actualites\/sante-mentale-creation-en-vue-dun-reseau-de-controle-de-lusage-de-la-drogue\"]}]},{\"@type\":\"ImageObject\",\"inLanguage\":\"fr-FR\",\"@id\":\"https:\/\/www.africa-press.net\/congo-brazzaville\/toutes-les-actualites\/sante-mentale-creation-en-vue-dun-reseau-de-controle-de-lusage-de-la-drogue#primaryimage\",\"url\":\"https:\/\/static.africa-press.net\/congo-brazzaville\/sites\/51\/2023\/03\/postQueueImg_1677693376.85.jpg\",\"contentUrl\":\"https:\/\/static.africa-press.net\/congo-brazzaville\/sites\/51\/2023\/03\/postQueueImg_1677693376.85.jpg\",\"width\":1668,\"height\":768,\"caption\":\"Sant\u00e9 mentale: cr\u00e9ation en vue d'un r\u00e9seau de contr\u00f4le de l\u2019usage de la drogue\"},{\"@type\":\"BreadcrumbList\",\"@id\":\"https:\/\/www.africa-press.net\/congo-brazzaville\/toutes-les-actualites\/sante-mentale-creation-en-vue-dun-reseau-de-controle-de-lusage-de-la-drogue#breadcrumb\",\"itemListElement\":[{\"@type\":\"ListItem\",\"position\":1,\"name\":\"Accueil\",\"item\":\"https:\/\/www.africa-press.net\/congo-brazzaville\/\"},{\"@type\":\"ListItem\",\"position\":2,\"name\":\"Sant\u00e9 mentale: cr\u00e9ation en vue d&rsquo;un r\u00e9seau de contr\u00f4le de l\u2019usage de la drogue\"}]},{\"@type\":\"WebSite\",\"@id\":\"https:\/\/www.africa-press.net\/congo-brazzaville\/#website\",\"url\":\"https:\/\/www.africa-press.net\/congo-brazzaville\/\",\"name\":\"Congo Brazzaville\",\"description\":\"Just another Africa News Agency Sites site\",\"potentialAction\":[{\"@type\":\"SearchAction\",\"target\":{\"@type\":\"EntryPoint\",\"urlTemplate\":\"https:\/\/www.africa-press.net\/congo-brazzaville\/?s={search_term_string}\"},\"query-input\":{\"@type\":\"PropertyValueSpecification\",\"valueRequired\":true,\"valueName\":\"search_term_string\"}}],\"inLanguage\":\"fr-FR\"},{\"@type\":\"Person\",\"@id\":\"https:\/\/www.africa-press.net\/congo-brazzaville\/#\/schema\/person\/2b1cf3cd81a31e3cd26889ca66d677f1\",\"name\":\"cfeditorfr\"}]}<\/script>\n<!-- \/ Yoast SEO Premium plugin. -->","yoast_head_json":{"title":"Sant\u00e9 mentale: cr\u00e9ation en vue d'un r\u00e9seau de contr\u00f4le de l\u2019usage de la drogue - Congo Brazzaville","description":"Une de\u0301le\u0301gation de l\u2019Union africaine (UA), en charge des questions de lutte contre l\u2019usage de la drogue, se\u0301journe a ...","robots":{"index":"index","follow":"follow","max-snippet":"max-snippet:-1","max-image-preview":"max-image-preview:large","max-video-preview":"max-video-preview:-1"},"canonical":"https:\/\/www.africa-press.net\/congo-brazzaville\/toutes-les-actualites\/sante-mentale-creation-en-vue-dun-reseau-de-controle-de-lusage-de-la-drogue","og_locale":"fr_FR","og_type":"article","og_title":"Sant\u00e9 mentale: cr\u00e9ation en vue d'un r\u00e9seau de contr\u00f4le de l\u2019usage de la drogue","og_description":"Une de\u0301le\u0301gation de l\u2019Union africaine (UA), en charge des questions de lutte contre l\u2019usage de la drogue, se\u0301journe a ...","og_url":"https:\/\/www.africa-press.net\/congo-brazzaville\/toutes-les-actualites\/sante-mentale-creation-en-vue-dun-reseau-de-controle-de-lusage-de-la-drogue","og_site_name":"Congo Brazzaville","article_published_time":"2023-03-01T21:26:13+00:00","article_modified_time":"2023-03-01T22:55:58+00:00","og_image":[{"width":1668,"height":768,"url":"https:\/\/static.africa-press.net\/congo-brazzaville\/sites\/51\/2023\/03\/postQueueImg_1677693376.85.jpg","type":"image\/jpeg"}],"author":"cfeditorfr","twitter_card":"summary_large_image","twitter_misc":{"\u00c9crit par":"cfeditorfr","Dur\u00e9e de lecture estim\u00e9e":"2 minutes"},"schema":{"@context":"https:\/\/schema.org","@graph":[{"@type":"Article","@id":"https:\/\/www.africa-press.net\/congo-brazzaville\/toutes-les-actualites\/sante-mentale-creation-en-vue-dun-reseau-de-controle-de-lusage-de-la-drogue#article","isPartOf":{"@id":"https:\/\/www.africa-press.net\/congo-brazzaville\/toutes-les-actualites\/sante-mentale-creation-en-vue-dun-reseau-de-controle-de-lusage-de-la-drogue"},"author":{"name":"cfeditorfr","@id":"https:\/\/www.africa-press.net\/congo-brazzaville\/#\/schema\/person\/2b1cf3cd81a31e3cd26889ca66d677f1"},"headline":"Sant\u00e9 mentale: cr\u00e9ation en vue d&rsquo;un r\u00e9seau de contr\u00f4le de l\u2019usage de la drogue","datePublished":"2023-03-01T21:26:13+00:00","dateModified":"2023-03-01T22:55:58+00:00","mainEntityOfPage":{"@id":"https:\/\/www.africa-press.net\/congo-brazzaville\/toutes-les-actualites\/sante-mentale-creation-en-vue-dun-reseau-de-controle-de-lusage-de-la-drogue"},"wordCount":431,"commentCount":0,"image":{"@id":"https:\/\/www.africa-press.net\/congo-brazzaville\/toutes-les-actualites\/sante-mentale-creation-en-vue-dun-reseau-de-controle-de-lusage-de-la-drogue#primaryimage"},"thumbnailUrl":"https:\/\/static.africa-press.net\/congo-brazzaville\/sites\/51\/2023\/03\/postQueueImg_1677693376.85.jpg","keywords":["Africa Press","Africa Press-Congo Brazzaville","Congo Brazzaville"],"articleSection":["Communaut\u00e9","Toutes les actualit\u00e9s"],"inLanguage":"fr-FR","potentialAction":[{"@type":"CommentAction","name":"Comment","target":["https:\/\/www.africa-press.net\/congo-brazzaville\/toutes-les-actualites\/sante-mentale-creation-en-vue-dun-reseau-de-controle-de-lusage-de-la-drogue#respond"]}]},{"@type":"WebPage","@id":"https:\/\/www.africa-press.net\/congo-brazzaville\/toutes-les-actualites\/sante-mentale-creation-en-vue-dun-reseau-de-controle-de-lusage-de-la-drogue","url":"https:\/\/www.africa-press.net\/congo-brazzaville\/toutes-les-actualites\/sante-mentale-creation-en-vue-dun-reseau-de-controle-de-lusage-de-la-drogue","name":"Sant\u00e9 mentale: cr\u00e9ation en vue d'un r\u00e9seau de contr\u00f4le de l\u2019usage de la drogue - Congo Brazzaville","isPartOf":{"@id":"https:\/\/www.africa-press.net\/congo-brazzaville\/#website"},"primaryImageOfPage":{"@id":"https:\/\/www.africa-press.net\/congo-brazzaville\/toutes-les-actualites\/sante-mentale-creation-en-vue-dun-reseau-de-controle-de-lusage-de-la-drogue#primaryimage"},"image":{"@id":"https:\/\/www.africa-press.net\/congo-brazzaville\/toutes-les-actualites\/sante-mentale-creation-en-vue-dun-reseau-de-controle-de-lusage-de-la-drogue#primaryimage"},"thumbnailUrl":"https:\/\/static.africa-press.net\/congo-brazzaville\/sites\/51\/2023\/03\/postQueueImg_1677693376.85.jpg","datePublished":"2023-03-01T21:26:13+00:00","dateModified":"2023-03-01T22:55:58+00:00","author":{"@id":"https:\/\/www.africa-press.net\/congo-brazzaville\/#\/schema\/person\/2b1cf3cd81a31e3cd26889ca66d677f1"},"description":"Une de\u0301le\u0301gation de l\u2019Union africaine (UA), en charge des questions de lutte contre l\u2019usage de la drogue, se\u0301journe a ...","breadcrumb":{"@id":"https:\/\/www.africa-press.net\/congo-brazzaville\/toutes-les-actualites\/sante-mentale-creation-en-vue-dun-reseau-de-controle-de-lusage-de-la-drogue#breadcrumb"},"inLanguage":"fr-FR","potentialAction":[{"@type":"ReadAction","target":["https:\/\/www.africa-press.net\/congo-brazzaville\/toutes-les-actualites\/sante-mentale-creation-en-vue-dun-reseau-de-controle-de-lusage-de-la-drogue"]}]},{"@type":"ImageObject","inLanguage":"fr-FR","@id":"https:\/\/www.africa-press.net\/congo-brazzaville\/toutes-les-actualites\/sante-mentale-creation-en-vue-dun-reseau-de-controle-de-lusage-de-la-drogue#primaryimage","url":"https:\/\/static.africa-press.net\/congo-brazzaville\/sites\/51\/2023\/03\/postQueueImg_1677693376.85.jpg","contentUrl":"https:\/\/static.africa-press.net\/congo-brazzaville\/sites\/51\/2023\/03\/postQueueImg_1677693376.85.jpg","width":1668,"height":768,"caption":"Sant\u00e9 mentale: cr\u00e9ation en vue d'un r\u00e9seau de contr\u00f4le de l\u2019usage de la drogue"},{"@type":"BreadcrumbList","@id":"https:\/\/www.africa-press.net\/congo-brazzaville\/toutes-les-actualites\/sante-mentale-creation-en-vue-dun-reseau-de-controle-de-lusage-de-la-drogue#breadcrumb","itemListElement":[{"@type":"ListItem","position":1,"name":"Accueil","item":"https:\/\/www.africa-press.net\/congo-brazzaville\/"},{"@type":"ListItem","position":2,"name":"Sant\u00e9 mentale: cr\u00e9ation en vue d&rsquo;un r\u00e9seau de contr\u00f4le de l\u2019usage de la drogue"}]},{"@type":"WebSite","@id":"https:\/\/www.africa-press.net\/congo-brazzaville\/#website","url":"https:\/\/www.africa-press.net\/congo-brazzaville\/","name":"Congo Brazzaville","description":"Just another Africa News Agency Sites site","potentialAction":[{"@type":"SearchAction","target":{"@type":"EntryPoint","urlTemplate":"https:\/\/www.africa-press.net\/congo-brazzaville\/?s={search_term_string}"},"query-input":{"@type":"PropertyValueSpecification","valueRequired":true,"valueName":"search_term_string"}}],"inLanguage":"fr-FR"},{"@type":"Person","@id":"https:\/\/www.africa-press.net\/congo-brazzaville\/#\/schema\/person\/2b1cf3cd81a31e3cd26889ca66d677f1","name":"cfeditorfr"}]}},"_links":{"self":[{"href":"https:\/\/www.africa-press.net\/congo-brazzaville\/wp-json\/wp\/v2\/posts\/15035","targetHints":{"allow":["GET"]}}],"collection":[{"href":"https:\/\/www.africa-press.net\/congo-brazzaville\/wp-json\/wp\/v2\/posts"}],"about":[{"href":"https:\/\/www.africa-press.net\/congo-brazzaville\/wp-json\/wp\/v2\/types\/post"}],"author":[{"embeddable":true,"href":"https:\/\/www.africa-press.net\/congo-brazzaville\/wp-json\/wp\/v2\/users\/82"}],"replies":[{"embeddable":true,"href":"https:\/\/www.africa-press.net\/congo-brazzaville\/wp-json\/wp\/v2\/comments?post=15035"}],"version-history":[{"count":0,"href":"https:\/\/www.africa-press.net\/congo-brazzaville\/wp-json\/wp\/v2\/posts\/15035\/revisions"}],"wp:featuredmedia":[{"embeddable":true,"href":"https:\/\/www.africa-press.net\/congo-brazzaville\/wp-json\/wp\/v2\/media\/15034"}],"wp:attachment":[{"href":"https:\/\/www.africa-press.net\/congo-brazzaville\/wp-json\/wp\/v2\/media?parent=15035"}],"wp:term":[{"taxonomy":"category","embeddable":true,"href":"https:\/\/www.africa-press.net\/congo-brazzaville\/wp-json\/wp\/v2\/categories?post=15035"},{"taxonomy":"post_tag","embeddable":true,"href":"https:\/\/www.africa-press.net\/congo-brazzaville\/wp-json\/wp\/v2\/tags?post=15035"}],"curies":[{"name":"wp","href":"https:\/\/api.w.org\/{rel}","templated":true}]}}