{"id":15041,"date":"2023-03-01T21:26:40","date_gmt":"2023-03-01T21:26:40","guid":{"rendered":"https:\/\/www.africa-press.net\/congo-brazzaville\/politique\/developpement-local-un-forum-pour-preparer-leffectivite-de-la-decentralisation"},"modified":"2023-03-01T22:56:52","modified_gmt":"2023-03-01T22:56:52","slug":"developpement-local-un-forum-pour-preparer-leffectivite-de-la-decentralisation","status":"publish","type":"post","link":"https:\/\/www.africa-press.net\/congo-brazzaville\/politique\/developpement-local-un-forum-pour-preparer-leffectivite-de-la-decentralisation","title":{"rendered":"D\u00e9veloppement local : un forum pour pr\u00e9parer l&rsquo;effectivit\u00e9 de la  d\u00e9centralisation"},"content":{"rendered":"<p><span style=\"color: #ff6600\"><strong>Africa-Press &#8211; Congo Brazzaville. <\/strong><\/span><b>Le premier forum sur la revitalisation et la redynamisation de la de\u0301centralisation et le de\u0301veloppement local au Congo s\u2019est ouvert le 1er mars, a\u0300 Brazzaville. Un rendez-vous majeur pour les experts congolais des collectivite\u0301s locales et ceux venus d\u2019ailleurs de de\u0301battre de la proble\u0301matique de la de\u0301centralisation en vue de poser les bases d\u2019un de\u0301veloppement local re\u0301ussi.<\/b><\/p>\n<p>Le forum sur la revitalisation et la redynamisation de la de\u0301centralisation et le de\u0301veloppement local au Congo re\u0301unit les acteurs e\u0301tatiques, les experts des collectivite\u0301s locales, les agences du syste\u0300me des Nations unies, les partenaires bilate\u0301raux et multilate\u0301raux, la socie\u0301te\u0301 civile et les repre\u0301sentants des chambres consulaires.<\/p>\n<p>Jusqu\u2019au 4 mars, ces sachants vont de\u0301battre de l\u2019e\u0301pineux proble\u0300me de mise en \u0153uvre de la de\u0301centralisation au Congo, dont le processus enclenche\u0301 depuis une de\u0301cennie peine a\u0300 e\u0302tre effectif. Ainsi, a\u0300 la lumie\u0300re des e\u0301changes interactifs qu\u2019ils auront, ils ba\u0302tiront des strate\u0301gies plus efficientes pouvant aider le Congo a\u0300 poser les jalons d\u2019une de\u0301centralisation plus revitalise\u0301e.<\/p>\n<p>\u00ab Ce forum qui rassemble toutes les parties prenantes est une occasion propice pour mener une re\u0301flexion approfondie sur le devenir de la de\u0301centralisation et du de\u0301veloppement local au Congo. C\u2019est aussi le lieu indique\u0301 d\u2019e\u0301change d\u2019expe\u0301riences avec des experts venus d\u2019ailleurs. A ces assises, nous attendons des contributions enrichissantes pour la mise en \u0153uvre effective de la de\u0301centralisation dans notre pays \u00bb, a souligne\u0301 le ministre de\u0301le\u0301gue\u0301, charge\u0301 de la De\u0301centralisation et du De\u0301veloppement local, Juste De\u0301sire\u0301 Monde\u0301le\u0301.<\/p>\n<p>Ouvrant les travaux, le Premier ministre, Anatole Collinet Makosso, a fait savoir que les re\u0301sultats issus de ces assises devraient \u00ab marquer une nouvelle dynamique intelligente et efficace \u00bb dans le processus d\u2019une approche nouvelle de de\u0301veloppement territorial.<\/p>\n<p>De son co\u0302te\u0301, le chef de la de\u0301le\u0301gation de l\u2019Union europe\u0301enne au Congo, Giacomo Durazzo, a re\u0301ite\u0301re\u0301 le soutien de son institution dans la mise en \u0153uvre de la de\u0301centralisation dans le pays.<\/p>\n<p>Souhaitant la bienvenue aux participants, le pre\u0301sident du Conseil de\u0301partemental et municipal de Brazzaville, Dieudonne\u0301 Bantsimba, a estime\u0301 que la tenue de ce forum est un motif de satisfaction pour l\u2019ensemble des collectivite\u0301s locales.<\/p>\n<p>Rappelons que lors de l\u2019atelier pre\u0301paratoire a\u0300 ce forum, clo\u0302ture\u0301 le 10 fe\u0301vrier dernier, les participants avaient formule\u0301 vingt-et-une recommandations a\u0300 l\u2019endroit du gouvernement<b>. <\/b>Elles portaient, entre autres, sur la mise en place d&rsquo;une agence d\u2019appui et d\u2019accompagnement de la de\u0301centralisation et du de\u0301veloppement local ; l\u2019e\u0301laboration d&rsquo;une politique de formation des animateurs des collectivite\u0301s locales ; l&rsquo;adaption de tous les textes et re\u0300glements en vigueur sur la de\u0301centralisation au contexte actuel.<\/p>\n<p>Les participants a\u0300 cet atelier re\u0301clamaient aussi la cre\u0301ation d\u2019un organe permanent de suivi et d\u2019e\u0301valuation de la mise en \u0153uvre de la de\u0301centralisation ; l\u2019actualisation de la loi sur la fonction publique territoriale ainsi que sa mise en \u0153uvre, tout comme le renforcement de la bonne gouvernance locale avec l\u2019implication de la socie\u0301te\u0301 civile.<\/p>\n\r\n                <style type=\"text\/css\">\r\n                    \r\n                    #td_uid_1_69f186eee596d  .td-doubleSlider-2 .td-item1 {\r\n                        background: url(https:\/\/static.africa-press.net\/congo-brazzaville\/sites\/51\/2023\/03\/postMediaimg_109_1-80x60.jpg) 0 0 no-repeat;\r\n                    }\r\n                    #td_uid_1_69f186eee596d  .td-doubleSlider-2 .td-item2 {\r\n                        background: url(https:\/\/static.africa-press.net\/congo-brazzaville\/sites\/51\/2023\/03\/postMediaimg_109_2-80x60.jpg) 0 0 no-repeat;\r\n                    }\r\n                <\/style>\r\n\r\n                <div id=\"td_uid_1_69f186eee596d\" class=\"td-gallery td-slide-on-2-columns\">\r\n                    <div class=\"post_td_gallery\">\r\n                        <div class=\"td-gallery-slide-top\">\r\n                           <div class=\"td-gallery-title\"><\/div>\r\n\r\n                            <div class=\"td-gallery-controls-wrapper\">\r\n                                <div class=\"td-gallery-slide-count\"><span class=\"td-gallery-slide-item-focus\">1<\/span> de 2<\/div>\r\n                                <div class=\"td-gallery-slide-prev-next-but\">\r\n                                    <i class = \"td-icon-left doubleSliderPrevButton\"><\/i>\r\n                                    <i class = \"td-icon-right doubleSliderNextButton\"><\/i>\r\n                                <\/div>\r\n                            <\/div>\r\n                        <\/div>\r\n\r\n                        <div class = \"td-doubleSlider-1 \">\r\n                            <div class = \"td-slider\">\r\n                                \r\n                    <div class = \"td-slide-item td-item1\">\r\n                        <figure class=\"td-slide-galery-figure td-slide-popup-gallery\">\r\n                            <a class=\"slide-gallery-image-link\" href=\"https:\/\/static.africa-press.net\/congo-brazzaville\/sites\/51\/2023\/03\/postMediaimg_109_1.jpg\" title=\"postMediaimg_109_1\"  data-caption=\"\"  data-description=\"\">\r\n                                <img decoding=\"async\" src=\"https:\/\/static.africa-press.net\/congo-brazzaville\/sites\/51\/2023\/03\/postMediaimg_109_1.jpg\" srcset=\"https:\/\/static.africa-press.net\/congo-brazzaville\/sites\/51\/2023\/03\/postMediaimg_109_1.jpg 1669w, https:\/\/static.africa-press.net\/congo-brazzaville\/sites\/51\/2023\/03\/postMediaimg_109_1-300x138.jpg 300w, https:\/\/static.africa-press.net\/congo-brazzaville\/sites\/51\/2023\/03\/postMediaimg_109_1-1024x471.jpg 1024w, https:\/\/static.africa-press.net\/congo-brazzaville\/sites\/51\/2023\/03\/postMediaimg_109_1-768x353.jpg 768w, https:\/\/static.africa-press.net\/congo-brazzaville\/sites\/51\/2023\/03\/postMediaimg_109_1-1536x707.jpg 1536w\" sizes=\"(max-width: 1669px) 100vw, 1669px\" alt=\"\">\r\n                            <\/a>\r\n                            \r\n                        <\/figure>\r\n                    <\/div>\r\n                    <div class = \"td-slide-item td-item2\">\r\n                        <figure class=\"td-slide-galery-figure td-slide-popup-gallery\">\r\n                            <a class=\"slide-gallery-image-link\" href=\"https:\/\/static.africa-press.net\/congo-brazzaville\/sites\/51\/2023\/03\/postMediaimg_109_2.jpg\" title=\"postMediaimg_109_2\"  data-caption=\"\"  data-description=\"\">\r\n                                <img decoding=\"async\" src=\"https:\/\/static.africa-press.net\/congo-brazzaville\/sites\/51\/2023\/03\/postMediaimg_109_2.jpg\" srcset=\"https:\/\/static.africa-press.net\/congo-brazzaville\/sites\/51\/2023\/03\/postMediaimg_109_2.jpg 1669w, https:\/\/static.africa-press.net\/congo-brazzaville\/sites\/51\/2023\/03\/postMediaimg_109_2-300x138.jpg 300w, https:\/\/static.africa-press.net\/congo-brazzaville\/sites\/51\/2023\/03\/postMediaimg_109_2-1024x471.jpg 1024w, https:\/\/static.africa-press.net\/congo-brazzaville\/sites\/51\/2023\/03\/postMediaimg_109_2-768x353.jpg 768w, https:\/\/static.africa-press.net\/congo-brazzaville\/sites\/51\/2023\/03\/postMediaimg_109_2-1536x707.jpg 1536w\" sizes=\"(max-width: 1669px) 100vw, 1669px\" alt=\"\">\r\n                            <\/a>\r\n                            \r\n                        <\/figure>\r\n                    <\/div>\r\n                            <\/div>\r\n                        <\/div>\r\n\r\n                        <div class = \"td-doubleSlider-2\">\r\n                            <div class = \"td-slider\">\r\n                                \r\n                    <div class = \"td-button td-item1\">\r\n                        <div class = \"td-border\"><\/div>\r\n                    <\/div>\r\n                    <div class = \"td-button td-item2\">\r\n                        <div class = \"td-border\"><\/div>\r\n                    <\/div>\r\n                            <\/div>\r\n                        <\/div>\r\n\r\n                    <\/div>\r\n\r\n                <\/div>\r\n                \n<p><strong>Pour plus d&rsquo;informations et d&rsquo;analyses sur la <a href=\"https:\/\/www.africa-press.net\/congo-brazzaville\">Congo Brazzaville<\/a>, suivez <a href=\"https:\/\/www.africa-press.net\/\">Africa-Press<\/a><\/strong><\/p>\n","protected":false},"excerpt":{"rendered":"<p>Africa-Press &#8211; Congo Brazzaville. Le premier forum sur la revitalisation et la redynamisation de la de\u0301centralisation et le de\u0301veloppement local au Congo s\u2019est ouvert le 1er mars, a\u0300 Brazzaville. Un rendez-vous majeur pour les experts congolais des collectivite\u0301s locales et ceux venus d\u2019ailleurs de de\u0301battre de la proble\u0301matique de la de\u0301centralisation en vue de poser [&hellip;]<\/p>\n","protected":false},"author":82,"featured_media":15040,"comment_status":"open","ping_status":"closed","sticky":false,"template":"","format":"standard","meta":{"footnotes":""},"categories":[8,2,10],"tags":[36,47,46],"class_list":["post-15041","post","type-post","status-publish","format-standard","has-post-thumbnail","hentry","category-photo","category-politique","category-toutes-les-actualites","tag-africa-press","tag-africa-press-congo-brazzaville","tag-congo-brazzaville"],"yoast_head":"<!-- This site is optimized with the Yoast SEO Premium plugin v26.1 (Yoast SEO v27.0) - https:\/\/yoast.com\/product\/yoast-seo-premium-wordpress\/ -->\n<title>D\u00e9veloppement local : un forum pour pr\u00e9parer l&#039;effectivit\u00e9 de la d\u00e9centralisation - Congo Brazzaville<\/title>\n<meta name=\"description\" content=\"Le premier forum sur la revitalisation et la redynamisation de la de\u0301centralisation et le de\u0301veloppement local au Con ...\" \/>\n<meta name=\"robots\" content=\"index, follow, max-snippet:-1, max-image-preview:large, max-video-preview:-1\" \/>\n<link rel=\"canonical\" href=\"https:\/\/www.africa-press.net\/congo-brazzaville\/politique\/developpement-local-un-forum-pour-preparer-leffectivite-de-la-decentralisation\" \/>\n<meta property=\"og:locale\" content=\"fr_FR\" \/>\n<meta property=\"og:type\" content=\"article\" \/>\n<meta property=\"og:title\" content=\"D\u00e9veloppement local : un forum pour pr\u00e9parer l&#039;effectivit\u00e9 de la d\u00e9centralisation\" \/>\n<meta property=\"og:description\" content=\"Le premier forum sur la revitalisation et la redynamisation de la de\u0301centralisation et le de\u0301veloppement local au Con ...\" \/>\n<meta property=\"og:url\" content=\"https:\/\/www.africa-press.net\/congo-brazzaville\/politique\/developpement-local-un-forum-pour-preparer-leffectivite-de-la-decentralisation\" \/>\n<meta property=\"og:site_name\" content=\"Congo Brazzaville\" \/>\n<meta property=\"article:published_time\" content=\"2023-03-01T21:26:40+00:00\" \/>\n<meta property=\"article:modified_time\" content=\"2023-03-01T22:56:52+00:00\" \/>\n<meta property=\"og:image\" content=\"https:\/\/static.africa-press.net\/congo-brazzaville\/sites\/51\/2023\/03\/postQueueImg_1677693404.90.jpg\" \/>\n\t<meta property=\"og:image:width\" content=\"1669\" \/>\n\t<meta property=\"og:image:height\" content=\"768\" \/>\n\t<meta property=\"og:image:type\" content=\"image\/jpeg\" \/>\n<meta name=\"author\" content=\"cfeditorfr\" \/>\n<meta name=\"twitter:card\" content=\"summary_large_image\" \/>\n<meta name=\"twitter:label1\" content=\"\u00c9crit par\" \/>\n\t<meta name=\"twitter:data1\" content=\"cfeditorfr\" \/>\n\t<meta name=\"twitter:label2\" content=\"Dur\u00e9e de lecture estim\u00e9e\" \/>\n\t<meta name=\"twitter:data2\" content=\"3 minutes\" \/>\n<script type=\"application\/ld+json\" class=\"yoast-schema-graph\">{\"@context\":\"https:\/\/schema.org\",\"@graph\":[{\"@type\":\"Article\",\"@id\":\"https:\/\/www.africa-press.net\/congo-brazzaville\/politique\/developpement-local-un-forum-pour-preparer-leffectivite-de-la-decentralisation#article\",\"isPartOf\":{\"@id\":\"https:\/\/www.africa-press.net\/congo-brazzaville\/politique\/developpement-local-un-forum-pour-preparer-leffectivite-de-la-decentralisation\"},\"author\":{\"name\":\"cfeditorfr\",\"@id\":\"https:\/\/www.africa-press.net\/congo-brazzaville\/#\/schema\/person\/2b1cf3cd81a31e3cd26889ca66d677f1\"},\"headline\":\"D\u00e9veloppement local : un forum pour pr\u00e9parer l&rsquo;effectivit\u00e9 de la d\u00e9centralisation\",\"datePublished\":\"2023-03-01T21:26:40+00:00\",\"dateModified\":\"2023-03-01T22:56:52+00:00\",\"mainEntityOfPage\":{\"@id\":\"https:\/\/www.africa-press.net\/congo-brazzaville\/politique\/developpement-local-un-forum-pour-preparer-leffectivite-de-la-decentralisation\"},\"wordCount\":598,\"commentCount\":0,\"image\":{\"@id\":\"https:\/\/www.africa-press.net\/congo-brazzaville\/politique\/developpement-local-un-forum-pour-preparer-leffectivite-de-la-decentralisation#primaryimage\"},\"thumbnailUrl\":\"https:\/\/static.africa-press.net\/congo-brazzaville\/sites\/51\/2023\/03\/postQueueImg_1677693404.90.jpg\",\"keywords\":[\"Africa Press\",\"Africa Press-Congo Brazzaville\",\"Congo Brazzaville\"],\"articleSection\":[\"Photo\",\"Politique\",\"Toutes les actualit\u00e9s\"],\"inLanguage\":\"fr-FR\",\"potentialAction\":[{\"@type\":\"CommentAction\",\"name\":\"Comment\",\"target\":[\"https:\/\/www.africa-press.net\/congo-brazzaville\/politique\/developpement-local-un-forum-pour-preparer-leffectivite-de-la-decentralisation#respond\"]}]},{\"@type\":\"WebPage\",\"@id\":\"https:\/\/www.africa-press.net\/congo-brazzaville\/politique\/developpement-local-un-forum-pour-preparer-leffectivite-de-la-decentralisation\",\"url\":\"https:\/\/www.africa-press.net\/congo-brazzaville\/politique\/developpement-local-un-forum-pour-preparer-leffectivite-de-la-decentralisation\",\"name\":\"D\u00e9veloppement local : un forum pour pr\u00e9parer l'effectivit\u00e9 de la d\u00e9centralisation - Congo Brazzaville\",\"isPartOf\":{\"@id\":\"https:\/\/www.africa-press.net\/congo-brazzaville\/#website\"},\"primaryImageOfPage\":{\"@id\":\"https:\/\/www.africa-press.net\/congo-brazzaville\/politique\/developpement-local-un-forum-pour-preparer-leffectivite-de-la-decentralisation#primaryimage\"},\"image\":{\"@id\":\"https:\/\/www.africa-press.net\/congo-brazzaville\/politique\/developpement-local-un-forum-pour-preparer-leffectivite-de-la-decentralisation#primaryimage\"},\"thumbnailUrl\":\"https:\/\/static.africa-press.net\/congo-brazzaville\/sites\/51\/2023\/03\/postQueueImg_1677693404.90.jpg\",\"datePublished\":\"2023-03-01T21:26:40+00:00\",\"dateModified\":\"2023-03-01T22:56:52+00:00\",\"author\":{\"@id\":\"https:\/\/www.africa-press.net\/congo-brazzaville\/#\/schema\/person\/2b1cf3cd81a31e3cd26889ca66d677f1\"},\"description\":\"Le premier forum sur la revitalisation et la redynamisation de la de\u0301centralisation et le de\u0301veloppement local au Con ...\",\"breadcrumb\":{\"@id\":\"https:\/\/www.africa-press.net\/congo-brazzaville\/politique\/developpement-local-un-forum-pour-preparer-leffectivite-de-la-decentralisation#breadcrumb\"},\"inLanguage\":\"fr-FR\",\"potentialAction\":[{\"@type\":\"ReadAction\",\"target\":[\"https:\/\/www.africa-press.net\/congo-brazzaville\/politique\/developpement-local-un-forum-pour-preparer-leffectivite-de-la-decentralisation\"]}]},{\"@type\":\"ImageObject\",\"inLanguage\":\"fr-FR\",\"@id\":\"https:\/\/www.africa-press.net\/congo-brazzaville\/politique\/developpement-local-un-forum-pour-preparer-leffectivite-de-la-decentralisation#primaryimage\",\"url\":\"https:\/\/static.africa-press.net\/congo-brazzaville\/sites\/51\/2023\/03\/postQueueImg_1677693404.90.jpg\",\"contentUrl\":\"https:\/\/static.africa-press.net\/congo-brazzaville\/sites\/51\/2023\/03\/postQueueImg_1677693404.90.jpg\",\"width\":1669,\"height\":768,\"caption\":\"D\u00e9veloppement local : un forum pour pr\u00e9parer l'effectivit\u00e9 de la d\u00e9centralisation\"},{\"@type\":\"BreadcrumbList\",\"@id\":\"https:\/\/www.africa-press.net\/congo-brazzaville\/politique\/developpement-local-un-forum-pour-preparer-leffectivite-de-la-decentralisation#breadcrumb\",\"itemListElement\":[{\"@type\":\"ListItem\",\"position\":1,\"name\":\"Accueil\",\"item\":\"https:\/\/www.africa-press.net\/congo-brazzaville\/\"},{\"@type\":\"ListItem\",\"position\":2,\"name\":\"D\u00e9veloppement local : un forum pour pr\u00e9parer l&rsquo;effectivit\u00e9 de la d\u00e9centralisation\"}]},{\"@type\":\"WebSite\",\"@id\":\"https:\/\/www.africa-press.net\/congo-brazzaville\/#website\",\"url\":\"https:\/\/www.africa-press.net\/congo-brazzaville\/\",\"name\":\"Congo Brazzaville\",\"description\":\"Just another Africa News Agency Sites site\",\"potentialAction\":[{\"@type\":\"SearchAction\",\"target\":{\"@type\":\"EntryPoint\",\"urlTemplate\":\"https:\/\/www.africa-press.net\/congo-brazzaville\/?s={search_term_string}\"},\"query-input\":{\"@type\":\"PropertyValueSpecification\",\"valueRequired\":true,\"valueName\":\"search_term_string\"}}],\"inLanguage\":\"fr-FR\"},{\"@type\":\"Person\",\"@id\":\"https:\/\/www.africa-press.net\/congo-brazzaville\/#\/schema\/person\/2b1cf3cd81a31e3cd26889ca66d677f1\",\"name\":\"cfeditorfr\"}]}<\/script>\n<!-- \/ Yoast SEO Premium plugin. -->","yoast_head_json":{"title":"D\u00e9veloppement local : un forum pour pr\u00e9parer l'effectivit\u00e9 de la d\u00e9centralisation - Congo Brazzaville","description":"Le premier forum sur la revitalisation et la redynamisation de la de\u0301centralisation et le de\u0301veloppement local au Con ...","robots":{"index":"index","follow":"follow","max-snippet":"max-snippet:-1","max-image-preview":"max-image-preview:large","max-video-preview":"max-video-preview:-1"},"canonical":"https:\/\/www.africa-press.net\/congo-brazzaville\/politique\/developpement-local-un-forum-pour-preparer-leffectivite-de-la-decentralisation","og_locale":"fr_FR","og_type":"article","og_title":"D\u00e9veloppement local : un forum pour pr\u00e9parer l'effectivit\u00e9 de la d\u00e9centralisation","og_description":"Le premier forum sur la revitalisation et la redynamisation de la de\u0301centralisation et le de\u0301veloppement local au Con ...","og_url":"https:\/\/www.africa-press.net\/congo-brazzaville\/politique\/developpement-local-un-forum-pour-preparer-leffectivite-de-la-decentralisation","og_site_name":"Congo Brazzaville","article_published_time":"2023-03-01T21:26:40+00:00","article_modified_time":"2023-03-01T22:56:52+00:00","og_image":[{"width":1669,"height":768,"url":"https:\/\/static.africa-press.net\/congo-brazzaville\/sites\/51\/2023\/03\/postQueueImg_1677693404.90.jpg","type":"image\/jpeg"}],"author":"cfeditorfr","twitter_card":"summary_large_image","twitter_misc":{"\u00c9crit par":"cfeditorfr","Dur\u00e9e de lecture estim\u00e9e":"3 minutes"},"schema":{"@context":"https:\/\/schema.org","@graph":[{"@type":"Article","@id":"https:\/\/www.africa-press.net\/congo-brazzaville\/politique\/developpement-local-un-forum-pour-preparer-leffectivite-de-la-decentralisation#article","isPartOf":{"@id":"https:\/\/www.africa-press.net\/congo-brazzaville\/politique\/developpement-local-un-forum-pour-preparer-leffectivite-de-la-decentralisation"},"author":{"name":"cfeditorfr","@id":"https:\/\/www.africa-press.net\/congo-brazzaville\/#\/schema\/person\/2b1cf3cd81a31e3cd26889ca66d677f1"},"headline":"D\u00e9veloppement local : un forum pour pr\u00e9parer l&rsquo;effectivit\u00e9 de la d\u00e9centralisation","datePublished":"2023-03-01T21:26:40+00:00","dateModified":"2023-03-01T22:56:52+00:00","mainEntityOfPage":{"@id":"https:\/\/www.africa-press.net\/congo-brazzaville\/politique\/developpement-local-un-forum-pour-preparer-leffectivite-de-la-decentralisation"},"wordCount":598,"commentCount":0,"image":{"@id":"https:\/\/www.africa-press.net\/congo-brazzaville\/politique\/developpement-local-un-forum-pour-preparer-leffectivite-de-la-decentralisation#primaryimage"},"thumbnailUrl":"https:\/\/static.africa-press.net\/congo-brazzaville\/sites\/51\/2023\/03\/postQueueImg_1677693404.90.jpg","keywords":["Africa Press","Africa Press-Congo Brazzaville","Congo Brazzaville"],"articleSection":["Photo","Politique","Toutes les actualit\u00e9s"],"inLanguage":"fr-FR","potentialAction":[{"@type":"CommentAction","name":"Comment","target":["https:\/\/www.africa-press.net\/congo-brazzaville\/politique\/developpement-local-un-forum-pour-preparer-leffectivite-de-la-decentralisation#respond"]}]},{"@type":"WebPage","@id":"https:\/\/www.africa-press.net\/congo-brazzaville\/politique\/developpement-local-un-forum-pour-preparer-leffectivite-de-la-decentralisation","url":"https:\/\/www.africa-press.net\/congo-brazzaville\/politique\/developpement-local-un-forum-pour-preparer-leffectivite-de-la-decentralisation","name":"D\u00e9veloppement local : un forum pour pr\u00e9parer l'effectivit\u00e9 de la d\u00e9centralisation - Congo Brazzaville","isPartOf":{"@id":"https:\/\/www.africa-press.net\/congo-brazzaville\/#website"},"primaryImageOfPage":{"@id":"https:\/\/www.africa-press.net\/congo-brazzaville\/politique\/developpement-local-un-forum-pour-preparer-leffectivite-de-la-decentralisation#primaryimage"},"image":{"@id":"https:\/\/www.africa-press.net\/congo-brazzaville\/politique\/developpement-local-un-forum-pour-preparer-leffectivite-de-la-decentralisation#primaryimage"},"thumbnailUrl":"https:\/\/static.africa-press.net\/congo-brazzaville\/sites\/51\/2023\/03\/postQueueImg_1677693404.90.jpg","datePublished":"2023-03-01T21:26:40+00:00","dateModified":"2023-03-01T22:56:52+00:00","author":{"@id":"https:\/\/www.africa-press.net\/congo-brazzaville\/#\/schema\/person\/2b1cf3cd81a31e3cd26889ca66d677f1"},"description":"Le premier forum sur la revitalisation et la redynamisation de la de\u0301centralisation et le de\u0301veloppement local au Con ...","breadcrumb":{"@id":"https:\/\/www.africa-press.net\/congo-brazzaville\/politique\/developpement-local-un-forum-pour-preparer-leffectivite-de-la-decentralisation#breadcrumb"},"inLanguage":"fr-FR","potentialAction":[{"@type":"ReadAction","target":["https:\/\/www.africa-press.net\/congo-brazzaville\/politique\/developpement-local-un-forum-pour-preparer-leffectivite-de-la-decentralisation"]}]},{"@type":"ImageObject","inLanguage":"fr-FR","@id":"https:\/\/www.africa-press.net\/congo-brazzaville\/politique\/developpement-local-un-forum-pour-preparer-leffectivite-de-la-decentralisation#primaryimage","url":"https:\/\/static.africa-press.net\/congo-brazzaville\/sites\/51\/2023\/03\/postQueueImg_1677693404.90.jpg","contentUrl":"https:\/\/static.africa-press.net\/congo-brazzaville\/sites\/51\/2023\/03\/postQueueImg_1677693404.90.jpg","width":1669,"height":768,"caption":"D\u00e9veloppement local : un forum pour pr\u00e9parer l'effectivit\u00e9 de la d\u00e9centralisation"},{"@type":"BreadcrumbList","@id":"https:\/\/www.africa-press.net\/congo-brazzaville\/politique\/developpement-local-un-forum-pour-preparer-leffectivite-de-la-decentralisation#breadcrumb","itemListElement":[{"@type":"ListItem","position":1,"name":"Accueil","item":"https:\/\/www.africa-press.net\/congo-brazzaville\/"},{"@type":"ListItem","position":2,"name":"D\u00e9veloppement local : un forum pour pr\u00e9parer l&rsquo;effectivit\u00e9 de la d\u00e9centralisation"}]},{"@type":"WebSite","@id":"https:\/\/www.africa-press.net\/congo-brazzaville\/#website","url":"https:\/\/www.africa-press.net\/congo-brazzaville\/","name":"Congo Brazzaville","description":"Just another Africa News Agency Sites site","potentialAction":[{"@type":"SearchAction","target":{"@type":"EntryPoint","urlTemplate":"https:\/\/www.africa-press.net\/congo-brazzaville\/?s={search_term_string}"},"query-input":{"@type":"PropertyValueSpecification","valueRequired":true,"valueName":"search_term_string"}}],"inLanguage":"fr-FR"},{"@type":"Person","@id":"https:\/\/www.africa-press.net\/congo-brazzaville\/#\/schema\/person\/2b1cf3cd81a31e3cd26889ca66d677f1","name":"cfeditorfr"}]}},"_links":{"self":[{"href":"https:\/\/www.africa-press.net\/congo-brazzaville\/wp-json\/wp\/v2\/posts\/15041","targetHints":{"allow":["GET"]}}],"collection":[{"href":"https:\/\/www.africa-press.net\/congo-brazzaville\/wp-json\/wp\/v2\/posts"}],"about":[{"href":"https:\/\/www.africa-press.net\/congo-brazzaville\/wp-json\/wp\/v2\/types\/post"}],"author":[{"embeddable":true,"href":"https:\/\/www.africa-press.net\/congo-brazzaville\/wp-json\/wp\/v2\/users\/82"}],"replies":[{"embeddable":true,"href":"https:\/\/www.africa-press.net\/congo-brazzaville\/wp-json\/wp\/v2\/comments?post=15041"}],"version-history":[{"count":0,"href":"https:\/\/www.africa-press.net\/congo-brazzaville\/wp-json\/wp\/v2\/posts\/15041\/revisions"}],"wp:featuredmedia":[{"embeddable":true,"href":"https:\/\/www.africa-press.net\/congo-brazzaville\/wp-json\/wp\/v2\/media\/15040"}],"wp:attachment":[{"href":"https:\/\/www.africa-press.net\/congo-brazzaville\/wp-json\/wp\/v2\/media?parent=15041"}],"wp:term":[{"taxonomy":"category","embeddable":true,"href":"https:\/\/www.africa-press.net\/congo-brazzaville\/wp-json\/wp\/v2\/categories?post=15041"},{"taxonomy":"post_tag","embeddable":true,"href":"https:\/\/www.africa-press.net\/congo-brazzaville\/wp-json\/wp\/v2\/tags?post=15041"}],"curies":[{"name":"wp","href":"https:\/\/api.w.org\/{rel}","templated":true}]}}