{"id":15043,"date":"2023-03-01T21:26:52","date_gmt":"2023-03-01T21:26:52","guid":{"rendered":"https:\/\/www.africa-press.net\/congo-brazzaville\/politique\/communications-electroniques-lenvol-socio-economique-de-mouindi-grace-au-telephone"},"modified":"2023-03-01T22:57:54","modified_gmt":"2023-03-01T22:57:54","slug":"communications-electroniques-lenvol-socio-economique-de-mouindi-grace-au-telephone","status":"publish","type":"post","link":"https:\/\/www.africa-press.net\/congo-brazzaville\/economie\/communications-electroniques-lenvol-socio-economique-de-mouindi-grace-au-telephone","title":{"rendered":"Communications \u00e9lectroniques : l\u2019envol socio-\u00e9conomique de Mouindi gr\u00e2ce au t\u00e9l\u00e9phone"},"content":{"rendered":"<p><span style=\"color: #ff6600\"><strong>Africa-Press &#8211; Congo Brazzaville. <\/strong><\/span><b>Avec des atouts agricoles et marchands, la localite\u0301 de Mouindi, dans le de\u0301partement de la Bouenza, retrouve peu a\u0300 peu le chemin de l\u2019essor socio-e\u0301conomique gra\u0302ce au Fonds pour l\u2019acce\u0300s et le service universel des communications e\u0301lectroniques (Fasuce) qui y transcende, par le biais de la te\u0301le\u0301phonie mobile, un re\u0301el impact de de\u0301veloppement.<\/b><\/p>\n<p>A l\u2019entre\u0301e de Mouindi, au milieu du marche\u0301 principal quelque peu maussade le vendredi, un gros ve\u0301hicule charge des sacs de foufou en partance pour Pointe-Noire. Les expe\u0301diteurs sont de jeunes agriculteurs de la localite\u0301 d\u2019environ 4 000 a\u0302mes, situe\u0301e a\u0300 environ 60 km de Dolisie, la troisie\u0300me ville du pays. S\u2019ils se fe\u0301licitent de ce que les commandes ont eu lieu au te\u0301le\u0301phone, en me\u0302me temps que les paiements effectue\u0301s par mobile money sans altercation, ils saluent l\u2019e\u0301quipement installe\u0301 depuis deux ans par le Fasuce gra\u0302ce auquel ils arrivent a\u0300 expe\u0301dier trois ve\u0301hicules par semaine avec environ 200 a\u0300 300 sacs.<\/p>\n<p>Grace a\u0300 cette infrastructure, qui donne acce\u0300s a\u0300 la voix, SMS et a\u0300 la data a\u0300 partir d\u2019un re\u0301seau de 2.75G, appele\u0301 edge, la population de Mouindi, isole\u0301e hier car de\u0301pourvue de communications e\u0301lectroniques, surfe aise\u0301ment a\u0300 la te\u0301le\u0301phonie mobile et est connecte\u0301e au reste du monde. L\u2019antenne, visible sur la place du marche\u0301, alimente\u0301e par des panneaux solaires pour pallier les coupures de l\u2019e\u0301lectricite\u0301, a cre\u0301e\u0301 un ve\u0301ritable engouement e\u0301conomique dans la localite\u0301.<\/p>\n<p>Non loin de la\u0300, sur cette avenue principale, Christine, la quarantaine re\u0301volue, a vu sa petite pharmacie de produits Shalina e\u0302tre bien remplie gra\u0302ce au partenariat plus fluide avec ses fournisseurs via le te\u0301le\u0301phone. \u00ab Je ne me de\u0301place plus pour Dolisie ou Pointe-Noire afin de passer les commandes. J\u2019envoie l\u2019argent par Momo, et ils m\u2019envoient les produits. Je fais des e\u0301conomies \u00bb, explique-t-elle.<\/p>\n<p>Mouindi est passe\u0301 d\u2019un seul kiosque mobile money a\u0300 cinq aujourd\u2019hui depuis l\u2019installation de l\u2019antenne Fasuce. Lewis Koudimba, alias Castro, est l\u2019un des de\u0301tenteurs de ces enseignes de\u0301sormais tre\u0300s fre\u0301quente\u0301es. Avec sourire, il explique comment son activite\u0301 a vu son chiffre d\u2019affaires grimpe\u0301 de 30%, essentiellement par des de\u0301po\u0302ts d\u2019argent que re\u0301alise toutes les semaines la vente des produits agricoles, dont le foufou. La vente du cre\u0301dit te\u0301le\u0301phonique a e\u0301galement augmente\u0301 de 40%, selon le jeune commerc\u0327ant qui explique ce boom par l\u2019augmentation de l\u2019utilisation du te\u0301le\u0301phone.<\/p>\n<p>Des informations certifie\u0301es quelques minutes plus tard par le secre\u0301taire ge\u0301ne\u0301ral de ce village, Jean Serge Ndombe\u0301, un ancien retraite\u0301 de la Fonction publique qui s\u2019adonne de\u0301somais aux travaux champe\u0302tres dans sa localite\u0301. \u00ab Le village est a\u0300 vocation agricole depuis fort longtemps. L\u2019antenne Fasuce a fait en sorte que chaque me\u0301nage posse\u0300de au moins un te\u0301le\u0301phone. Cela cre\u0301e e\u0301videment un impact socio-e\u0301conomique, car la population peut re\u0301aliser ce qui e\u0301tait impossible hier. Avant, le re\u0301seau n\u2019e\u0301tait pas permanent. Il fallait se de\u0301placer plus loin pour trouver le signal \u00bb, dit-il.<\/p>\n<p><b>Un re\u0301seau salue\u0301 mais mitige\u0301<\/b><\/p>\n<p>Me\u0302me si l\u2019impact positif de l\u2019antenne Fasuce est re\u0301el a\u0300 Mouindi, il n\u2019en demeure pas moins que la population re\u0301clame plus de capacite\u0301s et de stabilite\u0301 du re\u0301seau. Animateur dans une petite discothe\u0300que de la localite\u0301, Severin Mboungou se plaint de l\u2019intermittence du re\u0301seau. \u00ab Parfois, il est difficile de joindre une personne qui est situe\u0301e entre deux et trois kilome\u0300tres du centre du village \u00bb, avance-t-il, devant l\u2019antenne qu\u2019il montre du doigt.<\/p>\n<p>Severin n\u2019est pas seul a\u0300 faire la remarque. Jean Serge Ndombe\u0301 n\u2019a pas pu joindre le pre\u0301sident du village se trouvant aux champs, situe\u0301s a\u0300 quelques trois kilome\u0300tres du village. \u00ab Il faut souvent insister, me\u0302me dans ce rayon du centre de la localite\u0301, il arrive qu\u2019on ne peut pas joindre facilement une personne \u00bb, souligne-t-il.<\/p>\n<p>Evoquant les causes de cette \u00ab saturation \u00bb du re\u0301seau, le secre\u0301taire ge\u0301ne\u0301ral du village pointe du doigt l\u2019augmentation de l\u2019utilisation du te\u0301le\u0301phone. \u00ab Au de\u0301but de l\u2019installation de l\u2019antenne, nous n\u2019avons pas connu ces difficulte\u0301s. Or, maintenant tout le monde posse\u0300de un te\u0301le\u0301phone qui est devenu l\u2019outil principal de communication \u00bb, pre\u0301cise-t-il.<\/p>\n<p>Ce qui est su\u0302r, la population de Mouindi, qui savoure les bienfaits de la te\u0301le\u0301phonie mobile, veut plus de services de ce programme initie\u0301 par le gouvernement et lance\u0301 en 2020. Le Fasuce promeut une politique d\u2019inclusion nume\u0301rique au profit des communaute\u0301s rurales et d\u2019autres couches de\u0301favorise\u0301es de la population, afin qu\u2019elles be\u0301ne\u0301ficient des me\u0302mes opportunite\u0301s.<\/p>\n<p>A l\u2019heure ou\u0300 les pouvoirs publics sont confronte\u0301s au proble\u0300me de financement des zones rurales isole\u0301es et d\u2019acce\u0300s difficile par les ope\u0301rateurs, ce programme est une re\u0301ponse concre\u0300te pour permettre a\u0300 chaque Congolais d\u2019acce\u0301der a\u0300 un minimum de services de communications e\u0301lectroniques, voix et donne\u0301es, a\u0300 des tarifs abordables et non discriminatoires quelle que soit sa localisation ge\u0301ographique.<\/p>\n<p>En tant qu\u2019organe de gestion, l\u2019Agence de re\u0301gulation des postes et des communications e\u0301lectroniques (ARPCE) a re\u0301ussi en deux ans, avec ses partenaires, a\u0300 connecter des milliers de localite\u0301s entie\u0300res, du nord au sud du pays, conside\u0301re\u0301es hier comme des \u00ab\u00a0zones blanches\u00a0\u00bb car de\u0301pourvues d\u2019infrastructures essentielles de communications.<\/p>\n<p>Cette anne\u0301e, le projet annonce une plus grande connectivite\u0301 des localite\u0301s. Les sites pre\u0301alablement construits en 2G seront convertis en technologie 3G, pour permettre des de\u0301bits internet plus importants et l\u2019entre\u0301e de technologies et services innovants. Une annonce qui re\u0301jouirait la population de Mouindi, laquelle espe\u0300re avoir un internet plus fiable et utile, notamment pour les e\u0301le\u0300ves car la localite\u0301, dont ils souhaitent e\u0302tre transforme\u0301 en commune urbaine, posse\u0300de une e\u0301cole primaire et un colle\u0300ge d\u2019enseignement ge\u0301ne\u0301ral. \u00ab C\u2019est en cela que le Fasuce, avec l\u2019appui de la Banque mondiale qui nous a confie\u0301 l\u2019exe\u0301cution de la plus grande composante du Projet d&rsquo;acce\u0301le\u0301ration de la transformation nume\u0301rique au Congo (PATN), va devoir connecter encore plus de localite\u0301s enclave\u0301es dites zones blanches, des centres d\u2019inte\u0301re\u0302t public, des e\u0301tablissements scolaires et universitaires et interconnecter les administrations \u00bb, a re\u0301cemment souligne\u0301 Louis-Marc Sakala, directeur ge\u0301ne\u0301ral de l\u2019ARPCE et gestionnaire du Fonds.<\/p>\n<p>D\u2019ici a\u0300 cinq ans, le projet, sous le prisme du PATN, entend moderniser le cadre re\u0301glementaire des communications e\u0301lectroniques, connecter plus de 100 e\u0301coles et 45 bureaux de poste. Le Fasuce vise, en effet, a\u0300 impacter le quotidien de plus de deux millions de personnes, en re\u0301duisant la fracture nume\u0301rique dans les zones de\u0301favorise\u0301es aupre\u0300s de la population a\u0300 faible revenu ou vivant avec handicap.<\/p>\n<p><strong>Pour plus d&rsquo;informations et d&rsquo;analyses sur la <a href=\"https:\/\/www.africa-press.net\/congo-brazzaville\">Congo Brazzaville<\/a>, suivez <a href=\"https:\/\/www.africa-press.net\/\">Africa-Press<\/a><\/strong><\/p>\n","protected":false},"excerpt":{"rendered":"<p>Africa-Press &#8211; Congo Brazzaville. Avec des atouts agricoles et marchands, la localite\u0301 de Mouindi, dans le de\u0301partement de la Bouenza, retrouve peu a\u0300 peu le chemin de l\u2019essor socio-e\u0301conomique gra\u0302ce au Fonds pour l\u2019acce\u0300s et le service universel des communications e\u0301lectroniques (Fasuce) qui y transcende, par le biais de la te\u0301le\u0301phonie mobile, un re\u0301el impact [&hellip;]<\/p>\n","protected":false},"author":82,"featured_media":15042,"comment_status":"open","ping_status":"closed","sticky":false,"template":"","format":"standard","meta":{"footnotes":""},"categories":[3,10],"tags":[36,47,46],"class_list":["post-15043","post","type-post","status-publish","format-standard","has-post-thumbnail","hentry","category-economie","category-toutes-les-actualites","tag-africa-press","tag-africa-press-congo-brazzaville","tag-congo-brazzaville"],"yoast_head":"<!-- This site is optimized with the Yoast SEO Premium plugin v26.1 (Yoast SEO v27.0) - https:\/\/yoast.com\/product\/yoast-seo-premium-wordpress\/ -->\n<title>Communications \u00e9lectroniques : l\u2019envol socio-\u00e9conomique de Mouindi gr\u00e2ce au t\u00e9l\u00e9phone - Congo Brazzaville<\/title>\n<meta name=\"description\" content=\"Avec des atouts agricoles et marchands, la localite\u0301 de Mouindi, dans le de\u0301partement de la Bouenza, retrouve peu a\u0300 ...\" \/>\n<meta name=\"robots\" content=\"index, follow, max-snippet:-1, max-image-preview:large, max-video-preview:-1\" \/>\n<link rel=\"canonical\" href=\"https:\/\/www.africa-press.net\/congo-brazzaville\/economie\/communications-electroniques-lenvol-socio-economique-de-mouindi-grace-au-telephone\" \/>\n<meta property=\"og:locale\" content=\"fr_FR\" \/>\n<meta property=\"og:type\" content=\"article\" \/>\n<meta property=\"og:title\" content=\"Communications \u00e9lectroniques : l\u2019envol socio-\u00e9conomique de Mouindi gr\u00e2ce au t\u00e9l\u00e9phone\" \/>\n<meta property=\"og:description\" content=\"Avec des atouts agricoles et marchands, la localite\u0301 de Mouindi, dans le de\u0301partement de la Bouenza, retrouve peu a\u0300 ...\" \/>\n<meta property=\"og:url\" content=\"https:\/\/www.africa-press.net\/congo-brazzaville\/economie\/communications-electroniques-lenvol-socio-economique-de-mouindi-grace-au-telephone\" \/>\n<meta property=\"og:site_name\" content=\"Congo Brazzaville\" \/>\n<meta property=\"article:published_time\" content=\"2023-03-01T21:26:52+00:00\" \/>\n<meta property=\"article:modified_time\" content=\"2023-03-01T22:57:54+00:00\" \/>\n<meta property=\"og:image\" content=\"https:\/\/static.africa-press.net\/congo-brazzaville\/sites\/51\/2023\/03\/postQueueImg_1677693418.60.jpg\" \/>\n\t<meta property=\"og:image:width\" content=\"1152\" \/>\n\t<meta property=\"og:image:height\" content=\"768\" \/>\n\t<meta property=\"og:image:type\" content=\"image\/jpeg\" \/>\n<meta name=\"author\" content=\"cfeditorfr\" \/>\n<meta name=\"twitter:card\" content=\"summary_large_image\" \/>\n<meta name=\"twitter:label1\" content=\"\u00c9crit par\" \/>\n\t<meta name=\"twitter:data1\" content=\"cfeditorfr\" \/>\n\t<meta name=\"twitter:label2\" content=\"Dur\u00e9e de lecture estim\u00e9e\" \/>\n\t<meta name=\"twitter:data2\" content=\"6 minutes\" \/>\n<script type=\"application\/ld+json\" class=\"yoast-schema-graph\">{\"@context\":\"https:\/\/schema.org\",\"@graph\":[{\"@type\":\"Article\",\"@id\":\"https:\/\/www.africa-press.net\/congo-brazzaville\/economie\/communications-electroniques-lenvol-socio-economique-de-mouindi-grace-au-telephone#article\",\"isPartOf\":{\"@id\":\"https:\/\/www.africa-press.net\/congo-brazzaville\/economie\/communications-electroniques-lenvol-socio-economique-de-mouindi-grace-au-telephone\"},\"author\":{\"name\":\"cfeditorfr\",\"@id\":\"https:\/\/www.africa-press.net\/congo-brazzaville\/#\/schema\/person\/2b1cf3cd81a31e3cd26889ca66d677f1\"},\"headline\":\"Communications \u00e9lectroniques : l\u2019envol socio-\u00e9conomique de Mouindi gr\u00e2ce au t\u00e9l\u00e9phone\",\"datePublished\":\"2023-03-01T21:26:52+00:00\",\"dateModified\":\"2023-03-01T22:57:54+00:00\",\"mainEntityOfPage\":{\"@id\":\"https:\/\/www.africa-press.net\/congo-brazzaville\/economie\/communications-electroniques-lenvol-socio-economique-de-mouindi-grace-au-telephone\"},\"wordCount\":1266,\"commentCount\":0,\"image\":{\"@id\":\"https:\/\/www.africa-press.net\/congo-brazzaville\/economie\/communications-electroniques-lenvol-socio-economique-de-mouindi-grace-au-telephone#primaryimage\"},\"thumbnailUrl\":\"https:\/\/static.africa-press.net\/congo-brazzaville\/sites\/51\/2023\/03\/postQueueImg_1677693418.60.jpg\",\"keywords\":[\"Africa Press\",\"Africa Press-Congo Brazzaville\",\"Congo Brazzaville\"],\"articleSection\":[\"\u00c9conomie\",\"Toutes les actualit\u00e9s\"],\"inLanguage\":\"fr-FR\",\"potentialAction\":[{\"@type\":\"CommentAction\",\"name\":\"Comment\",\"target\":[\"https:\/\/www.africa-press.net\/congo-brazzaville\/economie\/communications-electroniques-lenvol-socio-economique-de-mouindi-grace-au-telephone#respond\"]}]},{\"@type\":\"WebPage\",\"@id\":\"https:\/\/www.africa-press.net\/congo-brazzaville\/economie\/communications-electroniques-lenvol-socio-economique-de-mouindi-grace-au-telephone\",\"url\":\"https:\/\/www.africa-press.net\/congo-brazzaville\/economie\/communications-electroniques-lenvol-socio-economique-de-mouindi-grace-au-telephone\",\"name\":\"Communications \u00e9lectroniques : l\u2019envol socio-\u00e9conomique de Mouindi gr\u00e2ce au t\u00e9l\u00e9phone - Congo Brazzaville\",\"isPartOf\":{\"@id\":\"https:\/\/www.africa-press.net\/congo-brazzaville\/#website\"},\"primaryImageOfPage\":{\"@id\":\"https:\/\/www.africa-press.net\/congo-brazzaville\/economie\/communications-electroniques-lenvol-socio-economique-de-mouindi-grace-au-telephone#primaryimage\"},\"image\":{\"@id\":\"https:\/\/www.africa-press.net\/congo-brazzaville\/economie\/communications-electroniques-lenvol-socio-economique-de-mouindi-grace-au-telephone#primaryimage\"},\"thumbnailUrl\":\"https:\/\/static.africa-press.net\/congo-brazzaville\/sites\/51\/2023\/03\/postQueueImg_1677693418.60.jpg\",\"datePublished\":\"2023-03-01T21:26:52+00:00\",\"dateModified\":\"2023-03-01T22:57:54+00:00\",\"author\":{\"@id\":\"https:\/\/www.africa-press.net\/congo-brazzaville\/#\/schema\/person\/2b1cf3cd81a31e3cd26889ca66d677f1\"},\"description\":\"Avec des atouts agricoles et marchands, la localite\u0301 de Mouindi, dans le de\u0301partement de la Bouenza, retrouve peu a\u0300 ...\",\"breadcrumb\":{\"@id\":\"https:\/\/www.africa-press.net\/congo-brazzaville\/economie\/communications-electroniques-lenvol-socio-economique-de-mouindi-grace-au-telephone#breadcrumb\"},\"inLanguage\":\"fr-FR\",\"potentialAction\":[{\"@type\":\"ReadAction\",\"target\":[\"https:\/\/www.africa-press.net\/congo-brazzaville\/economie\/communications-electroniques-lenvol-socio-economique-de-mouindi-grace-au-telephone\"]}]},{\"@type\":\"ImageObject\",\"inLanguage\":\"fr-FR\",\"@id\":\"https:\/\/www.africa-press.net\/congo-brazzaville\/economie\/communications-electroniques-lenvol-socio-economique-de-mouindi-grace-au-telephone#primaryimage\",\"url\":\"https:\/\/static.africa-press.net\/congo-brazzaville\/sites\/51\/2023\/03\/postQueueImg_1677693418.60.jpg\",\"contentUrl\":\"https:\/\/static.africa-press.net\/congo-brazzaville\/sites\/51\/2023\/03\/postQueueImg_1677693418.60.jpg\",\"width\":1152,\"height\":768,\"caption\":\"Communications \u00e9lectroniques : l\u2019envol socio-\u00e9conomique de Mouindi gr\u00e2ce au t\u00e9l\u00e9phone\"},{\"@type\":\"BreadcrumbList\",\"@id\":\"https:\/\/www.africa-press.net\/congo-brazzaville\/economie\/communications-electroniques-lenvol-socio-economique-de-mouindi-grace-au-telephone#breadcrumb\",\"itemListElement\":[{\"@type\":\"ListItem\",\"position\":1,\"name\":\"Accueil\",\"item\":\"https:\/\/www.africa-press.net\/congo-brazzaville\/\"},{\"@type\":\"ListItem\",\"position\":2,\"name\":\"Communications \u00e9lectroniques : l\u2019envol socio-\u00e9conomique de Mouindi gr\u00e2ce au t\u00e9l\u00e9phone\"}]},{\"@type\":\"WebSite\",\"@id\":\"https:\/\/www.africa-press.net\/congo-brazzaville\/#website\",\"url\":\"https:\/\/www.africa-press.net\/congo-brazzaville\/\",\"name\":\"Congo Brazzaville\",\"description\":\"Just another Africa News Agency Sites site\",\"potentialAction\":[{\"@type\":\"SearchAction\",\"target\":{\"@type\":\"EntryPoint\",\"urlTemplate\":\"https:\/\/www.africa-press.net\/congo-brazzaville\/?s={search_term_string}\"},\"query-input\":{\"@type\":\"PropertyValueSpecification\",\"valueRequired\":true,\"valueName\":\"search_term_string\"}}],\"inLanguage\":\"fr-FR\"},{\"@type\":\"Person\",\"@id\":\"https:\/\/www.africa-press.net\/congo-brazzaville\/#\/schema\/person\/2b1cf3cd81a31e3cd26889ca66d677f1\",\"name\":\"cfeditorfr\"}]}<\/script>\n<!-- \/ Yoast SEO Premium plugin. -->","yoast_head_json":{"title":"Communications \u00e9lectroniques : l\u2019envol socio-\u00e9conomique de Mouindi gr\u00e2ce au t\u00e9l\u00e9phone - Congo Brazzaville","description":"Avec des atouts agricoles et marchands, la localite\u0301 de Mouindi, dans le de\u0301partement de la Bouenza, retrouve peu a\u0300 ...","robots":{"index":"index","follow":"follow","max-snippet":"max-snippet:-1","max-image-preview":"max-image-preview:large","max-video-preview":"max-video-preview:-1"},"canonical":"https:\/\/www.africa-press.net\/congo-brazzaville\/economie\/communications-electroniques-lenvol-socio-economique-de-mouindi-grace-au-telephone","og_locale":"fr_FR","og_type":"article","og_title":"Communications \u00e9lectroniques : l\u2019envol socio-\u00e9conomique de Mouindi gr\u00e2ce au t\u00e9l\u00e9phone","og_description":"Avec des atouts agricoles et marchands, la localite\u0301 de Mouindi, dans le de\u0301partement de la Bouenza, retrouve peu a\u0300 ...","og_url":"https:\/\/www.africa-press.net\/congo-brazzaville\/economie\/communications-electroniques-lenvol-socio-economique-de-mouindi-grace-au-telephone","og_site_name":"Congo Brazzaville","article_published_time":"2023-03-01T21:26:52+00:00","article_modified_time":"2023-03-01T22:57:54+00:00","og_image":[{"width":1152,"height":768,"url":"https:\/\/static.africa-press.net\/congo-brazzaville\/sites\/51\/2023\/03\/postQueueImg_1677693418.60.jpg","type":"image\/jpeg"}],"author":"cfeditorfr","twitter_card":"summary_large_image","twitter_misc":{"\u00c9crit par":"cfeditorfr","Dur\u00e9e de lecture estim\u00e9e":"6 minutes"},"schema":{"@context":"https:\/\/schema.org","@graph":[{"@type":"Article","@id":"https:\/\/www.africa-press.net\/congo-brazzaville\/economie\/communications-electroniques-lenvol-socio-economique-de-mouindi-grace-au-telephone#article","isPartOf":{"@id":"https:\/\/www.africa-press.net\/congo-brazzaville\/economie\/communications-electroniques-lenvol-socio-economique-de-mouindi-grace-au-telephone"},"author":{"name":"cfeditorfr","@id":"https:\/\/www.africa-press.net\/congo-brazzaville\/#\/schema\/person\/2b1cf3cd81a31e3cd26889ca66d677f1"},"headline":"Communications \u00e9lectroniques : l\u2019envol socio-\u00e9conomique de Mouindi gr\u00e2ce au t\u00e9l\u00e9phone","datePublished":"2023-03-01T21:26:52+00:00","dateModified":"2023-03-01T22:57:54+00:00","mainEntityOfPage":{"@id":"https:\/\/www.africa-press.net\/congo-brazzaville\/economie\/communications-electroniques-lenvol-socio-economique-de-mouindi-grace-au-telephone"},"wordCount":1266,"commentCount":0,"image":{"@id":"https:\/\/www.africa-press.net\/congo-brazzaville\/economie\/communications-electroniques-lenvol-socio-economique-de-mouindi-grace-au-telephone#primaryimage"},"thumbnailUrl":"https:\/\/static.africa-press.net\/congo-brazzaville\/sites\/51\/2023\/03\/postQueueImg_1677693418.60.jpg","keywords":["Africa Press","Africa Press-Congo Brazzaville","Congo Brazzaville"],"articleSection":["\u00c9conomie","Toutes les actualit\u00e9s"],"inLanguage":"fr-FR","potentialAction":[{"@type":"CommentAction","name":"Comment","target":["https:\/\/www.africa-press.net\/congo-brazzaville\/economie\/communications-electroniques-lenvol-socio-economique-de-mouindi-grace-au-telephone#respond"]}]},{"@type":"WebPage","@id":"https:\/\/www.africa-press.net\/congo-brazzaville\/economie\/communications-electroniques-lenvol-socio-economique-de-mouindi-grace-au-telephone","url":"https:\/\/www.africa-press.net\/congo-brazzaville\/economie\/communications-electroniques-lenvol-socio-economique-de-mouindi-grace-au-telephone","name":"Communications \u00e9lectroniques : l\u2019envol socio-\u00e9conomique de Mouindi gr\u00e2ce au t\u00e9l\u00e9phone - Congo Brazzaville","isPartOf":{"@id":"https:\/\/www.africa-press.net\/congo-brazzaville\/#website"},"primaryImageOfPage":{"@id":"https:\/\/www.africa-press.net\/congo-brazzaville\/economie\/communications-electroniques-lenvol-socio-economique-de-mouindi-grace-au-telephone#primaryimage"},"image":{"@id":"https:\/\/www.africa-press.net\/congo-brazzaville\/economie\/communications-electroniques-lenvol-socio-economique-de-mouindi-grace-au-telephone#primaryimage"},"thumbnailUrl":"https:\/\/static.africa-press.net\/congo-brazzaville\/sites\/51\/2023\/03\/postQueueImg_1677693418.60.jpg","datePublished":"2023-03-01T21:26:52+00:00","dateModified":"2023-03-01T22:57:54+00:00","author":{"@id":"https:\/\/www.africa-press.net\/congo-brazzaville\/#\/schema\/person\/2b1cf3cd81a31e3cd26889ca66d677f1"},"description":"Avec des atouts agricoles et marchands, la localite\u0301 de Mouindi, dans le de\u0301partement de la Bouenza, retrouve peu a\u0300 ...","breadcrumb":{"@id":"https:\/\/www.africa-press.net\/congo-brazzaville\/economie\/communications-electroniques-lenvol-socio-economique-de-mouindi-grace-au-telephone#breadcrumb"},"inLanguage":"fr-FR","potentialAction":[{"@type":"ReadAction","target":["https:\/\/www.africa-press.net\/congo-brazzaville\/economie\/communications-electroniques-lenvol-socio-economique-de-mouindi-grace-au-telephone"]}]},{"@type":"ImageObject","inLanguage":"fr-FR","@id":"https:\/\/www.africa-press.net\/congo-brazzaville\/economie\/communications-electroniques-lenvol-socio-economique-de-mouindi-grace-au-telephone#primaryimage","url":"https:\/\/static.africa-press.net\/congo-brazzaville\/sites\/51\/2023\/03\/postQueueImg_1677693418.60.jpg","contentUrl":"https:\/\/static.africa-press.net\/congo-brazzaville\/sites\/51\/2023\/03\/postQueueImg_1677693418.60.jpg","width":1152,"height":768,"caption":"Communications \u00e9lectroniques : l\u2019envol socio-\u00e9conomique de Mouindi gr\u00e2ce au t\u00e9l\u00e9phone"},{"@type":"BreadcrumbList","@id":"https:\/\/www.africa-press.net\/congo-brazzaville\/economie\/communications-electroniques-lenvol-socio-economique-de-mouindi-grace-au-telephone#breadcrumb","itemListElement":[{"@type":"ListItem","position":1,"name":"Accueil","item":"https:\/\/www.africa-press.net\/congo-brazzaville\/"},{"@type":"ListItem","position":2,"name":"Communications \u00e9lectroniques : l\u2019envol socio-\u00e9conomique de Mouindi gr\u00e2ce au t\u00e9l\u00e9phone"}]},{"@type":"WebSite","@id":"https:\/\/www.africa-press.net\/congo-brazzaville\/#website","url":"https:\/\/www.africa-press.net\/congo-brazzaville\/","name":"Congo Brazzaville","description":"Just another Africa News Agency Sites site","potentialAction":[{"@type":"SearchAction","target":{"@type":"EntryPoint","urlTemplate":"https:\/\/www.africa-press.net\/congo-brazzaville\/?s={search_term_string}"},"query-input":{"@type":"PropertyValueSpecification","valueRequired":true,"valueName":"search_term_string"}}],"inLanguage":"fr-FR"},{"@type":"Person","@id":"https:\/\/www.africa-press.net\/congo-brazzaville\/#\/schema\/person\/2b1cf3cd81a31e3cd26889ca66d677f1","name":"cfeditorfr"}]}},"_links":{"self":[{"href":"https:\/\/www.africa-press.net\/congo-brazzaville\/wp-json\/wp\/v2\/posts\/15043","targetHints":{"allow":["GET"]}}],"collection":[{"href":"https:\/\/www.africa-press.net\/congo-brazzaville\/wp-json\/wp\/v2\/posts"}],"about":[{"href":"https:\/\/www.africa-press.net\/congo-brazzaville\/wp-json\/wp\/v2\/types\/post"}],"author":[{"embeddable":true,"href":"https:\/\/www.africa-press.net\/congo-brazzaville\/wp-json\/wp\/v2\/users\/82"}],"replies":[{"embeddable":true,"href":"https:\/\/www.africa-press.net\/congo-brazzaville\/wp-json\/wp\/v2\/comments?post=15043"}],"version-history":[{"count":0,"href":"https:\/\/www.africa-press.net\/congo-brazzaville\/wp-json\/wp\/v2\/posts\/15043\/revisions"}],"wp:featuredmedia":[{"embeddable":true,"href":"https:\/\/www.africa-press.net\/congo-brazzaville\/wp-json\/wp\/v2\/media\/15042"}],"wp:attachment":[{"href":"https:\/\/www.africa-press.net\/congo-brazzaville\/wp-json\/wp\/v2\/media?parent=15043"}],"wp:term":[{"taxonomy":"category","embeddable":true,"href":"https:\/\/www.africa-press.net\/congo-brazzaville\/wp-json\/wp\/v2\/categories?post=15043"},{"taxonomy":"post_tag","embeddable":true,"href":"https:\/\/www.africa-press.net\/congo-brazzaville\/wp-json\/wp\/v2\/tags?post=15043"}],"curies":[{"name":"wp","href":"https:\/\/api.w.org\/{rel}","templated":true}]}}