{"id":15047,"date":"2023-03-01T21:27:05","date_gmt":"2023-03-01T21:27:05","guid":{"rendered":"https:\/\/www.africa-press.net\/congo-brazzaville\/politique\/agro-industrie-lancement-officiel-de-la-saison-b-du-centre-pilote-agropastoral-de-nkounzoulou"},"modified":"2023-03-01T22:58:25","modified_gmt":"2023-03-01T22:58:25","slug":"agro-industrie-lancement-officiel-de-la-saison-b-du-centre-pilote-agropastoral-de-nkounzoulou","status":"publish","type":"post","link":"https:\/\/www.africa-press.net\/congo-brazzaville\/photo\/agro-industrie-lancement-officiel-de-la-saison-b-du-centre-pilote-agropastoral-de-nkounzoulou","title":{"rendered":"Agro-industrie :  lancement officiel de la saison B du Centre pilote agropastoral de Nkounzoulou"},"content":{"rendered":"<p><span style=\"color: #ff6600\"><strong>Africa-Press &#8211; Congo Brazzaville. <\/strong><\/span><b>Le lancement officiel de la saison B du Centre pilote agropastoral de Nkounzoulou, situe\u0301 a\u0300 175 km de Brazzaville, dans le district de Ngabe\u0301, de\u0301partement du Pool, s\u2019est de\u0301roule\u0301 le 26 fe\u0301vrier en pre\u0301sence des membres du gouvernement, Paul Valentin Ngobo, Lydia Jacqueline Mikolo, et Juste Mounde\u0301le\u0301, ainsi que la de\u0301pute\u0301e maire de Kinte\u0301le\u0301, Stella Sassou Nguesso, et du chef spirituel, repre\u0301sentant le\u0301gal de l\u2019Eglise kimbanguiste, Simon Kimbangu Kiangani.<\/b><\/p>\n<p>Le projet agropastoral de Nkounzoulou couvrant une superficie de 98 800 hectares s\u2019inscrit dans le cadre du projet du pre\u0301sident de la Re\u0301publique, \u00ab\u00a0Ensemble poursuivons la marche\u00a0\u00bb devenu projet du gouvernement, dans son volet agricole. Le but e\u0301tant d\u2019apporter tant soit peu dans le programme national de de\u0301veloppement 2022-2026. Depuis que ce projet a e\u0301te\u0301 relance\u0301, c&rsquo;est le 26 fe\u0301vrier qu&rsquo;on a proce\u0301de\u0301 a\u0300 la re\u0301colte des cultures de la saison A suivie du lancement officiel des activite\u0301s de la saison B. \u00ab La saison A dite actuellement en maturite\u0301 s\u2019e\u0301tend sur 58 hectares et les spe\u0301culations mises en valeur sont le manioc, le mai\u0308s, le soja, l\u2019arachide, le haricot et le riz. La saison B est pre\u0301vue pour une superficie de 1350 hectares avec 600 hectares de\u0301ja\u0300 laborieux, pulve\u0301rise\u0301s et plante\u0301s \u00bb, a explique\u0301 Stella Sassou Nguesso, de\u0301pute\u0301e maire de Kinte\u0301le\u0301, marraine du projet.<\/p>\n<p>Pour le ministre de l\u2019Agriculture, de la Pe\u0302che et de l\u2019Elevage, Paul Valentin Ngobo, ce projet coi\u0308ncide bien avec la volonte\u0301 du pre\u0301sident de la Re\u0301publique, Denis Sassou N\u2019Guesso, de faire de l\u2019agriculture une priorite\u0301 des priorite\u0301s. \u00ab Je tiens a\u0300 vous assurer que le pre\u0301sident de la Re\u0301publique, chef de l\u2019E\u0301tat, et son gouvernement, continueront de vous appuyer dans vos efforts. Nous sommes conscients de l\u2019importance de l\u2019agriculture pour notre e\u0301conomie et nous sommes re\u0301solus a\u0300 travailler en collaboration avec vous pour renforcer notre souverainete\u0301 alimentaire che\u0300re au pre\u0301sident de la Re\u0301publique \u00bb, a-t-il de\u0301clare\u0301.<\/p>\n<p>Le projet agropastoral de Nkounzoulou e\u0301mane e\u0301galement de la vision et de la volonte\u0301 du chef spirituel et repre\u0301sentant le\u0301gal de l\u2019Eglise kimbanguiste, Sa Divinite\u0301 Simon Kimbangu Kiangani, qui a tenu a\u0300 remercier le pre\u0301sident de la Re\u0301publique, Denis Sassou N\u2019Guesso, pour sa vision sur le travail de la terre, a indique\u0301 le re\u0301ve\u0301rend Brice Voltaire Etou Obami, le pre\u0301sident de\u0301le\u0301gue\u0301 du colle\u0300ge exe\u0301cutif national de cette e\u0301glise en Re\u0301publique du Congo. Pour re\u0301aliser ce travail, l\u2019Eglise kimbanguiste a de\u0301ja\u0300 apporte\u0301 la somme d\u2019un milliard cinq cents millions de FCFA. Ces fonds ont permis l\u2019obtention du mate\u0301riel pour une mise en \u0153uvre rapide de ce projet.<\/p>\n<p>Pre\u0301sente a\u0300 cette activite\u0301, la ministre des Petites et moyennes entreprises et de l&rsquo;Artisanat, Jacqueline Lydia Mikolo, n\u2019a pas cache\u0301 sa satisfaction au regard du travail qui se fait a\u0300 Nkounzoulou. \u00ab Nous sommes venus en tant que membres du gouvernement voir le travail qui se fait ici et soutenir ce projet. Nous avons vu ce qui a e\u0301te\u0301 plante\u0301. Nkounzoulou va nourrir le Congo et l\u2019Afrique \u00bb, a-t-elle indique\u0301.<\/p>\n<p>Notons que ce projet a e\u0301te\u0301 lance\u0301 depuis 1983 par Sa Divinite\u0301 Diangienda, premier chef spirituel de l\u2019E\u0301glise kimbanguiste. Les produits sortis de ce centre ont fait la fierte\u0301 des Congolais. Malheureusement, pendant les e\u0301ve\u0301nements que le pays a connus en 1997, le projet a e\u0301te\u0301 saccage\u0301 par les inciviques. C\u2019est dans ce contexte que le chef spirituel de l\u2019Eglise kimbanguiste, Sa Divinite\u0301 Simon Kimbangu Kiangani, a relance\u0301 ce projet le 9 juin 2022 avec l\u2019appui financier du Fonds d\u2019impulsion, de garantie et d\u2019accompagnement.<\/p>\n\r\n                <style type=\"text\/css\">\r\n                    \r\n                    #td_uid_1_69f186ee72db6  .td-doubleSlider-2 .td-item1 {\r\n                        background: url(https:\/\/static.africa-press.net\/congo-brazzaville\/sites\/51\/2023\/03\/postMediaimg_112_1-80x60.jpg) 0 0 no-repeat;\r\n                    }\r\n                    #td_uid_1_69f186ee72db6  .td-doubleSlider-2 .td-item2 {\r\n                        background: url(https:\/\/static.africa-press.net\/congo-brazzaville\/sites\/51\/2023\/03\/postMediaimg_112_2-80x60.jpg) 0 0 no-repeat;\r\n                    }\r\n                <\/style>\r\n\r\n                <div id=\"td_uid_1_69f186ee72db6\" class=\"td-gallery td-slide-on-2-columns\">\r\n                    <div class=\"post_td_gallery\">\r\n                        <div class=\"td-gallery-slide-top\">\r\n                           <div class=\"td-gallery-title\"><\/div>\r\n\r\n                            <div class=\"td-gallery-controls-wrapper\">\r\n                                <div class=\"td-gallery-slide-count\"><span class=\"td-gallery-slide-item-focus\">1<\/span> de 2<\/div>\r\n                                <div class=\"td-gallery-slide-prev-next-but\">\r\n                                    <i class = \"td-icon-left doubleSliderPrevButton\"><\/i>\r\n                                    <i class = \"td-icon-right doubleSliderNextButton\"><\/i>\r\n                                <\/div>\r\n                            <\/div>\r\n                        <\/div>\r\n\r\n                        <div class = \"td-doubleSlider-1 \">\r\n                            <div class = \"td-slider\">\r\n                                \r\n                    <div class = \"td-slide-item td-item1\">\r\n                        <figure class=\"td-slide-galery-figure td-slide-popup-gallery\">\r\n                            <a class=\"slide-gallery-image-link\" href=\"https:\/\/static.africa-press.net\/congo-brazzaville\/sites\/51\/2023\/03\/postMediaimg_112_1.jpg\" title=\"postMediaimg_112_1\"  data-caption=\"\"  data-description=\"\">\r\n                                <img decoding=\"async\" src=\"https:\/\/static.africa-press.net\/congo-brazzaville\/sites\/51\/2023\/03\/postMediaimg_112_1.jpg\" srcset=\"https:\/\/static.africa-press.net\/congo-brazzaville\/sites\/51\/2023\/03\/postMediaimg_112_1.jpg 960w, https:\/\/static.africa-press.net\/congo-brazzaville\/sites\/51\/2023\/03\/postMediaimg_112_1-300x169.jpg 300w, https:\/\/static.africa-press.net\/congo-brazzaville\/sites\/51\/2023\/03\/postMediaimg_112_1-768x432.jpg 768w\" sizes=\"(max-width: 960px) 100vw, 960px\" alt=\"\">\r\n                            <\/a>\r\n                            \r\n                        <\/figure>\r\n                    <\/div>\r\n                    <div class = \"td-slide-item td-item2\">\r\n                        <figure class=\"td-slide-galery-figure td-slide-popup-gallery\">\r\n                            <a class=\"slide-gallery-image-link\" href=\"https:\/\/static.africa-press.net\/congo-brazzaville\/sites\/51\/2023\/03\/postMediaimg_112_2.jpg\" title=\"postMediaimg_112_2\"  data-caption=\"\"  data-description=\"\">\r\n                                <img decoding=\"async\" src=\"https:\/\/static.africa-press.net\/congo-brazzaville\/sites\/51\/2023\/03\/postMediaimg_112_2.jpg\" srcset=\"https:\/\/static.africa-press.net\/congo-brazzaville\/sites\/51\/2023\/03\/postMediaimg_112_2.jpg 868w, https:\/\/static.africa-press.net\/congo-brazzaville\/sites\/51\/2023\/03\/postMediaimg_112_2-300x225.jpg 300w, https:\/\/static.africa-press.net\/congo-brazzaville\/sites\/51\/2023\/03\/postMediaimg_112_2-768x576.jpg 768w, https:\/\/static.africa-press.net\/congo-brazzaville\/sites\/51\/2023\/03\/postMediaimg_112_2-80x60.jpg 80w\" sizes=\"(max-width: 868px) 100vw, 868px\" alt=\"\">\r\n                            <\/a>\r\n                            \r\n                        <\/figure>\r\n                    <\/div>\r\n                            <\/div>\r\n                        <\/div>\r\n\r\n                        <div class = \"td-doubleSlider-2\">\r\n                            <div class = \"td-slider\">\r\n                                \r\n                    <div class = \"td-button td-item1\">\r\n                        <div class = \"td-border\"><\/div>\r\n                    <\/div>\r\n                    <div class = \"td-button td-item2\">\r\n                        <div class = \"td-border\"><\/div>\r\n                    <\/div>\r\n                            <\/div>\r\n                        <\/div>\r\n\r\n                    <\/div>\r\n\r\n                <\/div>\r\n                \n<p><strong>Pour plus d&rsquo;informations et d&rsquo;analyses sur la <a href=\"https:\/\/www.africa-press.net\/congo-brazzaville\">Congo Brazzaville<\/a>, suivez <a href=\"https:\/\/www.africa-press.net\/\">Africa-Press<\/a><\/strong><\/p>\n","protected":false},"excerpt":{"rendered":"<p>Africa-Press &#8211; Congo Brazzaville. Le lancement officiel de la saison B du Centre pilote agropastoral de Nkounzoulou, situe\u0301 a\u0300 175 km de Brazzaville, dans le district de Ngabe\u0301, de\u0301partement du Pool, s\u2019est de\u0301roule\u0301 le 26 fe\u0301vrier en pre\u0301sence des membres du gouvernement, Paul Valentin Ngobo, Lydia Jacqueline Mikolo, et Juste Mounde\u0301le\u0301, ainsi que la de\u0301pute\u0301e [&hellip;]<\/p>\n","protected":false},"author":82,"featured_media":15046,"comment_status":"open","ping_status":"closed","sticky":false,"template":"","format":"standard","meta":{"footnotes":""},"categories":[21,8,10],"tags":[36,47,46],"class_list":["post-15047","post","type-post","status-publish","format-standard","has-post-thumbnail","hentry","category-communaute","category-photo","category-toutes-les-actualites","tag-africa-press","tag-africa-press-congo-brazzaville","tag-congo-brazzaville"],"yoast_head":"<!-- This site is optimized with the Yoast SEO Premium plugin v26.1 (Yoast SEO v27.0) - https:\/\/yoast.com\/product\/yoast-seo-premium-wordpress\/ -->\n<title>Agro-industrie : lancement officiel de la saison B du Centre pilote agropastoral de Nkounzoulou - Congo Brazzaville<\/title>\n<meta name=\"description\" content=\"Le lancement officiel de la saison B du Centre pilote agropastoral de Nkounzoulou, situe\u0301 a\u0300 175 km de Brazzaville, d ...\" \/>\n<meta name=\"robots\" content=\"index, follow, max-snippet:-1, max-image-preview:large, max-video-preview:-1\" \/>\n<link rel=\"canonical\" href=\"https:\/\/www.africa-press.net\/congo-brazzaville\/photo\/agro-industrie-lancement-officiel-de-la-saison-b-du-centre-pilote-agropastoral-de-nkounzoulou\" \/>\n<meta property=\"og:locale\" content=\"fr_FR\" \/>\n<meta property=\"og:type\" content=\"article\" \/>\n<meta property=\"og:title\" content=\"Agro-industrie : lancement officiel de la saison B du Centre pilote agropastoral de Nkounzoulou\" \/>\n<meta property=\"og:description\" content=\"Le lancement officiel de la saison B du Centre pilote agropastoral de Nkounzoulou, situe\u0301 a\u0300 175 km de Brazzaville, d ...\" \/>\n<meta property=\"og:url\" content=\"https:\/\/www.africa-press.net\/congo-brazzaville\/photo\/agro-industrie-lancement-officiel-de-la-saison-b-du-centre-pilote-agropastoral-de-nkounzoulou\" \/>\n<meta property=\"og:site_name\" content=\"Congo Brazzaville\" \/>\n<meta property=\"article:published_time\" content=\"2023-03-01T21:27:05+00:00\" \/>\n<meta property=\"article:modified_time\" content=\"2023-03-01T22:58:25+00:00\" \/>\n<meta property=\"og:image\" content=\"https:\/\/static.africa-press.net\/congo-brazzaville\/sites\/51\/2023\/03\/postQueueImg_1677693453.25.jpg\" \/>\n\t<meta property=\"og:image:width\" content=\"960\" \/>\n\t<meta property=\"og:image:height\" content=\"540\" \/>\n\t<meta property=\"og:image:type\" content=\"image\/jpeg\" \/>\n<meta name=\"author\" content=\"cfeditorfr\" \/>\n<meta name=\"twitter:card\" content=\"summary_large_image\" \/>\n<meta name=\"twitter:label1\" content=\"\u00c9crit par\" \/>\n\t<meta name=\"twitter:data1\" content=\"cfeditorfr\" \/>\n\t<meta name=\"twitter:label2\" content=\"Dur\u00e9e de lecture estim\u00e9e\" \/>\n\t<meta name=\"twitter:data2\" content=\"3 minutes\" \/>\n<script type=\"application\/ld+json\" class=\"yoast-schema-graph\">{\"@context\":\"https:\/\/schema.org\",\"@graph\":[{\"@type\":\"Article\",\"@id\":\"https:\/\/www.africa-press.net\/congo-brazzaville\/photo\/agro-industrie-lancement-officiel-de-la-saison-b-du-centre-pilote-agropastoral-de-nkounzoulou#article\",\"isPartOf\":{\"@id\":\"https:\/\/www.africa-press.net\/congo-brazzaville\/photo\/agro-industrie-lancement-officiel-de-la-saison-b-du-centre-pilote-agropastoral-de-nkounzoulou\"},\"author\":{\"name\":\"cfeditorfr\",\"@id\":\"https:\/\/www.africa-press.net\/congo-brazzaville\/#\/schema\/person\/2b1cf3cd81a31e3cd26889ca66d677f1\"},\"headline\":\"Agro-industrie : lancement officiel de la saison B du Centre pilote agropastoral de Nkounzoulou\",\"datePublished\":\"2023-03-01T21:27:05+00:00\",\"dateModified\":\"2023-03-01T22:58:25+00:00\",\"mainEntityOfPage\":{\"@id\":\"https:\/\/www.africa-press.net\/congo-brazzaville\/photo\/agro-industrie-lancement-officiel-de-la-saison-b-du-centre-pilote-agropastoral-de-nkounzoulou\"},\"wordCount\":690,\"commentCount\":0,\"image\":{\"@id\":\"https:\/\/www.africa-press.net\/congo-brazzaville\/photo\/agro-industrie-lancement-officiel-de-la-saison-b-du-centre-pilote-agropastoral-de-nkounzoulou#primaryimage\"},\"thumbnailUrl\":\"https:\/\/static.africa-press.net\/congo-brazzaville\/sites\/51\/2023\/03\/postQueueImg_1677693453.25.jpg\",\"keywords\":[\"Africa Press\",\"Africa Press-Congo Brazzaville\",\"Congo Brazzaville\"],\"articleSection\":[\"Communaut\u00e9\",\"Photo\",\"Toutes les actualit\u00e9s\"],\"inLanguage\":\"fr-FR\",\"potentialAction\":[{\"@type\":\"CommentAction\",\"name\":\"Comment\",\"target\":[\"https:\/\/www.africa-press.net\/congo-brazzaville\/photo\/agro-industrie-lancement-officiel-de-la-saison-b-du-centre-pilote-agropastoral-de-nkounzoulou#respond\"]}]},{\"@type\":\"WebPage\",\"@id\":\"https:\/\/www.africa-press.net\/congo-brazzaville\/photo\/agro-industrie-lancement-officiel-de-la-saison-b-du-centre-pilote-agropastoral-de-nkounzoulou\",\"url\":\"https:\/\/www.africa-press.net\/congo-brazzaville\/photo\/agro-industrie-lancement-officiel-de-la-saison-b-du-centre-pilote-agropastoral-de-nkounzoulou\",\"name\":\"Agro-industrie : lancement officiel de la saison B du Centre pilote agropastoral de Nkounzoulou - Congo Brazzaville\",\"isPartOf\":{\"@id\":\"https:\/\/www.africa-press.net\/congo-brazzaville\/#website\"},\"primaryImageOfPage\":{\"@id\":\"https:\/\/www.africa-press.net\/congo-brazzaville\/photo\/agro-industrie-lancement-officiel-de-la-saison-b-du-centre-pilote-agropastoral-de-nkounzoulou#primaryimage\"},\"image\":{\"@id\":\"https:\/\/www.africa-press.net\/congo-brazzaville\/photo\/agro-industrie-lancement-officiel-de-la-saison-b-du-centre-pilote-agropastoral-de-nkounzoulou#primaryimage\"},\"thumbnailUrl\":\"https:\/\/static.africa-press.net\/congo-brazzaville\/sites\/51\/2023\/03\/postQueueImg_1677693453.25.jpg\",\"datePublished\":\"2023-03-01T21:27:05+00:00\",\"dateModified\":\"2023-03-01T22:58:25+00:00\",\"author\":{\"@id\":\"https:\/\/www.africa-press.net\/congo-brazzaville\/#\/schema\/person\/2b1cf3cd81a31e3cd26889ca66d677f1\"},\"description\":\"Le lancement officiel de la saison B du Centre pilote agropastoral de Nkounzoulou, situe\u0301 a\u0300 175 km de Brazzaville, d ...\",\"breadcrumb\":{\"@id\":\"https:\/\/www.africa-press.net\/congo-brazzaville\/photo\/agro-industrie-lancement-officiel-de-la-saison-b-du-centre-pilote-agropastoral-de-nkounzoulou#breadcrumb\"},\"inLanguage\":\"fr-FR\",\"potentialAction\":[{\"@type\":\"ReadAction\",\"target\":[\"https:\/\/www.africa-press.net\/congo-brazzaville\/photo\/agro-industrie-lancement-officiel-de-la-saison-b-du-centre-pilote-agropastoral-de-nkounzoulou\"]}]},{\"@type\":\"ImageObject\",\"inLanguage\":\"fr-FR\",\"@id\":\"https:\/\/www.africa-press.net\/congo-brazzaville\/photo\/agro-industrie-lancement-officiel-de-la-saison-b-du-centre-pilote-agropastoral-de-nkounzoulou#primaryimage\",\"url\":\"https:\/\/static.africa-press.net\/congo-brazzaville\/sites\/51\/2023\/03\/postQueueImg_1677693453.25.jpg\",\"contentUrl\":\"https:\/\/static.africa-press.net\/congo-brazzaville\/sites\/51\/2023\/03\/postQueueImg_1677693453.25.jpg\",\"width\":960,\"height\":540,\"caption\":\"Agro-industrie : lancement officiel de la saison B du Centre pilote agropastoral de Nkounzoulou\"},{\"@type\":\"BreadcrumbList\",\"@id\":\"https:\/\/www.africa-press.net\/congo-brazzaville\/photo\/agro-industrie-lancement-officiel-de-la-saison-b-du-centre-pilote-agropastoral-de-nkounzoulou#breadcrumb\",\"itemListElement\":[{\"@type\":\"ListItem\",\"position\":1,\"name\":\"Accueil\",\"item\":\"https:\/\/www.africa-press.net\/congo-brazzaville\/\"},{\"@type\":\"ListItem\",\"position\":2,\"name\":\"Agro-industrie : lancement officiel de la saison B du Centre pilote agropastoral de Nkounzoulou\"}]},{\"@type\":\"WebSite\",\"@id\":\"https:\/\/www.africa-press.net\/congo-brazzaville\/#website\",\"url\":\"https:\/\/www.africa-press.net\/congo-brazzaville\/\",\"name\":\"Congo Brazzaville\",\"description\":\"Just another Africa News Agency Sites site\",\"potentialAction\":[{\"@type\":\"SearchAction\",\"target\":{\"@type\":\"EntryPoint\",\"urlTemplate\":\"https:\/\/www.africa-press.net\/congo-brazzaville\/?s={search_term_string}\"},\"query-input\":{\"@type\":\"PropertyValueSpecification\",\"valueRequired\":true,\"valueName\":\"search_term_string\"}}],\"inLanguage\":\"fr-FR\"},{\"@type\":\"Person\",\"@id\":\"https:\/\/www.africa-press.net\/congo-brazzaville\/#\/schema\/person\/2b1cf3cd81a31e3cd26889ca66d677f1\",\"name\":\"cfeditorfr\"}]}<\/script>\n<!-- \/ Yoast SEO Premium plugin. -->","yoast_head_json":{"title":"Agro-industrie : lancement officiel de la saison B du Centre pilote agropastoral de Nkounzoulou - Congo Brazzaville","description":"Le lancement officiel de la saison B du Centre pilote agropastoral de Nkounzoulou, situe\u0301 a\u0300 175 km de Brazzaville, d ...","robots":{"index":"index","follow":"follow","max-snippet":"max-snippet:-1","max-image-preview":"max-image-preview:large","max-video-preview":"max-video-preview:-1"},"canonical":"https:\/\/www.africa-press.net\/congo-brazzaville\/photo\/agro-industrie-lancement-officiel-de-la-saison-b-du-centre-pilote-agropastoral-de-nkounzoulou","og_locale":"fr_FR","og_type":"article","og_title":"Agro-industrie : lancement officiel de la saison B du Centre pilote agropastoral de Nkounzoulou","og_description":"Le lancement officiel de la saison B du Centre pilote agropastoral de Nkounzoulou, situe\u0301 a\u0300 175 km de Brazzaville, d ...","og_url":"https:\/\/www.africa-press.net\/congo-brazzaville\/photo\/agro-industrie-lancement-officiel-de-la-saison-b-du-centre-pilote-agropastoral-de-nkounzoulou","og_site_name":"Congo Brazzaville","article_published_time":"2023-03-01T21:27:05+00:00","article_modified_time":"2023-03-01T22:58:25+00:00","og_image":[{"width":960,"height":540,"url":"https:\/\/static.africa-press.net\/congo-brazzaville\/sites\/51\/2023\/03\/postQueueImg_1677693453.25.jpg","type":"image\/jpeg"}],"author":"cfeditorfr","twitter_card":"summary_large_image","twitter_misc":{"\u00c9crit par":"cfeditorfr","Dur\u00e9e de lecture estim\u00e9e":"3 minutes"},"schema":{"@context":"https:\/\/schema.org","@graph":[{"@type":"Article","@id":"https:\/\/www.africa-press.net\/congo-brazzaville\/photo\/agro-industrie-lancement-officiel-de-la-saison-b-du-centre-pilote-agropastoral-de-nkounzoulou#article","isPartOf":{"@id":"https:\/\/www.africa-press.net\/congo-brazzaville\/photo\/agro-industrie-lancement-officiel-de-la-saison-b-du-centre-pilote-agropastoral-de-nkounzoulou"},"author":{"name":"cfeditorfr","@id":"https:\/\/www.africa-press.net\/congo-brazzaville\/#\/schema\/person\/2b1cf3cd81a31e3cd26889ca66d677f1"},"headline":"Agro-industrie : lancement officiel de la saison B du Centre pilote agropastoral de Nkounzoulou","datePublished":"2023-03-01T21:27:05+00:00","dateModified":"2023-03-01T22:58:25+00:00","mainEntityOfPage":{"@id":"https:\/\/www.africa-press.net\/congo-brazzaville\/photo\/agro-industrie-lancement-officiel-de-la-saison-b-du-centre-pilote-agropastoral-de-nkounzoulou"},"wordCount":690,"commentCount":0,"image":{"@id":"https:\/\/www.africa-press.net\/congo-brazzaville\/photo\/agro-industrie-lancement-officiel-de-la-saison-b-du-centre-pilote-agropastoral-de-nkounzoulou#primaryimage"},"thumbnailUrl":"https:\/\/static.africa-press.net\/congo-brazzaville\/sites\/51\/2023\/03\/postQueueImg_1677693453.25.jpg","keywords":["Africa Press","Africa Press-Congo Brazzaville","Congo Brazzaville"],"articleSection":["Communaut\u00e9","Photo","Toutes les actualit\u00e9s"],"inLanguage":"fr-FR","potentialAction":[{"@type":"CommentAction","name":"Comment","target":["https:\/\/www.africa-press.net\/congo-brazzaville\/photo\/agro-industrie-lancement-officiel-de-la-saison-b-du-centre-pilote-agropastoral-de-nkounzoulou#respond"]}]},{"@type":"WebPage","@id":"https:\/\/www.africa-press.net\/congo-brazzaville\/photo\/agro-industrie-lancement-officiel-de-la-saison-b-du-centre-pilote-agropastoral-de-nkounzoulou","url":"https:\/\/www.africa-press.net\/congo-brazzaville\/photo\/agro-industrie-lancement-officiel-de-la-saison-b-du-centre-pilote-agropastoral-de-nkounzoulou","name":"Agro-industrie : lancement officiel de la saison B du Centre pilote agropastoral de Nkounzoulou - Congo Brazzaville","isPartOf":{"@id":"https:\/\/www.africa-press.net\/congo-brazzaville\/#website"},"primaryImageOfPage":{"@id":"https:\/\/www.africa-press.net\/congo-brazzaville\/photo\/agro-industrie-lancement-officiel-de-la-saison-b-du-centre-pilote-agropastoral-de-nkounzoulou#primaryimage"},"image":{"@id":"https:\/\/www.africa-press.net\/congo-brazzaville\/photo\/agro-industrie-lancement-officiel-de-la-saison-b-du-centre-pilote-agropastoral-de-nkounzoulou#primaryimage"},"thumbnailUrl":"https:\/\/static.africa-press.net\/congo-brazzaville\/sites\/51\/2023\/03\/postQueueImg_1677693453.25.jpg","datePublished":"2023-03-01T21:27:05+00:00","dateModified":"2023-03-01T22:58:25+00:00","author":{"@id":"https:\/\/www.africa-press.net\/congo-brazzaville\/#\/schema\/person\/2b1cf3cd81a31e3cd26889ca66d677f1"},"description":"Le lancement officiel de la saison B du Centre pilote agropastoral de Nkounzoulou, situe\u0301 a\u0300 175 km de Brazzaville, d ...","breadcrumb":{"@id":"https:\/\/www.africa-press.net\/congo-brazzaville\/photo\/agro-industrie-lancement-officiel-de-la-saison-b-du-centre-pilote-agropastoral-de-nkounzoulou#breadcrumb"},"inLanguage":"fr-FR","potentialAction":[{"@type":"ReadAction","target":["https:\/\/www.africa-press.net\/congo-brazzaville\/photo\/agro-industrie-lancement-officiel-de-la-saison-b-du-centre-pilote-agropastoral-de-nkounzoulou"]}]},{"@type":"ImageObject","inLanguage":"fr-FR","@id":"https:\/\/www.africa-press.net\/congo-brazzaville\/photo\/agro-industrie-lancement-officiel-de-la-saison-b-du-centre-pilote-agropastoral-de-nkounzoulou#primaryimage","url":"https:\/\/static.africa-press.net\/congo-brazzaville\/sites\/51\/2023\/03\/postQueueImg_1677693453.25.jpg","contentUrl":"https:\/\/static.africa-press.net\/congo-brazzaville\/sites\/51\/2023\/03\/postQueueImg_1677693453.25.jpg","width":960,"height":540,"caption":"Agro-industrie : lancement officiel de la saison B du Centre pilote agropastoral de Nkounzoulou"},{"@type":"BreadcrumbList","@id":"https:\/\/www.africa-press.net\/congo-brazzaville\/photo\/agro-industrie-lancement-officiel-de-la-saison-b-du-centre-pilote-agropastoral-de-nkounzoulou#breadcrumb","itemListElement":[{"@type":"ListItem","position":1,"name":"Accueil","item":"https:\/\/www.africa-press.net\/congo-brazzaville\/"},{"@type":"ListItem","position":2,"name":"Agro-industrie : lancement officiel de la saison B du Centre pilote agropastoral de Nkounzoulou"}]},{"@type":"WebSite","@id":"https:\/\/www.africa-press.net\/congo-brazzaville\/#website","url":"https:\/\/www.africa-press.net\/congo-brazzaville\/","name":"Congo Brazzaville","description":"Just another Africa News Agency Sites site","potentialAction":[{"@type":"SearchAction","target":{"@type":"EntryPoint","urlTemplate":"https:\/\/www.africa-press.net\/congo-brazzaville\/?s={search_term_string}"},"query-input":{"@type":"PropertyValueSpecification","valueRequired":true,"valueName":"search_term_string"}}],"inLanguage":"fr-FR"},{"@type":"Person","@id":"https:\/\/www.africa-press.net\/congo-brazzaville\/#\/schema\/person\/2b1cf3cd81a31e3cd26889ca66d677f1","name":"cfeditorfr"}]}},"_links":{"self":[{"href":"https:\/\/www.africa-press.net\/congo-brazzaville\/wp-json\/wp\/v2\/posts\/15047","targetHints":{"allow":["GET"]}}],"collection":[{"href":"https:\/\/www.africa-press.net\/congo-brazzaville\/wp-json\/wp\/v2\/posts"}],"about":[{"href":"https:\/\/www.africa-press.net\/congo-brazzaville\/wp-json\/wp\/v2\/types\/post"}],"author":[{"embeddable":true,"href":"https:\/\/www.africa-press.net\/congo-brazzaville\/wp-json\/wp\/v2\/users\/82"}],"replies":[{"embeddable":true,"href":"https:\/\/www.africa-press.net\/congo-brazzaville\/wp-json\/wp\/v2\/comments?post=15047"}],"version-history":[{"count":0,"href":"https:\/\/www.africa-press.net\/congo-brazzaville\/wp-json\/wp\/v2\/posts\/15047\/revisions"}],"wp:featuredmedia":[{"embeddable":true,"href":"https:\/\/www.africa-press.net\/congo-brazzaville\/wp-json\/wp\/v2\/media\/15046"}],"wp:attachment":[{"href":"https:\/\/www.africa-press.net\/congo-brazzaville\/wp-json\/wp\/v2\/media?parent=15047"}],"wp:term":[{"taxonomy":"category","embeddable":true,"href":"https:\/\/www.africa-press.net\/congo-brazzaville\/wp-json\/wp\/v2\/categories?post=15047"},{"taxonomy":"post_tag","embeddable":true,"href":"https:\/\/www.africa-press.net\/congo-brazzaville\/wp-json\/wp\/v2\/tags?post=15047"}],"curies":[{"name":"wp","href":"https:\/\/api.w.org\/{rel}","templated":true}]}}