{"id":15049,"date":"2023-03-01T21:27:43","date_gmt":"2023-03-01T21:27:43","guid":{"rendered":"https:\/\/www.africa-press.net\/congo-brazzaville\/politique\/appel-a-la-vulgarisation-des-acteurs-dispositions-fiscales"},"modified":"2023-03-01T22:58:54","modified_gmt":"2023-03-01T22:58:54","slug":"appel-a-la-vulgarisation-des-acteurs-dispositions-fiscales","status":"publish","type":"post","link":"https:\/\/www.africa-press.net\/congo-brazzaville\/economie\/appel-a-la-vulgarisation-des-acteurs-dispositions-fiscales","title":{"rendered":"appel \u00e0 la vulgarisation des acteurs dispositions fiscales"},"content":{"rendered":"<p><span style=\"color: #ff6600\"><strong>Africa-Press &#8211; Congo Brazzaville. <\/strong><\/span><b>Le directeur ge\u0301ne\u0301ral des impo\u0302ts et des domaines, Ludovic Itoua a rappele\u0301 le 28 fe\u0301vrier a\u0300 Pointe-Noire, que la vulgarisation de l\u2019instruction d\u2019application des dispositions fiscales nouvelles e\u0301tait une initiative noble et utile pour tous, en vue d\u2019une application aise\u0301e desdites dispositions afin d\u2019e\u0301viter les interpre\u0301tations inapproprie\u0301es, source souvent des contentieux fiscaux inutiles.<\/b><\/p>\n<p>\u00ab Dans un souci pe\u0301dagogique et en vue de rendre plus digeste l\u2019interpre\u0301tation et l\u2019application des dispositions fiscales nouvelles, il est une tradition pour l\u2019administration fiscale d\u2019organiser ces se\u0301ances de travail qui sont profitables aux usagers, ope\u0301rateurs e\u0301conomiques, contribuables et enfin aux cadres et agents de l\u2019administration fiscale \u00bb, a pre\u0301cise\u0301 Ludovic Itoua, lors du lancement de la campagne de vulgarisation de l\u2019instruction d\u2019application des dispositions fiscales de la loi de fiances 2023.<\/p>\n<p>Le directeur ge\u0301ne\u0301ral a releve\u0301 que de la promulgation d\u2019une loi, n\u2019entrai\u0302ne pas automatiquement la me\u0302me compre\u0301hension par tous les acteurs. De me\u0302me, une loi sans texte d\u2019application est inapplicable.<\/p>\n<p>Pour lui, ces retrouvailles sont des opportunite\u0301s pour re\u0301ite\u0301rer une fois de plus l\u2019appel a\u0300 l\u2019endroit des contribuables et leurs conseils en vue de de\u0301fendre ensemble les ide\u0301aux d\u2019e\u0301quite\u0301 et de justice fiscale permettant le de\u0301veloppement d\u2019une e\u0301conomie saine au Congo.<\/p>\n<p>\u00ab Les objectifs budge\u0301taires assigne\u0301s a\u0300 la direction ge\u0301ne\u0301rale des impo\u0302ts et des domaines au titre de l\u2019anne\u0301e 2023 s\u2019e\u0301le\u0300vent a\u0300 668 milliards de francs CFA \u00bb, a fait savoir le directeur ge\u0301ne\u0301ral des impo\u0302ts et des domaines.<\/p>\n<p>Pour ce faire, il sollicite\u0301 le concours de tous pour relever le de\u0301fi et atteindre cet objectif, afin de doter le gouvernement des ressources ne\u0301cessaires pour couvrir les charges publiques, satisfaire les besoins d\u2019inte\u0301re\u0302t ge\u0301ne\u0301ral et faire face aux de\u0301penses prioritaires dont le financement du programme national de de\u0301veloppement (PND) 2022-2023.<\/p>\n<p>En effet, les mesures fiscales pre\u0301conise\u0301es dans la nouvelle loi de finances se rapportent essentiellement sur l\u2019e\u0301largissement de l\u2019assiette fiscale, le renforcement des capacite\u0301s de recouvrement des recettes de services, l\u2019ame\u0301lioration de l\u2019environnement fiscal des affaires, la se\u0301curisation des recettes des domaines et la re\u0301duction de la de\u0301pense fiscale.<\/p>\n<p>Les modifications apporte\u0301es en matie\u0300re fiscale par le gouvernement et le le\u0301gislateur dans cette loi entrent dans le cadre de la mise en \u0153uvre du plan de re\u0301silience.<\/p>\n<p>Ces modifications concernent entre autres les mesures relatives de l\u2019impo\u0302t sur les socie\u0301te\u0301s, l\u2019exone\u0301ration spe\u0301ciale de la TVA a\u0300 l\u2019acquisition (importation ou sur le marche\u0301 local). Il s\u2019agit la\u0300 d\u2019une mesure afin de prote\u0301ger le panier de la me\u0301nage\u0300re, l\u2019utilisation des machines e\u0301lectroniques certifie\u0301es de facturation, l\u2019obligation de la retenue a\u0300 la source de 10% sur toute les sommes de nature non salariale paye\u0301es par les institutions, les administrations publiques y compris le de\u0301nombrement, le re\u0301gime de la proprie\u0301te\u0301 foncie\u0300re et la taxe unique sur les salaires.<\/p>\n<p>Lance\u0301e le 17 fe\u0301vrier 2023 a\u0300 Brazzaville par le ministre de l\u2019Economie et des finances, la campagne de vulgarisation des nouvelles dispositions fiscales s\u2019est poursuivie a\u0300 Pointe-Noire.<\/p>\n<p><strong>Pour plus d&rsquo;informations et d&rsquo;analyses sur la <a href=\"https:\/\/www.africa-press.net\/congo-brazzaville\">Congo Brazzaville<\/a>, suivez <a href=\"https:\/\/www.africa-press.net\/\">Africa-Press<\/a><\/strong><\/p>\n","protected":false},"excerpt":{"rendered":"<p>Africa-Press &#8211; Congo Brazzaville. Le directeur ge\u0301ne\u0301ral des impo\u0302ts et des domaines, Ludovic Itoua a rappele\u0301 le 28 fe\u0301vrier a\u0300 Pointe-Noire, que la vulgarisation de l\u2019instruction d\u2019application des dispositions fiscales nouvelles e\u0301tait une initiative noble et utile pour tous, en vue d\u2019une application aise\u0301e desdites dispositions afin d\u2019e\u0301viter les interpre\u0301tations inapproprie\u0301es, source souvent des contentieux [&hellip;]<\/p>\n","protected":false},"author":82,"featured_media":15048,"comment_status":"open","ping_status":"closed","sticky":false,"template":"","format":"standard","meta":{"footnotes":""},"categories":[3,10],"tags":[36,47,46],"class_list":["post-15049","post","type-post","status-publish","format-standard","has-post-thumbnail","hentry","category-economie","category-toutes-les-actualites","tag-africa-press","tag-africa-press-congo-brazzaville","tag-congo-brazzaville"],"yoast_head":"<!-- This site is optimized with the Yoast SEO Premium plugin v26.1 (Yoast SEO v27.0) - https:\/\/yoast.com\/product\/yoast-seo-premium-wordpress\/ -->\n<title>appel \u00e0 la vulgarisation des acteurs dispositions fiscales - Congo Brazzaville<\/title>\n<meta name=\"description\" content=\"Le directeur ge\u0301ne\u0301ral des impo\u0302ts et des domaines, Ludovic Itoua a rappele\u0301 le 28 fe\u0301vrier a\u0300 Pointe-Noire, que la v ...\" \/>\n<meta name=\"robots\" content=\"index, follow, max-snippet:-1, max-image-preview:large, max-video-preview:-1\" \/>\n<link rel=\"canonical\" href=\"https:\/\/www.africa-press.net\/congo-brazzaville\/economie\/appel-a-la-vulgarisation-des-acteurs-dispositions-fiscales\" \/>\n<meta property=\"og:locale\" content=\"fr_FR\" \/>\n<meta property=\"og:type\" content=\"article\" \/>\n<meta property=\"og:title\" content=\"appel \u00e0 la vulgarisation des acteurs dispositions fiscales\" \/>\n<meta property=\"og:description\" content=\"Le directeur ge\u0301ne\u0301ral des impo\u0302ts et des domaines, Ludovic Itoua a rappele\u0301 le 28 fe\u0301vrier a\u0300 Pointe-Noire, que la v ...\" \/>\n<meta property=\"og:url\" content=\"https:\/\/www.africa-press.net\/congo-brazzaville\/economie\/appel-a-la-vulgarisation-des-acteurs-dispositions-fiscales\" \/>\n<meta property=\"og:site_name\" content=\"Congo Brazzaville\" \/>\n<meta property=\"article:published_time\" content=\"2023-03-01T21:27:43+00:00\" \/>\n<meta property=\"article:modified_time\" content=\"2023-03-01T22:58:54+00:00\" \/>\n<meta property=\"og:image\" content=\"https:\/\/static.africa-press.net\/congo-brazzaville\/sites\/51\/2023\/03\/postQueueImg_1677693481.70.jpg\" \/>\n\t<meta property=\"og:image:width\" content=\"819\" \/>\n\t<meta property=\"og:image:height\" content=\"435\" \/>\n\t<meta property=\"og:image:type\" content=\"image\/jpeg\" \/>\n<meta name=\"author\" content=\"cfeditorfr\" \/>\n<meta name=\"twitter:card\" content=\"summary_large_image\" \/>\n<meta name=\"twitter:label1\" content=\"\u00c9crit par\" \/>\n\t<meta name=\"twitter:data1\" content=\"cfeditorfr\" \/>\n\t<meta name=\"twitter:label2\" content=\"Dur\u00e9e de lecture estim\u00e9e\" \/>\n\t<meta name=\"twitter:data2\" content=\"3 minutes\" \/>\n<script type=\"application\/ld+json\" class=\"yoast-schema-graph\">{\"@context\":\"https:\/\/schema.org\",\"@graph\":[{\"@type\":\"Article\",\"@id\":\"https:\/\/www.africa-press.net\/congo-brazzaville\/economie\/appel-a-la-vulgarisation-des-acteurs-dispositions-fiscales#article\",\"isPartOf\":{\"@id\":\"https:\/\/www.africa-press.net\/congo-brazzaville\/economie\/appel-a-la-vulgarisation-des-acteurs-dispositions-fiscales\"},\"author\":{\"name\":\"cfeditorfr\",\"@id\":\"https:\/\/www.africa-press.net\/congo-brazzaville\/#\/schema\/person\/2b1cf3cd81a31e3cd26889ca66d677f1\"},\"headline\":\"appel \u00e0 la vulgarisation des acteurs dispositions fiscales\",\"datePublished\":\"2023-03-01T21:27:43+00:00\",\"dateModified\":\"2023-03-01T22:58:54+00:00\",\"mainEntityOfPage\":{\"@id\":\"https:\/\/www.africa-press.net\/congo-brazzaville\/economie\/appel-a-la-vulgarisation-des-acteurs-dispositions-fiscales\"},\"wordCount\":601,\"commentCount\":0,\"image\":{\"@id\":\"https:\/\/www.africa-press.net\/congo-brazzaville\/economie\/appel-a-la-vulgarisation-des-acteurs-dispositions-fiscales#primaryimage\"},\"thumbnailUrl\":\"https:\/\/static.africa-press.net\/congo-brazzaville\/sites\/51\/2023\/03\/postQueueImg_1677693481.70.jpg\",\"keywords\":[\"Africa Press\",\"Africa Press-Congo Brazzaville\",\"Congo Brazzaville\"],\"articleSection\":[\"\u00c9conomie\",\"Toutes les actualit\u00e9s\"],\"inLanguage\":\"fr-FR\",\"potentialAction\":[{\"@type\":\"CommentAction\",\"name\":\"Comment\",\"target\":[\"https:\/\/www.africa-press.net\/congo-brazzaville\/economie\/appel-a-la-vulgarisation-des-acteurs-dispositions-fiscales#respond\"]}]},{\"@type\":\"WebPage\",\"@id\":\"https:\/\/www.africa-press.net\/congo-brazzaville\/economie\/appel-a-la-vulgarisation-des-acteurs-dispositions-fiscales\",\"url\":\"https:\/\/www.africa-press.net\/congo-brazzaville\/economie\/appel-a-la-vulgarisation-des-acteurs-dispositions-fiscales\",\"name\":\"appel \u00e0 la vulgarisation des acteurs dispositions fiscales - Congo Brazzaville\",\"isPartOf\":{\"@id\":\"https:\/\/www.africa-press.net\/congo-brazzaville\/#website\"},\"primaryImageOfPage\":{\"@id\":\"https:\/\/www.africa-press.net\/congo-brazzaville\/economie\/appel-a-la-vulgarisation-des-acteurs-dispositions-fiscales#primaryimage\"},\"image\":{\"@id\":\"https:\/\/www.africa-press.net\/congo-brazzaville\/economie\/appel-a-la-vulgarisation-des-acteurs-dispositions-fiscales#primaryimage\"},\"thumbnailUrl\":\"https:\/\/static.africa-press.net\/congo-brazzaville\/sites\/51\/2023\/03\/postQueueImg_1677693481.70.jpg\",\"datePublished\":\"2023-03-01T21:27:43+00:00\",\"dateModified\":\"2023-03-01T22:58:54+00:00\",\"author\":{\"@id\":\"https:\/\/www.africa-press.net\/congo-brazzaville\/#\/schema\/person\/2b1cf3cd81a31e3cd26889ca66d677f1\"},\"description\":\"Le directeur ge\u0301ne\u0301ral des impo\u0302ts et des domaines, Ludovic Itoua a rappele\u0301 le 28 fe\u0301vrier a\u0300 Pointe-Noire, que la v ...\",\"breadcrumb\":{\"@id\":\"https:\/\/www.africa-press.net\/congo-brazzaville\/economie\/appel-a-la-vulgarisation-des-acteurs-dispositions-fiscales#breadcrumb\"},\"inLanguage\":\"fr-FR\",\"potentialAction\":[{\"@type\":\"ReadAction\",\"target\":[\"https:\/\/www.africa-press.net\/congo-brazzaville\/economie\/appel-a-la-vulgarisation-des-acteurs-dispositions-fiscales\"]}]},{\"@type\":\"ImageObject\",\"inLanguage\":\"fr-FR\",\"@id\":\"https:\/\/www.africa-press.net\/congo-brazzaville\/economie\/appel-a-la-vulgarisation-des-acteurs-dispositions-fiscales#primaryimage\",\"url\":\"https:\/\/static.africa-press.net\/congo-brazzaville\/sites\/51\/2023\/03\/postQueueImg_1677693481.70.jpg\",\"contentUrl\":\"https:\/\/static.africa-press.net\/congo-brazzaville\/sites\/51\/2023\/03\/postQueueImg_1677693481.70.jpg\",\"width\":819,\"height\":435,\"caption\":\"appel \u00e0 la vulgarisation des acteurs dispositions fiscales\"},{\"@type\":\"BreadcrumbList\",\"@id\":\"https:\/\/www.africa-press.net\/congo-brazzaville\/economie\/appel-a-la-vulgarisation-des-acteurs-dispositions-fiscales#breadcrumb\",\"itemListElement\":[{\"@type\":\"ListItem\",\"position\":1,\"name\":\"Accueil\",\"item\":\"https:\/\/www.africa-press.net\/congo-brazzaville\/\"},{\"@type\":\"ListItem\",\"position\":2,\"name\":\"appel \u00e0 la vulgarisation des acteurs dispositions fiscales\"}]},{\"@type\":\"WebSite\",\"@id\":\"https:\/\/www.africa-press.net\/congo-brazzaville\/#website\",\"url\":\"https:\/\/www.africa-press.net\/congo-brazzaville\/\",\"name\":\"Congo Brazzaville\",\"description\":\"Just another Africa News Agency Sites site\",\"potentialAction\":[{\"@type\":\"SearchAction\",\"target\":{\"@type\":\"EntryPoint\",\"urlTemplate\":\"https:\/\/www.africa-press.net\/congo-brazzaville\/?s={search_term_string}\"},\"query-input\":{\"@type\":\"PropertyValueSpecification\",\"valueRequired\":true,\"valueName\":\"search_term_string\"}}],\"inLanguage\":\"fr-FR\"},{\"@type\":\"Person\",\"@id\":\"https:\/\/www.africa-press.net\/congo-brazzaville\/#\/schema\/person\/2b1cf3cd81a31e3cd26889ca66d677f1\",\"name\":\"cfeditorfr\"}]}<\/script>\n<!-- \/ Yoast SEO Premium plugin. -->","yoast_head_json":{"title":"appel \u00e0 la vulgarisation des acteurs dispositions fiscales - Congo Brazzaville","description":"Le directeur ge\u0301ne\u0301ral des impo\u0302ts et des domaines, Ludovic Itoua a rappele\u0301 le 28 fe\u0301vrier a\u0300 Pointe-Noire, que la v ...","robots":{"index":"index","follow":"follow","max-snippet":"max-snippet:-1","max-image-preview":"max-image-preview:large","max-video-preview":"max-video-preview:-1"},"canonical":"https:\/\/www.africa-press.net\/congo-brazzaville\/economie\/appel-a-la-vulgarisation-des-acteurs-dispositions-fiscales","og_locale":"fr_FR","og_type":"article","og_title":"appel \u00e0 la vulgarisation des acteurs dispositions fiscales","og_description":"Le directeur ge\u0301ne\u0301ral des impo\u0302ts et des domaines, Ludovic Itoua a rappele\u0301 le 28 fe\u0301vrier a\u0300 Pointe-Noire, que la v ...","og_url":"https:\/\/www.africa-press.net\/congo-brazzaville\/economie\/appel-a-la-vulgarisation-des-acteurs-dispositions-fiscales","og_site_name":"Congo Brazzaville","article_published_time":"2023-03-01T21:27:43+00:00","article_modified_time":"2023-03-01T22:58:54+00:00","og_image":[{"width":819,"height":435,"url":"https:\/\/static.africa-press.net\/congo-brazzaville\/sites\/51\/2023\/03\/postQueueImg_1677693481.70.jpg","type":"image\/jpeg"}],"author":"cfeditorfr","twitter_card":"summary_large_image","twitter_misc":{"\u00c9crit par":"cfeditorfr","Dur\u00e9e de lecture estim\u00e9e":"3 minutes"},"schema":{"@context":"https:\/\/schema.org","@graph":[{"@type":"Article","@id":"https:\/\/www.africa-press.net\/congo-brazzaville\/economie\/appel-a-la-vulgarisation-des-acteurs-dispositions-fiscales#article","isPartOf":{"@id":"https:\/\/www.africa-press.net\/congo-brazzaville\/economie\/appel-a-la-vulgarisation-des-acteurs-dispositions-fiscales"},"author":{"name":"cfeditorfr","@id":"https:\/\/www.africa-press.net\/congo-brazzaville\/#\/schema\/person\/2b1cf3cd81a31e3cd26889ca66d677f1"},"headline":"appel \u00e0 la vulgarisation des acteurs dispositions fiscales","datePublished":"2023-03-01T21:27:43+00:00","dateModified":"2023-03-01T22:58:54+00:00","mainEntityOfPage":{"@id":"https:\/\/www.africa-press.net\/congo-brazzaville\/economie\/appel-a-la-vulgarisation-des-acteurs-dispositions-fiscales"},"wordCount":601,"commentCount":0,"image":{"@id":"https:\/\/www.africa-press.net\/congo-brazzaville\/economie\/appel-a-la-vulgarisation-des-acteurs-dispositions-fiscales#primaryimage"},"thumbnailUrl":"https:\/\/static.africa-press.net\/congo-brazzaville\/sites\/51\/2023\/03\/postQueueImg_1677693481.70.jpg","keywords":["Africa Press","Africa Press-Congo Brazzaville","Congo Brazzaville"],"articleSection":["\u00c9conomie","Toutes les actualit\u00e9s"],"inLanguage":"fr-FR","potentialAction":[{"@type":"CommentAction","name":"Comment","target":["https:\/\/www.africa-press.net\/congo-brazzaville\/economie\/appel-a-la-vulgarisation-des-acteurs-dispositions-fiscales#respond"]}]},{"@type":"WebPage","@id":"https:\/\/www.africa-press.net\/congo-brazzaville\/economie\/appel-a-la-vulgarisation-des-acteurs-dispositions-fiscales","url":"https:\/\/www.africa-press.net\/congo-brazzaville\/economie\/appel-a-la-vulgarisation-des-acteurs-dispositions-fiscales","name":"appel \u00e0 la vulgarisation des acteurs dispositions fiscales - Congo Brazzaville","isPartOf":{"@id":"https:\/\/www.africa-press.net\/congo-brazzaville\/#website"},"primaryImageOfPage":{"@id":"https:\/\/www.africa-press.net\/congo-brazzaville\/economie\/appel-a-la-vulgarisation-des-acteurs-dispositions-fiscales#primaryimage"},"image":{"@id":"https:\/\/www.africa-press.net\/congo-brazzaville\/economie\/appel-a-la-vulgarisation-des-acteurs-dispositions-fiscales#primaryimage"},"thumbnailUrl":"https:\/\/static.africa-press.net\/congo-brazzaville\/sites\/51\/2023\/03\/postQueueImg_1677693481.70.jpg","datePublished":"2023-03-01T21:27:43+00:00","dateModified":"2023-03-01T22:58:54+00:00","author":{"@id":"https:\/\/www.africa-press.net\/congo-brazzaville\/#\/schema\/person\/2b1cf3cd81a31e3cd26889ca66d677f1"},"description":"Le directeur ge\u0301ne\u0301ral des impo\u0302ts et des domaines, Ludovic Itoua a rappele\u0301 le 28 fe\u0301vrier a\u0300 Pointe-Noire, que la v ...","breadcrumb":{"@id":"https:\/\/www.africa-press.net\/congo-brazzaville\/economie\/appel-a-la-vulgarisation-des-acteurs-dispositions-fiscales#breadcrumb"},"inLanguage":"fr-FR","potentialAction":[{"@type":"ReadAction","target":["https:\/\/www.africa-press.net\/congo-brazzaville\/economie\/appel-a-la-vulgarisation-des-acteurs-dispositions-fiscales"]}]},{"@type":"ImageObject","inLanguage":"fr-FR","@id":"https:\/\/www.africa-press.net\/congo-brazzaville\/economie\/appel-a-la-vulgarisation-des-acteurs-dispositions-fiscales#primaryimage","url":"https:\/\/static.africa-press.net\/congo-brazzaville\/sites\/51\/2023\/03\/postQueueImg_1677693481.70.jpg","contentUrl":"https:\/\/static.africa-press.net\/congo-brazzaville\/sites\/51\/2023\/03\/postQueueImg_1677693481.70.jpg","width":819,"height":435,"caption":"appel \u00e0 la vulgarisation des acteurs dispositions fiscales"},{"@type":"BreadcrumbList","@id":"https:\/\/www.africa-press.net\/congo-brazzaville\/economie\/appel-a-la-vulgarisation-des-acteurs-dispositions-fiscales#breadcrumb","itemListElement":[{"@type":"ListItem","position":1,"name":"Accueil","item":"https:\/\/www.africa-press.net\/congo-brazzaville\/"},{"@type":"ListItem","position":2,"name":"appel \u00e0 la vulgarisation des acteurs dispositions fiscales"}]},{"@type":"WebSite","@id":"https:\/\/www.africa-press.net\/congo-brazzaville\/#website","url":"https:\/\/www.africa-press.net\/congo-brazzaville\/","name":"Congo Brazzaville","description":"Just another Africa News Agency Sites site","potentialAction":[{"@type":"SearchAction","target":{"@type":"EntryPoint","urlTemplate":"https:\/\/www.africa-press.net\/congo-brazzaville\/?s={search_term_string}"},"query-input":{"@type":"PropertyValueSpecification","valueRequired":true,"valueName":"search_term_string"}}],"inLanguage":"fr-FR"},{"@type":"Person","@id":"https:\/\/www.africa-press.net\/congo-brazzaville\/#\/schema\/person\/2b1cf3cd81a31e3cd26889ca66d677f1","name":"cfeditorfr"}]}},"_links":{"self":[{"href":"https:\/\/www.africa-press.net\/congo-brazzaville\/wp-json\/wp\/v2\/posts\/15049","targetHints":{"allow":["GET"]}}],"collection":[{"href":"https:\/\/www.africa-press.net\/congo-brazzaville\/wp-json\/wp\/v2\/posts"}],"about":[{"href":"https:\/\/www.africa-press.net\/congo-brazzaville\/wp-json\/wp\/v2\/types\/post"}],"author":[{"embeddable":true,"href":"https:\/\/www.africa-press.net\/congo-brazzaville\/wp-json\/wp\/v2\/users\/82"}],"replies":[{"embeddable":true,"href":"https:\/\/www.africa-press.net\/congo-brazzaville\/wp-json\/wp\/v2\/comments?post=15049"}],"version-history":[{"count":0,"href":"https:\/\/www.africa-press.net\/congo-brazzaville\/wp-json\/wp\/v2\/posts\/15049\/revisions"}],"wp:featuredmedia":[{"embeddable":true,"href":"https:\/\/www.africa-press.net\/congo-brazzaville\/wp-json\/wp\/v2\/media\/15048"}],"wp:attachment":[{"href":"https:\/\/www.africa-press.net\/congo-brazzaville\/wp-json\/wp\/v2\/media?parent=15049"}],"wp:term":[{"taxonomy":"category","embeddable":true,"href":"https:\/\/www.africa-press.net\/congo-brazzaville\/wp-json\/wp\/v2\/categories?post=15049"},{"taxonomy":"post_tag","embeddable":true,"href":"https:\/\/www.africa-press.net\/congo-brazzaville\/wp-json\/wp\/v2\/tags?post=15049"}],"curies":[{"name":"wp","href":"https:\/\/api.w.org\/{rel}","templated":true}]}}