{"id":15051,"date":"2023-03-01T21:28:04","date_gmt":"2023-03-01T21:28:04","guid":{"rendered":"https:\/\/www.africa-press.net\/congo-brazzaville\/politique\/des-actions-du-groupe-perenco-en-2022-au-coeur-dun-echange-au-ministere-des-hydrocarbures"},"modified":"2023-03-01T22:59:23","modified_gmt":"2023-03-01T22:59:23","slug":"des-actions-du-groupe-perenco-en-2022-au-coeur-dun-echange-au-ministere-des-hydrocarbures","status":"publish","type":"post","link":"https:\/\/www.africa-press.net\/congo-brazzaville\/economie\/des-actions-du-groupe-perenco-en-2022-au-coeur-dun-echange-au-ministere-des-hydrocarbures","title":{"rendered":"des actions du groupe perenco en 2022 au c\u0153ur d\u2019un \u00e9change au minist\u00e8re des hydrocarbures"},"content":{"rendered":"<p><span style=\"color: #ff6600\"><strong>Africa-Press &#8211; Congo Brazzaville. <\/strong><\/span><b>Le directeur du groupe Perenco Benoit de la Fouchardiere s\u2019est entretenu le 28 fe\u0301vrier a\u0300 Brazzaville avec le ministre des Hydrocarbures, Bruno Jean Richard Itoua sur les activite\u0301s de recherche, d\u2019exploration et de production pe\u0301trolie\u0300re re\u0301alise\u0301es par cette socie\u0301te\u0301 en 2022.<\/b><\/p>\n<p>\u00ab Nous avons fait le point de la situation des activite\u0301s du groupe Perenco en 2022 dans le pays, notamment de la de\u0301couverte de puits ge\u0301ologiques qui va contribuer a\u0300 non point douter a\u0300 l\u2019augmentation de la production du groupe Perenco \u00bb, a releve\u0301 le directeur du groupe Perenco.<\/p>\n<p>Le groupe Pe\u0301trolier compte cette anne\u0301e optimiser ses actions, en s\u2019employant dans la recherche des solutions innovantes, pour re\u0301soudre les proble\u0300mes qui se posent, dans le domaine minier en phase de maturite\u0301, en essayant de mettre sur pied des ide\u0301es innovantes correspond a\u0300 la maturite\u0301 de ces champs, a-t-il fait savoir, ajoutant qu\u2019ils vont aussi \u0153uvrer dans la recherche des re\u0301serves, a\u0300 maintenir le niveau de production.<\/p>\n<p>Un autre domaine minier, concerne l\u2019exploration, dans le dessein d\u2019avoir les nouveaux gisements de pe\u0301trole, et les mettre en production au sein du re\u0301seau de\u0301ja\u0300 existant de Perenco, a renche\u0301ri le directeur du groupe Perenco, Benoit De La Fouchardiere.<\/p>\n<p>Pour lui, la Re\u0301publique du Congo dispose encore d\u2019importantes re\u0301serves en matie\u0300re de pe\u0301trole et de gaz, et le groupe Perenco entend continuer a\u0300 s\u2019investir dans le secteur des hydrocarbures.<\/p>\n<p>En rappelle, c\u2019est depuis 2001 que le groupe Perenco est implante\u0301 au Congo, gra\u0302ce a\u0300 une strate\u0301gie de de\u0301veloppement sur ses champs et a\u0300 de nouvelles acquisitions, faisant progresser sa production au fil des anne\u0301es.<\/p>\n<p><strong>Pour plus d&rsquo;informations et d&rsquo;analyses sur la <a href=\"https:\/\/www.africa-press.net\/congo-brazzaville\">Congo Brazzaville<\/a>, suivez <a href=\"https:\/\/www.africa-press.net\/\">Africa-Press<\/a><\/strong><\/p>\n","protected":false},"excerpt":{"rendered":"<p>Africa-Press &#8211; Congo Brazzaville. Le directeur du groupe Perenco Benoit de la Fouchardiere s\u2019est entretenu le 28 fe\u0301vrier a\u0300 Brazzaville avec le ministre des Hydrocarbures, Bruno Jean Richard Itoua sur les activite\u0301s de recherche, d\u2019exploration et de production pe\u0301trolie\u0300re re\u0301alise\u0301es par cette socie\u0301te\u0301 en 2022. \u00ab Nous avons fait le point de la situation des [&hellip;]<\/p>\n","protected":false},"author":82,"featured_media":15050,"comment_status":"open","ping_status":"closed","sticky":false,"template":"","format":"standard","meta":{"footnotes":""},"categories":[3,10],"tags":[36,47,46],"class_list":["post-15051","post","type-post","status-publish","format-standard","has-post-thumbnail","hentry","category-economie","category-toutes-les-actualites","tag-africa-press","tag-africa-press-congo-brazzaville","tag-congo-brazzaville"],"yoast_head":"<!-- This site is optimized with the Yoast SEO Premium plugin v26.1 (Yoast SEO v27.0) - https:\/\/yoast.com\/product\/yoast-seo-premium-wordpress\/ -->\n<title>des actions du groupe perenco en 2022 au c\u0153ur d\u2019un \u00e9change au minist\u00e8re des hydrocarbures - Congo Brazzaville<\/title>\n<meta name=\"description\" content=\"Le directeur du groupe Perenco Benoit de la Fouchardiere s\u2019est entretenu le 28 fe\u0301vrier a\u0300 Brazzaville avec le minist ...\" \/>\n<meta name=\"robots\" content=\"index, follow, max-snippet:-1, max-image-preview:large, max-video-preview:-1\" \/>\n<link rel=\"canonical\" href=\"https:\/\/www.africa-press.net\/congo-brazzaville\/economie\/des-actions-du-groupe-perenco-en-2022-au-coeur-dun-echange-au-ministere-des-hydrocarbures\" \/>\n<meta property=\"og:locale\" content=\"fr_FR\" \/>\n<meta property=\"og:type\" content=\"article\" \/>\n<meta property=\"og:title\" content=\"des actions du groupe perenco en 2022 au c\u0153ur d\u2019un \u00e9change au minist\u00e8re des hydrocarbures\" \/>\n<meta property=\"og:description\" content=\"Le directeur du groupe Perenco Benoit de la Fouchardiere s\u2019est entretenu le 28 fe\u0301vrier a\u0300 Brazzaville avec le minist ...\" \/>\n<meta property=\"og:url\" content=\"https:\/\/www.africa-press.net\/congo-brazzaville\/economie\/des-actions-du-groupe-perenco-en-2022-au-coeur-dun-echange-au-ministere-des-hydrocarbures\" \/>\n<meta property=\"og:site_name\" content=\"Congo Brazzaville\" \/>\n<meta property=\"article:published_time\" content=\"2023-03-01T21:28:04+00:00\" \/>\n<meta property=\"article:modified_time\" content=\"2023-03-01T22:59:23+00:00\" \/>\n<meta property=\"og:image\" content=\"https:\/\/static.africa-press.net\/congo-brazzaville\/sites\/51\/2023\/03\/postQueueImg_1677693493.14.jpg\" \/>\n\t<meta property=\"og:image:width\" content=\"933\" \/>\n\t<meta property=\"og:image:height\" content=\"445\" \/>\n\t<meta property=\"og:image:type\" content=\"image\/jpeg\" \/>\n<meta name=\"author\" content=\"cfeditorfr\" \/>\n<meta name=\"twitter:card\" content=\"summary_large_image\" \/>\n<meta name=\"twitter:label1\" content=\"\u00c9crit par\" \/>\n\t<meta name=\"twitter:data1\" content=\"cfeditorfr\" \/>\n\t<meta name=\"twitter:label2\" content=\"Dur\u00e9e de lecture estim\u00e9e\" \/>\n\t<meta name=\"twitter:data2\" content=\"2 minutes\" \/>\n<script type=\"application\/ld+json\" class=\"yoast-schema-graph\">{\"@context\":\"https:\/\/schema.org\",\"@graph\":[{\"@type\":\"Article\",\"@id\":\"https:\/\/www.africa-press.net\/congo-brazzaville\/economie\/des-actions-du-groupe-perenco-en-2022-au-coeur-dun-echange-au-ministere-des-hydrocarbures#article\",\"isPartOf\":{\"@id\":\"https:\/\/www.africa-press.net\/congo-brazzaville\/economie\/des-actions-du-groupe-perenco-en-2022-au-coeur-dun-echange-au-ministere-des-hydrocarbures\"},\"author\":{\"name\":\"cfeditorfr\",\"@id\":\"https:\/\/www.africa-press.net\/congo-brazzaville\/#\/schema\/person\/2b1cf3cd81a31e3cd26889ca66d677f1\"},\"headline\":\"des actions du groupe perenco en 2022 au c\u0153ur d\u2019un \u00e9change au minist\u00e8re des hydrocarbures\",\"datePublished\":\"2023-03-01T21:28:04+00:00\",\"dateModified\":\"2023-03-01T22:59:23+00:00\",\"mainEntityOfPage\":{\"@id\":\"https:\/\/www.africa-press.net\/congo-brazzaville\/economie\/des-actions-du-groupe-perenco-en-2022-au-coeur-dun-echange-au-ministere-des-hydrocarbures\"},\"wordCount\":327,\"commentCount\":0,\"image\":{\"@id\":\"https:\/\/www.africa-press.net\/congo-brazzaville\/economie\/des-actions-du-groupe-perenco-en-2022-au-coeur-dun-echange-au-ministere-des-hydrocarbures#primaryimage\"},\"thumbnailUrl\":\"https:\/\/static.africa-press.net\/congo-brazzaville\/sites\/51\/2023\/03\/postQueueImg_1677693493.14.jpg\",\"keywords\":[\"Africa Press\",\"Africa Press-Congo Brazzaville\",\"Congo Brazzaville\"],\"articleSection\":[\"\u00c9conomie\",\"Toutes les actualit\u00e9s\"],\"inLanguage\":\"fr-FR\",\"potentialAction\":[{\"@type\":\"CommentAction\",\"name\":\"Comment\",\"target\":[\"https:\/\/www.africa-press.net\/congo-brazzaville\/economie\/des-actions-du-groupe-perenco-en-2022-au-coeur-dun-echange-au-ministere-des-hydrocarbures#respond\"]}]},{\"@type\":\"WebPage\",\"@id\":\"https:\/\/www.africa-press.net\/congo-brazzaville\/economie\/des-actions-du-groupe-perenco-en-2022-au-coeur-dun-echange-au-ministere-des-hydrocarbures\",\"url\":\"https:\/\/www.africa-press.net\/congo-brazzaville\/economie\/des-actions-du-groupe-perenco-en-2022-au-coeur-dun-echange-au-ministere-des-hydrocarbures\",\"name\":\"des actions du groupe perenco en 2022 au c\u0153ur d\u2019un \u00e9change au minist\u00e8re des hydrocarbures - Congo Brazzaville\",\"isPartOf\":{\"@id\":\"https:\/\/www.africa-press.net\/congo-brazzaville\/#website\"},\"primaryImageOfPage\":{\"@id\":\"https:\/\/www.africa-press.net\/congo-brazzaville\/economie\/des-actions-du-groupe-perenco-en-2022-au-coeur-dun-echange-au-ministere-des-hydrocarbures#primaryimage\"},\"image\":{\"@id\":\"https:\/\/www.africa-press.net\/congo-brazzaville\/economie\/des-actions-du-groupe-perenco-en-2022-au-coeur-dun-echange-au-ministere-des-hydrocarbures#primaryimage\"},\"thumbnailUrl\":\"https:\/\/static.africa-press.net\/congo-brazzaville\/sites\/51\/2023\/03\/postQueueImg_1677693493.14.jpg\",\"datePublished\":\"2023-03-01T21:28:04+00:00\",\"dateModified\":\"2023-03-01T22:59:23+00:00\",\"author\":{\"@id\":\"https:\/\/www.africa-press.net\/congo-brazzaville\/#\/schema\/person\/2b1cf3cd81a31e3cd26889ca66d677f1\"},\"description\":\"Le directeur du groupe Perenco Benoit de la Fouchardiere s\u2019est entretenu le 28 fe\u0301vrier a\u0300 Brazzaville avec le minist ...\",\"breadcrumb\":{\"@id\":\"https:\/\/www.africa-press.net\/congo-brazzaville\/economie\/des-actions-du-groupe-perenco-en-2022-au-coeur-dun-echange-au-ministere-des-hydrocarbures#breadcrumb\"},\"inLanguage\":\"fr-FR\",\"potentialAction\":[{\"@type\":\"ReadAction\",\"target\":[\"https:\/\/www.africa-press.net\/congo-brazzaville\/economie\/des-actions-du-groupe-perenco-en-2022-au-coeur-dun-echange-au-ministere-des-hydrocarbures\"]}]},{\"@type\":\"ImageObject\",\"inLanguage\":\"fr-FR\",\"@id\":\"https:\/\/www.africa-press.net\/congo-brazzaville\/economie\/des-actions-du-groupe-perenco-en-2022-au-coeur-dun-echange-au-ministere-des-hydrocarbures#primaryimage\",\"url\":\"https:\/\/static.africa-press.net\/congo-brazzaville\/sites\/51\/2023\/03\/postQueueImg_1677693493.14.jpg\",\"contentUrl\":\"https:\/\/static.africa-press.net\/congo-brazzaville\/sites\/51\/2023\/03\/postQueueImg_1677693493.14.jpg\",\"width\":933,\"height\":445,\"caption\":\"des actions du groupe perenco en 2022 au c\u0153ur d\u2019un \u00e9change au minist\u00e8re des hydrocarbures\"},{\"@type\":\"BreadcrumbList\",\"@id\":\"https:\/\/www.africa-press.net\/congo-brazzaville\/economie\/des-actions-du-groupe-perenco-en-2022-au-coeur-dun-echange-au-ministere-des-hydrocarbures#breadcrumb\",\"itemListElement\":[{\"@type\":\"ListItem\",\"position\":1,\"name\":\"Accueil\",\"item\":\"https:\/\/www.africa-press.net\/congo-brazzaville\/\"},{\"@type\":\"ListItem\",\"position\":2,\"name\":\"des actions du groupe perenco en 2022 au c\u0153ur d\u2019un \u00e9change au minist\u00e8re des hydrocarbures\"}]},{\"@type\":\"WebSite\",\"@id\":\"https:\/\/www.africa-press.net\/congo-brazzaville\/#website\",\"url\":\"https:\/\/www.africa-press.net\/congo-brazzaville\/\",\"name\":\"Congo Brazzaville\",\"description\":\"Just another Africa News Agency Sites site\",\"potentialAction\":[{\"@type\":\"SearchAction\",\"target\":{\"@type\":\"EntryPoint\",\"urlTemplate\":\"https:\/\/www.africa-press.net\/congo-brazzaville\/?s={search_term_string}\"},\"query-input\":{\"@type\":\"PropertyValueSpecification\",\"valueRequired\":true,\"valueName\":\"search_term_string\"}}],\"inLanguage\":\"fr-FR\"},{\"@type\":\"Person\",\"@id\":\"https:\/\/www.africa-press.net\/congo-brazzaville\/#\/schema\/person\/2b1cf3cd81a31e3cd26889ca66d677f1\",\"name\":\"cfeditorfr\"}]}<\/script>\n<!-- \/ Yoast SEO Premium plugin. -->","yoast_head_json":{"title":"des actions du groupe perenco en 2022 au c\u0153ur d\u2019un \u00e9change au minist\u00e8re des hydrocarbures - Congo Brazzaville","description":"Le directeur du groupe Perenco Benoit de la Fouchardiere s\u2019est entretenu le 28 fe\u0301vrier a\u0300 Brazzaville avec le minist ...","robots":{"index":"index","follow":"follow","max-snippet":"max-snippet:-1","max-image-preview":"max-image-preview:large","max-video-preview":"max-video-preview:-1"},"canonical":"https:\/\/www.africa-press.net\/congo-brazzaville\/economie\/des-actions-du-groupe-perenco-en-2022-au-coeur-dun-echange-au-ministere-des-hydrocarbures","og_locale":"fr_FR","og_type":"article","og_title":"des actions du groupe perenco en 2022 au c\u0153ur d\u2019un \u00e9change au minist\u00e8re des hydrocarbures","og_description":"Le directeur du groupe Perenco Benoit de la Fouchardiere s\u2019est entretenu le 28 fe\u0301vrier a\u0300 Brazzaville avec le minist ...","og_url":"https:\/\/www.africa-press.net\/congo-brazzaville\/economie\/des-actions-du-groupe-perenco-en-2022-au-coeur-dun-echange-au-ministere-des-hydrocarbures","og_site_name":"Congo Brazzaville","article_published_time":"2023-03-01T21:28:04+00:00","article_modified_time":"2023-03-01T22:59:23+00:00","og_image":[{"width":933,"height":445,"url":"https:\/\/static.africa-press.net\/congo-brazzaville\/sites\/51\/2023\/03\/postQueueImg_1677693493.14.jpg","type":"image\/jpeg"}],"author":"cfeditorfr","twitter_card":"summary_large_image","twitter_misc":{"\u00c9crit par":"cfeditorfr","Dur\u00e9e de lecture estim\u00e9e":"2 minutes"},"schema":{"@context":"https:\/\/schema.org","@graph":[{"@type":"Article","@id":"https:\/\/www.africa-press.net\/congo-brazzaville\/economie\/des-actions-du-groupe-perenco-en-2022-au-coeur-dun-echange-au-ministere-des-hydrocarbures#article","isPartOf":{"@id":"https:\/\/www.africa-press.net\/congo-brazzaville\/economie\/des-actions-du-groupe-perenco-en-2022-au-coeur-dun-echange-au-ministere-des-hydrocarbures"},"author":{"name":"cfeditorfr","@id":"https:\/\/www.africa-press.net\/congo-brazzaville\/#\/schema\/person\/2b1cf3cd81a31e3cd26889ca66d677f1"},"headline":"des actions du groupe perenco en 2022 au c\u0153ur d\u2019un \u00e9change au minist\u00e8re des hydrocarbures","datePublished":"2023-03-01T21:28:04+00:00","dateModified":"2023-03-01T22:59:23+00:00","mainEntityOfPage":{"@id":"https:\/\/www.africa-press.net\/congo-brazzaville\/economie\/des-actions-du-groupe-perenco-en-2022-au-coeur-dun-echange-au-ministere-des-hydrocarbures"},"wordCount":327,"commentCount":0,"image":{"@id":"https:\/\/www.africa-press.net\/congo-brazzaville\/economie\/des-actions-du-groupe-perenco-en-2022-au-coeur-dun-echange-au-ministere-des-hydrocarbures#primaryimage"},"thumbnailUrl":"https:\/\/static.africa-press.net\/congo-brazzaville\/sites\/51\/2023\/03\/postQueueImg_1677693493.14.jpg","keywords":["Africa Press","Africa Press-Congo Brazzaville","Congo Brazzaville"],"articleSection":["\u00c9conomie","Toutes les actualit\u00e9s"],"inLanguage":"fr-FR","potentialAction":[{"@type":"CommentAction","name":"Comment","target":["https:\/\/www.africa-press.net\/congo-brazzaville\/economie\/des-actions-du-groupe-perenco-en-2022-au-coeur-dun-echange-au-ministere-des-hydrocarbures#respond"]}]},{"@type":"WebPage","@id":"https:\/\/www.africa-press.net\/congo-brazzaville\/economie\/des-actions-du-groupe-perenco-en-2022-au-coeur-dun-echange-au-ministere-des-hydrocarbures","url":"https:\/\/www.africa-press.net\/congo-brazzaville\/economie\/des-actions-du-groupe-perenco-en-2022-au-coeur-dun-echange-au-ministere-des-hydrocarbures","name":"des actions du groupe perenco en 2022 au c\u0153ur d\u2019un \u00e9change au minist\u00e8re des hydrocarbures - Congo Brazzaville","isPartOf":{"@id":"https:\/\/www.africa-press.net\/congo-brazzaville\/#website"},"primaryImageOfPage":{"@id":"https:\/\/www.africa-press.net\/congo-brazzaville\/economie\/des-actions-du-groupe-perenco-en-2022-au-coeur-dun-echange-au-ministere-des-hydrocarbures#primaryimage"},"image":{"@id":"https:\/\/www.africa-press.net\/congo-brazzaville\/economie\/des-actions-du-groupe-perenco-en-2022-au-coeur-dun-echange-au-ministere-des-hydrocarbures#primaryimage"},"thumbnailUrl":"https:\/\/static.africa-press.net\/congo-brazzaville\/sites\/51\/2023\/03\/postQueueImg_1677693493.14.jpg","datePublished":"2023-03-01T21:28:04+00:00","dateModified":"2023-03-01T22:59:23+00:00","author":{"@id":"https:\/\/www.africa-press.net\/congo-brazzaville\/#\/schema\/person\/2b1cf3cd81a31e3cd26889ca66d677f1"},"description":"Le directeur du groupe Perenco Benoit de la Fouchardiere s\u2019est entretenu le 28 fe\u0301vrier a\u0300 Brazzaville avec le minist ...","breadcrumb":{"@id":"https:\/\/www.africa-press.net\/congo-brazzaville\/economie\/des-actions-du-groupe-perenco-en-2022-au-coeur-dun-echange-au-ministere-des-hydrocarbures#breadcrumb"},"inLanguage":"fr-FR","potentialAction":[{"@type":"ReadAction","target":["https:\/\/www.africa-press.net\/congo-brazzaville\/economie\/des-actions-du-groupe-perenco-en-2022-au-coeur-dun-echange-au-ministere-des-hydrocarbures"]}]},{"@type":"ImageObject","inLanguage":"fr-FR","@id":"https:\/\/www.africa-press.net\/congo-brazzaville\/economie\/des-actions-du-groupe-perenco-en-2022-au-coeur-dun-echange-au-ministere-des-hydrocarbures#primaryimage","url":"https:\/\/static.africa-press.net\/congo-brazzaville\/sites\/51\/2023\/03\/postQueueImg_1677693493.14.jpg","contentUrl":"https:\/\/static.africa-press.net\/congo-brazzaville\/sites\/51\/2023\/03\/postQueueImg_1677693493.14.jpg","width":933,"height":445,"caption":"des actions du groupe perenco en 2022 au c\u0153ur d\u2019un \u00e9change au minist\u00e8re des hydrocarbures"},{"@type":"BreadcrumbList","@id":"https:\/\/www.africa-press.net\/congo-brazzaville\/economie\/des-actions-du-groupe-perenco-en-2022-au-coeur-dun-echange-au-ministere-des-hydrocarbures#breadcrumb","itemListElement":[{"@type":"ListItem","position":1,"name":"Accueil","item":"https:\/\/www.africa-press.net\/congo-brazzaville\/"},{"@type":"ListItem","position":2,"name":"des actions du groupe perenco en 2022 au c\u0153ur d\u2019un \u00e9change au minist\u00e8re des hydrocarbures"}]},{"@type":"WebSite","@id":"https:\/\/www.africa-press.net\/congo-brazzaville\/#website","url":"https:\/\/www.africa-press.net\/congo-brazzaville\/","name":"Congo Brazzaville","description":"Just another Africa News Agency Sites site","potentialAction":[{"@type":"SearchAction","target":{"@type":"EntryPoint","urlTemplate":"https:\/\/www.africa-press.net\/congo-brazzaville\/?s={search_term_string}"},"query-input":{"@type":"PropertyValueSpecification","valueRequired":true,"valueName":"search_term_string"}}],"inLanguage":"fr-FR"},{"@type":"Person","@id":"https:\/\/www.africa-press.net\/congo-brazzaville\/#\/schema\/person\/2b1cf3cd81a31e3cd26889ca66d677f1","name":"cfeditorfr"}]}},"_links":{"self":[{"href":"https:\/\/www.africa-press.net\/congo-brazzaville\/wp-json\/wp\/v2\/posts\/15051","targetHints":{"allow":["GET"]}}],"collection":[{"href":"https:\/\/www.africa-press.net\/congo-brazzaville\/wp-json\/wp\/v2\/posts"}],"about":[{"href":"https:\/\/www.africa-press.net\/congo-brazzaville\/wp-json\/wp\/v2\/types\/post"}],"author":[{"embeddable":true,"href":"https:\/\/www.africa-press.net\/congo-brazzaville\/wp-json\/wp\/v2\/users\/82"}],"replies":[{"embeddable":true,"href":"https:\/\/www.africa-press.net\/congo-brazzaville\/wp-json\/wp\/v2\/comments?post=15051"}],"version-history":[{"count":0,"href":"https:\/\/www.africa-press.net\/congo-brazzaville\/wp-json\/wp\/v2\/posts\/15051\/revisions"}],"wp:featuredmedia":[{"embeddable":true,"href":"https:\/\/www.africa-press.net\/congo-brazzaville\/wp-json\/wp\/v2\/media\/15050"}],"wp:attachment":[{"href":"https:\/\/www.africa-press.net\/congo-brazzaville\/wp-json\/wp\/v2\/media?parent=15051"}],"wp:term":[{"taxonomy":"category","embeddable":true,"href":"https:\/\/www.africa-press.net\/congo-brazzaville\/wp-json\/wp\/v2\/categories?post=15051"},{"taxonomy":"post_tag","embeddable":true,"href":"https:\/\/www.africa-press.net\/congo-brazzaville\/wp-json\/wp\/v2\/tags?post=15051"}],"curies":[{"name":"wp","href":"https:\/\/api.w.org\/{rel}","templated":true}]}}