{"id":1506,"date":"2021-11-17T02:32:23","date_gmt":"2021-11-17T02:32:23","guid":{"rendered":"https:\/\/www.africa-press.net\/congo-brazzaville\/?p=1506"},"modified":"2021-11-17T01:25:37","modified_gmt":"2021-11-17T01:25:37","slug":"emploi-et-formation-la-delegation-congolaise-satisfaite-des-resultats-de-latelier-regional","status":"publish","type":"post","link":"https:\/\/www.africa-press.net\/congo-brazzaville\/photo\/emploi-et-formation-la-delegation-congolaise-satisfaite-des-resultats-de-latelier-regional","title":{"rendered":"Emploi et formation : la d\u00e9l\u00e9gation congolaise satisfaite des r\u00e9sultats de l\u2019atelier r\u00e9gional"},"content":{"rendered":"<p><span style=\"color: #ff6600\"><strong>Africa-Press &#8211; Congo Brazzaville. <\/strong><\/span><b>Les r\u00e9sultats de l\u2019atelier r\u00e9gional sur la co\u2014construction de la Jobs facility, tenu \u00e0 Saly, au S\u00e9n\u00e9gal, du 18 au 22 octobre, ont \u00e9t\u00e9 pr\u00e9sent\u00e9s le 11 novembre par l&rsquo;\u00e9quipe technique du point focal Congo lors d\u2019une c\u00e9r\u00e9monie de restitution.<\/b><\/p>\n<p>Quarante-cinq participants venus du Burkina Faso, du S\u00e9n\u00e9gal, de C\u00f4te d\u2019Ivoire, du Gabon, de la Mauritanie et du Congo ont partag\u00e9 les informations et les exp\u00e9riences afin de trouver les approches de la formation et l\u2019emploi des jeunes dans leurs diff\u00e9rents pays. Les assises du S\u00e9n\u00e9gal s\u2019inscrivaient, en effet, dans la continuit\u00e9 des ateliers pays sur les \u00e9tats de lieux des politiques Emploi- Formation. Le Congo l\u2019avait organis\u00e9 du 19 au 20 juillet avec l\u2019appui technique du Bureau international de travail et l\u2019Agence fran\u00e7aise de d\u00e9veloppement (AFD) en vue de faire un diagnostic sur les probl\u00e9matiques de l\u2019emploi et de la formation, puis d\u00e9gager les d\u00e9fis.<\/p>\n<p>La Jobs facility est un concept qui fait partie des trois composantes du projet d\u2019Accompagnement et de renforcement des capacit\u00e9s pour la d\u00e9finition, la mise en \u0153uvre, le suivi et l\u2019\u00e9valuation de politiques Emploi-Formation des jeunes ( ARPEJ). A Saly, les participants ont eu \u00e0 c\u0153ur la volont\u00e9 de construire un mod\u00e8le type de syst\u00e8me Emploi-Formation sur la base des \u00e9tats de lieux faits dans chaque pays et de permettre aux \u00e9quipes techniques des pays de mieux ma\u00eetriser ou approfondir les concepts et le cycle du projet ARPEJ. \u00ab Il fallait trouver comment on pouvait mobiliser les dispositifs que nous pouvons impl\u00e9menter dans les pays en tenant compte des exp\u00e9riences et des r\u00e9alit\u00e9s de chaque pays. Il \u00e9tait question de proposer un mod\u00e8le id\u00e9al de syst\u00e8me emploi-formation applicable dans la sous-r\u00e9gion, dans les pays b\u00e9n\u00e9ficiaires en tenant compte des \u00e9cosyst\u00e8mes sp\u00e9cifiques de chaque pays \u00bb, a expliqu\u00e9 Auxence L\u00e9onard Okombi, le directeur g\u00e9n\u00e9ral de la Formation qualifiante et de l\u2019Emploi.<\/p>\n<p>La d\u00e9l\u00e9gation congolaise s\u2019est r\u00e9jouie d\u2019avoir eu une meilleure connaissance sur la convention 122 de l\u2019Organisation internationale du travail qui traite les politiques en mati\u00e8re de l\u2019emploi et de la formation. Le Congo, a r\u00e9v\u00e9l\u00e9 Joseph Akondzo Nguiambo, directeur g\u00e9n\u00e9ral du Travail, va ratifier rapidement cette convention \u00ab puisqu\u2019il a re\u00e7u l\u2019avis favorable de la Cour supr\u00eame qui avait \u00e9t\u00e9 saisie. Certaines discussions sont d\u00e9j\u00e0 engag\u00e9es au niveau de certaines commissions de l\u2019Assembl\u00e9e nationale. \u00bb<\/p>\n<p>\u00ab Nous nous r\u00e9jouissons aussi que la convention 122 soit d\u00e9j\u00e0 dans les diff\u00e9rentes chambres du Parlement afin qu\u2019elle soit ratifi\u00e9e dans les meilleurs d\u00e9lais \u00bb, a comment\u00e9 Charles Makaya. La feuille de route d\u00e9finissant les prochaines \u00e9tapes de la co-construction de la Jobs facility a \u00e9t\u00e9 adopt\u00e9e. Apr\u00e8s l\u2019atelier de Saly, la d\u00e9l\u00e9gation congolaise participera en janvier 2022 \u00e0 un deuxi\u00e8me atelier r\u00e9gional \u00e0 Turin, en Italie, pour d\u00e9finir les types d\u2019appui possibles aux pays b\u00e9n\u00e9ficiaires ainsi que les outils de suivi et \u00e9valuation. Un autre atelier national par pays est \u00e9galement pr\u00e9vu en f\u00e9vrier 2022 sous l\u2019\u00e9gide de l\u2019AFD et du Bureau international du travail pour d\u00e9finir les priorit\u00e9s pays devant recevoir les appuis d\u00e9finis \u00e0 Turin. En avril, sera organis\u00e9 un autre atelier pour un suivi \u00e9valuation des premiers appuis apport\u00e9s par le projet au pays.<\/p>\n<p>\u00ab Les objectifs au regard des r\u00e9sultats ont \u00e9t\u00e9 atteints. En ce qui concerne le gouvernement, une feuille de route a \u00e9t\u00e9 mise en place, notamment celle qui d\u00e9cline les diff\u00e9rentes \u00e9tapes qui vont jusqu\u2019en avril 2022. Le gouvernement mettra tout en \u0153uvre pour faire que les \u00e9tapes suivantes se r\u00e9alisent dans les d\u00e9lais prescrits. En fonction de cela, un certain nombre de flux a \u00e9t\u00e9 d\u00e9fini, le gouvernement se l\u2019appropriera \u00e9galement et travaillera avec tous les partenaires que vous \u00eates, ainsi que ceux techniques et financiers pour faire en sorte que la politique de l\u2019emploi tienne compte de tous ces aspects \u00bb, a d\u00e9clar\u00e9 Charles Makaya, directeur de cabinet du ministre en charge de la Formation qualifiante et de l\u2019Emploi.<\/p>\n<p>Rohen D\u2019Aigle Pierre, le repr\u00e9sentant de l\u2019AFD, a assur\u00e9 la volont\u00e9 de l\u2019agence fran\u00e7aise de mettre les moyens et de l\u2019\u00e9nergie pour faire avancer le projet. Au Congo, l\u2019AFD accompagne ARPEJ, un projet r\u00e9gional multi-pays mais aussi le projet Arcefa qui vise \u00e0 accompagner les centres d\u2019\u00e9ducation, de formation et d\u2019apprentissage, un outil et un levier pour am\u00e9liorer l\u2019employabilit\u00e9 des jeunes au Congo sans oublier l\u2019Agence congolaise pour l\u2019emploi et le Fonds national d\u2019appui \u00e0 l\u2019employabilit\u00e9 et \u00e0 l\u2019apprentissage.<\/p>\n\r\n                <style type=\"text\/css\">\r\n                    \r\n                    #td_uid_1_69f49dbc7d6eb  .td-doubleSlider-2 .td-item1 {\r\n                        background: url(https:\/\/static.africa-press.net\/centrafricaine\/sites\/51\/2021\/11\/img-619459edec8ab-80x60.jpg) 0 0 no-repeat;\r\n                    }\r\n                <\/style>\r\n\r\n                <div id=\"td_uid_1_69f49dbc7d6eb\" class=\"td-gallery td-slide-on-2-columns\">\r\n                    <div class=\"post_td_gallery\">\r\n                        <div class=\"td-gallery-slide-top\">\r\n                           <div class=\"td-gallery-title\"><\/div>\r\n\r\n                            <div class=\"td-gallery-controls-wrapper\">\r\n                                <div class=\"td-gallery-slide-count\"><span class=\"td-gallery-slide-item-focus\">1<\/span> de 2<\/div>\r\n                                <div class=\"td-gallery-slide-prev-next-but\">\r\n                                    <i class = \"td-icon-left doubleSliderPrevButton\"><\/i>\r\n                                    <i class = \"td-icon-right doubleSliderNextButton\"><\/i>\r\n                                <\/div>\r\n                            <\/div>\r\n                        <\/div>\r\n\r\n                        <div class = \"td-doubleSlider-1 \">\r\n                            <div class = \"td-slider\">\r\n                                \r\n                    <div class = \"td-slide-item td-item1\">\r\n                        <figure class=\"td-slide-galery-figure td-slide-popup-gallery\">\r\n                            <a class=\"slide-gallery-image-link\" href=\"https:\/\/static.africa-press.net\/centrafricaine\/sites\/51\/2021\/11\/img-619459edec8ab.jpg\" title=\"img-619459edec8ab\"  data-caption=\"\"  data-description=\"\">\r\n                                <img decoding=\"async\" src=\"https:\/\/static.africa-press.net\/centrafricaine\/sites\/51\/2021\/11\/img-619459edec8ab.jpg\" srcset=\"https:\/\/static.africa-press.net\/congo-brazzaville\/sites\/51\/2021\/11\/img-619459edec8ab.jpg 1155w, https:\/\/static.africa-press.net\/congo-brazzaville\/sites\/51\/2021\/11\/img-619459edec8ab-300x199.jpg 300w, https:\/\/static.africa-press.net\/congo-brazzaville\/sites\/51\/2021\/11\/img-619459edec8ab-1024x681.jpg 1024w, https:\/\/static.africa-press.net\/congo-brazzaville\/sites\/51\/2021\/11\/img-619459edec8ab-768x511.jpg 768w\" sizes=\"(max-width: 1155px) 100vw, 1155px\" alt=\"\">\r\n                            <\/a>\r\n                            \r\n                        <\/figure>\r\n                    <\/div>\r\n                            <\/div>\r\n                        <\/div>\r\n\r\n                        <div class = \"td-doubleSlider-2\">\r\n                            <div class = \"td-slider\">\r\n                                \r\n                    <div class = \"td-button td-item1\">\r\n                        <div class = \"td-border\"><\/div>\r\n                    <\/div>\r\n                            <\/div>\r\n                        <\/div>\r\n\r\n                    <\/div>\r\n\r\n                <\/div>\r\n                \n<p><strong>Pour plus d&rsquo;informations et d&rsquo;analyses sur la <a href=\"https:\/\/www.africa-press.net\/congo-brazzaville\">Congo Brazzaville<\/a>, suivez <a href=\"https:\/\/www.africa-press.net\/\">Africa-Press<\/a><\/strong><\/p>\n","protected":false},"excerpt":{"rendered":"<p>Africa-Press &#8211; Congo Brazzaville. Les r\u00e9sultats de l\u2019atelier r\u00e9gional sur la co\u2014construction de la Jobs facility, tenu \u00e0 Saly, au S\u00e9n\u00e9gal, du 18 au 22 octobre, ont \u00e9t\u00e9 pr\u00e9sent\u00e9s le 11 novembre par l&rsquo;\u00e9quipe technique du point focal Congo lors d\u2019une c\u00e9r\u00e9monie de restitution. Quarante-cinq participants venus du Burkina Faso, du S\u00e9n\u00e9gal, de C\u00f4te d\u2019Ivoire, [&hellip;]<\/p>\n","protected":false},"author":82,"featured_media":1505,"comment_status":"open","ping_status":"closed","sticky":false,"template":"","format":"standard","meta":{"footnotes":""},"categories":[21,11,8,10],"tags":[36,47,46],"class_list":["post-1506","post","type-post","status-publish","format-standard","has-post-thumbnail","hentry","category-communaute","category-homepage-french","category-photo","category-toutes-les-actualites","tag-africa-press","tag-africa-press-congo-brazzaville","tag-congo-brazzaville"],"yoast_head":"<!-- This site is optimized with the Yoast SEO Premium plugin v26.1 (Yoast SEO v27.0) - https:\/\/yoast.com\/product\/yoast-seo-premium-wordpress\/ -->\n<title>Emploi et formation : la d\u00e9l\u00e9gation congolaise satisfaite des r\u00e9sultats de l\u2019atelier r\u00e9gional - Congo Brazzaville<\/title>\n<meta name=\"description\" content=\"Les r\u00e9sultats de l\u2019atelier r\u00e9gional sur la co\u2014construction de la Jobs facility, tenu \u00e0 Saly, au S\u00e9n\u00e9gal, du 18 au 22 ...\" \/>\n<meta name=\"robots\" content=\"index, follow, max-snippet:-1, max-image-preview:large, max-video-preview:-1\" \/>\n<link rel=\"canonical\" href=\"https:\/\/www.africa-press.net\/congo-brazzaville\/photo\/emploi-et-formation-la-delegation-congolaise-satisfaite-des-resultats-de-latelier-regional\" \/>\n<meta property=\"og:locale\" content=\"fr_FR\" \/>\n<meta property=\"og:type\" content=\"article\" \/>\n<meta property=\"og:title\" content=\"Emploi et formation : la d\u00e9l\u00e9gation congolaise satisfaite des r\u00e9sultats de l\u2019atelier r\u00e9gional\" \/>\n<meta property=\"og:description\" content=\"Les r\u00e9sultats de l\u2019atelier r\u00e9gional sur la co\u2014construction de la Jobs facility, tenu \u00e0 Saly, au S\u00e9n\u00e9gal, du 18 au 22 ...\" \/>\n<meta property=\"og:url\" content=\"https:\/\/www.africa-press.net\/congo-brazzaville\/photo\/emploi-et-formation-la-delegation-congolaise-satisfaite-des-resultats-de-latelier-regional\" \/>\n<meta property=\"og:site_name\" content=\"Congo Brazzaville\" \/>\n<meta property=\"article:published_time\" content=\"2021-11-17T02:32:23+00:00\" \/>\n<meta property=\"og:image\" content=\"https:\/\/static.africa-press.net\/centrafricaine\/sites\/51\/2021\/11\/img-619459f77244c.jpg\" \/>\n\t<meta property=\"og:image:width\" content=\"1155\" \/>\n\t<meta property=\"og:image:height\" content=\"768\" \/>\n\t<meta property=\"og:image:type\" content=\"image\/jpeg\" \/>\n<meta name=\"author\" content=\"cfeditorfr\" \/>\n<meta name=\"twitter:card\" content=\"summary_large_image\" \/>\n<meta name=\"twitter:label1\" content=\"\u00c9crit par\" \/>\n\t<meta name=\"twitter:data1\" content=\"cfeditorfr\" \/>\n\t<meta name=\"twitter:label2\" content=\"Dur\u00e9e de lecture estim\u00e9e\" \/>\n\t<meta name=\"twitter:data2\" content=\"4 minutes\" \/>\n<script type=\"application\/ld+json\" class=\"yoast-schema-graph\">{\"@context\":\"https:\/\/schema.org\",\"@graph\":[{\"@type\":\"Article\",\"@id\":\"https:\/\/www.africa-press.net\/congo-brazzaville\/photo\/emploi-et-formation-la-delegation-congolaise-satisfaite-des-resultats-de-latelier-regional#article\",\"isPartOf\":{\"@id\":\"https:\/\/www.africa-press.net\/congo-brazzaville\/photo\/emploi-et-formation-la-delegation-congolaise-satisfaite-des-resultats-de-latelier-regional\"},\"author\":{\"name\":\"cfeditorfr\",\"@id\":\"https:\/\/www.africa-press.net\/congo-brazzaville\/#\/schema\/person\/2b1cf3cd81a31e3cd26889ca66d677f1\"},\"headline\":\"Emploi et formation : la d\u00e9l\u00e9gation congolaise satisfaite des r\u00e9sultats de l\u2019atelier r\u00e9gional\",\"datePublished\":\"2021-11-17T02:32:23+00:00\",\"mainEntityOfPage\":{\"@id\":\"https:\/\/www.africa-press.net\/congo-brazzaville\/photo\/emploi-et-formation-la-delegation-congolaise-satisfaite-des-resultats-de-latelier-regional\"},\"wordCount\":866,\"commentCount\":0,\"image\":{\"@id\":\"https:\/\/www.africa-press.net\/congo-brazzaville\/photo\/emploi-et-formation-la-delegation-congolaise-satisfaite-des-resultats-de-latelier-regional#primaryimage\"},\"thumbnailUrl\":\"https:\/\/static.africa-press.net\/centrafricaine\/sites\/51\/2021\/11\/img-619459f77244c.jpg\",\"keywords\":[\"Africa Press\",\"Africa Press-Congo Brazzaville\",\"Congo Brazzaville\"],\"articleSection\":[\"Communaut\u00e9\",\"homepage-french\",\"Photo\",\"Toutes les actualit\u00e9s\"],\"inLanguage\":\"fr-FR\",\"potentialAction\":[{\"@type\":\"CommentAction\",\"name\":\"Comment\",\"target\":[\"https:\/\/www.africa-press.net\/congo-brazzaville\/photo\/emploi-et-formation-la-delegation-congolaise-satisfaite-des-resultats-de-latelier-regional#respond\"]}]},{\"@type\":\"WebPage\",\"@id\":\"https:\/\/www.africa-press.net\/congo-brazzaville\/photo\/emploi-et-formation-la-delegation-congolaise-satisfaite-des-resultats-de-latelier-regional\",\"url\":\"https:\/\/www.africa-press.net\/congo-brazzaville\/photo\/emploi-et-formation-la-delegation-congolaise-satisfaite-des-resultats-de-latelier-regional\",\"name\":\"Emploi et formation : la d\u00e9l\u00e9gation congolaise satisfaite des r\u00e9sultats de l\u2019atelier r\u00e9gional - Congo Brazzaville\",\"isPartOf\":{\"@id\":\"https:\/\/www.africa-press.net\/congo-brazzaville\/#website\"},\"primaryImageOfPage\":{\"@id\":\"https:\/\/www.africa-press.net\/congo-brazzaville\/photo\/emploi-et-formation-la-delegation-congolaise-satisfaite-des-resultats-de-latelier-regional#primaryimage\"},\"image\":{\"@id\":\"https:\/\/www.africa-press.net\/congo-brazzaville\/photo\/emploi-et-formation-la-delegation-congolaise-satisfaite-des-resultats-de-latelier-regional#primaryimage\"},\"thumbnailUrl\":\"https:\/\/static.africa-press.net\/centrafricaine\/sites\/51\/2021\/11\/img-619459f77244c.jpg\",\"datePublished\":\"2021-11-17T02:32:23+00:00\",\"author\":{\"@id\":\"https:\/\/www.africa-press.net\/congo-brazzaville\/#\/schema\/person\/2b1cf3cd81a31e3cd26889ca66d677f1\"},\"description\":\"Les r\u00e9sultats de l\u2019atelier r\u00e9gional sur la co\u2014construction de la Jobs facility, tenu \u00e0 Saly, au S\u00e9n\u00e9gal, du 18 au 22 ...\",\"breadcrumb\":{\"@id\":\"https:\/\/www.africa-press.net\/congo-brazzaville\/photo\/emploi-et-formation-la-delegation-congolaise-satisfaite-des-resultats-de-latelier-regional#breadcrumb\"},\"inLanguage\":\"fr-FR\",\"potentialAction\":[{\"@type\":\"ReadAction\",\"target\":[\"https:\/\/www.africa-press.net\/congo-brazzaville\/photo\/emploi-et-formation-la-delegation-congolaise-satisfaite-des-resultats-de-latelier-regional\"]}]},{\"@type\":\"ImageObject\",\"inLanguage\":\"fr-FR\",\"@id\":\"https:\/\/www.africa-press.net\/congo-brazzaville\/photo\/emploi-et-formation-la-delegation-congolaise-satisfaite-des-resultats-de-latelier-regional#primaryimage\",\"url\":\"https:\/\/static.africa-press.net\/centrafricaine\/sites\/51\/2021\/11\/img-619459f77244c.jpg\",\"contentUrl\":\"https:\/\/static.africa-press.net\/centrafricaine\/sites\/51\/2021\/11\/img-619459f77244c.jpg\",\"width\":1155,\"height\":768,\"caption\":\"Emploi et formation : la d\u00e9l\u00e9gation congolaise satisfaite des r\u00e9sultats de l\u2019atelier r\u00e9gional\"},{\"@type\":\"BreadcrumbList\",\"@id\":\"https:\/\/www.africa-press.net\/congo-brazzaville\/photo\/emploi-et-formation-la-delegation-congolaise-satisfaite-des-resultats-de-latelier-regional#breadcrumb\",\"itemListElement\":[{\"@type\":\"ListItem\",\"position\":1,\"name\":\"Accueil\",\"item\":\"https:\/\/www.africa-press.net\/congo-brazzaville\/\"},{\"@type\":\"ListItem\",\"position\":2,\"name\":\"Emploi et formation : la d\u00e9l\u00e9gation congolaise satisfaite des r\u00e9sultats de l\u2019atelier r\u00e9gional\"}]},{\"@type\":\"WebSite\",\"@id\":\"https:\/\/www.africa-press.net\/congo-brazzaville\/#website\",\"url\":\"https:\/\/www.africa-press.net\/congo-brazzaville\/\",\"name\":\"Congo Brazzaville\",\"description\":\"Just another Africa News Agency Sites site\",\"potentialAction\":[{\"@type\":\"SearchAction\",\"target\":{\"@type\":\"EntryPoint\",\"urlTemplate\":\"https:\/\/www.africa-press.net\/congo-brazzaville\/?s={search_term_string}\"},\"query-input\":{\"@type\":\"PropertyValueSpecification\",\"valueRequired\":true,\"valueName\":\"search_term_string\"}}],\"inLanguage\":\"fr-FR\"},{\"@type\":\"Person\",\"@id\":\"https:\/\/www.africa-press.net\/congo-brazzaville\/#\/schema\/person\/2b1cf3cd81a31e3cd26889ca66d677f1\",\"name\":\"cfeditorfr\"}]}<\/script>\n<!-- \/ Yoast SEO Premium plugin. -->","yoast_head_json":{"title":"Emploi et formation : la d\u00e9l\u00e9gation congolaise satisfaite des r\u00e9sultats de l\u2019atelier r\u00e9gional - Congo Brazzaville","description":"Les r\u00e9sultats de l\u2019atelier r\u00e9gional sur la co\u2014construction de la Jobs facility, tenu \u00e0 Saly, au S\u00e9n\u00e9gal, du 18 au 22 ...","robots":{"index":"index","follow":"follow","max-snippet":"max-snippet:-1","max-image-preview":"max-image-preview:large","max-video-preview":"max-video-preview:-1"},"canonical":"https:\/\/www.africa-press.net\/congo-brazzaville\/photo\/emploi-et-formation-la-delegation-congolaise-satisfaite-des-resultats-de-latelier-regional","og_locale":"fr_FR","og_type":"article","og_title":"Emploi et formation : la d\u00e9l\u00e9gation congolaise satisfaite des r\u00e9sultats de l\u2019atelier r\u00e9gional","og_description":"Les r\u00e9sultats de l\u2019atelier r\u00e9gional sur la co\u2014construction de la Jobs facility, tenu \u00e0 Saly, au S\u00e9n\u00e9gal, du 18 au 22 ...","og_url":"https:\/\/www.africa-press.net\/congo-brazzaville\/photo\/emploi-et-formation-la-delegation-congolaise-satisfaite-des-resultats-de-latelier-regional","og_site_name":"Congo Brazzaville","article_published_time":"2021-11-17T02:32:23+00:00","og_image":[{"width":1155,"height":768,"url":"https:\/\/static.africa-press.net\/centrafricaine\/sites\/51\/2021\/11\/img-619459f77244c.jpg","type":"image\/jpeg"}],"author":"cfeditorfr","twitter_card":"summary_large_image","twitter_misc":{"\u00c9crit par":"cfeditorfr","Dur\u00e9e de lecture estim\u00e9e":"4 minutes"},"schema":{"@context":"https:\/\/schema.org","@graph":[{"@type":"Article","@id":"https:\/\/www.africa-press.net\/congo-brazzaville\/photo\/emploi-et-formation-la-delegation-congolaise-satisfaite-des-resultats-de-latelier-regional#article","isPartOf":{"@id":"https:\/\/www.africa-press.net\/congo-brazzaville\/photo\/emploi-et-formation-la-delegation-congolaise-satisfaite-des-resultats-de-latelier-regional"},"author":{"name":"cfeditorfr","@id":"https:\/\/www.africa-press.net\/congo-brazzaville\/#\/schema\/person\/2b1cf3cd81a31e3cd26889ca66d677f1"},"headline":"Emploi et formation : la d\u00e9l\u00e9gation congolaise satisfaite des r\u00e9sultats de l\u2019atelier r\u00e9gional","datePublished":"2021-11-17T02:32:23+00:00","mainEntityOfPage":{"@id":"https:\/\/www.africa-press.net\/congo-brazzaville\/photo\/emploi-et-formation-la-delegation-congolaise-satisfaite-des-resultats-de-latelier-regional"},"wordCount":866,"commentCount":0,"image":{"@id":"https:\/\/www.africa-press.net\/congo-brazzaville\/photo\/emploi-et-formation-la-delegation-congolaise-satisfaite-des-resultats-de-latelier-regional#primaryimage"},"thumbnailUrl":"https:\/\/static.africa-press.net\/centrafricaine\/sites\/51\/2021\/11\/img-619459f77244c.jpg","keywords":["Africa Press","Africa Press-Congo Brazzaville","Congo Brazzaville"],"articleSection":["Communaut\u00e9","homepage-french","Photo","Toutes les actualit\u00e9s"],"inLanguage":"fr-FR","potentialAction":[{"@type":"CommentAction","name":"Comment","target":["https:\/\/www.africa-press.net\/congo-brazzaville\/photo\/emploi-et-formation-la-delegation-congolaise-satisfaite-des-resultats-de-latelier-regional#respond"]}]},{"@type":"WebPage","@id":"https:\/\/www.africa-press.net\/congo-brazzaville\/photo\/emploi-et-formation-la-delegation-congolaise-satisfaite-des-resultats-de-latelier-regional","url":"https:\/\/www.africa-press.net\/congo-brazzaville\/photo\/emploi-et-formation-la-delegation-congolaise-satisfaite-des-resultats-de-latelier-regional","name":"Emploi et formation : la d\u00e9l\u00e9gation congolaise satisfaite des r\u00e9sultats de l\u2019atelier r\u00e9gional - Congo Brazzaville","isPartOf":{"@id":"https:\/\/www.africa-press.net\/congo-brazzaville\/#website"},"primaryImageOfPage":{"@id":"https:\/\/www.africa-press.net\/congo-brazzaville\/photo\/emploi-et-formation-la-delegation-congolaise-satisfaite-des-resultats-de-latelier-regional#primaryimage"},"image":{"@id":"https:\/\/www.africa-press.net\/congo-brazzaville\/photo\/emploi-et-formation-la-delegation-congolaise-satisfaite-des-resultats-de-latelier-regional#primaryimage"},"thumbnailUrl":"https:\/\/static.africa-press.net\/centrafricaine\/sites\/51\/2021\/11\/img-619459f77244c.jpg","datePublished":"2021-11-17T02:32:23+00:00","author":{"@id":"https:\/\/www.africa-press.net\/congo-brazzaville\/#\/schema\/person\/2b1cf3cd81a31e3cd26889ca66d677f1"},"description":"Les r\u00e9sultats de l\u2019atelier r\u00e9gional sur la co\u2014construction de la Jobs facility, tenu \u00e0 Saly, au S\u00e9n\u00e9gal, du 18 au 22 ...","breadcrumb":{"@id":"https:\/\/www.africa-press.net\/congo-brazzaville\/photo\/emploi-et-formation-la-delegation-congolaise-satisfaite-des-resultats-de-latelier-regional#breadcrumb"},"inLanguage":"fr-FR","potentialAction":[{"@type":"ReadAction","target":["https:\/\/www.africa-press.net\/congo-brazzaville\/photo\/emploi-et-formation-la-delegation-congolaise-satisfaite-des-resultats-de-latelier-regional"]}]},{"@type":"ImageObject","inLanguage":"fr-FR","@id":"https:\/\/www.africa-press.net\/congo-brazzaville\/photo\/emploi-et-formation-la-delegation-congolaise-satisfaite-des-resultats-de-latelier-regional#primaryimage","url":"https:\/\/static.africa-press.net\/centrafricaine\/sites\/51\/2021\/11\/img-619459f77244c.jpg","contentUrl":"https:\/\/static.africa-press.net\/centrafricaine\/sites\/51\/2021\/11\/img-619459f77244c.jpg","width":1155,"height":768,"caption":"Emploi et formation : la d\u00e9l\u00e9gation congolaise satisfaite des r\u00e9sultats de l\u2019atelier r\u00e9gional"},{"@type":"BreadcrumbList","@id":"https:\/\/www.africa-press.net\/congo-brazzaville\/photo\/emploi-et-formation-la-delegation-congolaise-satisfaite-des-resultats-de-latelier-regional#breadcrumb","itemListElement":[{"@type":"ListItem","position":1,"name":"Accueil","item":"https:\/\/www.africa-press.net\/congo-brazzaville\/"},{"@type":"ListItem","position":2,"name":"Emploi et formation : la d\u00e9l\u00e9gation congolaise satisfaite des r\u00e9sultats de l\u2019atelier r\u00e9gional"}]},{"@type":"WebSite","@id":"https:\/\/www.africa-press.net\/congo-brazzaville\/#website","url":"https:\/\/www.africa-press.net\/congo-brazzaville\/","name":"Congo Brazzaville","description":"Just another Africa News Agency Sites site","potentialAction":[{"@type":"SearchAction","target":{"@type":"EntryPoint","urlTemplate":"https:\/\/www.africa-press.net\/congo-brazzaville\/?s={search_term_string}"},"query-input":{"@type":"PropertyValueSpecification","valueRequired":true,"valueName":"search_term_string"}}],"inLanguage":"fr-FR"},{"@type":"Person","@id":"https:\/\/www.africa-press.net\/congo-brazzaville\/#\/schema\/person\/2b1cf3cd81a31e3cd26889ca66d677f1","name":"cfeditorfr"}]}},"_links":{"self":[{"href":"https:\/\/www.africa-press.net\/congo-brazzaville\/wp-json\/wp\/v2\/posts\/1506","targetHints":{"allow":["GET"]}}],"collection":[{"href":"https:\/\/www.africa-press.net\/congo-brazzaville\/wp-json\/wp\/v2\/posts"}],"about":[{"href":"https:\/\/www.africa-press.net\/congo-brazzaville\/wp-json\/wp\/v2\/types\/post"}],"author":[{"embeddable":true,"href":"https:\/\/www.africa-press.net\/congo-brazzaville\/wp-json\/wp\/v2\/users\/82"}],"replies":[{"embeddable":true,"href":"https:\/\/www.africa-press.net\/congo-brazzaville\/wp-json\/wp\/v2\/comments?post=1506"}],"version-history":[{"count":0,"href":"https:\/\/www.africa-press.net\/congo-brazzaville\/wp-json\/wp\/v2\/posts\/1506\/revisions"}],"wp:featuredmedia":[{"embeddable":true,"href":"https:\/\/www.africa-press.net\/congo-brazzaville\/wp-json\/wp\/v2\/media\/1505"}],"wp:attachment":[{"href":"https:\/\/www.africa-press.net\/congo-brazzaville\/wp-json\/wp\/v2\/media?parent=1506"}],"wp:term":[{"taxonomy":"category","embeddable":true,"href":"https:\/\/www.africa-press.net\/congo-brazzaville\/wp-json\/wp\/v2\/categories?post=1506"},{"taxonomy":"post_tag","embeddable":true,"href":"https:\/\/www.africa-press.net\/congo-brazzaville\/wp-json\/wp\/v2\/tags?post=1506"}],"curies":[{"name":"wp","href":"https:\/\/api.w.org\/{rel}","templated":true}]}}