{"id":15074,"date":"2023-03-02T12:28:40","date_gmt":"2023-03-02T12:28:40","guid":{"rendered":"https:\/\/www.africa-press.net\/congo-brazzaville\/politique\/interview-samuel-kidiba-brazzaville-devrait-etre-la-capitale-des-archives-de-lafrique-centrale"},"modified":"2023-03-02T12:49:54","modified_gmt":"2023-03-02T12:49:54","slug":"interview-samuel-kidiba-brazzaville-devrait-etre-la-capitale-des-archives-de-lafrique-centrale","status":"publish","type":"post","link":"https:\/\/www.africa-press.net\/congo-brazzaville\/culture-et-art\/interview-samuel-kidiba-brazzaville-devrait-etre-la-capitale-des-archives-de-lafrique-centrale","title":{"rendered":"Interview. Samuel Kidiba : \u00ab Brazzaville devrait \u00eatre la capitale des archives de l\u2019Afrique centrale \u00bb"},"content":{"rendered":"<p><span style=\"color: #ff6600\"><strong>Africa-Press &#8211; Congo Brazzaville. <\/strong><\/span><b>A l\u2019occasion de la venue du pre\u0301sident franc\u0327ais a\u0300 Brazzaville, Samuel Kidiba*, expert en patrimoine culturel et conseiller au Patrimoine et aux archives au cabinet du ministe\u0300re en charge de l\u2019Industrie culturelle, retrace le passe\u0301 historique de Brazzaville et lance un appel. Entretien.<\/b><br \/>\n<b>Les De\u0301pe\u0302ches de Brazzaville (L.D.B.) : Vous e\u0302tes spe\u0301cialiste des archives. Une certaine opinion estime que ce domaine est encore vierge au Congo. Pourtant le pays a un passe\u0301 historique a\u0300 la porte\u0301e internationale.<\/b><br \/>\n<b>Samuel Kidiba (S.K.) : <\/b>Effectivement, les archives sont un domaine encore vierge en Re\u0301publique du Congo et nous n\u2019avons pas de spe\u0301cialistes en la matie\u0300re. Pourtant les archives du pays sont a\u0300 Brazzaville, a\u0300 Pointe-Noire mais aussi en France ou\u0300 je viens de rencontrer les experts de la Fondation pour la me\u0301moire de l\u2019esclavage, de l\u2019e\u0301cole de Chartes, de l\u2019inspection du Patrimoine, des Archives nationales. Ils sont pre\u0302ts a\u0300 nous aider. C\u2019est pourquoi aussi nous exhortons nos jeunes chercheurs, e\u0301tudiants et e\u0301coliers a\u0300 s\u2019y inte\u0301resser. Tout ce qui se fait a\u0300 la te\u0301le\u0301vision, a\u0300 la radio, que c\u0327a soit sonore, e\u0301crit, visuel, ce sont des archives et cette jeunesse, tre\u0300s outille\u0301e aux re\u0301seaux sociaux, devrait s\u2019y inte\u0301resser.<\/p>\n<p>Le sujet est tre\u0300s important car Brazzaville a une grande charge historique. Elle a e\u0301te\u0301 la capitale de la France libre et capitale de l\u2019Afrique e\u0301quatoriale franc\u0327aise (AEF). Des esclaves en grand nombre sont passe\u0301s par la\u0300 qui venaient du Sud du Cameroun, du Sud de la Centrafrique, de l\u2019actuelle Re\u0301publique de\u0301mocratique du Congo (RDC)&#8230; Depuis cette e\u0301poque, le Congo est devenu un pays de transit. Il y a eu la construction du Chemin de fer Congo-Oce\u0301an, tout ce qui venait de l\u2019Afrique centrale passait par le chemin de fer qui a suivi la piste caravanie\u0300re entre Brazzaville et Pointe-Noire. C\u2019e\u0301tait la voie de communication, l\u2019e\u0301change entre le royaume de la co\u0302te et le royaume te\u0301ke\u0301.<\/p>\n<p>Autre e\u0301le\u0301ment important, la rumba qui vient d\u2019e\u0302tre inscrite au Patrimoine mondial de l\u2019Unesco. La rumba n\u2019est pas ne\u0301e hier mais les anne\u0301es 1950, ce qui revient a\u0300 dire qu\u2019il y a aussi la\u0300 matie\u0300re a\u0300 re\u0301flexion.<\/p>\n<p>Et puis, il y a le projet du muse\u0301e national. Le pays est en pleine effervescence a\u0300 ce sujet et le ministe\u0300re en charge de l\u2019Industrie culturelle veut faire en sorte que demain le muse\u0301e soit place\u0301 au c\u0153ur du tourisme culturel au Congo. Nous sommes tre\u0300s heureux de constater qu\u2019au niveau de la primature ou de la pre\u0301sidence, les autorite\u0301s ont un regard assez attentif sur ce sujet.<\/p>\n<p><b>L.D.B. : Concernant la charge historique de Brazzaville, notamment les archives de l\u2019AEF, quelle place devraient-elles occuper ? <\/b><br \/>\n<b>S.K. :<\/b> Compte tenu de la charge historique de Brazzaville, je pense que la ville devrait e\u0302tre la capitale des archives de l\u2019AEF, c\u2019est-a\u0300-dire que tout chercheur qui partirai du Congo, de la RDC, du Cameroun, du Gabon, de la Guine\u0301e e\u0301quatoriale, de l\u2019Angola, devrait force\u0301ment passer par Brazzaville non seulement parce qu\u2019il y a les archives me\u0302me si l\u2019on peut consulter sur le net de fac\u0327on virtuelle, mais aussi parce que Brazzaville a des symboles : la Case de Gaulle, le stade Eboue\u0301, etc. Il y a beaucoup de vestiges ici de la capitale de la France libre, capitale de l\u2019AEF, tout cela devrait e\u0302tre en quelque sorte relever d\u2019une diplomatie culturelle. La meilleure qui soit. Nombreux sont les pays qui l\u2019ont compris. Pourquoi pas alors le Congo qui est toujours a\u0300 l\u2019avant-garde de la litte\u0301rature africaine francophone ? Notre pays a une litte\u0301rature non seulement prolifique mais tre\u0300s puissante et tre\u0300s pertinente, au point ou\u0300 l\u2019on compare certains de nos e\u0301crivains aux e\u0301crivains sud-ame\u0301ricains. Bref, voila\u0300 une autre diplomatie culturelle qui pouvait servir a\u0300 notre pays.<\/p>\n<p><b>L.D.B. : Le pre\u0301sident de la Re\u0301publique franc\u0327aise arrive en Re\u0301publique du Congo. Ce pays devrait-t-il donner un avis technique et politique en ce qui concerne les biens culturels ?<\/b><br \/>\n<b>S.K. :<\/b> Aujourd\u2019hui en matie\u0300re culturelle, la question a\u0300 l\u2019ordre du jour entre la France et ses anciennes colonies, c\u2019est la restitution. Que c\u0327a soit en Europe ou en France proprement dite, des biens culturels du Congo se retrouvent dans de nombreux muse\u0301es. Oui, le Congo doit donner un avis technique, un avis politique sur ces biens. Le pre\u0301sident Emmanuel Macron a parle\u0301 d\u2019un accord en vue entre les pays concerne\u0301s et nous avons un projet a\u0300 ce stade qui est la re\u0301habilitation du Muse\u0301e national. En ce moment-la\u0300, le Congo devrait ve\u0301ritablement dire qu\u2019est-ce qu\u2019il veut ? En tant que technicien, je dis qu\u2019il faut de\u0301ja\u0300 mettre en place une commission nationale qui examinera la question avec la coope\u0301ration franc\u0327aise sur place, mais aussi avec des techniciens, notamment des colle\u0300gues africains et franc\u0327ais, qui peuvent regarder avec nous comment identifier ces biens et les lieux ou\u0300 ils se trouvent. Dans quelles maisons, est-ce que ce sont des collections prive\u0301es ? Qu\u2019est-ce que nous devons faire pour suivre la de\u0301marche de ce que certains pays ont fait a\u0300 l\u2019instar du Be\u0301nin, du Se\u0301ne\u0301gal et bien d\u2019autres qui sont sur le point de le faire ? C\u2019est l\u2019occasion pour le gouvernement de parler de ce dossier avec le pre\u0301sident Emmanuel Macron.<\/p>\n<p>*Samuel Kidiba est un expert international en e\u0301ducation du patrimoine culturel et naturel, muse\u0301ologue, enseignant chercheur, ancien directeur du Muse\u0301e national, de l\u2019E\u0301cole de peinture de Poto-Poto, de l\u2019E\u0301cole de patrimoine africain a\u0300 Porto Novo, au Be\u0301nin.<\/p>\n<p><strong>Pour plus d&rsquo;informations et d&rsquo;analyses sur la <a href=\"https:\/\/www.africa-press.net\/congo-brazzaville\">Congo Brazzaville<\/a>, suivez <a href=\"https:\/\/www.africa-press.net\/\">Africa-Press<\/a><\/strong><\/p>\n","protected":false},"excerpt":{"rendered":"<p>Africa-Press &#8211; Congo Brazzaville. A l\u2019occasion de la venue du pre\u0301sident franc\u0327ais a\u0300 Brazzaville, Samuel Kidiba*, expert en patrimoine culturel et conseiller au Patrimoine et aux archives au cabinet du ministe\u0300re en charge de l\u2019Industrie culturelle, retrace le passe\u0301 historique de Brazzaville et lance un appel. Entretien. Les De\u0301pe\u0302ches de Brazzaville (L.D.B.) : Vous e\u0302tes [&hellip;]<\/p>\n","protected":false},"author":82,"featured_media":15073,"comment_status":"open","ping_status":"closed","sticky":false,"template":"","format":"standard","meta":{"footnotes":""},"categories":[5,10],"tags":[36,47,46],"class_list":["post-15074","post","type-post","status-publish","format-standard","has-post-thumbnail","hentry","category-culture-et-art","category-toutes-les-actualites","tag-africa-press","tag-africa-press-congo-brazzaville","tag-congo-brazzaville"],"yoast_head":"<!-- This site is optimized with the Yoast SEO Premium plugin v26.1 (Yoast SEO v27.0) - https:\/\/yoast.com\/product\/yoast-seo-premium-wordpress\/ -->\n<title>Interview. Samuel Kidiba : \u00ab Brazzaville devrait \u00eatre la capitale des archives de l\u2019Afrique centrale \u00bb - Congo Brazzaville<\/title>\n<meta name=\"description\" content=\"A l\u2019occasion de la venue du pre\u0301sident franc\u0327ais a\u0300 Brazzaville, Samuel Kidiba*, expert en patrimoine culturel et con ...\" \/>\n<meta name=\"robots\" content=\"index, follow, max-snippet:-1, max-image-preview:large, max-video-preview:-1\" \/>\n<link rel=\"canonical\" href=\"https:\/\/www.africa-press.net\/congo-brazzaville\/culture-et-art\/interview-samuel-kidiba-brazzaville-devrait-etre-la-capitale-des-archives-de-lafrique-centrale\" \/>\n<meta property=\"og:locale\" content=\"fr_FR\" \/>\n<meta property=\"og:type\" content=\"article\" \/>\n<meta property=\"og:title\" content=\"Interview. Samuel Kidiba : \u00ab Brazzaville devrait \u00eatre la capitale des archives de l\u2019Afrique centrale \u00bb\" \/>\n<meta property=\"og:description\" content=\"A l\u2019occasion de la venue du pre\u0301sident franc\u0327ais a\u0300 Brazzaville, Samuel Kidiba*, expert en patrimoine culturel et con ...\" \/>\n<meta property=\"og:url\" content=\"https:\/\/www.africa-press.net\/congo-brazzaville\/culture-et-art\/interview-samuel-kidiba-brazzaville-devrait-etre-la-capitale-des-archives-de-lafrique-centrale\" \/>\n<meta property=\"og:site_name\" content=\"Congo Brazzaville\" \/>\n<meta property=\"article:published_time\" content=\"2023-03-02T12:28:40+00:00\" \/>\n<meta property=\"article:modified_time\" content=\"2023-03-02T12:49:54+00:00\" \/>\n<meta property=\"og:image\" content=\"https:\/\/static.africa-press.net\/congo-brazzaville\/sites\/51\/2023\/03\/postQueueImg_1677747524.65.jpg\" \/>\n\t<meta property=\"og:image:width\" content=\"1280\" \/>\n\t<meta property=\"og:image:height\" content=\"720\" \/>\n\t<meta property=\"og:image:type\" content=\"image\/jpeg\" \/>\n<meta name=\"author\" content=\"cfeditorfr\" \/>\n<meta name=\"twitter:card\" content=\"summary_large_image\" \/>\n<meta name=\"twitter:label1\" content=\"\u00c9crit par\" \/>\n\t<meta name=\"twitter:data1\" content=\"cfeditorfr\" \/>\n\t<meta name=\"twitter:label2\" content=\"Dur\u00e9e de lecture estim\u00e9e\" \/>\n\t<meta name=\"twitter:data2\" content=\"5 minutes\" \/>\n<script type=\"application\/ld+json\" class=\"yoast-schema-graph\">{\"@context\":\"https:\/\/schema.org\",\"@graph\":[{\"@type\":\"Article\",\"@id\":\"https:\/\/www.africa-press.net\/congo-brazzaville\/culture-et-art\/interview-samuel-kidiba-brazzaville-devrait-etre-la-capitale-des-archives-de-lafrique-centrale#article\",\"isPartOf\":{\"@id\":\"https:\/\/www.africa-press.net\/congo-brazzaville\/culture-et-art\/interview-samuel-kidiba-brazzaville-devrait-etre-la-capitale-des-archives-de-lafrique-centrale\"},\"author\":{\"name\":\"cfeditorfr\",\"@id\":\"https:\/\/www.africa-press.net\/congo-brazzaville\/#\/schema\/person\/2b1cf3cd81a31e3cd26889ca66d677f1\"},\"headline\":\"Interview. Samuel Kidiba : \u00ab Brazzaville devrait \u00eatre la capitale des archives de l\u2019Afrique centrale \u00bb\",\"datePublished\":\"2023-03-02T12:28:40+00:00\",\"dateModified\":\"2023-03-02T12:49:54+00:00\",\"mainEntityOfPage\":{\"@id\":\"https:\/\/www.africa-press.net\/congo-brazzaville\/culture-et-art\/interview-samuel-kidiba-brazzaville-devrait-etre-la-capitale-des-archives-de-lafrique-centrale\"},\"wordCount\":1057,\"commentCount\":0,\"image\":{\"@id\":\"https:\/\/www.africa-press.net\/congo-brazzaville\/culture-et-art\/interview-samuel-kidiba-brazzaville-devrait-etre-la-capitale-des-archives-de-lafrique-centrale#primaryimage\"},\"thumbnailUrl\":\"https:\/\/static.africa-press.net\/congo-brazzaville\/sites\/51\/2023\/03\/postQueueImg_1677747524.65.jpg\",\"keywords\":[\"Africa Press\",\"Africa Press-Congo Brazzaville\",\"Congo Brazzaville\"],\"articleSection\":[\"Culture et Art\",\"Toutes les actualit\u00e9s\"],\"inLanguage\":\"fr-FR\",\"potentialAction\":[{\"@type\":\"CommentAction\",\"name\":\"Comment\",\"target\":[\"https:\/\/www.africa-press.net\/congo-brazzaville\/culture-et-art\/interview-samuel-kidiba-brazzaville-devrait-etre-la-capitale-des-archives-de-lafrique-centrale#respond\"]}]},{\"@type\":\"WebPage\",\"@id\":\"https:\/\/www.africa-press.net\/congo-brazzaville\/culture-et-art\/interview-samuel-kidiba-brazzaville-devrait-etre-la-capitale-des-archives-de-lafrique-centrale\",\"url\":\"https:\/\/www.africa-press.net\/congo-brazzaville\/culture-et-art\/interview-samuel-kidiba-brazzaville-devrait-etre-la-capitale-des-archives-de-lafrique-centrale\",\"name\":\"Interview. Samuel Kidiba : \u00ab Brazzaville devrait \u00eatre la capitale des archives de l\u2019Afrique centrale \u00bb - Congo Brazzaville\",\"isPartOf\":{\"@id\":\"https:\/\/www.africa-press.net\/congo-brazzaville\/#website\"},\"primaryImageOfPage\":{\"@id\":\"https:\/\/www.africa-press.net\/congo-brazzaville\/culture-et-art\/interview-samuel-kidiba-brazzaville-devrait-etre-la-capitale-des-archives-de-lafrique-centrale#primaryimage\"},\"image\":{\"@id\":\"https:\/\/www.africa-press.net\/congo-brazzaville\/culture-et-art\/interview-samuel-kidiba-brazzaville-devrait-etre-la-capitale-des-archives-de-lafrique-centrale#primaryimage\"},\"thumbnailUrl\":\"https:\/\/static.africa-press.net\/congo-brazzaville\/sites\/51\/2023\/03\/postQueueImg_1677747524.65.jpg\",\"datePublished\":\"2023-03-02T12:28:40+00:00\",\"dateModified\":\"2023-03-02T12:49:54+00:00\",\"author\":{\"@id\":\"https:\/\/www.africa-press.net\/congo-brazzaville\/#\/schema\/person\/2b1cf3cd81a31e3cd26889ca66d677f1\"},\"description\":\"A l\u2019occasion de la venue du pre\u0301sident franc\u0327ais a\u0300 Brazzaville, Samuel Kidiba*, expert en patrimoine culturel et con ...\",\"breadcrumb\":{\"@id\":\"https:\/\/www.africa-press.net\/congo-brazzaville\/culture-et-art\/interview-samuel-kidiba-brazzaville-devrait-etre-la-capitale-des-archives-de-lafrique-centrale#breadcrumb\"},\"inLanguage\":\"fr-FR\",\"potentialAction\":[{\"@type\":\"ReadAction\",\"target\":[\"https:\/\/www.africa-press.net\/congo-brazzaville\/culture-et-art\/interview-samuel-kidiba-brazzaville-devrait-etre-la-capitale-des-archives-de-lafrique-centrale\"]}]},{\"@type\":\"ImageObject\",\"inLanguage\":\"fr-FR\",\"@id\":\"https:\/\/www.africa-press.net\/congo-brazzaville\/culture-et-art\/interview-samuel-kidiba-brazzaville-devrait-etre-la-capitale-des-archives-de-lafrique-centrale#primaryimage\",\"url\":\"https:\/\/static.africa-press.net\/congo-brazzaville\/sites\/51\/2023\/03\/postQueueImg_1677747524.65.jpg\",\"contentUrl\":\"https:\/\/static.africa-press.net\/congo-brazzaville\/sites\/51\/2023\/03\/postQueueImg_1677747524.65.jpg\",\"width\":1280,\"height\":720,\"caption\":\"Interview. Samuel Kidiba : \u00ab Brazzaville devrait \u00eatre la capitale des archives de l\u2019Afrique centrale \u00bb\"},{\"@type\":\"BreadcrumbList\",\"@id\":\"https:\/\/www.africa-press.net\/congo-brazzaville\/culture-et-art\/interview-samuel-kidiba-brazzaville-devrait-etre-la-capitale-des-archives-de-lafrique-centrale#breadcrumb\",\"itemListElement\":[{\"@type\":\"ListItem\",\"position\":1,\"name\":\"Accueil\",\"item\":\"https:\/\/www.africa-press.net\/congo-brazzaville\/\"},{\"@type\":\"ListItem\",\"position\":2,\"name\":\"Interview. Samuel Kidiba : \u00ab Brazzaville devrait \u00eatre la capitale des archives de l\u2019Afrique centrale \u00bb\"}]},{\"@type\":\"WebSite\",\"@id\":\"https:\/\/www.africa-press.net\/congo-brazzaville\/#website\",\"url\":\"https:\/\/www.africa-press.net\/congo-brazzaville\/\",\"name\":\"Congo Brazzaville\",\"description\":\"Just another Africa News Agency Sites site\",\"potentialAction\":[{\"@type\":\"SearchAction\",\"target\":{\"@type\":\"EntryPoint\",\"urlTemplate\":\"https:\/\/www.africa-press.net\/congo-brazzaville\/?s={search_term_string}\"},\"query-input\":{\"@type\":\"PropertyValueSpecification\",\"valueRequired\":true,\"valueName\":\"search_term_string\"}}],\"inLanguage\":\"fr-FR\"},{\"@type\":\"Person\",\"@id\":\"https:\/\/www.africa-press.net\/congo-brazzaville\/#\/schema\/person\/2b1cf3cd81a31e3cd26889ca66d677f1\",\"name\":\"cfeditorfr\"}]}<\/script>\n<!-- \/ Yoast SEO Premium plugin. -->","yoast_head_json":{"title":"Interview. Samuel Kidiba : \u00ab Brazzaville devrait \u00eatre la capitale des archives de l\u2019Afrique centrale \u00bb - Congo Brazzaville","description":"A l\u2019occasion de la venue du pre\u0301sident franc\u0327ais a\u0300 Brazzaville, Samuel Kidiba*, expert en patrimoine culturel et con ...","robots":{"index":"index","follow":"follow","max-snippet":"max-snippet:-1","max-image-preview":"max-image-preview:large","max-video-preview":"max-video-preview:-1"},"canonical":"https:\/\/www.africa-press.net\/congo-brazzaville\/culture-et-art\/interview-samuel-kidiba-brazzaville-devrait-etre-la-capitale-des-archives-de-lafrique-centrale","og_locale":"fr_FR","og_type":"article","og_title":"Interview. Samuel Kidiba : \u00ab Brazzaville devrait \u00eatre la capitale des archives de l\u2019Afrique centrale \u00bb","og_description":"A l\u2019occasion de la venue du pre\u0301sident franc\u0327ais a\u0300 Brazzaville, Samuel Kidiba*, expert en patrimoine culturel et con ...","og_url":"https:\/\/www.africa-press.net\/congo-brazzaville\/culture-et-art\/interview-samuel-kidiba-brazzaville-devrait-etre-la-capitale-des-archives-de-lafrique-centrale","og_site_name":"Congo Brazzaville","article_published_time":"2023-03-02T12:28:40+00:00","article_modified_time":"2023-03-02T12:49:54+00:00","og_image":[{"width":1280,"height":720,"url":"https:\/\/static.africa-press.net\/congo-brazzaville\/sites\/51\/2023\/03\/postQueueImg_1677747524.65.jpg","type":"image\/jpeg"}],"author":"cfeditorfr","twitter_card":"summary_large_image","twitter_misc":{"\u00c9crit par":"cfeditorfr","Dur\u00e9e de lecture estim\u00e9e":"5 minutes"},"schema":{"@context":"https:\/\/schema.org","@graph":[{"@type":"Article","@id":"https:\/\/www.africa-press.net\/congo-brazzaville\/culture-et-art\/interview-samuel-kidiba-brazzaville-devrait-etre-la-capitale-des-archives-de-lafrique-centrale#article","isPartOf":{"@id":"https:\/\/www.africa-press.net\/congo-brazzaville\/culture-et-art\/interview-samuel-kidiba-brazzaville-devrait-etre-la-capitale-des-archives-de-lafrique-centrale"},"author":{"name":"cfeditorfr","@id":"https:\/\/www.africa-press.net\/congo-brazzaville\/#\/schema\/person\/2b1cf3cd81a31e3cd26889ca66d677f1"},"headline":"Interview. Samuel Kidiba : \u00ab Brazzaville devrait \u00eatre la capitale des archives de l\u2019Afrique centrale \u00bb","datePublished":"2023-03-02T12:28:40+00:00","dateModified":"2023-03-02T12:49:54+00:00","mainEntityOfPage":{"@id":"https:\/\/www.africa-press.net\/congo-brazzaville\/culture-et-art\/interview-samuel-kidiba-brazzaville-devrait-etre-la-capitale-des-archives-de-lafrique-centrale"},"wordCount":1057,"commentCount":0,"image":{"@id":"https:\/\/www.africa-press.net\/congo-brazzaville\/culture-et-art\/interview-samuel-kidiba-brazzaville-devrait-etre-la-capitale-des-archives-de-lafrique-centrale#primaryimage"},"thumbnailUrl":"https:\/\/static.africa-press.net\/congo-brazzaville\/sites\/51\/2023\/03\/postQueueImg_1677747524.65.jpg","keywords":["Africa Press","Africa Press-Congo Brazzaville","Congo Brazzaville"],"articleSection":["Culture et Art","Toutes les actualit\u00e9s"],"inLanguage":"fr-FR","potentialAction":[{"@type":"CommentAction","name":"Comment","target":["https:\/\/www.africa-press.net\/congo-brazzaville\/culture-et-art\/interview-samuel-kidiba-brazzaville-devrait-etre-la-capitale-des-archives-de-lafrique-centrale#respond"]}]},{"@type":"WebPage","@id":"https:\/\/www.africa-press.net\/congo-brazzaville\/culture-et-art\/interview-samuel-kidiba-brazzaville-devrait-etre-la-capitale-des-archives-de-lafrique-centrale","url":"https:\/\/www.africa-press.net\/congo-brazzaville\/culture-et-art\/interview-samuel-kidiba-brazzaville-devrait-etre-la-capitale-des-archives-de-lafrique-centrale","name":"Interview. Samuel Kidiba : \u00ab Brazzaville devrait \u00eatre la capitale des archives de l\u2019Afrique centrale \u00bb - Congo Brazzaville","isPartOf":{"@id":"https:\/\/www.africa-press.net\/congo-brazzaville\/#website"},"primaryImageOfPage":{"@id":"https:\/\/www.africa-press.net\/congo-brazzaville\/culture-et-art\/interview-samuel-kidiba-brazzaville-devrait-etre-la-capitale-des-archives-de-lafrique-centrale#primaryimage"},"image":{"@id":"https:\/\/www.africa-press.net\/congo-brazzaville\/culture-et-art\/interview-samuel-kidiba-brazzaville-devrait-etre-la-capitale-des-archives-de-lafrique-centrale#primaryimage"},"thumbnailUrl":"https:\/\/static.africa-press.net\/congo-brazzaville\/sites\/51\/2023\/03\/postQueueImg_1677747524.65.jpg","datePublished":"2023-03-02T12:28:40+00:00","dateModified":"2023-03-02T12:49:54+00:00","author":{"@id":"https:\/\/www.africa-press.net\/congo-brazzaville\/#\/schema\/person\/2b1cf3cd81a31e3cd26889ca66d677f1"},"description":"A l\u2019occasion de la venue du pre\u0301sident franc\u0327ais a\u0300 Brazzaville, Samuel Kidiba*, expert en patrimoine culturel et con ...","breadcrumb":{"@id":"https:\/\/www.africa-press.net\/congo-brazzaville\/culture-et-art\/interview-samuel-kidiba-brazzaville-devrait-etre-la-capitale-des-archives-de-lafrique-centrale#breadcrumb"},"inLanguage":"fr-FR","potentialAction":[{"@type":"ReadAction","target":["https:\/\/www.africa-press.net\/congo-brazzaville\/culture-et-art\/interview-samuel-kidiba-brazzaville-devrait-etre-la-capitale-des-archives-de-lafrique-centrale"]}]},{"@type":"ImageObject","inLanguage":"fr-FR","@id":"https:\/\/www.africa-press.net\/congo-brazzaville\/culture-et-art\/interview-samuel-kidiba-brazzaville-devrait-etre-la-capitale-des-archives-de-lafrique-centrale#primaryimage","url":"https:\/\/static.africa-press.net\/congo-brazzaville\/sites\/51\/2023\/03\/postQueueImg_1677747524.65.jpg","contentUrl":"https:\/\/static.africa-press.net\/congo-brazzaville\/sites\/51\/2023\/03\/postQueueImg_1677747524.65.jpg","width":1280,"height":720,"caption":"Interview. Samuel Kidiba : \u00ab Brazzaville devrait \u00eatre la capitale des archives de l\u2019Afrique centrale \u00bb"},{"@type":"BreadcrumbList","@id":"https:\/\/www.africa-press.net\/congo-brazzaville\/culture-et-art\/interview-samuel-kidiba-brazzaville-devrait-etre-la-capitale-des-archives-de-lafrique-centrale#breadcrumb","itemListElement":[{"@type":"ListItem","position":1,"name":"Accueil","item":"https:\/\/www.africa-press.net\/congo-brazzaville\/"},{"@type":"ListItem","position":2,"name":"Interview. Samuel Kidiba : \u00ab Brazzaville devrait \u00eatre la capitale des archives de l\u2019Afrique centrale \u00bb"}]},{"@type":"WebSite","@id":"https:\/\/www.africa-press.net\/congo-brazzaville\/#website","url":"https:\/\/www.africa-press.net\/congo-brazzaville\/","name":"Congo Brazzaville","description":"Just another Africa News Agency Sites site","potentialAction":[{"@type":"SearchAction","target":{"@type":"EntryPoint","urlTemplate":"https:\/\/www.africa-press.net\/congo-brazzaville\/?s={search_term_string}"},"query-input":{"@type":"PropertyValueSpecification","valueRequired":true,"valueName":"search_term_string"}}],"inLanguage":"fr-FR"},{"@type":"Person","@id":"https:\/\/www.africa-press.net\/congo-brazzaville\/#\/schema\/person\/2b1cf3cd81a31e3cd26889ca66d677f1","name":"cfeditorfr"}]}},"_links":{"self":[{"href":"https:\/\/www.africa-press.net\/congo-brazzaville\/wp-json\/wp\/v2\/posts\/15074","targetHints":{"allow":["GET"]}}],"collection":[{"href":"https:\/\/www.africa-press.net\/congo-brazzaville\/wp-json\/wp\/v2\/posts"}],"about":[{"href":"https:\/\/www.africa-press.net\/congo-brazzaville\/wp-json\/wp\/v2\/types\/post"}],"author":[{"embeddable":true,"href":"https:\/\/www.africa-press.net\/congo-brazzaville\/wp-json\/wp\/v2\/users\/82"}],"replies":[{"embeddable":true,"href":"https:\/\/www.africa-press.net\/congo-brazzaville\/wp-json\/wp\/v2\/comments?post=15074"}],"version-history":[{"count":0,"href":"https:\/\/www.africa-press.net\/congo-brazzaville\/wp-json\/wp\/v2\/posts\/15074\/revisions"}],"wp:featuredmedia":[{"embeddable":true,"href":"https:\/\/www.africa-press.net\/congo-brazzaville\/wp-json\/wp\/v2\/media\/15073"}],"wp:attachment":[{"href":"https:\/\/www.africa-press.net\/congo-brazzaville\/wp-json\/wp\/v2\/media?parent=15074"}],"wp:term":[{"taxonomy":"category","embeddable":true,"href":"https:\/\/www.africa-press.net\/congo-brazzaville\/wp-json\/wp\/v2\/categories?post=15074"},{"taxonomy":"post_tag","embeddable":true,"href":"https:\/\/www.africa-press.net\/congo-brazzaville\/wp-json\/wp\/v2\/tags?post=15074"}],"curies":[{"name":"wp","href":"https:\/\/api.w.org\/{rel}","templated":true}]}}