{"id":15078,"date":"2023-03-02T12:28:53","date_gmt":"2023-03-02T12:28:53","guid":{"rendered":"https:\/\/www.africa-press.net\/congo-brazzaville\/politique\/developpement-local-lafd-et-lue-collaborent-pour-soutenir-les-villes-secondaires-au-congo"},"modified":"2023-03-02T12:50:58","modified_gmt":"2023-03-02T12:50:58","slug":"developpement-local-lafd-et-lue-collaborent-pour-soutenir-les-villes-secondaires-au-congo","status":"publish","type":"post","link":"https:\/\/www.africa-press.net\/congo-brazzaville\/economie\/developpement-local-lafd-et-lue-collaborent-pour-soutenir-les-villes-secondaires-au-congo","title":{"rendered":"D\u00e9veloppement local : l\u2019AFD et l\u2019UE collaborent pour soutenir les villes secondaires au Congo"},"content":{"rendered":"<p><span style=\"color: #ff6600\"><strong>Africa-Press &#8211; Congo Brazzaville. <\/strong><\/span><b>Les communes de Nkayi (Bouenza) et d\u2019Owando (Cuvette) ont rejoint depuis juin 2021 le re\u0301seau des \u2018\u2018Villes re\u0301silientes\u2019\u2019, gra\u0302ce a\u0300 un programme soutenu conjointement par l\u2019Union europe\u0301enne (UE) et l\u2019Agence franc\u0327aise de de\u0301veloppement (AFD). <\/b><\/p>\n<p>Le programme \u2018\u2018Villes re\u0301silientes\u2019\u2019 a\u0300 Nkayi et Owando pre\u0301voit le renforcement des capacite\u0301s des services locaux, principalement sur la gestion du cadastre et du foncier, la fiscalite\u0301 locale, la planification urbaine, et l\u2019organisation des services de maintenance des infrastructures. Le projet aide les mairies a\u0300 ame\u0301liorer le service d\u2019assainissement par la structuration des filie\u0300res de gestion des de\u0301chets.<\/p>\n<p>Finance\u0301 a\u0300 hauteur de 32 millions d\u2019euros (21 milliards FCFA) par l\u2019UE dans le cadre du 11e Fonds europe\u0301en de de\u0301veloppement, le programme \u00ab\u00a0Villes re\u0301silientes\u00a0\u00bb vise aussi a\u0300 stimuler l\u2019attractivite\u0301 des villes secondaires et les capacite\u0301s de gestion au niveau local. La gestion d\u2019une importante partie du financement, soit 20 millions d\u2019euros (13 milliards FCFA) est confie\u0301e a\u0300 l&rsquo;AFD qui vient de re\u0301habiliter et d\u2019e\u0301tendre les re\u0301seaux de drainage des eaux pluviales et de mettre en place des dispositifs de lutte contre les e\u0301rosions.<\/p>\n<p>Apre\u0300s cinq anne\u0301es de mise en \u0153uvre du programme, le visage des communes pilotes devrait profonde\u0301ment se transformer. Des solutions fonde\u0301es sur la nature seront privile\u0301gie\u0301es pour le traitement des e\u0301rosions et une approche a\u0300 Haute intensite\u0301 de main-d\u2019\u0153uvre sera adopte\u0301e pour les travaux. Les quatre-vingt mille habitants de Nkayi et les trente mille autres d\u2019Owando vont be\u0301ne\u0301ficier des blocs sanitaires et d\u2019un nouveau syste\u0300me de gestion de la voirie.<\/p>\n<p>L\u2019ide\u0301e du projet est de cre\u0301er de meilleures conditions de de\u0301veloppement local et d\u2019adaptation au changement climatique. Les assistants techniques tenteront d\u2019instaurer un meilleur climat de dialogue, d\u2019abord a\u0300 l\u2019inte\u0301rieur des mairies ensuite entre les mairies et les organisations de la socie\u0301te\u0301 civile compose\u0301es des comite\u0301s de quartier. Le cadre de concertation facilitera e\u0301galement les e\u0301changes directs entre comite\u0301s locaux de quartier et leurs autorite\u0301s communales sur les priorite\u0301s de de\u0301veloppement local.<\/p>\n\r\n                <style type=\"text\/css\">\r\n                    \r\n                    #td_uid_1_69f1a5513c1fc  .td-doubleSlider-2 .td-item1 {\r\n                        background: url(https:\/\/static.africa-press.net\/congo-brazzaville\/sites\/51\/2023\/03\/postMediaimg_55_1-80x60.jpg) 0 0 no-repeat;\r\n                    }\r\n                    #td_uid_1_69f1a5513c1fc  .td-doubleSlider-2 .td-item2 {\r\n                        background: url(https:\/\/static.africa-press.net\/congo-brazzaville\/sites\/51\/2023\/03\/postMediaimg_55_2-80x60.jpg) 0 0 no-repeat;\r\n                    }\r\n                <\/style>\r\n\r\n                <div id=\"td_uid_1_69f1a5513c1fc\" class=\"td-gallery td-slide-on-2-columns\">\r\n                    <div class=\"post_td_gallery\">\r\n                        <div class=\"td-gallery-slide-top\">\r\n                           <div class=\"td-gallery-title\"><\/div>\r\n\r\n                            <div class=\"td-gallery-controls-wrapper\">\r\n                                <div class=\"td-gallery-slide-count\"><span class=\"td-gallery-slide-item-focus\">1<\/span> de 2<\/div>\r\n                                <div class=\"td-gallery-slide-prev-next-but\">\r\n                                    <i class = \"td-icon-left doubleSliderPrevButton\"><\/i>\r\n                                    <i class = \"td-icon-right doubleSliderNextButton\"><\/i>\r\n                                <\/div>\r\n                            <\/div>\r\n                        <\/div>\r\n\r\n                        <div class = \"td-doubleSlider-1 \">\r\n                            <div class = \"td-slider\">\r\n                                \r\n                    <div class = \"td-slide-item td-item1\">\r\n                        <figure class=\"td-slide-galery-figure td-slide-popup-gallery\">\r\n                            <a class=\"slide-gallery-image-link\" href=\"https:\/\/static.africa-press.net\/congo-brazzaville\/sites\/51\/2023\/03\/postMediaimg_55_1.jpg\" title=\"postMediaimg_55_1\"  data-caption=\"\"  data-description=\"\">\r\n                                <img decoding=\"async\" src=\"https:\/\/static.africa-press.net\/congo-brazzaville\/sites\/51\/2023\/03\/postMediaimg_55_1.jpg\" srcset=\"https:\/\/static.africa-press.net\/congo-brazzaville\/sites\/51\/2023\/03\/postMediaimg_55_1.jpg 1080w, https:\/\/static.africa-press.net\/congo-brazzaville\/sites\/51\/2023\/03\/postMediaimg_55_1-300x158.jpg 300w, https:\/\/static.africa-press.net\/congo-brazzaville\/sites\/51\/2023\/03\/postMediaimg_55_1-1024x539.jpg 1024w, https:\/\/static.africa-press.net\/congo-brazzaville\/sites\/51\/2023\/03\/postMediaimg_55_1-768x404.jpg 768w\" sizes=\"(max-width: 1080px) 100vw, 1080px\" alt=\"\">\r\n                            <\/a>\r\n                            \r\n                        <\/figure>\r\n                    <\/div>\r\n                    <div class = \"td-slide-item td-item2\">\r\n                        <figure class=\"td-slide-galery-figure td-slide-popup-gallery\">\r\n                            <a class=\"slide-gallery-image-link\" href=\"https:\/\/static.africa-press.net\/congo-brazzaville\/sites\/51\/2023\/03\/postMediaimg_55_2.jpg\" title=\"postMediaimg_55_2\"  data-caption=\"\"  data-description=\"\">\r\n                                <img decoding=\"async\" src=\"https:\/\/static.africa-press.net\/congo-brazzaville\/sites\/51\/2023\/03\/postMediaimg_55_2.jpg\" srcset=\"https:\/\/static.africa-press.net\/congo-brazzaville\/sites\/51\/2023\/03\/postMediaimg_55_2.jpg 810w, https:\/\/static.africa-press.net\/congo-brazzaville\/sites\/51\/2023\/03\/postMediaimg_55_2-225x300.jpg 225w, https:\/\/static.africa-press.net\/congo-brazzaville\/sites\/51\/2023\/03\/postMediaimg_55_2-768x1024.jpg 768w\" sizes=\"(max-width: 810px) 100vw, 810px\" alt=\"\">\r\n                            <\/a>\r\n                            \r\n                        <\/figure>\r\n                    <\/div>\r\n                            <\/div>\r\n                        <\/div>\r\n\r\n                        <div class = \"td-doubleSlider-2\">\r\n                            <div class = \"td-slider\">\r\n                                \r\n                    <div class = \"td-button td-item1\">\r\n                        <div class = \"td-border\"><\/div>\r\n                    <\/div>\r\n                    <div class = \"td-button td-item2\">\r\n                        <div class = \"td-border\"><\/div>\r\n                    <\/div>\r\n                            <\/div>\r\n                        <\/div>\r\n\r\n                    <\/div>\r\n\r\n                <\/div>\r\n                \n<p><strong>Pour plus d&rsquo;informations et d&rsquo;analyses sur la <a href=\"https:\/\/www.africa-press.net\/congo-brazzaville\">Congo Brazzaville<\/a>, suivez <a href=\"https:\/\/www.africa-press.net\/\">Africa-Press<\/a><\/strong><\/p>\n","protected":false},"excerpt":{"rendered":"<p>Africa-Press &#8211; Congo Brazzaville. Les communes de Nkayi (Bouenza) et d\u2019Owando (Cuvette) ont rejoint depuis juin 2021 le re\u0301seau des \u2018\u2018Villes re\u0301silientes\u2019\u2019, gra\u0302ce a\u0300 un programme soutenu conjointement par l\u2019Union europe\u0301enne (UE) et l\u2019Agence franc\u0327aise de de\u0301veloppement (AFD). Le programme \u2018\u2018Villes re\u0301silientes\u2019\u2019 a\u0300 Nkayi et Owando pre\u0301voit le renforcement des capacite\u0301s des services locaux, principalement [&hellip;]<\/p>\n","protected":false},"author":82,"featured_media":15077,"comment_status":"open","ping_status":"closed","sticky":false,"template":"","format":"standard","meta":{"footnotes":""},"categories":[3,8,10],"tags":[36,47,46],"class_list":["post-15078","post","type-post","status-publish","format-standard","has-post-thumbnail","hentry","category-economie","category-photo","category-toutes-les-actualites","tag-africa-press","tag-africa-press-congo-brazzaville","tag-congo-brazzaville"],"yoast_head":"<!-- This site is optimized with the Yoast SEO Premium plugin v26.1 (Yoast SEO v27.0) - https:\/\/yoast.com\/product\/yoast-seo-premium-wordpress\/ -->\n<title>D\u00e9veloppement local : l\u2019AFD et l\u2019UE collaborent pour soutenir les villes secondaires au Congo - Congo Brazzaville<\/title>\n<meta name=\"description\" content=\"Les communes de Nkayi (Bouenza) et d\u2019Owando (Cuvette) ont rejoint depuis juin 2021 le re\u0301seau des \u2018\u2018Villes re\u0301silient ...\" \/>\n<meta name=\"robots\" content=\"index, follow, max-snippet:-1, max-image-preview:large, max-video-preview:-1\" \/>\n<link rel=\"canonical\" href=\"https:\/\/www.africa-press.net\/congo-brazzaville\/economie\/developpement-local-lafd-et-lue-collaborent-pour-soutenir-les-villes-secondaires-au-congo\" \/>\n<meta property=\"og:locale\" content=\"fr_FR\" \/>\n<meta property=\"og:type\" content=\"article\" \/>\n<meta property=\"og:title\" content=\"D\u00e9veloppement local : l\u2019AFD et l\u2019UE collaborent pour soutenir les villes secondaires au Congo\" \/>\n<meta property=\"og:description\" content=\"Les communes de Nkayi (Bouenza) et d\u2019Owando (Cuvette) ont rejoint depuis juin 2021 le re\u0301seau des \u2018\u2018Villes re\u0301silient ...\" \/>\n<meta property=\"og:url\" content=\"https:\/\/www.africa-press.net\/congo-brazzaville\/economie\/developpement-local-lafd-et-lue-collaborent-pour-soutenir-les-villes-secondaires-au-congo\" \/>\n<meta property=\"og:site_name\" content=\"Congo Brazzaville\" \/>\n<meta property=\"article:published_time\" content=\"2023-03-02T12:28:53+00:00\" \/>\n<meta property=\"article:modified_time\" content=\"2023-03-02T12:50:58+00:00\" \/>\n<meta property=\"og:image\" content=\"https:\/\/static.africa-press.net\/congo-brazzaville\/sites\/51\/2023\/03\/postQueueImg_1677747539.62.jpg\" \/>\n\t<meta property=\"og:image:width\" content=\"1080\" \/>\n\t<meta property=\"og:image:height\" content=\"568\" \/>\n\t<meta property=\"og:image:type\" content=\"image\/jpeg\" \/>\n<meta name=\"author\" content=\"cfeditorfr\" \/>\n<meta name=\"twitter:card\" content=\"summary_large_image\" \/>\n<meta name=\"twitter:label1\" content=\"\u00c9crit par\" \/>\n\t<meta name=\"twitter:data1\" content=\"cfeditorfr\" \/>\n\t<meta name=\"twitter:label2\" content=\"Dur\u00e9e de lecture estim\u00e9e\" \/>\n\t<meta name=\"twitter:data2\" content=\"2 minutes\" \/>\n<script type=\"application\/ld+json\" class=\"yoast-schema-graph\">{\"@context\":\"https:\/\/schema.org\",\"@graph\":[{\"@type\":\"Article\",\"@id\":\"https:\/\/www.africa-press.net\/congo-brazzaville\/economie\/developpement-local-lafd-et-lue-collaborent-pour-soutenir-les-villes-secondaires-au-congo#article\",\"isPartOf\":{\"@id\":\"https:\/\/www.africa-press.net\/congo-brazzaville\/economie\/developpement-local-lafd-et-lue-collaborent-pour-soutenir-les-villes-secondaires-au-congo\"},\"author\":{\"name\":\"cfeditorfr\",\"@id\":\"https:\/\/www.africa-press.net\/congo-brazzaville\/#\/schema\/person\/2b1cf3cd81a31e3cd26889ca66d677f1\"},\"headline\":\"D\u00e9veloppement local : l\u2019AFD et l\u2019UE collaborent pour soutenir les villes secondaires au Congo\",\"datePublished\":\"2023-03-02T12:28:53+00:00\",\"dateModified\":\"2023-03-02T12:50:58+00:00\",\"mainEntityOfPage\":{\"@id\":\"https:\/\/www.africa-press.net\/congo-brazzaville\/economie\/developpement-local-lafd-et-lue-collaborent-pour-soutenir-les-villes-secondaires-au-congo\"},\"wordCount\":421,\"commentCount\":0,\"image\":{\"@id\":\"https:\/\/www.africa-press.net\/congo-brazzaville\/economie\/developpement-local-lafd-et-lue-collaborent-pour-soutenir-les-villes-secondaires-au-congo#primaryimage\"},\"thumbnailUrl\":\"https:\/\/static.africa-press.net\/congo-brazzaville\/sites\/51\/2023\/03\/postQueueImg_1677747539.62.jpg\",\"keywords\":[\"Africa Press\",\"Africa Press-Congo Brazzaville\",\"Congo Brazzaville\"],\"articleSection\":[\"\u00c9conomie\",\"Photo\",\"Toutes les actualit\u00e9s\"],\"inLanguage\":\"fr-FR\",\"potentialAction\":[{\"@type\":\"CommentAction\",\"name\":\"Comment\",\"target\":[\"https:\/\/www.africa-press.net\/congo-brazzaville\/economie\/developpement-local-lafd-et-lue-collaborent-pour-soutenir-les-villes-secondaires-au-congo#respond\"]}]},{\"@type\":\"WebPage\",\"@id\":\"https:\/\/www.africa-press.net\/congo-brazzaville\/economie\/developpement-local-lafd-et-lue-collaborent-pour-soutenir-les-villes-secondaires-au-congo\",\"url\":\"https:\/\/www.africa-press.net\/congo-brazzaville\/economie\/developpement-local-lafd-et-lue-collaborent-pour-soutenir-les-villes-secondaires-au-congo\",\"name\":\"D\u00e9veloppement local : l\u2019AFD et l\u2019UE collaborent pour soutenir les villes secondaires au Congo - Congo Brazzaville\",\"isPartOf\":{\"@id\":\"https:\/\/www.africa-press.net\/congo-brazzaville\/#website\"},\"primaryImageOfPage\":{\"@id\":\"https:\/\/www.africa-press.net\/congo-brazzaville\/economie\/developpement-local-lafd-et-lue-collaborent-pour-soutenir-les-villes-secondaires-au-congo#primaryimage\"},\"image\":{\"@id\":\"https:\/\/www.africa-press.net\/congo-brazzaville\/economie\/developpement-local-lafd-et-lue-collaborent-pour-soutenir-les-villes-secondaires-au-congo#primaryimage\"},\"thumbnailUrl\":\"https:\/\/static.africa-press.net\/congo-brazzaville\/sites\/51\/2023\/03\/postQueueImg_1677747539.62.jpg\",\"datePublished\":\"2023-03-02T12:28:53+00:00\",\"dateModified\":\"2023-03-02T12:50:58+00:00\",\"author\":{\"@id\":\"https:\/\/www.africa-press.net\/congo-brazzaville\/#\/schema\/person\/2b1cf3cd81a31e3cd26889ca66d677f1\"},\"description\":\"Les communes de Nkayi (Bouenza) et d\u2019Owando (Cuvette) ont rejoint depuis juin 2021 le re\u0301seau des \u2018\u2018Villes re\u0301silient ...\",\"breadcrumb\":{\"@id\":\"https:\/\/www.africa-press.net\/congo-brazzaville\/economie\/developpement-local-lafd-et-lue-collaborent-pour-soutenir-les-villes-secondaires-au-congo#breadcrumb\"},\"inLanguage\":\"fr-FR\",\"potentialAction\":[{\"@type\":\"ReadAction\",\"target\":[\"https:\/\/www.africa-press.net\/congo-brazzaville\/economie\/developpement-local-lafd-et-lue-collaborent-pour-soutenir-les-villes-secondaires-au-congo\"]}]},{\"@type\":\"ImageObject\",\"inLanguage\":\"fr-FR\",\"@id\":\"https:\/\/www.africa-press.net\/congo-brazzaville\/economie\/developpement-local-lafd-et-lue-collaborent-pour-soutenir-les-villes-secondaires-au-congo#primaryimage\",\"url\":\"https:\/\/static.africa-press.net\/congo-brazzaville\/sites\/51\/2023\/03\/postQueueImg_1677747539.62.jpg\",\"contentUrl\":\"https:\/\/static.africa-press.net\/congo-brazzaville\/sites\/51\/2023\/03\/postQueueImg_1677747539.62.jpg\",\"width\":1080,\"height\":568,\"caption\":\"D\u00e9veloppement local : l\u2019AFD et l\u2019UE collaborent pour soutenir les villes secondaires au Congo\"},{\"@type\":\"BreadcrumbList\",\"@id\":\"https:\/\/www.africa-press.net\/congo-brazzaville\/economie\/developpement-local-lafd-et-lue-collaborent-pour-soutenir-les-villes-secondaires-au-congo#breadcrumb\",\"itemListElement\":[{\"@type\":\"ListItem\",\"position\":1,\"name\":\"Accueil\",\"item\":\"https:\/\/www.africa-press.net\/congo-brazzaville\/\"},{\"@type\":\"ListItem\",\"position\":2,\"name\":\"D\u00e9veloppement local : l\u2019AFD et l\u2019UE collaborent pour soutenir les villes secondaires au Congo\"}]},{\"@type\":\"WebSite\",\"@id\":\"https:\/\/www.africa-press.net\/congo-brazzaville\/#website\",\"url\":\"https:\/\/www.africa-press.net\/congo-brazzaville\/\",\"name\":\"Congo Brazzaville\",\"description\":\"Just another Africa News Agency Sites site\",\"potentialAction\":[{\"@type\":\"SearchAction\",\"target\":{\"@type\":\"EntryPoint\",\"urlTemplate\":\"https:\/\/www.africa-press.net\/congo-brazzaville\/?s={search_term_string}\"},\"query-input\":{\"@type\":\"PropertyValueSpecification\",\"valueRequired\":true,\"valueName\":\"search_term_string\"}}],\"inLanguage\":\"fr-FR\"},{\"@type\":\"Person\",\"@id\":\"https:\/\/www.africa-press.net\/congo-brazzaville\/#\/schema\/person\/2b1cf3cd81a31e3cd26889ca66d677f1\",\"name\":\"cfeditorfr\"}]}<\/script>\n<!-- \/ Yoast SEO Premium plugin. -->","yoast_head_json":{"title":"D\u00e9veloppement local : l\u2019AFD et l\u2019UE collaborent pour soutenir les villes secondaires au Congo - Congo Brazzaville","description":"Les communes de Nkayi (Bouenza) et d\u2019Owando (Cuvette) ont rejoint depuis juin 2021 le re\u0301seau des \u2018\u2018Villes re\u0301silient ...","robots":{"index":"index","follow":"follow","max-snippet":"max-snippet:-1","max-image-preview":"max-image-preview:large","max-video-preview":"max-video-preview:-1"},"canonical":"https:\/\/www.africa-press.net\/congo-brazzaville\/economie\/developpement-local-lafd-et-lue-collaborent-pour-soutenir-les-villes-secondaires-au-congo","og_locale":"fr_FR","og_type":"article","og_title":"D\u00e9veloppement local : l\u2019AFD et l\u2019UE collaborent pour soutenir les villes secondaires au Congo","og_description":"Les communes de Nkayi (Bouenza) et d\u2019Owando (Cuvette) ont rejoint depuis juin 2021 le re\u0301seau des \u2018\u2018Villes re\u0301silient ...","og_url":"https:\/\/www.africa-press.net\/congo-brazzaville\/economie\/developpement-local-lafd-et-lue-collaborent-pour-soutenir-les-villes-secondaires-au-congo","og_site_name":"Congo Brazzaville","article_published_time":"2023-03-02T12:28:53+00:00","article_modified_time":"2023-03-02T12:50:58+00:00","og_image":[{"width":1080,"height":568,"url":"https:\/\/static.africa-press.net\/congo-brazzaville\/sites\/51\/2023\/03\/postQueueImg_1677747539.62.jpg","type":"image\/jpeg"}],"author":"cfeditorfr","twitter_card":"summary_large_image","twitter_misc":{"\u00c9crit par":"cfeditorfr","Dur\u00e9e de lecture estim\u00e9e":"2 minutes"},"schema":{"@context":"https:\/\/schema.org","@graph":[{"@type":"Article","@id":"https:\/\/www.africa-press.net\/congo-brazzaville\/economie\/developpement-local-lafd-et-lue-collaborent-pour-soutenir-les-villes-secondaires-au-congo#article","isPartOf":{"@id":"https:\/\/www.africa-press.net\/congo-brazzaville\/economie\/developpement-local-lafd-et-lue-collaborent-pour-soutenir-les-villes-secondaires-au-congo"},"author":{"name":"cfeditorfr","@id":"https:\/\/www.africa-press.net\/congo-brazzaville\/#\/schema\/person\/2b1cf3cd81a31e3cd26889ca66d677f1"},"headline":"D\u00e9veloppement local : l\u2019AFD et l\u2019UE collaborent pour soutenir les villes secondaires au Congo","datePublished":"2023-03-02T12:28:53+00:00","dateModified":"2023-03-02T12:50:58+00:00","mainEntityOfPage":{"@id":"https:\/\/www.africa-press.net\/congo-brazzaville\/economie\/developpement-local-lafd-et-lue-collaborent-pour-soutenir-les-villes-secondaires-au-congo"},"wordCount":421,"commentCount":0,"image":{"@id":"https:\/\/www.africa-press.net\/congo-brazzaville\/economie\/developpement-local-lafd-et-lue-collaborent-pour-soutenir-les-villes-secondaires-au-congo#primaryimage"},"thumbnailUrl":"https:\/\/static.africa-press.net\/congo-brazzaville\/sites\/51\/2023\/03\/postQueueImg_1677747539.62.jpg","keywords":["Africa Press","Africa Press-Congo Brazzaville","Congo Brazzaville"],"articleSection":["\u00c9conomie","Photo","Toutes les actualit\u00e9s"],"inLanguage":"fr-FR","potentialAction":[{"@type":"CommentAction","name":"Comment","target":["https:\/\/www.africa-press.net\/congo-brazzaville\/economie\/developpement-local-lafd-et-lue-collaborent-pour-soutenir-les-villes-secondaires-au-congo#respond"]}]},{"@type":"WebPage","@id":"https:\/\/www.africa-press.net\/congo-brazzaville\/economie\/developpement-local-lafd-et-lue-collaborent-pour-soutenir-les-villes-secondaires-au-congo","url":"https:\/\/www.africa-press.net\/congo-brazzaville\/economie\/developpement-local-lafd-et-lue-collaborent-pour-soutenir-les-villes-secondaires-au-congo","name":"D\u00e9veloppement local : l\u2019AFD et l\u2019UE collaborent pour soutenir les villes secondaires au Congo - Congo Brazzaville","isPartOf":{"@id":"https:\/\/www.africa-press.net\/congo-brazzaville\/#website"},"primaryImageOfPage":{"@id":"https:\/\/www.africa-press.net\/congo-brazzaville\/economie\/developpement-local-lafd-et-lue-collaborent-pour-soutenir-les-villes-secondaires-au-congo#primaryimage"},"image":{"@id":"https:\/\/www.africa-press.net\/congo-brazzaville\/economie\/developpement-local-lafd-et-lue-collaborent-pour-soutenir-les-villes-secondaires-au-congo#primaryimage"},"thumbnailUrl":"https:\/\/static.africa-press.net\/congo-brazzaville\/sites\/51\/2023\/03\/postQueueImg_1677747539.62.jpg","datePublished":"2023-03-02T12:28:53+00:00","dateModified":"2023-03-02T12:50:58+00:00","author":{"@id":"https:\/\/www.africa-press.net\/congo-brazzaville\/#\/schema\/person\/2b1cf3cd81a31e3cd26889ca66d677f1"},"description":"Les communes de Nkayi (Bouenza) et d\u2019Owando (Cuvette) ont rejoint depuis juin 2021 le re\u0301seau des \u2018\u2018Villes re\u0301silient ...","breadcrumb":{"@id":"https:\/\/www.africa-press.net\/congo-brazzaville\/economie\/developpement-local-lafd-et-lue-collaborent-pour-soutenir-les-villes-secondaires-au-congo#breadcrumb"},"inLanguage":"fr-FR","potentialAction":[{"@type":"ReadAction","target":["https:\/\/www.africa-press.net\/congo-brazzaville\/economie\/developpement-local-lafd-et-lue-collaborent-pour-soutenir-les-villes-secondaires-au-congo"]}]},{"@type":"ImageObject","inLanguage":"fr-FR","@id":"https:\/\/www.africa-press.net\/congo-brazzaville\/economie\/developpement-local-lafd-et-lue-collaborent-pour-soutenir-les-villes-secondaires-au-congo#primaryimage","url":"https:\/\/static.africa-press.net\/congo-brazzaville\/sites\/51\/2023\/03\/postQueueImg_1677747539.62.jpg","contentUrl":"https:\/\/static.africa-press.net\/congo-brazzaville\/sites\/51\/2023\/03\/postQueueImg_1677747539.62.jpg","width":1080,"height":568,"caption":"D\u00e9veloppement local : l\u2019AFD et l\u2019UE collaborent pour soutenir les villes secondaires au Congo"},{"@type":"BreadcrumbList","@id":"https:\/\/www.africa-press.net\/congo-brazzaville\/economie\/developpement-local-lafd-et-lue-collaborent-pour-soutenir-les-villes-secondaires-au-congo#breadcrumb","itemListElement":[{"@type":"ListItem","position":1,"name":"Accueil","item":"https:\/\/www.africa-press.net\/congo-brazzaville\/"},{"@type":"ListItem","position":2,"name":"D\u00e9veloppement local : l\u2019AFD et l\u2019UE collaborent pour soutenir les villes secondaires au Congo"}]},{"@type":"WebSite","@id":"https:\/\/www.africa-press.net\/congo-brazzaville\/#website","url":"https:\/\/www.africa-press.net\/congo-brazzaville\/","name":"Congo Brazzaville","description":"Just another Africa News Agency Sites site","potentialAction":[{"@type":"SearchAction","target":{"@type":"EntryPoint","urlTemplate":"https:\/\/www.africa-press.net\/congo-brazzaville\/?s={search_term_string}"},"query-input":{"@type":"PropertyValueSpecification","valueRequired":true,"valueName":"search_term_string"}}],"inLanguage":"fr-FR"},{"@type":"Person","@id":"https:\/\/www.africa-press.net\/congo-brazzaville\/#\/schema\/person\/2b1cf3cd81a31e3cd26889ca66d677f1","name":"cfeditorfr"}]}},"_links":{"self":[{"href":"https:\/\/www.africa-press.net\/congo-brazzaville\/wp-json\/wp\/v2\/posts\/15078","targetHints":{"allow":["GET"]}}],"collection":[{"href":"https:\/\/www.africa-press.net\/congo-brazzaville\/wp-json\/wp\/v2\/posts"}],"about":[{"href":"https:\/\/www.africa-press.net\/congo-brazzaville\/wp-json\/wp\/v2\/types\/post"}],"author":[{"embeddable":true,"href":"https:\/\/www.africa-press.net\/congo-brazzaville\/wp-json\/wp\/v2\/users\/82"}],"replies":[{"embeddable":true,"href":"https:\/\/www.africa-press.net\/congo-brazzaville\/wp-json\/wp\/v2\/comments?post=15078"}],"version-history":[{"count":0,"href":"https:\/\/www.africa-press.net\/congo-brazzaville\/wp-json\/wp\/v2\/posts\/15078\/revisions"}],"wp:featuredmedia":[{"embeddable":true,"href":"https:\/\/www.africa-press.net\/congo-brazzaville\/wp-json\/wp\/v2\/media\/15077"}],"wp:attachment":[{"href":"https:\/\/www.africa-press.net\/congo-brazzaville\/wp-json\/wp\/v2\/media?parent=15078"}],"wp:term":[{"taxonomy":"category","embeddable":true,"href":"https:\/\/www.africa-press.net\/congo-brazzaville\/wp-json\/wp\/v2\/categories?post=15078"},{"taxonomy":"post_tag","embeddable":true,"href":"https:\/\/www.africa-press.net\/congo-brazzaville\/wp-json\/wp\/v2\/tags?post=15078"}],"curies":[{"name":"wp","href":"https:\/\/api.w.org\/{rel}","templated":true}]}}