{"id":15080,"date":"2023-03-02T12:29:05","date_gmt":"2023-03-02T12:29:05","guid":{"rendered":"https:\/\/www.africa-press.net\/congo-brazzaville\/politique\/cooperation-le-social-au-coeur-du-partenariat-congo-france"},"modified":"2023-03-02T12:51:59","modified_gmt":"2023-03-02T12:51:59","slug":"cooperation-le-social-au-coeur-du-partenariat-congo-france","status":"publish","type":"post","link":"https:\/\/www.africa-press.net\/congo-brazzaville\/politique\/cooperation-le-social-au-coeur-du-partenariat-congo-france","title":{"rendered":"Coop\u00e9ration : le social au c\u0153ur du partenariat Congo-France"},"content":{"rendered":"<p><span style=\"color: #ff6600\"><strong>Africa-Press &#8211; Congo Brazzaville. <\/strong><\/span><b>La coope\u0301ration bilate\u0301rale entre le Congo et la France, dans le domaine du social, repose sur plusieurs projets, entre autres, ceux visant a\u0300 sortir les personnes vulne\u0301rables de la pauvrete\u0301, a\u0300 ame\u0301liorer la formation des jeunes pour re\u0301soudre l\u2019e\u0301pineux proble\u0300me de l\u2019emploi.<\/b><\/p>\n<p>Parmi les projets de coope\u0301ration entre le Congo et la France figurent \u00ab Telema \u00bb et \u00ab Lisungi \u00bb. Le premier, lance\u0301 en janvier 2020, est finance\u0301 a\u0300 hauteur de six milliards FCFA par l\u2019Agence franc\u0327aise de de\u0301veloppement (AFD). Ses trois objectifs sont l\u2019ame\u0301lioration durable des capacite\u0301s d\u2019intervention en matie\u0300re d\u2019actions sociales et humanitaires, le de\u0301ploiement d\u2019un syste\u0300me national d\u2019information sur l\u2019action sociale, l&rsquo;expe\u0301rimentation dans seize localite\u0301s du pays d&rsquo;une approche visant l\u2019autonomisation e\u0301conomique des personnes vulne\u0301rables.<\/p>\n<p>La cible du projet \u00ab Telema \u00bb est constitue\u0301e des jeunes de 16 a\u0300 29 ans, adultes vulne\u0301rables de 30 a\u0300 59 ans, diplo\u0302me\u0301s sans-emplois, au cho\u0302mage, en situation de handicap ou non, qui sont en capacite\u0301 d\u2019exercer une activite\u0301 ge\u0301ne\u0301ratrice de revenus ou de poursuivre une formation en vue de leur insertion professionnelle et sociale.<\/p>\n<p>Deux mois apre\u0300s son lancement officiel, la pande\u0301mie de covid-19 s\u2019est de\u0301clenche\u0301e. A la demande du gouvernement congolais, l\u2019AFD a re\u0301oriente\u0301 les fonds destine\u0301s a\u0300 ce projet a\u0300 la prise en charge d\u2019environ 5000 personnes vulne\u0301rables, dans le cadre de la riposte humanitaire a\u0300 la crise sanitaire.<\/p>\n<p>Le second projet, \u00ab Lisungi \u00bb, en dehors de la Banque mondiale, a be\u0301ne\u0301ficie\u0301 aussi d&rsquo;un financement de la France, a\u0300 travers l\u2019AFD, qui a apporte\u0301 un montant de 8 millions d\u2019euros pour son extension. Ce projet a pour but de renforcer le syste\u0300me de filets sociaux en vue de l\u2019ame\u0301lioration a\u0300 la fois de l\u2019acce\u0300s aux services de sante\u0301, d\u2019e\u0301ducation et de la productivite\u0301 des me\u0301nages pauvres et vulne\u0301rables. Sur reque\u0302te du gouvernement congolais, sa dure\u0301e a e\u0301te\u0301 prolonge\u0301e jusqu\u2019au 29 fe\u0301vrier 2024.<\/p>\n<p><b>Projet \u00ab\u00a0Mosala\u00a0\u00bb<\/b><\/p>\n<p>Le soutien a\u0300 la formation et a\u0300 l\u2019emploi de la jeunesse est au centre du partenariat entre la France et le Congo. Lors de sa visite en terre congolaise, en janvier dernier, la secre\u0301taire d\u2019Etat franc\u0327aise charge\u0301e du De\u0301veloppement, de la Fancophonie et des Partenariats internationaux, Chrysoula Zacharopolou, a annonce\u0301 la pre\u0301paration du projet \u2018\u2019Mosala\u2019\u2019 pour la formation qualifiante et l\u2019employabilite\u0301 des jeunes congolais. \u00ab La force du Congo, c\u2019est sa jeunesse. Et les grands de\u0301fis que nous avons partout dans le monde sont l\u2019e\u0301ducation et l\u2019emploi des jeunes \u00bb, avait-elle de\u0301clare\u0301.<\/p>\n<p><strong>Pour plus d&rsquo;informations et d&rsquo;analyses sur la <a href=\"https:\/\/www.africa-press.net\/congo-brazzaville\">Congo Brazzaville<\/a>, suivez <a href=\"https:\/\/www.africa-press.net\/\">Africa-Press<\/a><\/strong><\/p>\n","protected":false},"excerpt":{"rendered":"<p>Africa-Press &#8211; Congo Brazzaville. La coope\u0301ration bilate\u0301rale entre le Congo et la France, dans le domaine du social, repose sur plusieurs projets, entre autres, ceux visant a\u0300 sortir les personnes vulne\u0301rables de la pauvrete\u0301, a\u0300 ame\u0301liorer la formation des jeunes pour re\u0301soudre l\u2019e\u0301pineux proble\u0300me de l\u2019emploi. Parmi les projets de coope\u0301ration entre le Congo et [&hellip;]<\/p>\n","protected":false},"author":82,"featured_media":15079,"comment_status":"open","ping_status":"closed","sticky":false,"template":"","format":"standard","meta":{"footnotes":""},"categories":[2,10],"tags":[36,47,46],"class_list":["post-15080","post","type-post","status-publish","format-standard","has-post-thumbnail","hentry","category-politique","category-toutes-les-actualites","tag-africa-press","tag-africa-press-congo-brazzaville","tag-congo-brazzaville"],"yoast_head":"<!-- This site is optimized with the Yoast SEO Premium plugin v26.1 (Yoast SEO v27.0) - https:\/\/yoast.com\/product\/yoast-seo-premium-wordpress\/ -->\n<title>Coop\u00e9ration : le social au c\u0153ur du partenariat Congo-France - Congo Brazzaville<\/title>\n<meta name=\"description\" content=\"La coope\u0301ration bilate\u0301rale entre le Congo et la France, dans le domaine du social, repose sur plusieurs projets, ent ...\" \/>\n<meta name=\"robots\" content=\"index, follow, max-snippet:-1, max-image-preview:large, max-video-preview:-1\" \/>\n<link rel=\"canonical\" href=\"https:\/\/www.africa-press.net\/congo-brazzaville\/politique\/cooperation-le-social-au-coeur-du-partenariat-congo-france\" \/>\n<meta property=\"og:locale\" content=\"fr_FR\" \/>\n<meta property=\"og:type\" content=\"article\" \/>\n<meta property=\"og:title\" content=\"Coop\u00e9ration : le social au c\u0153ur du partenariat Congo-France\" \/>\n<meta property=\"og:description\" content=\"La coope\u0301ration bilate\u0301rale entre le Congo et la France, dans le domaine du social, repose sur plusieurs projets, ent ...\" \/>\n<meta property=\"og:url\" content=\"https:\/\/www.africa-press.net\/congo-brazzaville\/politique\/cooperation-le-social-au-coeur-du-partenariat-congo-france\" \/>\n<meta property=\"og:site_name\" content=\"Congo Brazzaville\" \/>\n<meta property=\"article:published_time\" content=\"2023-03-02T12:29:05+00:00\" \/>\n<meta property=\"article:modified_time\" content=\"2023-03-02T12:51:59+00:00\" \/>\n<meta property=\"og:image\" content=\"https:\/\/static.africa-press.net\/congo-brazzaville\/sites\/51\/2023\/03\/postQueueImg_1677747549.40.jpg\" \/>\n\t<meta property=\"og:image:width\" content=\"1155\" \/>\n\t<meta property=\"og:image:height\" content=\"768\" \/>\n\t<meta property=\"og:image:type\" content=\"image\/jpeg\" \/>\n<meta name=\"author\" content=\"cfeditorfr\" \/>\n<meta name=\"twitter:card\" content=\"summary_large_image\" \/>\n<meta name=\"twitter:label1\" content=\"\u00c9crit par\" \/>\n\t<meta name=\"twitter:data1\" content=\"cfeditorfr\" \/>\n\t<meta name=\"twitter:label2\" content=\"Dur\u00e9e de lecture estim\u00e9e\" \/>\n\t<meta name=\"twitter:data2\" content=\"2 minutes\" \/>\n<script type=\"application\/ld+json\" class=\"yoast-schema-graph\">{\"@context\":\"https:\/\/schema.org\",\"@graph\":[{\"@type\":\"Article\",\"@id\":\"https:\/\/www.africa-press.net\/congo-brazzaville\/politique\/cooperation-le-social-au-coeur-du-partenariat-congo-france#article\",\"isPartOf\":{\"@id\":\"https:\/\/www.africa-press.net\/congo-brazzaville\/politique\/cooperation-le-social-au-coeur-du-partenariat-congo-france\"},\"author\":{\"name\":\"cfeditorfr\",\"@id\":\"https:\/\/www.africa-press.net\/congo-brazzaville\/#\/schema\/person\/2b1cf3cd81a31e3cd26889ca66d677f1\"},\"headline\":\"Coop\u00e9ration : le social au c\u0153ur du partenariat Congo-France\",\"datePublished\":\"2023-03-02T12:29:05+00:00\",\"dateModified\":\"2023-03-02T12:51:59+00:00\",\"mainEntityOfPage\":{\"@id\":\"https:\/\/www.africa-press.net\/congo-brazzaville\/politique\/cooperation-le-social-au-coeur-du-partenariat-congo-france\"},\"wordCount\":491,\"commentCount\":0,\"image\":{\"@id\":\"https:\/\/www.africa-press.net\/congo-brazzaville\/politique\/cooperation-le-social-au-coeur-du-partenariat-congo-france#primaryimage\"},\"thumbnailUrl\":\"https:\/\/static.africa-press.net\/congo-brazzaville\/sites\/51\/2023\/03\/postQueueImg_1677747549.40.jpg\",\"keywords\":[\"Africa Press\",\"Africa Press-Congo Brazzaville\",\"Congo Brazzaville\"],\"articleSection\":[\"Politique\",\"Toutes les actualit\u00e9s\"],\"inLanguage\":\"fr-FR\",\"potentialAction\":[{\"@type\":\"CommentAction\",\"name\":\"Comment\",\"target\":[\"https:\/\/www.africa-press.net\/congo-brazzaville\/politique\/cooperation-le-social-au-coeur-du-partenariat-congo-france#respond\"]}]},{\"@type\":\"WebPage\",\"@id\":\"https:\/\/www.africa-press.net\/congo-brazzaville\/politique\/cooperation-le-social-au-coeur-du-partenariat-congo-france\",\"url\":\"https:\/\/www.africa-press.net\/congo-brazzaville\/politique\/cooperation-le-social-au-coeur-du-partenariat-congo-france\",\"name\":\"Coop\u00e9ration : le social au c\u0153ur du partenariat Congo-France - Congo Brazzaville\",\"isPartOf\":{\"@id\":\"https:\/\/www.africa-press.net\/congo-brazzaville\/#website\"},\"primaryImageOfPage\":{\"@id\":\"https:\/\/www.africa-press.net\/congo-brazzaville\/politique\/cooperation-le-social-au-coeur-du-partenariat-congo-france#primaryimage\"},\"image\":{\"@id\":\"https:\/\/www.africa-press.net\/congo-brazzaville\/politique\/cooperation-le-social-au-coeur-du-partenariat-congo-france#primaryimage\"},\"thumbnailUrl\":\"https:\/\/static.africa-press.net\/congo-brazzaville\/sites\/51\/2023\/03\/postQueueImg_1677747549.40.jpg\",\"datePublished\":\"2023-03-02T12:29:05+00:00\",\"dateModified\":\"2023-03-02T12:51:59+00:00\",\"author\":{\"@id\":\"https:\/\/www.africa-press.net\/congo-brazzaville\/#\/schema\/person\/2b1cf3cd81a31e3cd26889ca66d677f1\"},\"description\":\"La coope\u0301ration bilate\u0301rale entre le Congo et la France, dans le domaine du social, repose sur plusieurs projets, ent ...\",\"breadcrumb\":{\"@id\":\"https:\/\/www.africa-press.net\/congo-brazzaville\/politique\/cooperation-le-social-au-coeur-du-partenariat-congo-france#breadcrumb\"},\"inLanguage\":\"fr-FR\",\"potentialAction\":[{\"@type\":\"ReadAction\",\"target\":[\"https:\/\/www.africa-press.net\/congo-brazzaville\/politique\/cooperation-le-social-au-coeur-du-partenariat-congo-france\"]}]},{\"@type\":\"ImageObject\",\"inLanguage\":\"fr-FR\",\"@id\":\"https:\/\/www.africa-press.net\/congo-brazzaville\/politique\/cooperation-le-social-au-coeur-du-partenariat-congo-france#primaryimage\",\"url\":\"https:\/\/static.africa-press.net\/congo-brazzaville\/sites\/51\/2023\/03\/postQueueImg_1677747549.40.jpg\",\"contentUrl\":\"https:\/\/static.africa-press.net\/congo-brazzaville\/sites\/51\/2023\/03\/postQueueImg_1677747549.40.jpg\",\"width\":1155,\"height\":768,\"caption\":\"Coop\u00e9ration : le social au c\u0153ur du partenariat Congo-France\"},{\"@type\":\"BreadcrumbList\",\"@id\":\"https:\/\/www.africa-press.net\/congo-brazzaville\/politique\/cooperation-le-social-au-coeur-du-partenariat-congo-france#breadcrumb\",\"itemListElement\":[{\"@type\":\"ListItem\",\"position\":1,\"name\":\"Accueil\",\"item\":\"https:\/\/www.africa-press.net\/congo-brazzaville\/\"},{\"@type\":\"ListItem\",\"position\":2,\"name\":\"Coop\u00e9ration : le social au c\u0153ur du partenariat Congo-France\"}]},{\"@type\":\"WebSite\",\"@id\":\"https:\/\/www.africa-press.net\/congo-brazzaville\/#website\",\"url\":\"https:\/\/www.africa-press.net\/congo-brazzaville\/\",\"name\":\"Congo Brazzaville\",\"description\":\"Just another Africa News Agency Sites site\",\"potentialAction\":[{\"@type\":\"SearchAction\",\"target\":{\"@type\":\"EntryPoint\",\"urlTemplate\":\"https:\/\/www.africa-press.net\/congo-brazzaville\/?s={search_term_string}\"},\"query-input\":{\"@type\":\"PropertyValueSpecification\",\"valueRequired\":true,\"valueName\":\"search_term_string\"}}],\"inLanguage\":\"fr-FR\"},{\"@type\":\"Person\",\"@id\":\"https:\/\/www.africa-press.net\/congo-brazzaville\/#\/schema\/person\/2b1cf3cd81a31e3cd26889ca66d677f1\",\"name\":\"cfeditorfr\"}]}<\/script>\n<!-- \/ Yoast SEO Premium plugin. -->","yoast_head_json":{"title":"Coop\u00e9ration : le social au c\u0153ur du partenariat Congo-France - Congo Brazzaville","description":"La coope\u0301ration bilate\u0301rale entre le Congo et la France, dans le domaine du social, repose sur plusieurs projets, ent ...","robots":{"index":"index","follow":"follow","max-snippet":"max-snippet:-1","max-image-preview":"max-image-preview:large","max-video-preview":"max-video-preview:-1"},"canonical":"https:\/\/www.africa-press.net\/congo-brazzaville\/politique\/cooperation-le-social-au-coeur-du-partenariat-congo-france","og_locale":"fr_FR","og_type":"article","og_title":"Coop\u00e9ration : le social au c\u0153ur du partenariat Congo-France","og_description":"La coope\u0301ration bilate\u0301rale entre le Congo et la France, dans le domaine du social, repose sur plusieurs projets, ent ...","og_url":"https:\/\/www.africa-press.net\/congo-brazzaville\/politique\/cooperation-le-social-au-coeur-du-partenariat-congo-france","og_site_name":"Congo Brazzaville","article_published_time":"2023-03-02T12:29:05+00:00","article_modified_time":"2023-03-02T12:51:59+00:00","og_image":[{"width":1155,"height":768,"url":"https:\/\/static.africa-press.net\/congo-brazzaville\/sites\/51\/2023\/03\/postQueueImg_1677747549.40.jpg","type":"image\/jpeg"}],"author":"cfeditorfr","twitter_card":"summary_large_image","twitter_misc":{"\u00c9crit par":"cfeditorfr","Dur\u00e9e de lecture estim\u00e9e":"2 minutes"},"schema":{"@context":"https:\/\/schema.org","@graph":[{"@type":"Article","@id":"https:\/\/www.africa-press.net\/congo-brazzaville\/politique\/cooperation-le-social-au-coeur-du-partenariat-congo-france#article","isPartOf":{"@id":"https:\/\/www.africa-press.net\/congo-brazzaville\/politique\/cooperation-le-social-au-coeur-du-partenariat-congo-france"},"author":{"name":"cfeditorfr","@id":"https:\/\/www.africa-press.net\/congo-brazzaville\/#\/schema\/person\/2b1cf3cd81a31e3cd26889ca66d677f1"},"headline":"Coop\u00e9ration : le social au c\u0153ur du partenariat Congo-France","datePublished":"2023-03-02T12:29:05+00:00","dateModified":"2023-03-02T12:51:59+00:00","mainEntityOfPage":{"@id":"https:\/\/www.africa-press.net\/congo-brazzaville\/politique\/cooperation-le-social-au-coeur-du-partenariat-congo-france"},"wordCount":491,"commentCount":0,"image":{"@id":"https:\/\/www.africa-press.net\/congo-brazzaville\/politique\/cooperation-le-social-au-coeur-du-partenariat-congo-france#primaryimage"},"thumbnailUrl":"https:\/\/static.africa-press.net\/congo-brazzaville\/sites\/51\/2023\/03\/postQueueImg_1677747549.40.jpg","keywords":["Africa Press","Africa Press-Congo Brazzaville","Congo Brazzaville"],"articleSection":["Politique","Toutes les actualit\u00e9s"],"inLanguage":"fr-FR","potentialAction":[{"@type":"CommentAction","name":"Comment","target":["https:\/\/www.africa-press.net\/congo-brazzaville\/politique\/cooperation-le-social-au-coeur-du-partenariat-congo-france#respond"]}]},{"@type":"WebPage","@id":"https:\/\/www.africa-press.net\/congo-brazzaville\/politique\/cooperation-le-social-au-coeur-du-partenariat-congo-france","url":"https:\/\/www.africa-press.net\/congo-brazzaville\/politique\/cooperation-le-social-au-coeur-du-partenariat-congo-france","name":"Coop\u00e9ration : le social au c\u0153ur du partenariat Congo-France - Congo Brazzaville","isPartOf":{"@id":"https:\/\/www.africa-press.net\/congo-brazzaville\/#website"},"primaryImageOfPage":{"@id":"https:\/\/www.africa-press.net\/congo-brazzaville\/politique\/cooperation-le-social-au-coeur-du-partenariat-congo-france#primaryimage"},"image":{"@id":"https:\/\/www.africa-press.net\/congo-brazzaville\/politique\/cooperation-le-social-au-coeur-du-partenariat-congo-france#primaryimage"},"thumbnailUrl":"https:\/\/static.africa-press.net\/congo-brazzaville\/sites\/51\/2023\/03\/postQueueImg_1677747549.40.jpg","datePublished":"2023-03-02T12:29:05+00:00","dateModified":"2023-03-02T12:51:59+00:00","author":{"@id":"https:\/\/www.africa-press.net\/congo-brazzaville\/#\/schema\/person\/2b1cf3cd81a31e3cd26889ca66d677f1"},"description":"La coope\u0301ration bilate\u0301rale entre le Congo et la France, dans le domaine du social, repose sur plusieurs projets, ent ...","breadcrumb":{"@id":"https:\/\/www.africa-press.net\/congo-brazzaville\/politique\/cooperation-le-social-au-coeur-du-partenariat-congo-france#breadcrumb"},"inLanguage":"fr-FR","potentialAction":[{"@type":"ReadAction","target":["https:\/\/www.africa-press.net\/congo-brazzaville\/politique\/cooperation-le-social-au-coeur-du-partenariat-congo-france"]}]},{"@type":"ImageObject","inLanguage":"fr-FR","@id":"https:\/\/www.africa-press.net\/congo-brazzaville\/politique\/cooperation-le-social-au-coeur-du-partenariat-congo-france#primaryimage","url":"https:\/\/static.africa-press.net\/congo-brazzaville\/sites\/51\/2023\/03\/postQueueImg_1677747549.40.jpg","contentUrl":"https:\/\/static.africa-press.net\/congo-brazzaville\/sites\/51\/2023\/03\/postQueueImg_1677747549.40.jpg","width":1155,"height":768,"caption":"Coop\u00e9ration : le social au c\u0153ur du partenariat Congo-France"},{"@type":"BreadcrumbList","@id":"https:\/\/www.africa-press.net\/congo-brazzaville\/politique\/cooperation-le-social-au-coeur-du-partenariat-congo-france#breadcrumb","itemListElement":[{"@type":"ListItem","position":1,"name":"Accueil","item":"https:\/\/www.africa-press.net\/congo-brazzaville\/"},{"@type":"ListItem","position":2,"name":"Coop\u00e9ration : le social au c\u0153ur du partenariat Congo-France"}]},{"@type":"WebSite","@id":"https:\/\/www.africa-press.net\/congo-brazzaville\/#website","url":"https:\/\/www.africa-press.net\/congo-brazzaville\/","name":"Congo Brazzaville","description":"Just another Africa News Agency Sites site","potentialAction":[{"@type":"SearchAction","target":{"@type":"EntryPoint","urlTemplate":"https:\/\/www.africa-press.net\/congo-brazzaville\/?s={search_term_string}"},"query-input":{"@type":"PropertyValueSpecification","valueRequired":true,"valueName":"search_term_string"}}],"inLanguage":"fr-FR"},{"@type":"Person","@id":"https:\/\/www.africa-press.net\/congo-brazzaville\/#\/schema\/person\/2b1cf3cd81a31e3cd26889ca66d677f1","name":"cfeditorfr"}]}},"_links":{"self":[{"href":"https:\/\/www.africa-press.net\/congo-brazzaville\/wp-json\/wp\/v2\/posts\/15080","targetHints":{"allow":["GET"]}}],"collection":[{"href":"https:\/\/www.africa-press.net\/congo-brazzaville\/wp-json\/wp\/v2\/posts"}],"about":[{"href":"https:\/\/www.africa-press.net\/congo-brazzaville\/wp-json\/wp\/v2\/types\/post"}],"author":[{"embeddable":true,"href":"https:\/\/www.africa-press.net\/congo-brazzaville\/wp-json\/wp\/v2\/users\/82"}],"replies":[{"embeddable":true,"href":"https:\/\/www.africa-press.net\/congo-brazzaville\/wp-json\/wp\/v2\/comments?post=15080"}],"version-history":[{"count":0,"href":"https:\/\/www.africa-press.net\/congo-brazzaville\/wp-json\/wp\/v2\/posts\/15080\/revisions"}],"wp:featuredmedia":[{"embeddable":true,"href":"https:\/\/www.africa-press.net\/congo-brazzaville\/wp-json\/wp\/v2\/media\/15079"}],"wp:attachment":[{"href":"https:\/\/www.africa-press.net\/congo-brazzaville\/wp-json\/wp\/v2\/media?parent=15080"}],"wp:term":[{"taxonomy":"category","embeddable":true,"href":"https:\/\/www.africa-press.net\/congo-brazzaville\/wp-json\/wp\/v2\/categories?post=15080"},{"taxonomy":"post_tag","embeddable":true,"href":"https:\/\/www.africa-press.net\/congo-brazzaville\/wp-json\/wp\/v2\/tags?post=15080"}],"curies":[{"name":"wp","href":"https:\/\/api.w.org\/{rel}","templated":true}]}}