{"id":15090,"date":"2023-03-02T12:31:14","date_gmt":"2023-03-02T12:31:14","guid":{"rendered":"https:\/\/www.africa-press.net\/congo-brazzaville\/politique\/le-senat-met-en-place-la-commission-des-obseques-de-alphonse-boudo-nesa"},"modified":"2023-03-02T12:54:14","modified_gmt":"2023-03-02T12:54:14","slug":"le-senat-met-en-place-la-commission-des-obseques-de-alphonse-boudo-nesa","status":"publish","type":"post","link":"https:\/\/www.africa-press.net\/congo-brazzaville\/politique\/le-senat-met-en-place-la-commission-des-obseques-de-alphonse-boudo-nesa","title":{"rendered":"le s\u00e9nat met en place la commission des obs\u00e8ques de alphonse boudo-nesa"},"content":{"rendered":"<p><span style=\"color: #ff6600\"><strong>Africa-Press &#8211; Congo Brazzaville. <\/strong><\/span><b>Le Premier secre\u0301taire du bureau du Se\u0301nat Julien Epola a indique\u0301 le 1er mars a\u0300 Brazzaville que, la ple\u0301nie\u0300re spe\u0301ciale visait a\u0300 mettre en place un comite\u0301 d\u2019organisation des obse\u0300ques de Alphonse Boudo-Nesa deuxie\u0300me vice-pre\u0301sident du bureau du Se\u0301nat.<\/b><\/p>\n<p>\u00ab Nous sommes re\u0301unis pour l\u2019organisation des obse\u0300ques du deuxie\u0300me vice- pre\u0301sident du se\u0301nat Alphonse Boudo-Nesa de\u0301ce\u0301de\u0301 le 27 fe\u0301vrier a\u0300 Brazzaville, des suites d\u2019une courte maladie. Il nous faut mettre en place une commission d\u2019organisation, pour le bon de\u0301roulement des fune\u0301railles \u00bb, a de\u0301clare\u0301 le premier secre\u0301taire du bureau du Se\u0301nat, Julien Epola, lors de la ple\u0301nie\u0300re spe\u0301ciale.<\/p>\n<p>Outre la commission de coordination qui sera pre\u0301side\u0301e par le premier secre\u0301taire du Se\u0301nat, Julien Epola, trois sous commissions ont aussi e\u0301te\u0301 mises en place. Il s\u2019agit de la sous commission oraisons fune\u0300bres et communication ; la sous commission transport, se\u0301curite\u0301 et tre\u0301sorerie et la sous commission finances et logistique.<\/p>\n<p>Pour le Se\u0301nateur Andre\u0301 Longuele\u0301, cette organisation de fune\u0301railles est une fac\u0327on pour les se\u0301nateurs de rendre hommage a\u0300 ce grand homme et dirigeant.<\/p>\n<p>Le Se\u0301nateur Alphonse Boudo-Nesa , deuxie\u0300me vice-pre\u0301sident du bureau du Se\u0301nat, a e\u0301te\u0301 e\u0301lu dans le de\u0301partement de la Likouala. De 1990 a\u0300 1991, il fut e\u0301galement ministre du Commerce, des petites et moyennes entreprises. De me\u0302me, il a \u0153uvre\u0301 au sein du Parti congolais du travail.<\/p>\n<p><strong>Pour plus d&rsquo;informations et d&rsquo;analyses sur la <a href=\"https:\/\/www.africa-press.net\/congo-brazzaville\">Congo Brazzaville<\/a>, suivez <a href=\"https:\/\/www.africa-press.net\/\">Africa-Press<\/a><\/strong><\/p>\n","protected":false},"excerpt":{"rendered":"<p>Africa-Press &#8211; Congo Brazzaville. Le Premier secre\u0301taire du bureau du Se\u0301nat Julien Epola a indique\u0301 le 1er mars a\u0300 Brazzaville que, la ple\u0301nie\u0300re spe\u0301ciale visait a\u0300 mettre en place un comite\u0301 d\u2019organisation des obse\u0300ques de Alphonse Boudo-Nesa deuxie\u0300me vice-pre\u0301sident du bureau du Se\u0301nat. \u00ab Nous sommes re\u0301unis pour l\u2019organisation des obse\u0300ques du deuxie\u0300me vice- pre\u0301sident [&hellip;]<\/p>\n","protected":false},"author":82,"featured_media":15086,"comment_status":"open","ping_status":"closed","sticky":false,"template":"","format":"standard","meta":{"footnotes":""},"categories":[2,10],"tags":[36,47,46],"class_list":["post-15090","post","type-post","status-publish","format-standard","has-post-thumbnail","hentry","category-politique","category-toutes-les-actualites","tag-africa-press","tag-africa-press-congo-brazzaville","tag-congo-brazzaville"],"yoast_head":"<!-- This site is optimized with the Yoast SEO Premium plugin v26.1 (Yoast SEO v27.0) - https:\/\/yoast.com\/product\/yoast-seo-premium-wordpress\/ -->\n<title>le s\u00e9nat met en place la commission des obs\u00e8ques de alphonse boudo-nesa - Congo Brazzaville<\/title>\n<meta name=\"description\" content=\"Le Premier secre\u0301taire du bureau du Se\u0301nat Julien Epola a indique\u0301 le 1er mars a\u0300 Brazzaville que, la ple\u0301nie\u0300re spe\u0301 ...Le Premier secre\u0301taire du bureau du Se\u0301nat Julien Epola a indique\u0301 le 1er mars a\u0300 Brazzaville que, la ple\u0301nie\u0300re spe\u0301 ...\" \/>\n<meta name=\"robots\" content=\"index, follow, max-snippet:-1, max-image-preview:large, max-video-preview:-1\" \/>\n<link rel=\"canonical\" href=\"https:\/\/www.africa-press.net\/congo-brazzaville\/politique\/le-senat-met-en-place-la-commission-des-obseques-de-alphonse-boudo-nesa\" \/>\n<meta property=\"og:locale\" content=\"fr_FR\" \/>\n<meta property=\"og:type\" content=\"article\" \/>\n<meta property=\"og:title\" content=\"le s\u00e9nat met en place la commission des obs\u00e8ques de alphonse boudo-nesa\" \/>\n<meta property=\"og:description\" content=\"Le Premier secre\u0301taire du bureau du Se\u0301nat Julien Epola a indique\u0301 le 1er mars a\u0300 Brazzaville que, la ple\u0301nie\u0300re spe\u0301 ...Le Premier secre\u0301taire du bureau du Se\u0301nat Julien Epola a indique\u0301 le 1er mars a\u0300 Brazzaville que, la ple\u0301nie\u0300re spe\u0301 ...\" \/>\n<meta property=\"og:url\" content=\"https:\/\/www.africa-press.net\/congo-brazzaville\/politique\/le-senat-met-en-place-la-commission-des-obseques-de-alphonse-boudo-nesa\" \/>\n<meta property=\"og:site_name\" content=\"Congo Brazzaville\" \/>\n<meta property=\"article:published_time\" content=\"2023-03-02T12:31:14+00:00\" \/>\n<meta property=\"article:modified_time\" content=\"2023-03-02T12:54:14+00:00\" \/>\n<meta property=\"og:image\" content=\"https:\/\/static.africa-press.net\/congo-brazzaville\/sites\/51\/2023\/03\/postQueueImg_1677747927.57.jpg\" \/>\n\t<meta property=\"og:image:width\" content=\"933\" \/>\n\t<meta property=\"og:image:height\" content=\"445\" \/>\n\t<meta property=\"og:image:type\" content=\"image\/jpeg\" \/>\n<meta name=\"author\" content=\"cfeditorfr\" \/>\n<meta name=\"twitter:card\" content=\"summary_large_image\" \/>\n<meta name=\"twitter:label1\" content=\"\u00c9crit par\" \/>\n\t<meta name=\"twitter:data1\" content=\"cfeditorfr\" \/>\n\t<meta name=\"twitter:label2\" content=\"Dur\u00e9e de lecture estim\u00e9e\" \/>\n\t<meta name=\"twitter:data2\" content=\"1 minute\" \/>\n<script type=\"application\/ld+json\" class=\"yoast-schema-graph\">{\"@context\":\"https:\/\/schema.org\",\"@graph\":[{\"@type\":\"Article\",\"@id\":\"https:\/\/www.africa-press.net\/congo-brazzaville\/politique\/le-senat-met-en-place-la-commission-des-obseques-de-alphonse-boudo-nesa#article\",\"isPartOf\":{\"@id\":\"https:\/\/www.africa-press.net\/congo-brazzaville\/politique\/le-senat-met-en-place-la-commission-des-obseques-de-alphonse-boudo-nesa\"},\"author\":{\"name\":\"cfeditorfr\",\"@id\":\"https:\/\/www.africa-press.net\/congo-brazzaville\/#\/schema\/person\/2b1cf3cd81a31e3cd26889ca66d677f1\"},\"headline\":\"le s\u00e9nat met en place la commission des obs\u00e8ques de alphonse boudo-nesa\",\"datePublished\":\"2023-03-02T12:31:14+00:00\",\"dateModified\":\"2023-03-02T12:54:14+00:00\",\"mainEntityOfPage\":{\"@id\":\"https:\/\/www.africa-press.net\/congo-brazzaville\/politique\/le-senat-met-en-place-la-commission-des-obseques-de-alphonse-boudo-nesa\"},\"wordCount\":294,\"commentCount\":0,\"image\":{\"@id\":\"https:\/\/www.africa-press.net\/congo-brazzaville\/politique\/le-senat-met-en-place-la-commission-des-obseques-de-alphonse-boudo-nesa#primaryimage\"},\"thumbnailUrl\":\"https:\/\/static.africa-press.net\/congo-brazzaville\/sites\/51\/2023\/03\/postQueueImg_1677747927.57.jpg\",\"keywords\":[\"Africa Press\",\"Africa Press-Congo Brazzaville\",\"Congo Brazzaville\"],\"articleSection\":[\"Politique\",\"Toutes les actualit\u00e9s\"],\"inLanguage\":\"fr-FR\",\"potentialAction\":[{\"@type\":\"CommentAction\",\"name\":\"Comment\",\"target\":[\"https:\/\/www.africa-press.net\/congo-brazzaville\/politique\/le-senat-met-en-place-la-commission-des-obseques-de-alphonse-boudo-nesa#respond\"]}]},{\"@type\":\"WebPage\",\"@id\":\"https:\/\/www.africa-press.net\/congo-brazzaville\/politique\/le-senat-met-en-place-la-commission-des-obseques-de-alphonse-boudo-nesa\",\"url\":\"https:\/\/www.africa-press.net\/congo-brazzaville\/politique\/le-senat-met-en-place-la-commission-des-obseques-de-alphonse-boudo-nesa\",\"name\":\"le s\u00e9nat met en place la commission des obs\u00e8ques de alphonse boudo-nesa - Congo Brazzaville\",\"isPartOf\":{\"@id\":\"https:\/\/www.africa-press.net\/congo-brazzaville\/#website\"},\"primaryImageOfPage\":{\"@id\":\"https:\/\/www.africa-press.net\/congo-brazzaville\/politique\/le-senat-met-en-place-la-commission-des-obseques-de-alphonse-boudo-nesa#primaryimage\"},\"image\":{\"@id\":\"https:\/\/www.africa-press.net\/congo-brazzaville\/politique\/le-senat-met-en-place-la-commission-des-obseques-de-alphonse-boudo-nesa#primaryimage\"},\"thumbnailUrl\":\"https:\/\/static.africa-press.net\/congo-brazzaville\/sites\/51\/2023\/03\/postQueueImg_1677747927.57.jpg\",\"datePublished\":\"2023-03-02T12:31:14+00:00\",\"dateModified\":\"2023-03-02T12:54:14+00:00\",\"author\":{\"@id\":\"https:\/\/www.africa-press.net\/congo-brazzaville\/#\/schema\/person\/2b1cf3cd81a31e3cd26889ca66d677f1\"},\"description\":\"Le Premier secre\u0301taire du bureau du Se\u0301nat Julien Epola a indique\u0301 le 1er mars a\u0300 Brazzaville que, la ple\u0301nie\u0300re spe\u0301 ...Le Premier secre\u0301taire du bureau du Se\u0301nat Julien Epola a indique\u0301 le 1er mars a\u0300 Brazzaville que, la ple\u0301nie\u0300re spe\u0301 ...\",\"breadcrumb\":{\"@id\":\"https:\/\/www.africa-press.net\/congo-brazzaville\/politique\/le-senat-met-en-place-la-commission-des-obseques-de-alphonse-boudo-nesa#breadcrumb\"},\"inLanguage\":\"fr-FR\",\"potentialAction\":[{\"@type\":\"ReadAction\",\"target\":[\"https:\/\/www.africa-press.net\/congo-brazzaville\/politique\/le-senat-met-en-place-la-commission-des-obseques-de-alphonse-boudo-nesa\"]}]},{\"@type\":\"ImageObject\",\"inLanguage\":\"fr-FR\",\"@id\":\"https:\/\/www.africa-press.net\/congo-brazzaville\/politique\/le-senat-met-en-place-la-commission-des-obseques-de-alphonse-boudo-nesa#primaryimage\",\"url\":\"https:\/\/static.africa-press.net\/congo-brazzaville\/sites\/51\/2023\/03\/postQueueImg_1677747927.57.jpg\",\"contentUrl\":\"https:\/\/static.africa-press.net\/congo-brazzaville\/sites\/51\/2023\/03\/postQueueImg_1677747927.57.jpg\",\"width\":933,\"height\":445,\"caption\":\"le s\u00e9nat met en place la commission des obs\u00e8ques de alphonse boudo-nesa\"},{\"@type\":\"BreadcrumbList\",\"@id\":\"https:\/\/www.africa-press.net\/congo-brazzaville\/politique\/le-senat-met-en-place-la-commission-des-obseques-de-alphonse-boudo-nesa#breadcrumb\",\"itemListElement\":[{\"@type\":\"ListItem\",\"position\":1,\"name\":\"Accueil\",\"item\":\"https:\/\/www.africa-press.net\/congo-brazzaville\/\"},{\"@type\":\"ListItem\",\"position\":2,\"name\":\"le s\u00e9nat met en place la commission des obs\u00e8ques de alphonse boudo-nesa\"}]},{\"@type\":\"WebSite\",\"@id\":\"https:\/\/www.africa-press.net\/congo-brazzaville\/#website\",\"url\":\"https:\/\/www.africa-press.net\/congo-brazzaville\/\",\"name\":\"Congo Brazzaville\",\"description\":\"Just another Africa News Agency Sites site\",\"potentialAction\":[{\"@type\":\"SearchAction\",\"target\":{\"@type\":\"EntryPoint\",\"urlTemplate\":\"https:\/\/www.africa-press.net\/congo-brazzaville\/?s={search_term_string}\"},\"query-input\":{\"@type\":\"PropertyValueSpecification\",\"valueRequired\":true,\"valueName\":\"search_term_string\"}}],\"inLanguage\":\"fr-FR\"},{\"@type\":\"Person\",\"@id\":\"https:\/\/www.africa-press.net\/congo-brazzaville\/#\/schema\/person\/2b1cf3cd81a31e3cd26889ca66d677f1\",\"name\":\"cfeditorfr\"}]}<\/script>\n<!-- \/ Yoast SEO Premium plugin. -->","yoast_head_json":{"title":"le s\u00e9nat met en place la commission des obs\u00e8ques de alphonse boudo-nesa - Congo Brazzaville","description":"Le Premier secre\u0301taire du bureau du Se\u0301nat Julien Epola a indique\u0301 le 1er mars a\u0300 Brazzaville que, la ple\u0301nie\u0300re spe\u0301 ...Le Premier secre\u0301taire du bureau du Se\u0301nat Julien Epola a indique\u0301 le 1er mars a\u0300 Brazzaville que, la ple\u0301nie\u0300re spe\u0301 ...","robots":{"index":"index","follow":"follow","max-snippet":"max-snippet:-1","max-image-preview":"max-image-preview:large","max-video-preview":"max-video-preview:-1"},"canonical":"https:\/\/www.africa-press.net\/congo-brazzaville\/politique\/le-senat-met-en-place-la-commission-des-obseques-de-alphonse-boudo-nesa","og_locale":"fr_FR","og_type":"article","og_title":"le s\u00e9nat met en place la commission des obs\u00e8ques de alphonse boudo-nesa","og_description":"Le Premier secre\u0301taire du bureau du Se\u0301nat Julien Epola a indique\u0301 le 1er mars a\u0300 Brazzaville que, la ple\u0301nie\u0300re spe\u0301 ...Le Premier secre\u0301taire du bureau du Se\u0301nat Julien Epola a indique\u0301 le 1er mars a\u0300 Brazzaville que, la ple\u0301nie\u0300re spe\u0301 ...","og_url":"https:\/\/www.africa-press.net\/congo-brazzaville\/politique\/le-senat-met-en-place-la-commission-des-obseques-de-alphonse-boudo-nesa","og_site_name":"Congo Brazzaville","article_published_time":"2023-03-02T12:31:14+00:00","article_modified_time":"2023-03-02T12:54:14+00:00","og_image":[{"width":933,"height":445,"url":"https:\/\/static.africa-press.net\/congo-brazzaville\/sites\/51\/2023\/03\/postQueueImg_1677747927.57.jpg","type":"image\/jpeg"}],"author":"cfeditorfr","twitter_card":"summary_large_image","twitter_misc":{"\u00c9crit par":"cfeditorfr","Dur\u00e9e de lecture estim\u00e9e":"1 minute"},"schema":{"@context":"https:\/\/schema.org","@graph":[{"@type":"Article","@id":"https:\/\/www.africa-press.net\/congo-brazzaville\/politique\/le-senat-met-en-place-la-commission-des-obseques-de-alphonse-boudo-nesa#article","isPartOf":{"@id":"https:\/\/www.africa-press.net\/congo-brazzaville\/politique\/le-senat-met-en-place-la-commission-des-obseques-de-alphonse-boudo-nesa"},"author":{"name":"cfeditorfr","@id":"https:\/\/www.africa-press.net\/congo-brazzaville\/#\/schema\/person\/2b1cf3cd81a31e3cd26889ca66d677f1"},"headline":"le s\u00e9nat met en place la commission des obs\u00e8ques de alphonse boudo-nesa","datePublished":"2023-03-02T12:31:14+00:00","dateModified":"2023-03-02T12:54:14+00:00","mainEntityOfPage":{"@id":"https:\/\/www.africa-press.net\/congo-brazzaville\/politique\/le-senat-met-en-place-la-commission-des-obseques-de-alphonse-boudo-nesa"},"wordCount":294,"commentCount":0,"image":{"@id":"https:\/\/www.africa-press.net\/congo-brazzaville\/politique\/le-senat-met-en-place-la-commission-des-obseques-de-alphonse-boudo-nesa#primaryimage"},"thumbnailUrl":"https:\/\/static.africa-press.net\/congo-brazzaville\/sites\/51\/2023\/03\/postQueueImg_1677747927.57.jpg","keywords":["Africa Press","Africa Press-Congo Brazzaville","Congo Brazzaville"],"articleSection":["Politique","Toutes les actualit\u00e9s"],"inLanguage":"fr-FR","potentialAction":[{"@type":"CommentAction","name":"Comment","target":["https:\/\/www.africa-press.net\/congo-brazzaville\/politique\/le-senat-met-en-place-la-commission-des-obseques-de-alphonse-boudo-nesa#respond"]}]},{"@type":"WebPage","@id":"https:\/\/www.africa-press.net\/congo-brazzaville\/politique\/le-senat-met-en-place-la-commission-des-obseques-de-alphonse-boudo-nesa","url":"https:\/\/www.africa-press.net\/congo-brazzaville\/politique\/le-senat-met-en-place-la-commission-des-obseques-de-alphonse-boudo-nesa","name":"le s\u00e9nat met en place la commission des obs\u00e8ques de alphonse boudo-nesa - Congo Brazzaville","isPartOf":{"@id":"https:\/\/www.africa-press.net\/congo-brazzaville\/#website"},"primaryImageOfPage":{"@id":"https:\/\/www.africa-press.net\/congo-brazzaville\/politique\/le-senat-met-en-place-la-commission-des-obseques-de-alphonse-boudo-nesa#primaryimage"},"image":{"@id":"https:\/\/www.africa-press.net\/congo-brazzaville\/politique\/le-senat-met-en-place-la-commission-des-obseques-de-alphonse-boudo-nesa#primaryimage"},"thumbnailUrl":"https:\/\/static.africa-press.net\/congo-brazzaville\/sites\/51\/2023\/03\/postQueueImg_1677747927.57.jpg","datePublished":"2023-03-02T12:31:14+00:00","dateModified":"2023-03-02T12:54:14+00:00","author":{"@id":"https:\/\/www.africa-press.net\/congo-brazzaville\/#\/schema\/person\/2b1cf3cd81a31e3cd26889ca66d677f1"},"description":"Le Premier secre\u0301taire du bureau du Se\u0301nat Julien Epola a indique\u0301 le 1er mars a\u0300 Brazzaville que, la ple\u0301nie\u0300re spe\u0301 ...Le Premier secre\u0301taire du bureau du Se\u0301nat Julien Epola a indique\u0301 le 1er mars a\u0300 Brazzaville que, la ple\u0301nie\u0300re spe\u0301 ...","breadcrumb":{"@id":"https:\/\/www.africa-press.net\/congo-brazzaville\/politique\/le-senat-met-en-place-la-commission-des-obseques-de-alphonse-boudo-nesa#breadcrumb"},"inLanguage":"fr-FR","potentialAction":[{"@type":"ReadAction","target":["https:\/\/www.africa-press.net\/congo-brazzaville\/politique\/le-senat-met-en-place-la-commission-des-obseques-de-alphonse-boudo-nesa"]}]},{"@type":"ImageObject","inLanguage":"fr-FR","@id":"https:\/\/www.africa-press.net\/congo-brazzaville\/politique\/le-senat-met-en-place-la-commission-des-obseques-de-alphonse-boudo-nesa#primaryimage","url":"https:\/\/static.africa-press.net\/congo-brazzaville\/sites\/51\/2023\/03\/postQueueImg_1677747927.57.jpg","contentUrl":"https:\/\/static.africa-press.net\/congo-brazzaville\/sites\/51\/2023\/03\/postQueueImg_1677747927.57.jpg","width":933,"height":445,"caption":"le s\u00e9nat met en place la commission des obs\u00e8ques de alphonse boudo-nesa"},{"@type":"BreadcrumbList","@id":"https:\/\/www.africa-press.net\/congo-brazzaville\/politique\/le-senat-met-en-place-la-commission-des-obseques-de-alphonse-boudo-nesa#breadcrumb","itemListElement":[{"@type":"ListItem","position":1,"name":"Accueil","item":"https:\/\/www.africa-press.net\/congo-brazzaville\/"},{"@type":"ListItem","position":2,"name":"le s\u00e9nat met en place la commission des obs\u00e8ques de alphonse boudo-nesa"}]},{"@type":"WebSite","@id":"https:\/\/www.africa-press.net\/congo-brazzaville\/#website","url":"https:\/\/www.africa-press.net\/congo-brazzaville\/","name":"Congo Brazzaville","description":"Just another Africa News Agency Sites site","potentialAction":[{"@type":"SearchAction","target":{"@type":"EntryPoint","urlTemplate":"https:\/\/www.africa-press.net\/congo-brazzaville\/?s={search_term_string}"},"query-input":{"@type":"PropertyValueSpecification","valueRequired":true,"valueName":"search_term_string"}}],"inLanguage":"fr-FR"},{"@type":"Person","@id":"https:\/\/www.africa-press.net\/congo-brazzaville\/#\/schema\/person\/2b1cf3cd81a31e3cd26889ca66d677f1","name":"cfeditorfr"}]}},"_links":{"self":[{"href":"https:\/\/www.africa-press.net\/congo-brazzaville\/wp-json\/wp\/v2\/posts\/15090","targetHints":{"allow":["GET"]}}],"collection":[{"href":"https:\/\/www.africa-press.net\/congo-brazzaville\/wp-json\/wp\/v2\/posts"}],"about":[{"href":"https:\/\/www.africa-press.net\/congo-brazzaville\/wp-json\/wp\/v2\/types\/post"}],"author":[{"embeddable":true,"href":"https:\/\/www.africa-press.net\/congo-brazzaville\/wp-json\/wp\/v2\/users\/82"}],"replies":[{"embeddable":true,"href":"https:\/\/www.africa-press.net\/congo-brazzaville\/wp-json\/wp\/v2\/comments?post=15090"}],"version-history":[{"count":0,"href":"https:\/\/www.africa-press.net\/congo-brazzaville\/wp-json\/wp\/v2\/posts\/15090\/revisions"}],"wp:featuredmedia":[{"embeddable":true,"href":"https:\/\/www.africa-press.net\/congo-brazzaville\/wp-json\/wp\/v2\/media\/15086"}],"wp:attachment":[{"href":"https:\/\/www.africa-press.net\/congo-brazzaville\/wp-json\/wp\/v2\/media?parent=15090"}],"wp:term":[{"taxonomy":"category","embeddable":true,"href":"https:\/\/www.africa-press.net\/congo-brazzaville\/wp-json\/wp\/v2\/categories?post=15090"},{"taxonomy":"post_tag","embeddable":true,"href":"https:\/\/www.africa-press.net\/congo-brazzaville\/wp-json\/wp\/v2\/tags?post=15090"}],"curies":[{"name":"wp","href":"https:\/\/api.w.org\/{rel}","templated":true}]}}