{"id":15097,"date":"2023-03-02T12:29:41","date_gmt":"2023-03-02T12:29:41","guid":{"rendered":"https:\/\/www.africa-press.net\/congo-brazzaville\/politique\/marche-du-travail-lafd-a-investi-12-milliards-fcfa-pour-la-reforme-du-secteur-au-congo"},"modified":"2023-03-02T12:55:09","modified_gmt":"2023-03-02T12:55:09","slug":"marche-du-travail-lafd-a-investi-12-milliards-fcfa-pour-la-reforme-du-secteur-au-congo","status":"publish","type":"post","link":"https:\/\/www.africa-press.net\/congo-brazzaville\/economie\/marche-du-travail-lafd-a-investi-12-milliards-fcfa-pour-la-reforme-du-secteur-au-congo","title":{"rendered":"March\u00e9 du travail : l\u2019AFD a investi 12 milliards FCFA pour la r\u00e9forme du secteur au Congo"},"content":{"rendered":"<p><span style=\"color: #ff6600\"><strong>Africa-Press &#8211; Congo Brazzaville. <\/strong><\/span><b>La re\u0301forme du marche\u0301 du travail a e\u0301te\u0301 amorce\u0301e depuis 2019, avec l\u2019e\u0301clatement de l\u2019ex-Office national de l\u2019emploi et de la main-d\u2019\u0153uvre (Onemo) en deux entite\u0301s distinctes. L\u2019appui financier de l\u2019Agence franc\u0327aise de de\u0301veloppement (AFD) a\u0300 hauteur de 12 milliards FCFA, l\u2019assistance technique de Po\u0302le emploi international et de l\u2019expertise France ont permis la modernisation du secteur de l\u2019emploi au Congo.<\/b><\/p>\n<p>L\u2019accompagnement de la France, a\u0300 travers notamment l\u2019AFD, a abouti a\u0300 la cre\u0301ation de l\u2019Agence congolaise pour l\u2019emploi (ACPE) et le Fonds national d\u2019appui a\u0300 l\u2019emploi et l\u2019apprentissage (Fonea), les deux entite\u0301s remplac\u0327antes de l\u2019ex-Onemo. L&rsquo;agence joue le ro\u0302le d\u2019interme\u0301diaire entre le demandeur et le futur employeur, alors que le fonds est charge\u0301 d\u2019encadrer puis financer l\u2019auto-emploi pour les jeunes porteurs de projet de cre\u0301ation d\u2019entreprise.<\/p>\n<p>Les deux entite\u0301s publiques poursuivent leur monte\u0301e en puissance et sont plus de\u0301termine\u0301es a\u0300 rendre le marche\u0301 de l\u2019emploi plus transparent et fluide, ainsi qu\u2019a\u0300 favoriser l\u2019insertion socio-professionnelle des jeunes notamment les couches vulne\u0301rables. Elles sont appele\u0301es a\u0300 installer un socle de services pour les be\u0301ne\u0301ficiaires, a\u0300 renforcer leurs capacite\u0301s ope\u0301rationnelles en lien avec la feuille de route prescrite convenue avec les partenaires suscite\u0301s.<\/p>\n<p>L\u2019ambassadeur de France au Congo, Franc\u0327ois Barateau, a ainsi martele\u0301 le soutien de son pays pour le succe\u0300s de l\u2019initiative, a\u0300 travers l\u2019AFD et les autres organismes. \u00ab Cette ambition repose sur la mise a\u0300 disposition de financement important de plus de douze milliards FCFA et sur la mobilisation d\u2019une expertise de haut niveau, mais aussi sur de solides relations de confiance entre nos deux pays \u00bb, a-t-il souligne\u0301.<\/p>\n<p>Depuis mai 2022, l\u2019AFD a entame\u0301 des discussions avec la Chambre de commerce de Brazzaville en vue d\u2019un possible soutien au secteur prive\u0301 national. Elle veut contribuer a\u0300 la formation des artisans et des entrepreneurs congolais.<\/p>\n\r\n                <style type=\"text\/css\">\r\n                    \r\n                    #td_uid_1_69f1a5532bbbb  .td-doubleSlider-2 .td-item1 {\r\n                        background: url(https:\/\/static.africa-press.net\/congo-brazzaville\/sites\/51\/2023\/03\/postMediaimg_58_1-80x60.jpg) 0 0 no-repeat;\r\n                    }\r\n                    #td_uid_1_69f1a5532bbbb  .td-doubleSlider-2 .td-item2 {\r\n                        background: url(https:\/\/static.africa-press.net\/congo-brazzaville\/sites\/51\/2023\/03\/postMediaimg_58_2-80x60.jpg) 0 0 no-repeat;\r\n                    }\r\n                <\/style>\r\n\r\n                <div id=\"td_uid_1_69f1a5532bbbb\" class=\"td-gallery td-slide-on-2-columns\">\r\n                    <div class=\"post_td_gallery\">\r\n                        <div class=\"td-gallery-slide-top\">\r\n                           <div class=\"td-gallery-title\"><\/div>\r\n\r\n                            <div class=\"td-gallery-controls-wrapper\">\r\n                                <div class=\"td-gallery-slide-count\"><span class=\"td-gallery-slide-item-focus\">1<\/span> de 2<\/div>\r\n                                <div class=\"td-gallery-slide-prev-next-but\">\r\n                                    <i class = \"td-icon-left doubleSliderPrevButton\"><\/i>\r\n                                    <i class = \"td-icon-right doubleSliderNextButton\"><\/i>\r\n                                <\/div>\r\n                            <\/div>\r\n                        <\/div>\r\n\r\n                        <div class = \"td-doubleSlider-1 \">\r\n                            <div class = \"td-slider\">\r\n                                \r\n                    <div class = \"td-slide-item td-item1\">\r\n                        <figure class=\"td-slide-galery-figure td-slide-popup-gallery\">\r\n                            <a class=\"slide-gallery-image-link\" href=\"https:\/\/static.africa-press.net\/congo-brazzaville\/sites\/51\/2023\/03\/postMediaimg_58_1.jpg\" title=\"postMediaimg_58_1\"  data-caption=\"\"  data-description=\"\">\r\n                                <img decoding=\"async\" src=\"https:\/\/static.africa-press.net\/congo-brazzaville\/sites\/51\/2023\/03\/postMediaimg_58_1.jpg\" srcset=\"https:\/\/static.africa-press.net\/congo-brazzaville\/sites\/51\/2023\/03\/postMediaimg_58_1.jpg 992w, https:\/\/static.africa-press.net\/congo-brazzaville\/sites\/51\/2023\/03\/postMediaimg_58_1-300x225.jpg 300w, https:\/\/static.africa-press.net\/congo-brazzaville\/sites\/51\/2023\/03\/postMediaimg_58_1-768x576.jpg 768w, https:\/\/static.africa-press.net\/congo-brazzaville\/sites\/51\/2023\/03\/postMediaimg_58_1-80x60.jpg 80w\" sizes=\"(max-width: 992px) 100vw, 992px\" alt=\"\">\r\n                            <\/a>\r\n                            \r\n                        <\/figure>\r\n                    <\/div>\r\n                    <div class = \"td-slide-item td-item2\">\r\n                        <figure class=\"td-slide-galery-figure td-slide-popup-gallery\">\r\n                            <a class=\"slide-gallery-image-link\" href=\"https:\/\/static.africa-press.net\/congo-brazzaville\/sites\/51\/2023\/03\/postMediaimg_58_2.jpg\" title=\"postMediaimg_58_2\"  data-caption=\"\"  data-description=\"\">\r\n                                <img decoding=\"async\" src=\"https:\/\/static.africa-press.net\/congo-brazzaville\/sites\/51\/2023\/03\/postMediaimg_58_2.jpg\" srcset=\"https:\/\/static.africa-press.net\/congo-brazzaville\/sites\/51\/2023\/03\/postMediaimg_58_2.jpg 1024w, https:\/\/static.africa-press.net\/congo-brazzaville\/sites\/51\/2023\/03\/postMediaimg_58_2-300x225.jpg 300w, https:\/\/static.africa-press.net\/congo-brazzaville\/sites\/51\/2023\/03\/postMediaimg_58_2-768x576.jpg 768w, https:\/\/static.africa-press.net\/congo-brazzaville\/sites\/51\/2023\/03\/postMediaimg_58_2-80x60.jpg 80w\" sizes=\"(max-width: 1024px) 100vw, 1024px\" alt=\"\">\r\n                            <\/a>\r\n                            \r\n                        <\/figure>\r\n                    <\/div>\r\n                            <\/div>\r\n                        <\/div>\r\n\r\n                        <div class = \"td-doubleSlider-2\">\r\n                            <div class = \"td-slider\">\r\n                                \r\n                    <div class = \"td-button td-item1\">\r\n                        <div class = \"td-border\"><\/div>\r\n                    <\/div>\r\n                    <div class = \"td-button td-item2\">\r\n                        <div class = \"td-border\"><\/div>\r\n                    <\/div>\r\n                            <\/div>\r\n                        <\/div>\r\n\r\n                    <\/div>\r\n\r\n                <\/div>\r\n                \n<p><strong>Pour plus d&rsquo;informations et d&rsquo;analyses sur la <a href=\"https:\/\/www.africa-press.net\/congo-brazzaville\">Congo Brazzaville<\/a>, suivez <a href=\"https:\/\/www.africa-press.net\/\">Africa-Press<\/a><\/strong><\/p>\n","protected":false},"excerpt":{"rendered":"<p>Africa-Press &#8211; Congo Brazzaville. La re\u0301forme du marche\u0301 du travail a e\u0301te\u0301 amorce\u0301e depuis 2019, avec l\u2019e\u0301clatement de l\u2019ex-Office national de l\u2019emploi et de la main-d\u2019\u0153uvre (Onemo) en deux entite\u0301s distinctes. L\u2019appui financier de l\u2019Agence franc\u0327aise de de\u0301veloppement (AFD) a\u0300 hauteur de 12 milliards FCFA, l\u2019assistance technique de Po\u0302le emploi international et de l\u2019expertise France [&hellip;]<\/p>\n","protected":false},"author":82,"featured_media":15094,"comment_status":"open","ping_status":"closed","sticky":false,"template":"","format":"standard","meta":{"footnotes":""},"categories":[3,8,10],"tags":[36,47,46],"class_list":["post-15097","post","type-post","status-publish","format-standard","has-post-thumbnail","hentry","category-economie","category-photo","category-toutes-les-actualites","tag-africa-press","tag-africa-press-congo-brazzaville","tag-congo-brazzaville"],"yoast_head":"<!-- This site is optimized with the Yoast SEO Premium plugin v26.1 (Yoast SEO v27.0) - https:\/\/yoast.com\/product\/yoast-seo-premium-wordpress\/ -->\n<title>March\u00e9 du travail : l\u2019AFD a investi 12 milliards FCFA pour la r\u00e9forme du secteur au Congo - Congo Brazzaville<\/title>\n<meta name=\"description\" content=\"La re\u0301forme du marche\u0301 du travail a e\u0301te\u0301 amorce\u0301e depuis 2019, avec l\u2019e\u0301clatement de l\u2019ex-Office national de l\u2019emplo ...\" \/>\n<meta name=\"robots\" content=\"index, follow, max-snippet:-1, max-image-preview:large, max-video-preview:-1\" \/>\n<link rel=\"canonical\" href=\"https:\/\/www.africa-press.net\/congo-brazzaville\/economie\/marche-du-travail-lafd-a-investi-12-milliards-fcfa-pour-la-reforme-du-secteur-au-congo\" \/>\n<meta property=\"og:locale\" content=\"fr_FR\" \/>\n<meta property=\"og:type\" content=\"article\" \/>\n<meta property=\"og:title\" content=\"March\u00e9 du travail : l\u2019AFD a investi 12 milliards FCFA pour la r\u00e9forme du secteur au Congo\" \/>\n<meta property=\"og:description\" content=\"La re\u0301forme du marche\u0301 du travail a e\u0301te\u0301 amorce\u0301e depuis 2019, avec l\u2019e\u0301clatement de l\u2019ex-Office national de l\u2019emplo ...\" \/>\n<meta property=\"og:url\" content=\"https:\/\/www.africa-press.net\/congo-brazzaville\/economie\/marche-du-travail-lafd-a-investi-12-milliards-fcfa-pour-la-reforme-du-secteur-au-congo\" \/>\n<meta property=\"og:site_name\" content=\"Congo Brazzaville\" \/>\n<meta property=\"article:published_time\" content=\"2023-03-02T12:29:41+00:00\" \/>\n<meta property=\"article:modified_time\" content=\"2023-03-02T12:55:09+00:00\" \/>\n<meta property=\"og:image\" content=\"https:\/\/static.africa-press.net\/congo-brazzaville\/sites\/51\/2023\/03\/postQueueImg_1677747922.85.jpg\" \/>\n\t<meta property=\"og:image:width\" content=\"992\" \/>\n\t<meta property=\"og:image:height\" content=\"744\" \/>\n\t<meta property=\"og:image:type\" content=\"image\/jpeg\" \/>\n<meta name=\"author\" content=\"cfeditorfr\" \/>\n<meta name=\"twitter:card\" content=\"summary_large_image\" \/>\n<meta name=\"twitter:label1\" content=\"\u00c9crit par\" \/>\n\t<meta name=\"twitter:data1\" content=\"cfeditorfr\" \/>\n\t<meta name=\"twitter:label2\" content=\"Dur\u00e9e de lecture estim\u00e9e\" \/>\n\t<meta name=\"twitter:data2\" content=\"2 minutes\" \/>\n<script type=\"application\/ld+json\" class=\"yoast-schema-graph\">{\"@context\":\"https:\/\/schema.org\",\"@graph\":[{\"@type\":\"Article\",\"@id\":\"https:\/\/www.africa-press.net\/congo-brazzaville\/economie\/marche-du-travail-lafd-a-investi-12-milliards-fcfa-pour-la-reforme-du-secteur-au-congo#article\",\"isPartOf\":{\"@id\":\"https:\/\/www.africa-press.net\/congo-brazzaville\/economie\/marche-du-travail-lafd-a-investi-12-milliards-fcfa-pour-la-reforme-du-secteur-au-congo\"},\"author\":{\"name\":\"cfeditorfr\",\"@id\":\"https:\/\/www.africa-press.net\/congo-brazzaville\/#\/schema\/person\/2b1cf3cd81a31e3cd26889ca66d677f1\"},\"headline\":\"March\u00e9 du travail : l\u2019AFD a investi 12 milliards FCFA pour la r\u00e9forme du secteur au Congo\",\"datePublished\":\"2023-03-02T12:29:41+00:00\",\"dateModified\":\"2023-03-02T12:55:09+00:00\",\"mainEntityOfPage\":{\"@id\":\"https:\/\/www.africa-press.net\/congo-brazzaville\/economie\/marche-du-travail-lafd-a-investi-12-milliards-fcfa-pour-la-reforme-du-secteur-au-congo\"},\"wordCount\":393,\"commentCount\":0,\"image\":{\"@id\":\"https:\/\/www.africa-press.net\/congo-brazzaville\/economie\/marche-du-travail-lafd-a-investi-12-milliards-fcfa-pour-la-reforme-du-secteur-au-congo#primaryimage\"},\"thumbnailUrl\":\"https:\/\/static.africa-press.net\/congo-brazzaville\/sites\/51\/2023\/03\/postQueueImg_1677747922.85.jpg\",\"keywords\":[\"Africa Press\",\"Africa Press-Congo Brazzaville\",\"Congo Brazzaville\"],\"articleSection\":[\"\u00c9conomie\",\"Photo\",\"Toutes les actualit\u00e9s\"],\"inLanguage\":\"fr-FR\",\"potentialAction\":[{\"@type\":\"CommentAction\",\"name\":\"Comment\",\"target\":[\"https:\/\/www.africa-press.net\/congo-brazzaville\/economie\/marche-du-travail-lafd-a-investi-12-milliards-fcfa-pour-la-reforme-du-secteur-au-congo#respond\"]}]},{\"@type\":\"WebPage\",\"@id\":\"https:\/\/www.africa-press.net\/congo-brazzaville\/economie\/marche-du-travail-lafd-a-investi-12-milliards-fcfa-pour-la-reforme-du-secteur-au-congo\",\"url\":\"https:\/\/www.africa-press.net\/congo-brazzaville\/economie\/marche-du-travail-lafd-a-investi-12-milliards-fcfa-pour-la-reforme-du-secteur-au-congo\",\"name\":\"March\u00e9 du travail : l\u2019AFD a investi 12 milliards FCFA pour la r\u00e9forme du secteur au Congo - Congo Brazzaville\",\"isPartOf\":{\"@id\":\"https:\/\/www.africa-press.net\/congo-brazzaville\/#website\"},\"primaryImageOfPage\":{\"@id\":\"https:\/\/www.africa-press.net\/congo-brazzaville\/economie\/marche-du-travail-lafd-a-investi-12-milliards-fcfa-pour-la-reforme-du-secteur-au-congo#primaryimage\"},\"image\":{\"@id\":\"https:\/\/www.africa-press.net\/congo-brazzaville\/economie\/marche-du-travail-lafd-a-investi-12-milliards-fcfa-pour-la-reforme-du-secteur-au-congo#primaryimage\"},\"thumbnailUrl\":\"https:\/\/static.africa-press.net\/congo-brazzaville\/sites\/51\/2023\/03\/postQueueImg_1677747922.85.jpg\",\"datePublished\":\"2023-03-02T12:29:41+00:00\",\"dateModified\":\"2023-03-02T12:55:09+00:00\",\"author\":{\"@id\":\"https:\/\/www.africa-press.net\/congo-brazzaville\/#\/schema\/person\/2b1cf3cd81a31e3cd26889ca66d677f1\"},\"description\":\"La re\u0301forme du marche\u0301 du travail a e\u0301te\u0301 amorce\u0301e depuis 2019, avec l\u2019e\u0301clatement de l\u2019ex-Office national de l\u2019emplo ...\",\"breadcrumb\":{\"@id\":\"https:\/\/www.africa-press.net\/congo-brazzaville\/economie\/marche-du-travail-lafd-a-investi-12-milliards-fcfa-pour-la-reforme-du-secteur-au-congo#breadcrumb\"},\"inLanguage\":\"fr-FR\",\"potentialAction\":[{\"@type\":\"ReadAction\",\"target\":[\"https:\/\/www.africa-press.net\/congo-brazzaville\/economie\/marche-du-travail-lafd-a-investi-12-milliards-fcfa-pour-la-reforme-du-secteur-au-congo\"]}]},{\"@type\":\"ImageObject\",\"inLanguage\":\"fr-FR\",\"@id\":\"https:\/\/www.africa-press.net\/congo-brazzaville\/economie\/marche-du-travail-lafd-a-investi-12-milliards-fcfa-pour-la-reforme-du-secteur-au-congo#primaryimage\",\"url\":\"https:\/\/static.africa-press.net\/congo-brazzaville\/sites\/51\/2023\/03\/postQueueImg_1677747922.85.jpg\",\"contentUrl\":\"https:\/\/static.africa-press.net\/congo-brazzaville\/sites\/51\/2023\/03\/postQueueImg_1677747922.85.jpg\",\"width\":992,\"height\":744,\"caption\":\"March\u00e9 du travail : l\u2019AFD a investi 12 milliards FCFA pour la r\u00e9forme du secteur au Congo\"},{\"@type\":\"BreadcrumbList\",\"@id\":\"https:\/\/www.africa-press.net\/congo-brazzaville\/economie\/marche-du-travail-lafd-a-investi-12-milliards-fcfa-pour-la-reforme-du-secteur-au-congo#breadcrumb\",\"itemListElement\":[{\"@type\":\"ListItem\",\"position\":1,\"name\":\"Accueil\",\"item\":\"https:\/\/www.africa-press.net\/congo-brazzaville\/\"},{\"@type\":\"ListItem\",\"position\":2,\"name\":\"March\u00e9 du travail : l\u2019AFD a investi 12 milliards FCFA pour la r\u00e9forme du secteur au Congo\"}]},{\"@type\":\"WebSite\",\"@id\":\"https:\/\/www.africa-press.net\/congo-brazzaville\/#website\",\"url\":\"https:\/\/www.africa-press.net\/congo-brazzaville\/\",\"name\":\"Congo Brazzaville\",\"description\":\"Just another Africa News Agency Sites site\",\"potentialAction\":[{\"@type\":\"SearchAction\",\"target\":{\"@type\":\"EntryPoint\",\"urlTemplate\":\"https:\/\/www.africa-press.net\/congo-brazzaville\/?s={search_term_string}\"},\"query-input\":{\"@type\":\"PropertyValueSpecification\",\"valueRequired\":true,\"valueName\":\"search_term_string\"}}],\"inLanguage\":\"fr-FR\"},{\"@type\":\"Person\",\"@id\":\"https:\/\/www.africa-press.net\/congo-brazzaville\/#\/schema\/person\/2b1cf3cd81a31e3cd26889ca66d677f1\",\"name\":\"cfeditorfr\"}]}<\/script>\n<!-- \/ Yoast SEO Premium plugin. -->","yoast_head_json":{"title":"March\u00e9 du travail : l\u2019AFD a investi 12 milliards FCFA pour la r\u00e9forme du secteur au Congo - Congo Brazzaville","description":"La re\u0301forme du marche\u0301 du travail a e\u0301te\u0301 amorce\u0301e depuis 2019, avec l\u2019e\u0301clatement de l\u2019ex-Office national de l\u2019emplo ...","robots":{"index":"index","follow":"follow","max-snippet":"max-snippet:-1","max-image-preview":"max-image-preview:large","max-video-preview":"max-video-preview:-1"},"canonical":"https:\/\/www.africa-press.net\/congo-brazzaville\/economie\/marche-du-travail-lafd-a-investi-12-milliards-fcfa-pour-la-reforme-du-secteur-au-congo","og_locale":"fr_FR","og_type":"article","og_title":"March\u00e9 du travail : l\u2019AFD a investi 12 milliards FCFA pour la r\u00e9forme du secteur au Congo","og_description":"La re\u0301forme du marche\u0301 du travail a e\u0301te\u0301 amorce\u0301e depuis 2019, avec l\u2019e\u0301clatement de l\u2019ex-Office national de l\u2019emplo ...","og_url":"https:\/\/www.africa-press.net\/congo-brazzaville\/economie\/marche-du-travail-lafd-a-investi-12-milliards-fcfa-pour-la-reforme-du-secteur-au-congo","og_site_name":"Congo Brazzaville","article_published_time":"2023-03-02T12:29:41+00:00","article_modified_time":"2023-03-02T12:55:09+00:00","og_image":[{"width":992,"height":744,"url":"https:\/\/static.africa-press.net\/congo-brazzaville\/sites\/51\/2023\/03\/postQueueImg_1677747922.85.jpg","type":"image\/jpeg"}],"author":"cfeditorfr","twitter_card":"summary_large_image","twitter_misc":{"\u00c9crit par":"cfeditorfr","Dur\u00e9e de lecture estim\u00e9e":"2 minutes"},"schema":{"@context":"https:\/\/schema.org","@graph":[{"@type":"Article","@id":"https:\/\/www.africa-press.net\/congo-brazzaville\/economie\/marche-du-travail-lafd-a-investi-12-milliards-fcfa-pour-la-reforme-du-secteur-au-congo#article","isPartOf":{"@id":"https:\/\/www.africa-press.net\/congo-brazzaville\/economie\/marche-du-travail-lafd-a-investi-12-milliards-fcfa-pour-la-reforme-du-secteur-au-congo"},"author":{"name":"cfeditorfr","@id":"https:\/\/www.africa-press.net\/congo-brazzaville\/#\/schema\/person\/2b1cf3cd81a31e3cd26889ca66d677f1"},"headline":"March\u00e9 du travail : l\u2019AFD a investi 12 milliards FCFA pour la r\u00e9forme du secteur au Congo","datePublished":"2023-03-02T12:29:41+00:00","dateModified":"2023-03-02T12:55:09+00:00","mainEntityOfPage":{"@id":"https:\/\/www.africa-press.net\/congo-brazzaville\/economie\/marche-du-travail-lafd-a-investi-12-milliards-fcfa-pour-la-reforme-du-secteur-au-congo"},"wordCount":393,"commentCount":0,"image":{"@id":"https:\/\/www.africa-press.net\/congo-brazzaville\/economie\/marche-du-travail-lafd-a-investi-12-milliards-fcfa-pour-la-reforme-du-secteur-au-congo#primaryimage"},"thumbnailUrl":"https:\/\/static.africa-press.net\/congo-brazzaville\/sites\/51\/2023\/03\/postQueueImg_1677747922.85.jpg","keywords":["Africa Press","Africa Press-Congo Brazzaville","Congo Brazzaville"],"articleSection":["\u00c9conomie","Photo","Toutes les actualit\u00e9s"],"inLanguage":"fr-FR","potentialAction":[{"@type":"CommentAction","name":"Comment","target":["https:\/\/www.africa-press.net\/congo-brazzaville\/economie\/marche-du-travail-lafd-a-investi-12-milliards-fcfa-pour-la-reforme-du-secteur-au-congo#respond"]}]},{"@type":"WebPage","@id":"https:\/\/www.africa-press.net\/congo-brazzaville\/economie\/marche-du-travail-lafd-a-investi-12-milliards-fcfa-pour-la-reforme-du-secteur-au-congo","url":"https:\/\/www.africa-press.net\/congo-brazzaville\/economie\/marche-du-travail-lafd-a-investi-12-milliards-fcfa-pour-la-reforme-du-secteur-au-congo","name":"March\u00e9 du travail : l\u2019AFD a investi 12 milliards FCFA pour la r\u00e9forme du secteur au Congo - Congo Brazzaville","isPartOf":{"@id":"https:\/\/www.africa-press.net\/congo-brazzaville\/#website"},"primaryImageOfPage":{"@id":"https:\/\/www.africa-press.net\/congo-brazzaville\/economie\/marche-du-travail-lafd-a-investi-12-milliards-fcfa-pour-la-reforme-du-secteur-au-congo#primaryimage"},"image":{"@id":"https:\/\/www.africa-press.net\/congo-brazzaville\/economie\/marche-du-travail-lafd-a-investi-12-milliards-fcfa-pour-la-reforme-du-secteur-au-congo#primaryimage"},"thumbnailUrl":"https:\/\/static.africa-press.net\/congo-brazzaville\/sites\/51\/2023\/03\/postQueueImg_1677747922.85.jpg","datePublished":"2023-03-02T12:29:41+00:00","dateModified":"2023-03-02T12:55:09+00:00","author":{"@id":"https:\/\/www.africa-press.net\/congo-brazzaville\/#\/schema\/person\/2b1cf3cd81a31e3cd26889ca66d677f1"},"description":"La re\u0301forme du marche\u0301 du travail a e\u0301te\u0301 amorce\u0301e depuis 2019, avec l\u2019e\u0301clatement de l\u2019ex-Office national de l\u2019emplo ...","breadcrumb":{"@id":"https:\/\/www.africa-press.net\/congo-brazzaville\/economie\/marche-du-travail-lafd-a-investi-12-milliards-fcfa-pour-la-reforme-du-secteur-au-congo#breadcrumb"},"inLanguage":"fr-FR","potentialAction":[{"@type":"ReadAction","target":["https:\/\/www.africa-press.net\/congo-brazzaville\/economie\/marche-du-travail-lafd-a-investi-12-milliards-fcfa-pour-la-reforme-du-secteur-au-congo"]}]},{"@type":"ImageObject","inLanguage":"fr-FR","@id":"https:\/\/www.africa-press.net\/congo-brazzaville\/economie\/marche-du-travail-lafd-a-investi-12-milliards-fcfa-pour-la-reforme-du-secteur-au-congo#primaryimage","url":"https:\/\/static.africa-press.net\/congo-brazzaville\/sites\/51\/2023\/03\/postQueueImg_1677747922.85.jpg","contentUrl":"https:\/\/static.africa-press.net\/congo-brazzaville\/sites\/51\/2023\/03\/postQueueImg_1677747922.85.jpg","width":992,"height":744,"caption":"March\u00e9 du travail : l\u2019AFD a investi 12 milliards FCFA pour la r\u00e9forme du secteur au Congo"},{"@type":"BreadcrumbList","@id":"https:\/\/www.africa-press.net\/congo-brazzaville\/economie\/marche-du-travail-lafd-a-investi-12-milliards-fcfa-pour-la-reforme-du-secteur-au-congo#breadcrumb","itemListElement":[{"@type":"ListItem","position":1,"name":"Accueil","item":"https:\/\/www.africa-press.net\/congo-brazzaville\/"},{"@type":"ListItem","position":2,"name":"March\u00e9 du travail : l\u2019AFD a investi 12 milliards FCFA pour la r\u00e9forme du secteur au Congo"}]},{"@type":"WebSite","@id":"https:\/\/www.africa-press.net\/congo-brazzaville\/#website","url":"https:\/\/www.africa-press.net\/congo-brazzaville\/","name":"Congo Brazzaville","description":"Just another Africa News Agency Sites site","potentialAction":[{"@type":"SearchAction","target":{"@type":"EntryPoint","urlTemplate":"https:\/\/www.africa-press.net\/congo-brazzaville\/?s={search_term_string}"},"query-input":{"@type":"PropertyValueSpecification","valueRequired":true,"valueName":"search_term_string"}}],"inLanguage":"fr-FR"},{"@type":"Person","@id":"https:\/\/www.africa-press.net\/congo-brazzaville\/#\/schema\/person\/2b1cf3cd81a31e3cd26889ca66d677f1","name":"cfeditorfr"}]}},"_links":{"self":[{"href":"https:\/\/www.africa-press.net\/congo-brazzaville\/wp-json\/wp\/v2\/posts\/15097","targetHints":{"allow":["GET"]}}],"collection":[{"href":"https:\/\/www.africa-press.net\/congo-brazzaville\/wp-json\/wp\/v2\/posts"}],"about":[{"href":"https:\/\/www.africa-press.net\/congo-brazzaville\/wp-json\/wp\/v2\/types\/post"}],"author":[{"embeddable":true,"href":"https:\/\/www.africa-press.net\/congo-brazzaville\/wp-json\/wp\/v2\/users\/82"}],"replies":[{"embeddable":true,"href":"https:\/\/www.africa-press.net\/congo-brazzaville\/wp-json\/wp\/v2\/comments?post=15097"}],"version-history":[{"count":0,"href":"https:\/\/www.africa-press.net\/congo-brazzaville\/wp-json\/wp\/v2\/posts\/15097\/revisions"}],"wp:featuredmedia":[{"embeddable":true,"href":"https:\/\/www.africa-press.net\/congo-brazzaville\/wp-json\/wp\/v2\/media\/15094"}],"wp:attachment":[{"href":"https:\/\/www.africa-press.net\/congo-brazzaville\/wp-json\/wp\/v2\/media?parent=15097"}],"wp:term":[{"taxonomy":"category","embeddable":true,"href":"https:\/\/www.africa-press.net\/congo-brazzaville\/wp-json\/wp\/v2\/categories?post=15097"},{"taxonomy":"post_tag","embeddable":true,"href":"https:\/\/www.africa-press.net\/congo-brazzaville\/wp-json\/wp\/v2\/tags?post=15097"}],"curies":[{"name":"wp","href":"https:\/\/api.w.org\/{rel}","templated":true}]}}