{"id":15098,"date":"2023-03-02T12:30:20","date_gmt":"2023-03-02T12:30:20","guid":{"rendered":"https:\/\/www.africa-press.net\/congo-brazzaville\/politique\/assemblee-nationale-les-deputes-edifies-sur-le-controle-de-laction-gouvernementale"},"modified":"2023-03-02T12:54:57","modified_gmt":"2023-03-02T12:54:57","slug":"assemblee-nationale-les-deputes-edifies-sur-le-controle-de-laction-gouvernementale","status":"publish","type":"post","link":"https:\/\/www.africa-press.net\/congo-brazzaville\/politique\/assemblee-nationale-les-deputes-edifies-sur-le-controle-de-laction-gouvernementale","title":{"rendered":"Assembl\u00e9e nationale : les d\u00e9put\u00e9s \u00e9difi\u00e9s sur le contr\u00f4le de l\u2019action gouvernementale"},"content":{"rendered":"<p><span style=\"color: #ff6600\"><strong>Africa-Press &#8211; Congo Brazzaville. <\/strong><\/span><b>Une journe\u0301e parlementaire de sensibilisation des de\u0301pute\u0301s au contro\u0302le de l\u2019action gouvernementale et e\u0301valuation des politiques publiques, dans la perspective des droits humains, s\u2019est tenue le 1er mars a\u0300 Brazzaville, a\u0300 l&rsquo;initiative du syste\u0300me des Nations unies au Congo.<\/b><\/p>\n<p>L&rsquo;activite\u0301 visait a\u0300 pre\u0301senter les outils et les me\u0301thodes d\u2019e\u0301valuation des politiques publiques et souligner les pre\u0301rogatives ainsi que le ro\u0302le majeur que les de\u0301pute\u0301s sont appele\u0301s a\u0300 jouer dans leur noble exercice.<\/p>\n<p>Ouverte sous le patronage du pre\u0301sident de l\u2019Assemble\u0301e nationale, Isidore Mvouba, la rencontre a permis aux particiapnts de suivre deux communications. La premie\u0300re, de\u0301livre\u0301e par Franc\u0327oise Mianda, experte des Nations unies, a porte\u0301 sur les droits humains, un the\u0300me d\u2019importance dans l\u2019exercice de la fonction le\u0301gislative et le contro\u0302le de l\u2019action gouvernementale.<\/p>\n<p>Certes, la Constitution du 25 octobre 2015 consacre quarante articles sur la question mais le souhait serait que l\u2019Assemble\u0301e nationale du Congo se dote d\u2019une commission permanente des droits de l\u2019homme, a-t-elle souligne\u0301.<\/p>\n<p>La seconde communication, de\u0301livre\u0301e par Daniel Mikayoulou, a porte\u0301 sur l\u2019e\u0301valuation des politiques publiques pour le renforcement du contro\u0302le de l\u2019action du gouvernement.<\/p>\n<p>Cet expert des Nations unies a insiste\u0301 sur le contro\u0302le, l\u2019e\u0301valuation et l\u2019analyse des politiques publiques qui permettent de cerner les fondements the\u0301oriques et ide\u0301ologiques. \u00ab Il faut que l\u2019Assemble\u0301e nationale se dote d\u2019un plan d\u2019e\u0301valuation, d\u2019un guide de suivi. Elle doit e\u0301galement renforcer sa collaboration avec la Cour des comptes, interpeller les ministe\u0300res dans le cadre de l\u2019e\u0301valuation car la pratique e\u0301valuative de nos jours reste faible \u00bb, a-t-il sugge\u0301re\u0301.<\/p>\n<p>\u00ab L\u2019Assemble\u0301e nationale doit e\u0301valuer car on ne connai\u0302tra l\u2019impact des politiques publiques que par l\u2019e\u0301valuation. Elle doit organiser des sessions d\u2019information, de perfectionnement et de recyclage \u00bb, a poursuivi cet expert.<\/p>\n<p>Daniel Mikayoulou a rappele\u0301 les diffe\u0301rentes directives y compris celles de la Communaute\u0301 e\u0301conomique et mone\u0301taire de l\u2019Afrique centrale qui permettent au Parlement d\u2019e\u0301valuer les politiques publiques qui ne doivent pas rester sans impact.<\/p>\n<p><strong>Pour plus d&rsquo;informations et d&rsquo;analyses sur la <a href=\"https:\/\/www.africa-press.net\/congo-brazzaville\">Congo Brazzaville<\/a>, suivez <a href=\"https:\/\/www.africa-press.net\/\">Africa-Press<\/a><\/strong><\/p>\n","protected":false},"excerpt":{"rendered":"<p>Africa-Press &#8211; Congo Brazzaville. Une journe\u0301e parlementaire de sensibilisation des de\u0301pute\u0301s au contro\u0302le de l\u2019action gouvernementale et e\u0301valuation des politiques publiques, dans la perspective des droits humains, s\u2019est tenue le 1er mars a\u0300 Brazzaville, a\u0300 l&rsquo;initiative du syste\u0300me des Nations unies au Congo. L&rsquo;activite\u0301 visait a\u0300 pre\u0301senter les outils et les me\u0301thodes d\u2019e\u0301valuation des politiques [&hellip;]<\/p>\n","protected":false},"author":82,"featured_media":15096,"comment_status":"open","ping_status":"closed","sticky":false,"template":"","format":"standard","meta":{"footnotes":""},"categories":[2,10],"tags":[36,47,46],"class_list":["post-15098","post","type-post","status-publish","format-standard","has-post-thumbnail","hentry","category-politique","category-toutes-les-actualites","tag-africa-press","tag-africa-press-congo-brazzaville","tag-congo-brazzaville"],"yoast_head":"<!-- This site is optimized with the Yoast SEO Premium plugin v26.1 (Yoast SEO v27.0) - https:\/\/yoast.com\/product\/yoast-seo-premium-wordpress\/ -->\n<title>Assembl\u00e9e nationale : les d\u00e9put\u00e9s \u00e9difi\u00e9s sur le contr\u00f4le de l\u2019action gouvernementale - Congo Brazzaville<\/title>\n<meta name=\"description\" content=\"Une journe\u0301e parlementaire de sensibilisation des de\u0301pute\u0301s au contro\u0302le de l\u2019action gouvernementale et e\u0301valuation d ...\" \/>\n<meta name=\"robots\" content=\"index, follow, max-snippet:-1, max-image-preview:large, max-video-preview:-1\" \/>\n<link rel=\"canonical\" href=\"https:\/\/www.africa-press.net\/congo-brazzaville\/politique\/assemblee-nationale-les-deputes-edifies-sur-le-controle-de-laction-gouvernementale\" \/>\n<meta property=\"og:locale\" content=\"fr_FR\" \/>\n<meta property=\"og:type\" content=\"article\" \/>\n<meta property=\"og:title\" content=\"Assembl\u00e9e nationale : les d\u00e9put\u00e9s \u00e9difi\u00e9s sur le contr\u00f4le de l\u2019action gouvernementale\" \/>\n<meta property=\"og:description\" content=\"Une journe\u0301e parlementaire de sensibilisation des de\u0301pute\u0301s au contro\u0302le de l\u2019action gouvernementale et e\u0301valuation d ...\" \/>\n<meta property=\"og:url\" content=\"https:\/\/www.africa-press.net\/congo-brazzaville\/politique\/assemblee-nationale-les-deputes-edifies-sur-le-controle-de-laction-gouvernementale\" \/>\n<meta property=\"og:site_name\" content=\"Congo Brazzaville\" \/>\n<meta property=\"article:published_time\" content=\"2023-03-02T12:30:20+00:00\" \/>\n<meta property=\"article:modified_time\" content=\"2023-03-02T12:54:57+00:00\" \/>\n<meta property=\"og:image\" content=\"https:\/\/static.africa-press.net\/congo-brazzaville\/sites\/51\/2023\/03\/postQueueImg_1677747624.50.jpg\" \/>\n\t<meta property=\"og:image:width\" content=\"1024\" \/>\n\t<meta property=\"og:image:height\" content=\"768\" \/>\n\t<meta property=\"og:image:type\" content=\"image\/jpeg\" \/>\n<meta name=\"author\" content=\"cfeditorfr\" \/>\n<meta name=\"twitter:card\" content=\"summary_large_image\" \/>\n<meta name=\"twitter:label1\" content=\"\u00c9crit par\" \/>\n\t<meta name=\"twitter:data1\" content=\"cfeditorfr\" \/>\n\t<meta name=\"twitter:label2\" content=\"Dur\u00e9e de lecture estim\u00e9e\" \/>\n\t<meta name=\"twitter:data2\" content=\"2 minutes\" \/>\n<script type=\"application\/ld+json\" class=\"yoast-schema-graph\">{\"@context\":\"https:\/\/schema.org\",\"@graph\":[{\"@type\":\"Article\",\"@id\":\"https:\/\/www.africa-press.net\/congo-brazzaville\/politique\/assemblee-nationale-les-deputes-edifies-sur-le-controle-de-laction-gouvernementale#article\",\"isPartOf\":{\"@id\":\"https:\/\/www.africa-press.net\/congo-brazzaville\/politique\/assemblee-nationale-les-deputes-edifies-sur-le-controle-de-laction-gouvernementale\"},\"author\":{\"name\":\"cfeditorfr\",\"@id\":\"https:\/\/www.africa-press.net\/congo-brazzaville\/#\/schema\/person\/2b1cf3cd81a31e3cd26889ca66d677f1\"},\"headline\":\"Assembl\u00e9e nationale : les d\u00e9put\u00e9s \u00e9difi\u00e9s sur le contr\u00f4le de l\u2019action gouvernementale\",\"datePublished\":\"2023-03-02T12:30:20+00:00\",\"dateModified\":\"2023-03-02T12:54:57+00:00\",\"mainEntityOfPage\":{\"@id\":\"https:\/\/www.africa-press.net\/congo-brazzaville\/politique\/assemblee-nationale-les-deputes-edifies-sur-le-controle-de-laction-gouvernementale\"},\"wordCount\":419,\"commentCount\":0,\"image\":{\"@id\":\"https:\/\/www.africa-press.net\/congo-brazzaville\/politique\/assemblee-nationale-les-deputes-edifies-sur-le-controle-de-laction-gouvernementale#primaryimage\"},\"thumbnailUrl\":\"https:\/\/static.africa-press.net\/congo-brazzaville\/sites\/51\/2023\/03\/postQueueImg_1677747624.50.jpg\",\"keywords\":[\"Africa Press\",\"Africa Press-Congo Brazzaville\",\"Congo Brazzaville\"],\"articleSection\":[\"Politique\",\"Toutes les actualit\u00e9s\"],\"inLanguage\":\"fr-FR\",\"potentialAction\":[{\"@type\":\"CommentAction\",\"name\":\"Comment\",\"target\":[\"https:\/\/www.africa-press.net\/congo-brazzaville\/politique\/assemblee-nationale-les-deputes-edifies-sur-le-controle-de-laction-gouvernementale#respond\"]}]},{\"@type\":\"WebPage\",\"@id\":\"https:\/\/www.africa-press.net\/congo-brazzaville\/politique\/assemblee-nationale-les-deputes-edifies-sur-le-controle-de-laction-gouvernementale\",\"url\":\"https:\/\/www.africa-press.net\/congo-brazzaville\/politique\/assemblee-nationale-les-deputes-edifies-sur-le-controle-de-laction-gouvernementale\",\"name\":\"Assembl\u00e9e nationale : les d\u00e9put\u00e9s \u00e9difi\u00e9s sur le contr\u00f4le de l\u2019action gouvernementale - Congo Brazzaville\",\"isPartOf\":{\"@id\":\"https:\/\/www.africa-press.net\/congo-brazzaville\/#website\"},\"primaryImageOfPage\":{\"@id\":\"https:\/\/www.africa-press.net\/congo-brazzaville\/politique\/assemblee-nationale-les-deputes-edifies-sur-le-controle-de-laction-gouvernementale#primaryimage\"},\"image\":{\"@id\":\"https:\/\/www.africa-press.net\/congo-brazzaville\/politique\/assemblee-nationale-les-deputes-edifies-sur-le-controle-de-laction-gouvernementale#primaryimage\"},\"thumbnailUrl\":\"https:\/\/static.africa-press.net\/congo-brazzaville\/sites\/51\/2023\/03\/postQueueImg_1677747624.50.jpg\",\"datePublished\":\"2023-03-02T12:30:20+00:00\",\"dateModified\":\"2023-03-02T12:54:57+00:00\",\"author\":{\"@id\":\"https:\/\/www.africa-press.net\/congo-brazzaville\/#\/schema\/person\/2b1cf3cd81a31e3cd26889ca66d677f1\"},\"description\":\"Une journe\u0301e parlementaire de sensibilisation des de\u0301pute\u0301s au contro\u0302le de l\u2019action gouvernementale et e\u0301valuation d ...\",\"breadcrumb\":{\"@id\":\"https:\/\/www.africa-press.net\/congo-brazzaville\/politique\/assemblee-nationale-les-deputes-edifies-sur-le-controle-de-laction-gouvernementale#breadcrumb\"},\"inLanguage\":\"fr-FR\",\"potentialAction\":[{\"@type\":\"ReadAction\",\"target\":[\"https:\/\/www.africa-press.net\/congo-brazzaville\/politique\/assemblee-nationale-les-deputes-edifies-sur-le-controle-de-laction-gouvernementale\"]}]},{\"@type\":\"ImageObject\",\"inLanguage\":\"fr-FR\",\"@id\":\"https:\/\/www.africa-press.net\/congo-brazzaville\/politique\/assemblee-nationale-les-deputes-edifies-sur-le-controle-de-laction-gouvernementale#primaryimage\",\"url\":\"https:\/\/static.africa-press.net\/congo-brazzaville\/sites\/51\/2023\/03\/postQueueImg_1677747624.50.jpg\",\"contentUrl\":\"https:\/\/static.africa-press.net\/congo-brazzaville\/sites\/51\/2023\/03\/postQueueImg_1677747624.50.jpg\",\"width\":1024,\"height\":768,\"caption\":\"Assembl\u00e9e nationale : les d\u00e9put\u00e9s \u00e9difi\u00e9s sur le contr\u00f4le de l\u2019action gouvernementale\"},{\"@type\":\"BreadcrumbList\",\"@id\":\"https:\/\/www.africa-press.net\/congo-brazzaville\/politique\/assemblee-nationale-les-deputes-edifies-sur-le-controle-de-laction-gouvernementale#breadcrumb\",\"itemListElement\":[{\"@type\":\"ListItem\",\"position\":1,\"name\":\"Accueil\",\"item\":\"https:\/\/www.africa-press.net\/congo-brazzaville\/\"},{\"@type\":\"ListItem\",\"position\":2,\"name\":\"Assembl\u00e9e nationale : les d\u00e9put\u00e9s \u00e9difi\u00e9s sur le contr\u00f4le de l\u2019action gouvernementale\"}]},{\"@type\":\"WebSite\",\"@id\":\"https:\/\/www.africa-press.net\/congo-brazzaville\/#website\",\"url\":\"https:\/\/www.africa-press.net\/congo-brazzaville\/\",\"name\":\"Congo Brazzaville\",\"description\":\"Just another Africa News Agency Sites site\",\"potentialAction\":[{\"@type\":\"SearchAction\",\"target\":{\"@type\":\"EntryPoint\",\"urlTemplate\":\"https:\/\/www.africa-press.net\/congo-brazzaville\/?s={search_term_string}\"},\"query-input\":{\"@type\":\"PropertyValueSpecification\",\"valueRequired\":true,\"valueName\":\"search_term_string\"}}],\"inLanguage\":\"fr-FR\"},{\"@type\":\"Person\",\"@id\":\"https:\/\/www.africa-press.net\/congo-brazzaville\/#\/schema\/person\/2b1cf3cd81a31e3cd26889ca66d677f1\",\"name\":\"cfeditorfr\"}]}<\/script>\n<!-- \/ Yoast SEO Premium plugin. -->","yoast_head_json":{"title":"Assembl\u00e9e nationale : les d\u00e9put\u00e9s \u00e9difi\u00e9s sur le contr\u00f4le de l\u2019action gouvernementale - Congo Brazzaville","description":"Une journe\u0301e parlementaire de sensibilisation des de\u0301pute\u0301s au contro\u0302le de l\u2019action gouvernementale et e\u0301valuation d ...","robots":{"index":"index","follow":"follow","max-snippet":"max-snippet:-1","max-image-preview":"max-image-preview:large","max-video-preview":"max-video-preview:-1"},"canonical":"https:\/\/www.africa-press.net\/congo-brazzaville\/politique\/assemblee-nationale-les-deputes-edifies-sur-le-controle-de-laction-gouvernementale","og_locale":"fr_FR","og_type":"article","og_title":"Assembl\u00e9e nationale : les d\u00e9put\u00e9s \u00e9difi\u00e9s sur le contr\u00f4le de l\u2019action gouvernementale","og_description":"Une journe\u0301e parlementaire de sensibilisation des de\u0301pute\u0301s au contro\u0302le de l\u2019action gouvernementale et e\u0301valuation d ...","og_url":"https:\/\/www.africa-press.net\/congo-brazzaville\/politique\/assemblee-nationale-les-deputes-edifies-sur-le-controle-de-laction-gouvernementale","og_site_name":"Congo Brazzaville","article_published_time":"2023-03-02T12:30:20+00:00","article_modified_time":"2023-03-02T12:54:57+00:00","og_image":[{"width":1024,"height":768,"url":"https:\/\/static.africa-press.net\/congo-brazzaville\/sites\/51\/2023\/03\/postQueueImg_1677747624.50.jpg","type":"image\/jpeg"}],"author":"cfeditorfr","twitter_card":"summary_large_image","twitter_misc":{"\u00c9crit par":"cfeditorfr","Dur\u00e9e de lecture estim\u00e9e":"2 minutes"},"schema":{"@context":"https:\/\/schema.org","@graph":[{"@type":"Article","@id":"https:\/\/www.africa-press.net\/congo-brazzaville\/politique\/assemblee-nationale-les-deputes-edifies-sur-le-controle-de-laction-gouvernementale#article","isPartOf":{"@id":"https:\/\/www.africa-press.net\/congo-brazzaville\/politique\/assemblee-nationale-les-deputes-edifies-sur-le-controle-de-laction-gouvernementale"},"author":{"name":"cfeditorfr","@id":"https:\/\/www.africa-press.net\/congo-brazzaville\/#\/schema\/person\/2b1cf3cd81a31e3cd26889ca66d677f1"},"headline":"Assembl\u00e9e nationale : les d\u00e9put\u00e9s \u00e9difi\u00e9s sur le contr\u00f4le de l\u2019action gouvernementale","datePublished":"2023-03-02T12:30:20+00:00","dateModified":"2023-03-02T12:54:57+00:00","mainEntityOfPage":{"@id":"https:\/\/www.africa-press.net\/congo-brazzaville\/politique\/assemblee-nationale-les-deputes-edifies-sur-le-controle-de-laction-gouvernementale"},"wordCount":419,"commentCount":0,"image":{"@id":"https:\/\/www.africa-press.net\/congo-brazzaville\/politique\/assemblee-nationale-les-deputes-edifies-sur-le-controle-de-laction-gouvernementale#primaryimage"},"thumbnailUrl":"https:\/\/static.africa-press.net\/congo-brazzaville\/sites\/51\/2023\/03\/postQueueImg_1677747624.50.jpg","keywords":["Africa Press","Africa Press-Congo Brazzaville","Congo Brazzaville"],"articleSection":["Politique","Toutes les actualit\u00e9s"],"inLanguage":"fr-FR","potentialAction":[{"@type":"CommentAction","name":"Comment","target":["https:\/\/www.africa-press.net\/congo-brazzaville\/politique\/assemblee-nationale-les-deputes-edifies-sur-le-controle-de-laction-gouvernementale#respond"]}]},{"@type":"WebPage","@id":"https:\/\/www.africa-press.net\/congo-brazzaville\/politique\/assemblee-nationale-les-deputes-edifies-sur-le-controle-de-laction-gouvernementale","url":"https:\/\/www.africa-press.net\/congo-brazzaville\/politique\/assemblee-nationale-les-deputes-edifies-sur-le-controle-de-laction-gouvernementale","name":"Assembl\u00e9e nationale : les d\u00e9put\u00e9s \u00e9difi\u00e9s sur le contr\u00f4le de l\u2019action gouvernementale - Congo Brazzaville","isPartOf":{"@id":"https:\/\/www.africa-press.net\/congo-brazzaville\/#website"},"primaryImageOfPage":{"@id":"https:\/\/www.africa-press.net\/congo-brazzaville\/politique\/assemblee-nationale-les-deputes-edifies-sur-le-controle-de-laction-gouvernementale#primaryimage"},"image":{"@id":"https:\/\/www.africa-press.net\/congo-brazzaville\/politique\/assemblee-nationale-les-deputes-edifies-sur-le-controle-de-laction-gouvernementale#primaryimage"},"thumbnailUrl":"https:\/\/static.africa-press.net\/congo-brazzaville\/sites\/51\/2023\/03\/postQueueImg_1677747624.50.jpg","datePublished":"2023-03-02T12:30:20+00:00","dateModified":"2023-03-02T12:54:57+00:00","author":{"@id":"https:\/\/www.africa-press.net\/congo-brazzaville\/#\/schema\/person\/2b1cf3cd81a31e3cd26889ca66d677f1"},"description":"Une journe\u0301e parlementaire de sensibilisation des de\u0301pute\u0301s au contro\u0302le de l\u2019action gouvernementale et e\u0301valuation d ...","breadcrumb":{"@id":"https:\/\/www.africa-press.net\/congo-brazzaville\/politique\/assemblee-nationale-les-deputes-edifies-sur-le-controle-de-laction-gouvernementale#breadcrumb"},"inLanguage":"fr-FR","potentialAction":[{"@type":"ReadAction","target":["https:\/\/www.africa-press.net\/congo-brazzaville\/politique\/assemblee-nationale-les-deputes-edifies-sur-le-controle-de-laction-gouvernementale"]}]},{"@type":"ImageObject","inLanguage":"fr-FR","@id":"https:\/\/www.africa-press.net\/congo-brazzaville\/politique\/assemblee-nationale-les-deputes-edifies-sur-le-controle-de-laction-gouvernementale#primaryimage","url":"https:\/\/static.africa-press.net\/congo-brazzaville\/sites\/51\/2023\/03\/postQueueImg_1677747624.50.jpg","contentUrl":"https:\/\/static.africa-press.net\/congo-brazzaville\/sites\/51\/2023\/03\/postQueueImg_1677747624.50.jpg","width":1024,"height":768,"caption":"Assembl\u00e9e nationale : les d\u00e9put\u00e9s \u00e9difi\u00e9s sur le contr\u00f4le de l\u2019action gouvernementale"},{"@type":"BreadcrumbList","@id":"https:\/\/www.africa-press.net\/congo-brazzaville\/politique\/assemblee-nationale-les-deputes-edifies-sur-le-controle-de-laction-gouvernementale#breadcrumb","itemListElement":[{"@type":"ListItem","position":1,"name":"Accueil","item":"https:\/\/www.africa-press.net\/congo-brazzaville\/"},{"@type":"ListItem","position":2,"name":"Assembl\u00e9e nationale : les d\u00e9put\u00e9s \u00e9difi\u00e9s sur le contr\u00f4le de l\u2019action gouvernementale"}]},{"@type":"WebSite","@id":"https:\/\/www.africa-press.net\/congo-brazzaville\/#website","url":"https:\/\/www.africa-press.net\/congo-brazzaville\/","name":"Congo Brazzaville","description":"Just another Africa News Agency Sites site","potentialAction":[{"@type":"SearchAction","target":{"@type":"EntryPoint","urlTemplate":"https:\/\/www.africa-press.net\/congo-brazzaville\/?s={search_term_string}"},"query-input":{"@type":"PropertyValueSpecification","valueRequired":true,"valueName":"search_term_string"}}],"inLanguage":"fr-FR"},{"@type":"Person","@id":"https:\/\/www.africa-press.net\/congo-brazzaville\/#\/schema\/person\/2b1cf3cd81a31e3cd26889ca66d677f1","name":"cfeditorfr"}]}},"_links":{"self":[{"href":"https:\/\/www.africa-press.net\/congo-brazzaville\/wp-json\/wp\/v2\/posts\/15098","targetHints":{"allow":["GET"]}}],"collection":[{"href":"https:\/\/www.africa-press.net\/congo-brazzaville\/wp-json\/wp\/v2\/posts"}],"about":[{"href":"https:\/\/www.africa-press.net\/congo-brazzaville\/wp-json\/wp\/v2\/types\/post"}],"author":[{"embeddable":true,"href":"https:\/\/www.africa-press.net\/congo-brazzaville\/wp-json\/wp\/v2\/users\/82"}],"replies":[{"embeddable":true,"href":"https:\/\/www.africa-press.net\/congo-brazzaville\/wp-json\/wp\/v2\/comments?post=15098"}],"version-history":[{"count":0,"href":"https:\/\/www.africa-press.net\/congo-brazzaville\/wp-json\/wp\/v2\/posts\/15098\/revisions"}],"wp:featuredmedia":[{"embeddable":true,"href":"https:\/\/www.africa-press.net\/congo-brazzaville\/wp-json\/wp\/v2\/media\/15096"}],"wp:attachment":[{"href":"https:\/\/www.africa-press.net\/congo-brazzaville\/wp-json\/wp\/v2\/media?parent=15098"}],"wp:term":[{"taxonomy":"category","embeddable":true,"href":"https:\/\/www.africa-press.net\/congo-brazzaville\/wp-json\/wp\/v2\/categories?post=15098"},{"taxonomy":"post_tag","embeddable":true,"href":"https:\/\/www.africa-press.net\/congo-brazzaville\/wp-json\/wp\/v2\/tags?post=15098"}],"curies":[{"name":"wp","href":"https:\/\/api.w.org\/{rel}","templated":true}]}}