{"id":15111,"date":"2023-03-02T12:29:56","date_gmt":"2023-03-02T12:29:56","guid":{"rendered":"https:\/\/www.africa-press.net\/congo-brazzaville\/politique\/economie-verte-la-france-soutient-les-efforts-du-congo-en-matiere-de-conservation-de-la-biodiversite-2"},"modified":"2023-03-02T12:57:32","modified_gmt":"2023-03-02T12:57:32","slug":"economie-verte-la-france-soutient-les-efforts-du-congo-en-matiere-de-conservation-de-la-biodiversite-2","status":"publish","type":"post","link":"https:\/\/www.africa-press.net\/congo-brazzaville\/economie\/economie-verte-la-france-soutient-les-efforts-du-congo-en-matiere-de-conservation-de-la-biodiversite-2","title":{"rendered":"Economie verte: la France soutient les efforts du Congo en mati\u00e8re de conservation de la biodiversit\u00e9"},"content":{"rendered":"<p><span style=\"color: #ff6600\"><strong>Africa-Press &#8211; Congo Brazzaville. <\/strong><\/span><b>L\u2019Agence franc\u0327aise de de\u0301veloppement (AFD) devra mobiliser 45 millions d\u2019euros, soit pre\u0300s de 30 milliards FCFA, dans le cadre de l\u2019Initiative pour la fore\u0302t de l\u2019Afrique centrale (Cafi). L\u2019accord pour la mise en \u0153uvre du Cafi avait e\u0301te\u0301 signe\u0301 en septembre, a\u0300 Paris, par le pre\u0301sident congolais, Denis Sassou N\u2019Guesso, et son homologue franc\u0327ais, Emmanuel Macron. <\/b><\/p>\n<p>Le soutien financier de la France vise a\u0300 accompagner les strate\u0301gies d\u2019ame\u0301nagement du territoire et d\u2019utilisation durable des ressources naturelles du Congo. Le Cafi entend contribuer au de\u0301veloppement e\u0301conomique a\u0300 travers une gestion durable du territoire, tandis que le gouvernement congolais s\u2019est engage\u0301 a\u0300 e\u0301viter la destruction du massif forestier du pays abritant de forts stocks de carbone et ayant une valeur de conservation e\u0301leve\u0301e.<\/p>\n<p>Cette initiative se de\u0301roule normalement en deux phases : une premie\u0300re finance\u0301e par le fonds Cafi a\u0300 hauteur de 15 millions de dollars (9 milliards FCFA) de\u0301le\u0301gue\u0301s a\u0300 l\u2019AFD et un financement comple\u0301mentaire de l\u2019AFD de 7 millions d\u2019euros (environ 4 milliards FCFA) ; une deuxie\u0300me phase devrait mobiliser 15 millions d\u2019euros (10 milliards FCFA) de ressources en don de l\u2019E\u0301tat franc\u0327ais via l\u2019AFD.<\/p>\n<p>Le programme a favorise\u0301 la coope\u0301ration entre les dix pays du bassin du Congo, par exemple le projet Gestion inte\u0301gre\u0301e de la ressource en eau et d\u2019adaptation au changement climatique dans le bassin du Congo coordonne\u0301 par la Commission internationale du bassin du Congo-Oubangui-Sangha. Le projet devrait be\u0301ne\u0301ficier de deux subventions d\u2019un million d\u2019euros alloue\u0301es par l\u2019AFD et le Fonds franc\u0327ais pour l\u2019environnement mondial.<\/p>\n<p>Le bassin du fleuve Congo est le premier d\u2019Afrique et le deuxie\u0300me du monde, en superficie comme en volume. C\u2019est aussi le deuxie\u0300me massif forestier tropical de la plane\u0300te, soit un vaste puits de carbone avec des e\u0301cosyste\u0300mes uniques qui abritent 60% de la biodiversite\u0301 africaine. Au moins 80 millions d\u2019a\u0302mes de\u0301pendent de ces ressources (hydroe\u0301lectricite\u0301, irrigation, pe\u0302che, navigation fluviale).<\/p>\n<p>Mais le bassin fait face a\u0300 de nouvelles menaces lie\u0301es a\u0300 la de\u0301forestation, l\u2019urbanisation et la forte croissance de\u0301mographique qui fragilisent son e\u0301cosyste\u0300me. De passage a\u0300 Brazzaville en de\u0301cembre 2022, la secre\u0301taire d\u2019Etat franc\u0327aise charge\u0301e du De\u0301veloppement, de la Francophonie et des Partenariats internationaux, Chrysoula Zacharopolou, a re\u0301ite\u0301re\u0301 la volonte\u0301 de son pays a\u0300 accompagner le Congo dans ce domaine.<\/p>\n\r\n                <style type=\"text\/css\">\r\n                    \r\n                    #td_uid_1_69f1b419b3e2d  .td-doubleSlider-2 .td-item1 {\r\n                        background: url(https:\/\/static.africa-press.net\/congo-brazzaville\/sites\/51\/2023\/03\/postMediaimg_59_1-64009c4b9f2d8-80x60.jpg) 0 0 no-repeat;\r\n                    }\r\n                    #td_uid_1_69f1b419b3e2d  .td-doubleSlider-2 .td-item2 {\r\n                        background: url(https:\/\/static.africa-press.net\/congo-brazzaville\/sites\/51\/2023\/03\/postMediaimg_59_2-64009c60c2701-80x60.jpg) 0 0 no-repeat;\r\n                    }\r\n                <\/style>\r\n\r\n                <div id=\"td_uid_1_69f1b419b3e2d\" class=\"td-gallery td-slide-on-2-columns\">\r\n                    <div class=\"post_td_gallery\">\r\n                        <div class=\"td-gallery-slide-top\">\r\n                           <div class=\"td-gallery-title\"><\/div>\r\n\r\n                            <div class=\"td-gallery-controls-wrapper\">\r\n                                <div class=\"td-gallery-slide-count\"><span class=\"td-gallery-slide-item-focus\">1<\/span> de 2<\/div>\r\n                                <div class=\"td-gallery-slide-prev-next-but\">\r\n                                    <i class = \"td-icon-left doubleSliderPrevButton\"><\/i>\r\n                                    <i class = \"td-icon-right doubleSliderNextButton\"><\/i>\r\n                                <\/div>\r\n                            <\/div>\r\n                        <\/div>\r\n\r\n                        <div class = \"td-doubleSlider-1 \">\r\n                            <div class = \"td-slider\">\r\n                                \r\n                    <div class = \"td-slide-item td-item1\">\r\n                        <figure class=\"td-slide-galery-figure td-slide-popup-gallery\">\r\n                            <a class=\"slide-gallery-image-link\" href=\"https:\/\/static.africa-press.net\/congo-brazzaville\/sites\/51\/2023\/03\/postMediaimg_59_1-64009c4b9f2d8.jpg\" title=\"postMediaimg_59_1-64009c4b9f2d8\"  data-caption=\"\"  data-description=\"\">\r\n                                <img decoding=\"async\" src=\"https:\/\/static.africa-press.net\/congo-brazzaville\/sites\/51\/2023\/03\/postMediaimg_59_1-64009c4b9f2d8.jpg\" srcset=\"https:\/\/static.africa-press.net\/congo-brazzaville\/sites\/51\/2023\/03\/postMediaimg_59_1-64009c4b9f2d8.jpg 720w, https:\/\/static.africa-press.net\/congo-brazzaville\/sites\/51\/2023\/03\/postMediaimg_59_1-64009c4b9f2d8-300x200.jpg 300w\" sizes=\"(max-width: 720px) 100vw, 720px\" alt=\"\">\r\n                            <\/a>\r\n                            \r\n                        <\/figure>\r\n                    <\/div>\r\n                    <div class = \"td-slide-item td-item2\">\r\n                        <figure class=\"td-slide-galery-figure td-slide-popup-gallery\">\r\n                            <a class=\"slide-gallery-image-link\" href=\"https:\/\/static.africa-press.net\/congo-brazzaville\/sites\/51\/2023\/03\/postMediaimg_59_2-64009c60c2701.jpg\" title=\"postMediaimg_59_2-64009c60c2701\"  data-caption=\"\"  data-description=\"\">\r\n                                <img decoding=\"async\" src=\"https:\/\/static.africa-press.net\/congo-brazzaville\/sites\/51\/2023\/03\/postMediaimg_59_2-64009c60c2701.jpg\" srcset=\"https:\/\/static.africa-press.net\/congo-brazzaville\/sites\/51\/2023\/03\/postMediaimg_59_2-64009c60c2701.jpg 1024w, https:\/\/static.africa-press.net\/congo-brazzaville\/sites\/51\/2023\/03\/postMediaimg_59_2-64009c60c2701-300x225.jpg 300w, https:\/\/static.africa-press.net\/congo-brazzaville\/sites\/51\/2023\/03\/postMediaimg_59_2-64009c60c2701-768x576.jpg 768w, https:\/\/static.africa-press.net\/congo-brazzaville\/sites\/51\/2023\/03\/postMediaimg_59_2-64009c60c2701-80x60.jpg 80w\" sizes=\"(max-width: 1024px) 100vw, 1024px\" alt=\"\">\r\n                            <\/a>\r\n                            \r\n                        <\/figure>\r\n                    <\/div>\r\n                            <\/div>\r\n                        <\/div>\r\n\r\n                        <div class = \"td-doubleSlider-2\">\r\n                            <div class = \"td-slider\">\r\n                                \r\n                    <div class = \"td-button td-item1\">\r\n                        <div class = \"td-border\"><\/div>\r\n                    <\/div>\r\n                    <div class = \"td-button td-item2\">\r\n                        <div class = \"td-border\"><\/div>\r\n                    <\/div>\r\n                            <\/div>\r\n                        <\/div>\r\n\r\n                    <\/div>\r\n\r\n                <\/div>\r\n                \n<p><strong>Pour plus d&rsquo;informations et d&rsquo;analyses sur la <a href=\"https:\/\/www.africa-press.net\/congo-brazzaville\">Congo Brazzaville<\/a>, suivez <a href=\"https:\/\/www.africa-press.net\/\">Africa-Press<\/a><\/strong><\/p>\n","protected":false},"excerpt":{"rendered":"<p>Africa-Press &#8211; Congo Brazzaville. L\u2019Agence franc\u0327aise de de\u0301veloppement (AFD) devra mobiliser 45 millions d\u2019euros, soit pre\u0300s de 30 milliards FCFA, dans le cadre de l\u2019Initiative pour la fore\u0302t de l\u2019Afrique centrale (Cafi). L\u2019accord pour la mise en \u0153uvre du Cafi avait e\u0301te\u0301 signe\u0301 en septembre, a\u0300 Paris, par le pre\u0301sident congolais, Denis Sassou N\u2019Guesso, et [&hellip;]<\/p>\n","protected":false},"author":82,"featured_media":15110,"comment_status":"open","ping_status":"closed","sticky":false,"template":"","format":"standard","meta":{"footnotes":""},"categories":[3,8,10],"tags":[36,47,46],"class_list":["post-15111","post","type-post","status-publish","format-standard","has-post-thumbnail","hentry","category-economie","category-photo","category-toutes-les-actualites","tag-africa-press","tag-africa-press-congo-brazzaville","tag-congo-brazzaville"],"yoast_head":"<!-- This site is optimized with the Yoast SEO Premium plugin v26.1 (Yoast SEO v27.0) - https:\/\/yoast.com\/product\/yoast-seo-premium-wordpress\/ -->\n<title>Economie verte: la France soutient les efforts du Congo en mati\u00e8re de conservation de la biodiversit\u00e9 - Congo Brazzaville<\/title>\n<meta name=\"description\" content=\"L\u2019Agence franc\u0327aise de de\u0301veloppement (AFD) devra mobiliser 45 millions d\u2019euros, soit pre\u0300s de 30 milliards FCFA, dan ...\" \/>\n<meta name=\"robots\" content=\"index, follow, max-snippet:-1, max-image-preview:large, max-video-preview:-1\" \/>\n<link rel=\"canonical\" href=\"https:\/\/www.africa-press.net\/congo-brazzaville\/economie\/economie-verte-la-france-soutient-les-efforts-du-congo-en-matiere-de-conservation-de-la-biodiversite-2\" \/>\n<meta property=\"og:locale\" content=\"fr_FR\" \/>\n<meta property=\"og:type\" content=\"article\" \/>\n<meta property=\"og:title\" content=\"Economie verte: la France soutient les efforts du Congo en mati\u00e8re de conservation de la biodiversit\u00e9\" \/>\n<meta property=\"og:description\" content=\"L\u2019Agence franc\u0327aise de de\u0301veloppement (AFD) devra mobiliser 45 millions d\u2019euros, soit pre\u0300s de 30 milliards FCFA, dan ...\" \/>\n<meta property=\"og:url\" content=\"https:\/\/www.africa-press.net\/congo-brazzaville\/economie\/economie-verte-la-france-soutient-les-efforts-du-congo-en-matiere-de-conservation-de-la-biodiversite-2\" \/>\n<meta property=\"og:site_name\" content=\"Congo Brazzaville\" \/>\n<meta property=\"article:published_time\" content=\"2023-03-02T12:29:56+00:00\" \/>\n<meta property=\"article:modified_time\" content=\"2023-03-02T12:57:32+00:00\" \/>\n<meta property=\"og:image\" content=\"https:\/\/static.africa-press.net\/congo-brazzaville\/sites\/51\/2023\/03\/postQueueImg_1677749000.15.jpg\" \/>\n\t<meta property=\"og:image:width\" content=\"720\" \/>\n\t<meta property=\"og:image:height\" content=\"480\" \/>\n\t<meta property=\"og:image:type\" content=\"image\/jpeg\" \/>\n<meta name=\"author\" content=\"cfeditorfr\" \/>\n<meta name=\"twitter:card\" content=\"summary_large_image\" \/>\n<meta name=\"twitter:label1\" content=\"\u00c9crit par\" \/>\n\t<meta name=\"twitter:data1\" content=\"cfeditorfr\" \/>\n\t<meta name=\"twitter:label2\" content=\"Dur\u00e9e de lecture estim\u00e9e\" \/>\n\t<meta name=\"twitter:data2\" content=\"2 minutes\" \/>\n<script type=\"application\/ld+json\" class=\"yoast-schema-graph\">{\"@context\":\"https:\/\/schema.org\",\"@graph\":[{\"@type\":\"Article\",\"@id\":\"https:\/\/www.africa-press.net\/congo-brazzaville\/economie\/economie-verte-la-france-soutient-les-efforts-du-congo-en-matiere-de-conservation-de-la-biodiversite-2#article\",\"isPartOf\":{\"@id\":\"https:\/\/www.africa-press.net\/congo-brazzaville\/economie\/economie-verte-la-france-soutient-les-efforts-du-congo-en-matiere-de-conservation-de-la-biodiversite-2\"},\"author\":{\"name\":\"cfeditorfr\",\"@id\":\"https:\/\/www.africa-press.net\/congo-brazzaville\/#\/schema\/person\/2b1cf3cd81a31e3cd26889ca66d677f1\"},\"headline\":\"Economie verte: la France soutient les efforts du Congo en mati\u00e8re de conservation de la biodiversit\u00e9\",\"datePublished\":\"2023-03-02T12:29:56+00:00\",\"dateModified\":\"2023-03-02T12:57:32+00:00\",\"mainEntityOfPage\":{\"@id\":\"https:\/\/www.africa-press.net\/congo-brazzaville\/economie\/economie-verte-la-france-soutient-les-efforts-du-congo-en-matiere-de-conservation-de-la-biodiversite-2\"},\"wordCount\":477,\"commentCount\":0,\"image\":{\"@id\":\"https:\/\/www.africa-press.net\/congo-brazzaville\/economie\/economie-verte-la-france-soutient-les-efforts-du-congo-en-matiere-de-conservation-de-la-biodiversite-2#primaryimage\"},\"thumbnailUrl\":\"https:\/\/static.africa-press.net\/congo-brazzaville\/sites\/51\/2023\/03\/postQueueImg_1677749000.15.jpg\",\"keywords\":[\"Africa Press\",\"Africa Press-Congo Brazzaville\",\"Congo Brazzaville\"],\"articleSection\":[\"\u00c9conomie\",\"Photo\",\"Toutes les actualit\u00e9s\"],\"inLanguage\":\"fr-FR\",\"potentialAction\":[{\"@type\":\"CommentAction\",\"name\":\"Comment\",\"target\":[\"https:\/\/www.africa-press.net\/congo-brazzaville\/economie\/economie-verte-la-france-soutient-les-efforts-du-congo-en-matiere-de-conservation-de-la-biodiversite-2#respond\"]}]},{\"@type\":\"WebPage\",\"@id\":\"https:\/\/www.africa-press.net\/congo-brazzaville\/economie\/economie-verte-la-france-soutient-les-efforts-du-congo-en-matiere-de-conservation-de-la-biodiversite-2\",\"url\":\"https:\/\/www.africa-press.net\/congo-brazzaville\/economie\/economie-verte-la-france-soutient-les-efforts-du-congo-en-matiere-de-conservation-de-la-biodiversite-2\",\"name\":\"Economie verte: la France soutient les efforts du Congo en mati\u00e8re de conservation de la biodiversit\u00e9 - Congo Brazzaville\",\"isPartOf\":{\"@id\":\"https:\/\/www.africa-press.net\/congo-brazzaville\/#website\"},\"primaryImageOfPage\":{\"@id\":\"https:\/\/www.africa-press.net\/congo-brazzaville\/economie\/economie-verte-la-france-soutient-les-efforts-du-congo-en-matiere-de-conservation-de-la-biodiversite-2#primaryimage\"},\"image\":{\"@id\":\"https:\/\/www.africa-press.net\/congo-brazzaville\/economie\/economie-verte-la-france-soutient-les-efforts-du-congo-en-matiere-de-conservation-de-la-biodiversite-2#primaryimage\"},\"thumbnailUrl\":\"https:\/\/static.africa-press.net\/congo-brazzaville\/sites\/51\/2023\/03\/postQueueImg_1677749000.15.jpg\",\"datePublished\":\"2023-03-02T12:29:56+00:00\",\"dateModified\":\"2023-03-02T12:57:32+00:00\",\"author\":{\"@id\":\"https:\/\/www.africa-press.net\/congo-brazzaville\/#\/schema\/person\/2b1cf3cd81a31e3cd26889ca66d677f1\"},\"description\":\"L\u2019Agence franc\u0327aise de de\u0301veloppement (AFD) devra mobiliser 45 millions d\u2019euros, soit pre\u0300s de 30 milliards FCFA, dan ...\",\"breadcrumb\":{\"@id\":\"https:\/\/www.africa-press.net\/congo-brazzaville\/economie\/economie-verte-la-france-soutient-les-efforts-du-congo-en-matiere-de-conservation-de-la-biodiversite-2#breadcrumb\"},\"inLanguage\":\"fr-FR\",\"potentialAction\":[{\"@type\":\"ReadAction\",\"target\":[\"https:\/\/www.africa-press.net\/congo-brazzaville\/economie\/economie-verte-la-france-soutient-les-efforts-du-congo-en-matiere-de-conservation-de-la-biodiversite-2\"]}]},{\"@type\":\"ImageObject\",\"inLanguage\":\"fr-FR\",\"@id\":\"https:\/\/www.africa-press.net\/congo-brazzaville\/economie\/economie-verte-la-france-soutient-les-efforts-du-congo-en-matiere-de-conservation-de-la-biodiversite-2#primaryimage\",\"url\":\"https:\/\/static.africa-press.net\/congo-brazzaville\/sites\/51\/2023\/03\/postQueueImg_1677749000.15.jpg\",\"contentUrl\":\"https:\/\/static.africa-press.net\/congo-brazzaville\/sites\/51\/2023\/03\/postQueueImg_1677749000.15.jpg\",\"width\":720,\"height\":480,\"caption\":\"Economie verte: la France soutient les efforts du Congo en mati\u00e8re de conservation de la biodiversit\u00e9\"},{\"@type\":\"BreadcrumbList\",\"@id\":\"https:\/\/www.africa-press.net\/congo-brazzaville\/economie\/economie-verte-la-france-soutient-les-efforts-du-congo-en-matiere-de-conservation-de-la-biodiversite-2#breadcrumb\",\"itemListElement\":[{\"@type\":\"ListItem\",\"position\":1,\"name\":\"Accueil\",\"item\":\"https:\/\/www.africa-press.net\/congo-brazzaville\/\"},{\"@type\":\"ListItem\",\"position\":2,\"name\":\"Economie verte: la France soutient les efforts du Congo en mati\u00e8re de conservation de la biodiversit\u00e9\"}]},{\"@type\":\"WebSite\",\"@id\":\"https:\/\/www.africa-press.net\/congo-brazzaville\/#website\",\"url\":\"https:\/\/www.africa-press.net\/congo-brazzaville\/\",\"name\":\"Congo Brazzaville\",\"description\":\"Just another Africa News Agency Sites site\",\"potentialAction\":[{\"@type\":\"SearchAction\",\"target\":{\"@type\":\"EntryPoint\",\"urlTemplate\":\"https:\/\/www.africa-press.net\/congo-brazzaville\/?s={search_term_string}\"},\"query-input\":{\"@type\":\"PropertyValueSpecification\",\"valueRequired\":true,\"valueName\":\"search_term_string\"}}],\"inLanguage\":\"fr-FR\"},{\"@type\":\"Person\",\"@id\":\"https:\/\/www.africa-press.net\/congo-brazzaville\/#\/schema\/person\/2b1cf3cd81a31e3cd26889ca66d677f1\",\"name\":\"cfeditorfr\"}]}<\/script>\n<!-- \/ Yoast SEO Premium plugin. -->","yoast_head_json":{"title":"Economie verte: la France soutient les efforts du Congo en mati\u00e8re de conservation de la biodiversit\u00e9 - Congo Brazzaville","description":"L\u2019Agence franc\u0327aise de de\u0301veloppement (AFD) devra mobiliser 45 millions d\u2019euros, soit pre\u0300s de 30 milliards FCFA, dan ...","robots":{"index":"index","follow":"follow","max-snippet":"max-snippet:-1","max-image-preview":"max-image-preview:large","max-video-preview":"max-video-preview:-1"},"canonical":"https:\/\/www.africa-press.net\/congo-brazzaville\/economie\/economie-verte-la-france-soutient-les-efforts-du-congo-en-matiere-de-conservation-de-la-biodiversite-2","og_locale":"fr_FR","og_type":"article","og_title":"Economie verte: la France soutient les efforts du Congo en mati\u00e8re de conservation de la biodiversit\u00e9","og_description":"L\u2019Agence franc\u0327aise de de\u0301veloppement (AFD) devra mobiliser 45 millions d\u2019euros, soit pre\u0300s de 30 milliards FCFA, dan ...","og_url":"https:\/\/www.africa-press.net\/congo-brazzaville\/economie\/economie-verte-la-france-soutient-les-efforts-du-congo-en-matiere-de-conservation-de-la-biodiversite-2","og_site_name":"Congo Brazzaville","article_published_time":"2023-03-02T12:29:56+00:00","article_modified_time":"2023-03-02T12:57:32+00:00","og_image":[{"width":720,"height":480,"url":"https:\/\/static.africa-press.net\/congo-brazzaville\/sites\/51\/2023\/03\/postQueueImg_1677749000.15.jpg","type":"image\/jpeg"}],"author":"cfeditorfr","twitter_card":"summary_large_image","twitter_misc":{"\u00c9crit par":"cfeditorfr","Dur\u00e9e de lecture estim\u00e9e":"2 minutes"},"schema":{"@context":"https:\/\/schema.org","@graph":[{"@type":"Article","@id":"https:\/\/www.africa-press.net\/congo-brazzaville\/economie\/economie-verte-la-france-soutient-les-efforts-du-congo-en-matiere-de-conservation-de-la-biodiversite-2#article","isPartOf":{"@id":"https:\/\/www.africa-press.net\/congo-brazzaville\/economie\/economie-verte-la-france-soutient-les-efforts-du-congo-en-matiere-de-conservation-de-la-biodiversite-2"},"author":{"name":"cfeditorfr","@id":"https:\/\/www.africa-press.net\/congo-brazzaville\/#\/schema\/person\/2b1cf3cd81a31e3cd26889ca66d677f1"},"headline":"Economie verte: la France soutient les efforts du Congo en mati\u00e8re de conservation de la biodiversit\u00e9","datePublished":"2023-03-02T12:29:56+00:00","dateModified":"2023-03-02T12:57:32+00:00","mainEntityOfPage":{"@id":"https:\/\/www.africa-press.net\/congo-brazzaville\/economie\/economie-verte-la-france-soutient-les-efforts-du-congo-en-matiere-de-conservation-de-la-biodiversite-2"},"wordCount":477,"commentCount":0,"image":{"@id":"https:\/\/www.africa-press.net\/congo-brazzaville\/economie\/economie-verte-la-france-soutient-les-efforts-du-congo-en-matiere-de-conservation-de-la-biodiversite-2#primaryimage"},"thumbnailUrl":"https:\/\/static.africa-press.net\/congo-brazzaville\/sites\/51\/2023\/03\/postQueueImg_1677749000.15.jpg","keywords":["Africa Press","Africa Press-Congo Brazzaville","Congo Brazzaville"],"articleSection":["\u00c9conomie","Photo","Toutes les actualit\u00e9s"],"inLanguage":"fr-FR","potentialAction":[{"@type":"CommentAction","name":"Comment","target":["https:\/\/www.africa-press.net\/congo-brazzaville\/economie\/economie-verte-la-france-soutient-les-efforts-du-congo-en-matiere-de-conservation-de-la-biodiversite-2#respond"]}]},{"@type":"WebPage","@id":"https:\/\/www.africa-press.net\/congo-brazzaville\/economie\/economie-verte-la-france-soutient-les-efforts-du-congo-en-matiere-de-conservation-de-la-biodiversite-2","url":"https:\/\/www.africa-press.net\/congo-brazzaville\/economie\/economie-verte-la-france-soutient-les-efforts-du-congo-en-matiere-de-conservation-de-la-biodiversite-2","name":"Economie verte: la France soutient les efforts du Congo en mati\u00e8re de conservation de la biodiversit\u00e9 - Congo Brazzaville","isPartOf":{"@id":"https:\/\/www.africa-press.net\/congo-brazzaville\/#website"},"primaryImageOfPage":{"@id":"https:\/\/www.africa-press.net\/congo-brazzaville\/economie\/economie-verte-la-france-soutient-les-efforts-du-congo-en-matiere-de-conservation-de-la-biodiversite-2#primaryimage"},"image":{"@id":"https:\/\/www.africa-press.net\/congo-brazzaville\/economie\/economie-verte-la-france-soutient-les-efforts-du-congo-en-matiere-de-conservation-de-la-biodiversite-2#primaryimage"},"thumbnailUrl":"https:\/\/static.africa-press.net\/congo-brazzaville\/sites\/51\/2023\/03\/postQueueImg_1677749000.15.jpg","datePublished":"2023-03-02T12:29:56+00:00","dateModified":"2023-03-02T12:57:32+00:00","author":{"@id":"https:\/\/www.africa-press.net\/congo-brazzaville\/#\/schema\/person\/2b1cf3cd81a31e3cd26889ca66d677f1"},"description":"L\u2019Agence franc\u0327aise de de\u0301veloppement (AFD) devra mobiliser 45 millions d\u2019euros, soit pre\u0300s de 30 milliards FCFA, dan ...","breadcrumb":{"@id":"https:\/\/www.africa-press.net\/congo-brazzaville\/economie\/economie-verte-la-france-soutient-les-efforts-du-congo-en-matiere-de-conservation-de-la-biodiversite-2#breadcrumb"},"inLanguage":"fr-FR","potentialAction":[{"@type":"ReadAction","target":["https:\/\/www.africa-press.net\/congo-brazzaville\/economie\/economie-verte-la-france-soutient-les-efforts-du-congo-en-matiere-de-conservation-de-la-biodiversite-2"]}]},{"@type":"ImageObject","inLanguage":"fr-FR","@id":"https:\/\/www.africa-press.net\/congo-brazzaville\/economie\/economie-verte-la-france-soutient-les-efforts-du-congo-en-matiere-de-conservation-de-la-biodiversite-2#primaryimage","url":"https:\/\/static.africa-press.net\/congo-brazzaville\/sites\/51\/2023\/03\/postQueueImg_1677749000.15.jpg","contentUrl":"https:\/\/static.africa-press.net\/congo-brazzaville\/sites\/51\/2023\/03\/postQueueImg_1677749000.15.jpg","width":720,"height":480,"caption":"Economie verte: la France soutient les efforts du Congo en mati\u00e8re de conservation de la biodiversit\u00e9"},{"@type":"BreadcrumbList","@id":"https:\/\/www.africa-press.net\/congo-brazzaville\/economie\/economie-verte-la-france-soutient-les-efforts-du-congo-en-matiere-de-conservation-de-la-biodiversite-2#breadcrumb","itemListElement":[{"@type":"ListItem","position":1,"name":"Accueil","item":"https:\/\/www.africa-press.net\/congo-brazzaville\/"},{"@type":"ListItem","position":2,"name":"Economie verte: la France soutient les efforts du Congo en mati\u00e8re de conservation de la biodiversit\u00e9"}]},{"@type":"WebSite","@id":"https:\/\/www.africa-press.net\/congo-brazzaville\/#website","url":"https:\/\/www.africa-press.net\/congo-brazzaville\/","name":"Congo Brazzaville","description":"Just another Africa News Agency Sites site","potentialAction":[{"@type":"SearchAction","target":{"@type":"EntryPoint","urlTemplate":"https:\/\/www.africa-press.net\/congo-brazzaville\/?s={search_term_string}"},"query-input":{"@type":"PropertyValueSpecification","valueRequired":true,"valueName":"search_term_string"}}],"inLanguage":"fr-FR"},{"@type":"Person","@id":"https:\/\/www.africa-press.net\/congo-brazzaville\/#\/schema\/person\/2b1cf3cd81a31e3cd26889ca66d677f1","name":"cfeditorfr"}]}},"_links":{"self":[{"href":"https:\/\/www.africa-press.net\/congo-brazzaville\/wp-json\/wp\/v2\/posts\/15111","targetHints":{"allow":["GET"]}}],"collection":[{"href":"https:\/\/www.africa-press.net\/congo-brazzaville\/wp-json\/wp\/v2\/posts"}],"about":[{"href":"https:\/\/www.africa-press.net\/congo-brazzaville\/wp-json\/wp\/v2\/types\/post"}],"author":[{"embeddable":true,"href":"https:\/\/www.africa-press.net\/congo-brazzaville\/wp-json\/wp\/v2\/users\/82"}],"replies":[{"embeddable":true,"href":"https:\/\/www.africa-press.net\/congo-brazzaville\/wp-json\/wp\/v2\/comments?post=15111"}],"version-history":[{"count":0,"href":"https:\/\/www.africa-press.net\/congo-brazzaville\/wp-json\/wp\/v2\/posts\/15111\/revisions"}],"wp:featuredmedia":[{"embeddable":true,"href":"https:\/\/www.africa-press.net\/congo-brazzaville\/wp-json\/wp\/v2\/media\/15110"}],"wp:attachment":[{"href":"https:\/\/www.africa-press.net\/congo-brazzaville\/wp-json\/wp\/v2\/media?parent=15111"}],"wp:term":[{"taxonomy":"category","embeddable":true,"href":"https:\/\/www.africa-press.net\/congo-brazzaville\/wp-json\/wp\/v2\/categories?post=15111"},{"taxonomy":"post_tag","embeddable":true,"href":"https:\/\/www.africa-press.net\/congo-brazzaville\/wp-json\/wp\/v2\/tags?post=15111"}],"curies":[{"name":"wp","href":"https:\/\/api.w.org\/{rel}","templated":true}]}}