{"id":15125,"date":"2023-03-02T19:17:33","date_gmt":"2023-03-02T19:17:33","guid":{"rendered":"https:\/\/www.africa-press.net\/congo-brazzaville\/politique\/interview-yvon-wilfride-lewa-let-mandah-on-peut-rehausser-le-niveau-de-notre-art"},"modified":"2023-03-02T20:01:22","modified_gmt":"2023-03-02T20:01:22","slug":"interview-yvon-wilfride-lewa-let-mandah-on-peut-rehausser-le-niveau-de-notre-art","status":"publish","type":"post","link":"https:\/\/www.africa-press.net\/congo-brazzaville\/culture-et-art\/interview-yvon-wilfride-lewa-let-mandah-on-peut-rehausser-le-niveau-de-notre-art","title":{"rendered":"Interview. Yvon Wilfride Lewa-let Mandah: \u00ab On peut rehausser le niveau de notre art \u00bb"},"content":{"rendered":"<p><span style=\"color: #ff6600\"><strong>Africa-Press &#8211; Congo Brazzaville. <\/strong><\/span><b>Dramaturge, poe\u0300te et pre\u0301sident de l&rsquo;antenne locale de l&rsquo;Institut international de the\u0301a\u0302tre, Yvon Wilfride Lewa-let Mandah a repre\u0301sente\u0301 le Congo au 36e congre\u0300s de cette institution culturelle internationale. Il nous fait part de ses sentiments et des re\u0301solutions prises au cours de ce grand forum. Interview.<\/b><br \/>\n<b>Les De\u0301pe\u0302ches du Bassin du Congo (L.D.B.C.) : Comment s\u2019est de\u0301roule\u0301 le 36e congre\u0300s mondial de l\u2018Institut international du the\u0301a\u0302tre ?<\/b><br \/>\n<b>Yvon Wilfride Lewa-Let Mandah (Y.W.L.M.) :<\/b> Il va falloir commencer par rappeler ou faire connai\u0302tre a\u0300 tous la gene\u0300se et le bien-fonde\u0301 de l\u2019Institut international du the\u0301a\u0302tre, en sigle franc\u0327ais IIT ou ITI en anglais&#8230; C\u2019est en 1948, au lendemain de la Deuxie\u0300me Guerre mondiale, que l\u2019Unesco, conforme\u0301ment a\u0300 ses objectifs en matie\u0300re de culture, d\u2019e\u0301ducation et d\u2019arts, a cre\u0301e\u0301 l\u2019IIT qui a pour but de promouvoir les e\u0301changes internationaux de connaissances et de pratiques dans les arts de la sce\u0300ne afin de consolider la paix et l\u2019amitie\u0301 entre les peuples, d\u2019approfondir la compre\u0301hension mutuelle et d\u2019accroi\u0302tre la coope\u0301ration cre\u0301ative dans le monde des arts de la sce\u0300ne. Les retombe\u0301es sont tre\u0300s avantageuses : collaboration entre les centres nationaux et les comite\u0301s the\u0301matiques. Ce qui favorise la coope\u0301ration internationale.<\/p>\n<p><b>L.D.B.C. : En quoi le Congo be\u0301ne\u0301ficie-t-il de cette rencontre ? <\/b><br \/>\n<b>Y.W.L.M <\/b>: Notre pays est devenu membre de l&rsquo;IIT en l\u2019an 2000. En juillet 2017 de\u0301ja\u0300, j\u2019ai pris part au 35e congre\u0300s mondial, tenu en Espagne. Cela a e\u0301te\u0301 un catalyseur qui nous a conduits a\u0300 la cre\u0301ation du Festival international du the\u0301a\u0302tre et autres arts de la sce\u0300ne dont la 6e e\u0301dition va se tenir a\u0300 Brazzaville et Pointe-Noire, en fin mars de l\u2019anne\u0301e en cours, sur le the\u0300me \u00ab\u00a0Panorama du the\u0301a\u0302tre congolais&#8230;\u00a0\u00bb Ce re\u0301cent congre\u0300s nous ouvre les portes de l\u2019immense re\u0301seautage qu\u2019offre l\u2019IIT a\u0300 travers la plane\u0300te. C\u2019est dire, sans ambages, que les artistes et dramaturges congolais peuvent be\u0301ne\u0301ficier des bourses, des formations, des e\u0301changes d\u2019expe\u0301riences a\u0300 l\u2018e\u0301chelle nationale, continentale et internationale.<\/p>\n<p><b>L.D.B.C. : Quel est votre regard sur la pratique du the\u0301a\u0302tre au Congo ? <\/b><br \/>\n<b>Y.W.L.M. <\/b>: Ragaillardi de mes vingt-sept ans de carrie\u0300re litte\u0301raire et artistique de\u0301bute\u0301e depuis ma vie estudiantine a\u0300 l&rsquo;Universite\u0301 Marien-Ngouabi, je pense que le the\u0301a\u0302tre, tel qu&rsquo;il est pratique\u0301 ici, patauge ge\u0301ne\u0301ralement dans l\u2019amateurisme en de\u0301pit des talents dont sont pe\u0301tris les artistes congolais. Nul ne vit re\u0301ellement de son art. La quasi-totalite\u0301 de ceux qui s\u2019adonnent au the\u0301a\u0302tre, a\u0300 la danse contemporaine et\/ou traditionnelle, et me\u0302me a\u0300 la musique, s&rsquo;enlisent dans le sable mouvant. Cependant, je suis optimiste. L\u2019on peut rehausser le niveau de notre art et confe\u0301rer a\u0300 l&rsquo;artiste un statut digne dans la socie\u0301te\u0301, faisant de lui un professionnel. Pour y parvenir, les artistes doivent prendre conscience de leur e\u0301tat, donner le meilleur d\u2019eux-me\u0302mes, travailler en synergie et re\u0301seautage. Les pouvoirs publics, les me\u0301ce\u0300nes et sponsors sont eux aussi des maillons indispensables de cette chai\u0302ne. Il nous faut des amphithe\u0301a\u0302tres, de ve\u0301ritables infrastructures, comme j\u2019en admire ailleurs, lors de mes pe\u0301riples. Les artistes ont besoin de subsides pour mate\u0301rialiser et diffuser leurs cre\u0301ations. Par conse\u0301quent, ce n&rsquo;est pas un blasphe\u0300me encore moins un crime de le\u0300se-majeste\u0301 si les artistes font le plaidoyer de vivre de leur art.<\/p>\n<p><b>L.D.B.C. : Un dernier mot ? <\/b><br \/>\n<b>Y.W.L.M <\/b>: L\u2019IIT est la plus grande organisation mondiale pour les arts de la sce\u0300ne. J\u2019exhorte les artistes congolais, individuellement ou collectivement (troupes), a\u0300 y adhe\u0301rer par le biais du Centre national que je pre\u0301side. C\u2019est le meilleur cadre en vue d\u2019atteindre des cimes. Puissent le gouvernement de la Re\u0301publique, par le truchement de notre ministe\u0300re de tutelle, les partenaires prive\u0301s, les particuliers, soutenir nos multiples actions que sont les festivals, les ateliers d\u2019e\u0301criture et de formation, les masters classes, les voyages artistiques !<\/p>\n<p><strong>Pour plus d&rsquo;informations et d&rsquo;analyses sur la <a href=\"https:\/\/www.africa-press.net\/congo-brazzaville\">Congo Brazzaville<\/a>, suivez <a href=\"https:\/\/www.africa-press.net\/\">Africa-Press<\/a><\/strong><\/p>\n","protected":false},"excerpt":{"rendered":"<p>Africa-Press &#8211; Congo Brazzaville. Dramaturge, poe\u0300te et pre\u0301sident de l&rsquo;antenne locale de l&rsquo;Institut international de the\u0301a\u0302tre, Yvon Wilfride Lewa-let Mandah a repre\u0301sente\u0301 le Congo au 36e congre\u0300s de cette institution culturelle internationale. Il nous fait part de ses sentiments et des re\u0301solutions prises au cours de ce grand forum. Interview. Les De\u0301pe\u0302ches du Bassin du [&hellip;]<\/p>\n","protected":false},"author":82,"featured_media":15124,"comment_status":"open","ping_status":"closed","sticky":false,"template":"","format":"standard","meta":{"footnotes":""},"categories":[5,10],"tags":[36,47,46],"class_list":["post-15125","post","type-post","status-publish","format-standard","has-post-thumbnail","hentry","category-culture-et-art","category-toutes-les-actualites","tag-africa-press","tag-africa-press-congo-brazzaville","tag-congo-brazzaville"],"yoast_head":"<!-- This site is optimized with the Yoast SEO Premium plugin v26.1 (Yoast SEO v27.0) - https:\/\/yoast.com\/product\/yoast-seo-premium-wordpress\/ -->\n<title>Interview. Yvon Wilfride Lewa-let Mandah: \u00ab On peut rehausser le niveau de notre art \u00bb - Congo Brazzaville<\/title>\n<meta name=\"description\" content=\"Dramaturge, poe\u0300te et pre\u0301sident de l&#039;antenne locale de l&#039;Institut international de the\u0301a\u0302tre, Yvon Wilfride Lewa-let ...\" \/>\n<meta name=\"robots\" content=\"index, follow, max-snippet:-1, max-image-preview:large, max-video-preview:-1\" \/>\n<link rel=\"canonical\" href=\"https:\/\/www.africa-press.net\/congo-brazzaville\/culture-et-art\/interview-yvon-wilfride-lewa-let-mandah-on-peut-rehausser-le-niveau-de-notre-art\" \/>\n<meta property=\"og:locale\" content=\"fr_FR\" \/>\n<meta property=\"og:type\" content=\"article\" \/>\n<meta property=\"og:title\" content=\"Interview. Yvon Wilfride Lewa-let Mandah: \u00ab On peut rehausser le niveau de notre art \u00bb\" \/>\n<meta property=\"og:description\" content=\"Dramaturge, poe\u0300te et pre\u0301sident de l&#039;antenne locale de l&#039;Institut international de the\u0301a\u0302tre, Yvon Wilfride Lewa-let ...\" \/>\n<meta property=\"og:url\" content=\"https:\/\/www.africa-press.net\/congo-brazzaville\/culture-et-art\/interview-yvon-wilfride-lewa-let-mandah-on-peut-rehausser-le-niveau-de-notre-art\" \/>\n<meta property=\"og:site_name\" content=\"Congo Brazzaville\" \/>\n<meta property=\"article:published_time\" content=\"2023-03-02T19:17:33+00:00\" \/>\n<meta property=\"article:modified_time\" content=\"2023-03-02T20:01:22+00:00\" \/>\n<meta property=\"og:image\" content=\"https:\/\/static.africa-press.net\/congo-brazzaville\/sites\/51\/2023\/03\/postQueueImg_1677772059.04.jpg\" \/>\n\t<meta property=\"og:image:width\" content=\"1280\" \/>\n\t<meta property=\"og:image:height\" content=\"720\" \/>\n\t<meta property=\"og:image:type\" content=\"image\/jpeg\" \/>\n<meta name=\"author\" content=\"cfeditorfr\" \/>\n<meta name=\"twitter:card\" content=\"summary_large_image\" \/>\n<meta name=\"twitter:label1\" content=\"\u00c9crit par\" \/>\n\t<meta name=\"twitter:data1\" content=\"cfeditorfr\" \/>\n\t<meta name=\"twitter:label2\" content=\"Dur\u00e9e de lecture estim\u00e9e\" \/>\n\t<meta name=\"twitter:data2\" content=\"4 minutes\" \/>\n<script type=\"application\/ld+json\" class=\"yoast-schema-graph\">{\"@context\":\"https:\/\/schema.org\",\"@graph\":[{\"@type\":\"Article\",\"@id\":\"https:\/\/www.africa-press.net\/congo-brazzaville\/culture-et-art\/interview-yvon-wilfride-lewa-let-mandah-on-peut-rehausser-le-niveau-de-notre-art#article\",\"isPartOf\":{\"@id\":\"https:\/\/www.africa-press.net\/congo-brazzaville\/culture-et-art\/interview-yvon-wilfride-lewa-let-mandah-on-peut-rehausser-le-niveau-de-notre-art\"},\"author\":{\"name\":\"cfeditorfr\",\"@id\":\"https:\/\/www.africa-press.net\/congo-brazzaville\/#\/schema\/person\/2b1cf3cd81a31e3cd26889ca66d677f1\"},\"headline\":\"Interview. Yvon Wilfride Lewa-let Mandah: \u00ab On peut rehausser le niveau de notre art \u00bb\",\"datePublished\":\"2023-03-02T19:17:33+00:00\",\"dateModified\":\"2023-03-02T20:01:22+00:00\",\"mainEntityOfPage\":{\"@id\":\"https:\/\/www.africa-press.net\/congo-brazzaville\/culture-et-art\/interview-yvon-wilfride-lewa-let-mandah-on-peut-rehausser-le-niveau-de-notre-art\"},\"wordCount\":790,\"commentCount\":0,\"image\":{\"@id\":\"https:\/\/www.africa-press.net\/congo-brazzaville\/culture-et-art\/interview-yvon-wilfride-lewa-let-mandah-on-peut-rehausser-le-niveau-de-notre-art#primaryimage\"},\"thumbnailUrl\":\"https:\/\/static.africa-press.net\/congo-brazzaville\/sites\/51\/2023\/03\/postQueueImg_1677772059.04.jpg\",\"keywords\":[\"Africa Press\",\"Africa Press-Congo Brazzaville\",\"Congo Brazzaville\"],\"articleSection\":[\"Culture et Art\",\"Toutes les actualit\u00e9s\"],\"inLanguage\":\"fr-FR\",\"potentialAction\":[{\"@type\":\"CommentAction\",\"name\":\"Comment\",\"target\":[\"https:\/\/www.africa-press.net\/congo-brazzaville\/culture-et-art\/interview-yvon-wilfride-lewa-let-mandah-on-peut-rehausser-le-niveau-de-notre-art#respond\"]}]},{\"@type\":\"WebPage\",\"@id\":\"https:\/\/www.africa-press.net\/congo-brazzaville\/culture-et-art\/interview-yvon-wilfride-lewa-let-mandah-on-peut-rehausser-le-niveau-de-notre-art\",\"url\":\"https:\/\/www.africa-press.net\/congo-brazzaville\/culture-et-art\/interview-yvon-wilfride-lewa-let-mandah-on-peut-rehausser-le-niveau-de-notre-art\",\"name\":\"Interview. Yvon Wilfride Lewa-let Mandah: \u00ab On peut rehausser le niveau de notre art \u00bb - Congo Brazzaville\",\"isPartOf\":{\"@id\":\"https:\/\/www.africa-press.net\/congo-brazzaville\/#website\"},\"primaryImageOfPage\":{\"@id\":\"https:\/\/www.africa-press.net\/congo-brazzaville\/culture-et-art\/interview-yvon-wilfride-lewa-let-mandah-on-peut-rehausser-le-niveau-de-notre-art#primaryimage\"},\"image\":{\"@id\":\"https:\/\/www.africa-press.net\/congo-brazzaville\/culture-et-art\/interview-yvon-wilfride-lewa-let-mandah-on-peut-rehausser-le-niveau-de-notre-art#primaryimage\"},\"thumbnailUrl\":\"https:\/\/static.africa-press.net\/congo-brazzaville\/sites\/51\/2023\/03\/postQueueImg_1677772059.04.jpg\",\"datePublished\":\"2023-03-02T19:17:33+00:00\",\"dateModified\":\"2023-03-02T20:01:22+00:00\",\"author\":{\"@id\":\"https:\/\/www.africa-press.net\/congo-brazzaville\/#\/schema\/person\/2b1cf3cd81a31e3cd26889ca66d677f1\"},\"description\":\"Dramaturge, poe\u0300te et pre\u0301sident de l'antenne locale de l'Institut international de the\u0301a\u0302tre, Yvon Wilfride Lewa-let ...\",\"breadcrumb\":{\"@id\":\"https:\/\/www.africa-press.net\/congo-brazzaville\/culture-et-art\/interview-yvon-wilfride-lewa-let-mandah-on-peut-rehausser-le-niveau-de-notre-art#breadcrumb\"},\"inLanguage\":\"fr-FR\",\"potentialAction\":[{\"@type\":\"ReadAction\",\"target\":[\"https:\/\/www.africa-press.net\/congo-brazzaville\/culture-et-art\/interview-yvon-wilfride-lewa-let-mandah-on-peut-rehausser-le-niveau-de-notre-art\"]}]},{\"@type\":\"ImageObject\",\"inLanguage\":\"fr-FR\",\"@id\":\"https:\/\/www.africa-press.net\/congo-brazzaville\/culture-et-art\/interview-yvon-wilfride-lewa-let-mandah-on-peut-rehausser-le-niveau-de-notre-art#primaryimage\",\"url\":\"https:\/\/static.africa-press.net\/congo-brazzaville\/sites\/51\/2023\/03\/postQueueImg_1677772059.04.jpg\",\"contentUrl\":\"https:\/\/static.africa-press.net\/congo-brazzaville\/sites\/51\/2023\/03\/postQueueImg_1677772059.04.jpg\",\"width\":1280,\"height\":720,\"caption\":\"Interview. Yvon Wilfride Lewa-let Mandah: \u00ab On peut rehausser le niveau de notre art \u00bb\"},{\"@type\":\"BreadcrumbList\",\"@id\":\"https:\/\/www.africa-press.net\/congo-brazzaville\/culture-et-art\/interview-yvon-wilfride-lewa-let-mandah-on-peut-rehausser-le-niveau-de-notre-art#breadcrumb\",\"itemListElement\":[{\"@type\":\"ListItem\",\"position\":1,\"name\":\"Accueil\",\"item\":\"https:\/\/www.africa-press.net\/congo-brazzaville\/\"},{\"@type\":\"ListItem\",\"position\":2,\"name\":\"Interview. Yvon Wilfride Lewa-let Mandah: \u00ab On peut rehausser le niveau de notre art \u00bb\"}]},{\"@type\":\"WebSite\",\"@id\":\"https:\/\/www.africa-press.net\/congo-brazzaville\/#website\",\"url\":\"https:\/\/www.africa-press.net\/congo-brazzaville\/\",\"name\":\"Congo Brazzaville\",\"description\":\"Just another Africa News Agency Sites site\",\"potentialAction\":[{\"@type\":\"SearchAction\",\"target\":{\"@type\":\"EntryPoint\",\"urlTemplate\":\"https:\/\/www.africa-press.net\/congo-brazzaville\/?s={search_term_string}\"},\"query-input\":{\"@type\":\"PropertyValueSpecification\",\"valueRequired\":true,\"valueName\":\"search_term_string\"}}],\"inLanguage\":\"fr-FR\"},{\"@type\":\"Person\",\"@id\":\"https:\/\/www.africa-press.net\/congo-brazzaville\/#\/schema\/person\/2b1cf3cd81a31e3cd26889ca66d677f1\",\"name\":\"cfeditorfr\"}]}<\/script>\n<!-- \/ Yoast SEO Premium plugin. -->","yoast_head_json":{"title":"Interview. Yvon Wilfride Lewa-let Mandah: \u00ab On peut rehausser le niveau de notre art \u00bb - Congo Brazzaville","description":"Dramaturge, poe\u0300te et pre\u0301sident de l'antenne locale de l'Institut international de the\u0301a\u0302tre, Yvon Wilfride Lewa-let ...","robots":{"index":"index","follow":"follow","max-snippet":"max-snippet:-1","max-image-preview":"max-image-preview:large","max-video-preview":"max-video-preview:-1"},"canonical":"https:\/\/www.africa-press.net\/congo-brazzaville\/culture-et-art\/interview-yvon-wilfride-lewa-let-mandah-on-peut-rehausser-le-niveau-de-notre-art","og_locale":"fr_FR","og_type":"article","og_title":"Interview. Yvon Wilfride Lewa-let Mandah: \u00ab On peut rehausser le niveau de notre art \u00bb","og_description":"Dramaturge, poe\u0300te et pre\u0301sident de l'antenne locale de l'Institut international de the\u0301a\u0302tre, Yvon Wilfride Lewa-let ...","og_url":"https:\/\/www.africa-press.net\/congo-brazzaville\/culture-et-art\/interview-yvon-wilfride-lewa-let-mandah-on-peut-rehausser-le-niveau-de-notre-art","og_site_name":"Congo Brazzaville","article_published_time":"2023-03-02T19:17:33+00:00","article_modified_time":"2023-03-02T20:01:22+00:00","og_image":[{"width":1280,"height":720,"url":"https:\/\/static.africa-press.net\/congo-brazzaville\/sites\/51\/2023\/03\/postQueueImg_1677772059.04.jpg","type":"image\/jpeg"}],"author":"cfeditorfr","twitter_card":"summary_large_image","twitter_misc":{"\u00c9crit par":"cfeditorfr","Dur\u00e9e de lecture estim\u00e9e":"4 minutes"},"schema":{"@context":"https:\/\/schema.org","@graph":[{"@type":"Article","@id":"https:\/\/www.africa-press.net\/congo-brazzaville\/culture-et-art\/interview-yvon-wilfride-lewa-let-mandah-on-peut-rehausser-le-niveau-de-notre-art#article","isPartOf":{"@id":"https:\/\/www.africa-press.net\/congo-brazzaville\/culture-et-art\/interview-yvon-wilfride-lewa-let-mandah-on-peut-rehausser-le-niveau-de-notre-art"},"author":{"name":"cfeditorfr","@id":"https:\/\/www.africa-press.net\/congo-brazzaville\/#\/schema\/person\/2b1cf3cd81a31e3cd26889ca66d677f1"},"headline":"Interview. Yvon Wilfride Lewa-let Mandah: \u00ab On peut rehausser le niveau de notre art \u00bb","datePublished":"2023-03-02T19:17:33+00:00","dateModified":"2023-03-02T20:01:22+00:00","mainEntityOfPage":{"@id":"https:\/\/www.africa-press.net\/congo-brazzaville\/culture-et-art\/interview-yvon-wilfride-lewa-let-mandah-on-peut-rehausser-le-niveau-de-notre-art"},"wordCount":790,"commentCount":0,"image":{"@id":"https:\/\/www.africa-press.net\/congo-brazzaville\/culture-et-art\/interview-yvon-wilfride-lewa-let-mandah-on-peut-rehausser-le-niveau-de-notre-art#primaryimage"},"thumbnailUrl":"https:\/\/static.africa-press.net\/congo-brazzaville\/sites\/51\/2023\/03\/postQueueImg_1677772059.04.jpg","keywords":["Africa Press","Africa Press-Congo Brazzaville","Congo Brazzaville"],"articleSection":["Culture et Art","Toutes les actualit\u00e9s"],"inLanguage":"fr-FR","potentialAction":[{"@type":"CommentAction","name":"Comment","target":["https:\/\/www.africa-press.net\/congo-brazzaville\/culture-et-art\/interview-yvon-wilfride-lewa-let-mandah-on-peut-rehausser-le-niveau-de-notre-art#respond"]}]},{"@type":"WebPage","@id":"https:\/\/www.africa-press.net\/congo-brazzaville\/culture-et-art\/interview-yvon-wilfride-lewa-let-mandah-on-peut-rehausser-le-niveau-de-notre-art","url":"https:\/\/www.africa-press.net\/congo-brazzaville\/culture-et-art\/interview-yvon-wilfride-lewa-let-mandah-on-peut-rehausser-le-niveau-de-notre-art","name":"Interview. Yvon Wilfride Lewa-let Mandah: \u00ab On peut rehausser le niveau de notre art \u00bb - Congo Brazzaville","isPartOf":{"@id":"https:\/\/www.africa-press.net\/congo-brazzaville\/#website"},"primaryImageOfPage":{"@id":"https:\/\/www.africa-press.net\/congo-brazzaville\/culture-et-art\/interview-yvon-wilfride-lewa-let-mandah-on-peut-rehausser-le-niveau-de-notre-art#primaryimage"},"image":{"@id":"https:\/\/www.africa-press.net\/congo-brazzaville\/culture-et-art\/interview-yvon-wilfride-lewa-let-mandah-on-peut-rehausser-le-niveau-de-notre-art#primaryimage"},"thumbnailUrl":"https:\/\/static.africa-press.net\/congo-brazzaville\/sites\/51\/2023\/03\/postQueueImg_1677772059.04.jpg","datePublished":"2023-03-02T19:17:33+00:00","dateModified":"2023-03-02T20:01:22+00:00","author":{"@id":"https:\/\/www.africa-press.net\/congo-brazzaville\/#\/schema\/person\/2b1cf3cd81a31e3cd26889ca66d677f1"},"description":"Dramaturge, poe\u0300te et pre\u0301sident de l'antenne locale de l'Institut international de the\u0301a\u0302tre, Yvon Wilfride Lewa-let ...","breadcrumb":{"@id":"https:\/\/www.africa-press.net\/congo-brazzaville\/culture-et-art\/interview-yvon-wilfride-lewa-let-mandah-on-peut-rehausser-le-niveau-de-notre-art#breadcrumb"},"inLanguage":"fr-FR","potentialAction":[{"@type":"ReadAction","target":["https:\/\/www.africa-press.net\/congo-brazzaville\/culture-et-art\/interview-yvon-wilfride-lewa-let-mandah-on-peut-rehausser-le-niveau-de-notre-art"]}]},{"@type":"ImageObject","inLanguage":"fr-FR","@id":"https:\/\/www.africa-press.net\/congo-brazzaville\/culture-et-art\/interview-yvon-wilfride-lewa-let-mandah-on-peut-rehausser-le-niveau-de-notre-art#primaryimage","url":"https:\/\/static.africa-press.net\/congo-brazzaville\/sites\/51\/2023\/03\/postQueueImg_1677772059.04.jpg","contentUrl":"https:\/\/static.africa-press.net\/congo-brazzaville\/sites\/51\/2023\/03\/postQueueImg_1677772059.04.jpg","width":1280,"height":720,"caption":"Interview. Yvon Wilfride Lewa-let Mandah: \u00ab On peut rehausser le niveau de notre art \u00bb"},{"@type":"BreadcrumbList","@id":"https:\/\/www.africa-press.net\/congo-brazzaville\/culture-et-art\/interview-yvon-wilfride-lewa-let-mandah-on-peut-rehausser-le-niveau-de-notre-art#breadcrumb","itemListElement":[{"@type":"ListItem","position":1,"name":"Accueil","item":"https:\/\/www.africa-press.net\/congo-brazzaville\/"},{"@type":"ListItem","position":2,"name":"Interview. Yvon Wilfride Lewa-let Mandah: \u00ab On peut rehausser le niveau de notre art \u00bb"}]},{"@type":"WebSite","@id":"https:\/\/www.africa-press.net\/congo-brazzaville\/#website","url":"https:\/\/www.africa-press.net\/congo-brazzaville\/","name":"Congo Brazzaville","description":"Just another Africa News Agency Sites site","potentialAction":[{"@type":"SearchAction","target":{"@type":"EntryPoint","urlTemplate":"https:\/\/www.africa-press.net\/congo-brazzaville\/?s={search_term_string}"},"query-input":{"@type":"PropertyValueSpecification","valueRequired":true,"valueName":"search_term_string"}}],"inLanguage":"fr-FR"},{"@type":"Person","@id":"https:\/\/www.africa-press.net\/congo-brazzaville\/#\/schema\/person\/2b1cf3cd81a31e3cd26889ca66d677f1","name":"cfeditorfr"}]}},"_links":{"self":[{"href":"https:\/\/www.africa-press.net\/congo-brazzaville\/wp-json\/wp\/v2\/posts\/15125","targetHints":{"allow":["GET"]}}],"collection":[{"href":"https:\/\/www.africa-press.net\/congo-brazzaville\/wp-json\/wp\/v2\/posts"}],"about":[{"href":"https:\/\/www.africa-press.net\/congo-brazzaville\/wp-json\/wp\/v2\/types\/post"}],"author":[{"embeddable":true,"href":"https:\/\/www.africa-press.net\/congo-brazzaville\/wp-json\/wp\/v2\/users\/82"}],"replies":[{"embeddable":true,"href":"https:\/\/www.africa-press.net\/congo-brazzaville\/wp-json\/wp\/v2\/comments?post=15125"}],"version-history":[{"count":0,"href":"https:\/\/www.africa-press.net\/congo-brazzaville\/wp-json\/wp\/v2\/posts\/15125\/revisions"}],"wp:featuredmedia":[{"embeddable":true,"href":"https:\/\/www.africa-press.net\/congo-brazzaville\/wp-json\/wp\/v2\/media\/15124"}],"wp:attachment":[{"href":"https:\/\/www.africa-press.net\/congo-brazzaville\/wp-json\/wp\/v2\/media?parent=15125"}],"wp:term":[{"taxonomy":"category","embeddable":true,"href":"https:\/\/www.africa-press.net\/congo-brazzaville\/wp-json\/wp\/v2\/categories?post=15125"},{"taxonomy":"post_tag","embeddable":true,"href":"https:\/\/www.africa-press.net\/congo-brazzaville\/wp-json\/wp\/v2\/tags?post=15125"}],"curies":[{"name":"wp","href":"https:\/\/api.w.org\/{rel}","templated":true}]}}