{"id":15129,"date":"2023-03-02T19:17:54","date_gmt":"2023-03-02T19:17:54","guid":{"rendered":"https:\/\/www.africa-press.net\/congo-brazzaville\/politique\/le-8-mars-a-consommer-avec-moderation"},"modified":"2023-03-02T20:02:20","modified_gmt":"2023-03-02T20:02:20","slug":"le-8-mars-a-consommer-avec-moderation","status":"publish","type":"post","link":"https:\/\/www.africa-press.net\/congo-brazzaville\/toutes-les-actualites\/le-8-mars-a-consommer-avec-moderation","title":{"rendered":"Le 8 mars : \u00e0 consommer avec mod\u00e9ration !"},"content":{"rendered":"<p><span style=\"color: #ff6600\"><strong>Africa-Press &#8211; Congo Brazzaville. <\/strong><\/span><b>Chaque femme est libre de manifester son droit a\u0300 sa manie\u0300re. Fut-il dans la confusion de la valeur hautement symbolique du 8 mars et n\u2019en de\u0301plaise a\u0300 certains qui seront a\u0300 la recherche d\u2019un plat surgele\u0301 ce soir la\u0300. Ah ? \u00ab C\u2019est pas du jeu \u00bb me direz-vous. Euh&#8230; Non mais si !<\/b><\/p>\n<p>Les femmes font des enfants, les hommes en font des soldats. Cela situe la pole position de qui sait saisir le sens de la vie. Malgre\u0301 cela, il faut encore que les femmes aient a\u0300 crier dans la rue et sur les toits les droits qui sont les leurs, hier acquis, demain en devenir. Soyons brefs, il a e\u0301te\u0301 maintes fois raba\u0302che\u0301 que le 8 mars est la Journe\u0301e internationale des femmes, selon l\u2019appellation officielle de l\u2019Organisation des Nations unies, devenue par extension la Journe\u0301e internationale des droits des femmes.<\/p>\n<p>En Re\u0301publique du Congo, il semblerait que cette journe\u0301e soit majoritairement comprise autrement et pre\u0301texte pour les femmes d\u2019exiger en offrande un joli pagne comme de s\u2019alle\u0301ger librement du poids d\u2019un certain machisme auquel elles sont soumises dans nombre de foyers. Alors mesdames, sentez vous belles et libres, dansez, buvez votre soif d\u2019e\u0301mancipation passage\u0300re si cela vous tient a\u0300 c\u0153ur. Hormis peut-e\u0302tre votre compagnon de route, on ne vous tiendra nulle rigueur de cette confusion. Ce sera, au moins pour une journe\u0301e dans l\u2019anne\u0301e, une forme de re\u0301bellion a\u0300 votre labeur quotidien.<\/p>\n<p>Par bonheur, femmes engage\u0301es, fe\u0301ministes, intellectuelles ou simplement conscientes de la lutte a\u0300 mener contre l\u2019ine\u0301galite\u0301 des sexes en de trop nombreux domaines, nous ferons quant a\u0300 elles entendre leurs voix. Il est utopiste que de vouloir les entendre a\u0300 l\u2019unisson car si cette ine\u0301galite\u0301 est quasi d\u2019ordre plane\u0301taire, la lutte reste toutefois toujours nuance\u0301e, voire e\u0301touffe\u0301e, selon les pays, les cultures, les religions et les traditions. La manifestation du droit des femmes diffe\u0300re selon chaque poing leve\u0301, chaque pas danse\u0301, chaque prie\u0300re, chaque voix e\u0301leve\u0301e ou chante\u0301e, quand elle n\u2019est pas ba\u0302illonne\u0301e. Selon qu\u2019elle soit ve\u0302tue d\u2019un pagne ou d\u2019un sari, d\u2019une burka ou d\u2019un kimono, voire d\u2019un simple bikini, la femme vivra ce 8 mars a\u0300 sa manie\u0300re, dans l\u2019intensite\u0301 de la lutte, dans son interdit, dans son ignorance, dans son indiffe\u0301rence&#8230; ou dans la fe\u0302te ! Dans la confusion du sens profond de cette date symbolique, qu\u2019importe au fond si la femme congolaise s\u2019octroie librement le droit de ce\u0301le\u0301brer le 8 mars prochain a\u0300 la table d\u2019un nganda ou sur une piste de danse. Cela reste en ce jour pre\u0301cis et plus que jamais son droit e\u0301le\u0301mentaire ! Pour autant, rappelons sous forme de clin d\u2019\u0153il que le 8 mars est a\u0300 consommer avec mode\u0301ration et que son abus peut e\u0302tre nuisible a\u0300 la sante\u0301.<\/p>\n<p><strong>Pour plus d&rsquo;informations et d&rsquo;analyses sur la <a href=\"https:\/\/www.africa-press.net\/congo-brazzaville\">Congo Brazzaville<\/a>, suivez <a href=\"https:\/\/www.africa-press.net\/\">Africa-Press<\/a><\/strong><\/p>\n","protected":false},"excerpt":{"rendered":"<p>Africa-Press &#8211; Congo Brazzaville. Chaque femme est libre de manifester son droit a\u0300 sa manie\u0300re. Fut-il dans la confusion de la valeur hautement symbolique du 8 mars et n\u2019en de\u0301plaise a\u0300 certains qui seront a\u0300 la recherche d\u2019un plat surgele\u0301 ce soir la\u0300. Ah ? \u00ab C\u2019est pas du jeu \u00bb me direz-vous. Euh&#8230; Non [&hellip;]<\/p>\n","protected":false},"author":82,"featured_media":15128,"comment_status":"open","ping_status":"closed","sticky":false,"template":"","format":"standard","meta":{"footnotes":""},"categories":[21,10],"tags":[36,47,46],"class_list":["post-15129","post","type-post","status-publish","format-standard","has-post-thumbnail","hentry","category-communaute","category-toutes-les-actualites","tag-africa-press","tag-africa-press-congo-brazzaville","tag-congo-brazzaville"],"yoast_head":"<!-- This site is optimized with the Yoast SEO Premium plugin v26.1 (Yoast SEO v27.0) - https:\/\/yoast.com\/product\/yoast-seo-premium-wordpress\/ -->\n<title>Le 8 mars : \u00e0 consommer avec mod\u00e9ration ! - Congo Brazzaville<\/title>\n<meta name=\"description\" content=\"Chaque femme est libre de manifester son droit a\u0300 sa manie\u0300re. Fut-il dans la confusion de la valeur hautement symbol ...\" \/>\n<meta name=\"robots\" content=\"index, follow, max-snippet:-1, max-image-preview:large, max-video-preview:-1\" \/>\n<link rel=\"canonical\" href=\"https:\/\/www.africa-press.net\/congo-brazzaville\/toutes-les-actualites\/le-8-mars-a-consommer-avec-moderation\" \/>\n<meta property=\"og:locale\" content=\"fr_FR\" \/>\n<meta property=\"og:type\" content=\"article\" \/>\n<meta property=\"og:title\" content=\"Le 8 mars : \u00e0 consommer avec mod\u00e9ration !\" \/>\n<meta property=\"og:description\" content=\"Chaque femme est libre de manifester son droit a\u0300 sa manie\u0300re. Fut-il dans la confusion de la valeur hautement symbol ...\" \/>\n<meta property=\"og:url\" content=\"https:\/\/www.africa-press.net\/congo-brazzaville\/toutes-les-actualites\/le-8-mars-a-consommer-avec-moderation\" \/>\n<meta property=\"og:site_name\" content=\"Congo Brazzaville\" \/>\n<meta property=\"article:published_time\" content=\"2023-03-02T19:17:54+00:00\" \/>\n<meta property=\"article:modified_time\" content=\"2023-03-02T20:02:20+00:00\" \/>\n<meta property=\"og:image\" content=\"https:\/\/static.africa-press.net\/congo-brazzaville\/sites\/51\/2023\/03\/postQueueImg_1677772077.95.jpg\" \/>\n\t<meta property=\"og:image:width\" content=\"1280\" \/>\n\t<meta property=\"og:image:height\" content=\"720\" \/>\n\t<meta property=\"og:image:type\" content=\"image\/jpeg\" \/>\n<meta name=\"author\" content=\"cfeditorfr\" \/>\n<meta name=\"twitter:card\" content=\"summary_large_image\" \/>\n<meta name=\"twitter:label1\" content=\"\u00c9crit par\" \/>\n\t<meta name=\"twitter:data1\" content=\"cfeditorfr\" \/>\n\t<meta name=\"twitter:label2\" content=\"Dur\u00e9e de lecture estim\u00e9e\" \/>\n\t<meta name=\"twitter:data2\" content=\"3 minutes\" \/>\n<script type=\"application\/ld+json\" class=\"yoast-schema-graph\">{\"@context\":\"https:\/\/schema.org\",\"@graph\":[{\"@type\":\"Article\",\"@id\":\"https:\/\/www.africa-press.net\/congo-brazzaville\/toutes-les-actualites\/le-8-mars-a-consommer-avec-moderation#article\",\"isPartOf\":{\"@id\":\"https:\/\/www.africa-press.net\/congo-brazzaville\/toutes-les-actualites\/le-8-mars-a-consommer-avec-moderation\"},\"author\":{\"name\":\"cfeditorfr\",\"@id\":\"https:\/\/www.africa-press.net\/congo-brazzaville\/#\/schema\/person\/2b1cf3cd81a31e3cd26889ca66d677f1\"},\"headline\":\"Le 8 mars : \u00e0 consommer avec mod\u00e9ration !\",\"datePublished\":\"2023-03-02T19:17:54+00:00\",\"dateModified\":\"2023-03-02T20:02:20+00:00\",\"mainEntityOfPage\":{\"@id\":\"https:\/\/www.africa-press.net\/congo-brazzaville\/toutes-les-actualites\/le-8-mars-a-consommer-avec-moderation\"},\"wordCount\":534,\"commentCount\":0,\"image\":{\"@id\":\"https:\/\/www.africa-press.net\/congo-brazzaville\/toutes-les-actualites\/le-8-mars-a-consommer-avec-moderation#primaryimage\"},\"thumbnailUrl\":\"https:\/\/static.africa-press.net\/congo-brazzaville\/sites\/51\/2023\/03\/postQueueImg_1677772077.95.jpg\",\"keywords\":[\"Africa Press\",\"Africa Press-Congo Brazzaville\",\"Congo Brazzaville\"],\"articleSection\":[\"Communaut\u00e9\",\"Toutes les actualit\u00e9s\"],\"inLanguage\":\"fr-FR\",\"potentialAction\":[{\"@type\":\"CommentAction\",\"name\":\"Comment\",\"target\":[\"https:\/\/www.africa-press.net\/congo-brazzaville\/toutes-les-actualites\/le-8-mars-a-consommer-avec-moderation#respond\"]}]},{\"@type\":\"WebPage\",\"@id\":\"https:\/\/www.africa-press.net\/congo-brazzaville\/toutes-les-actualites\/le-8-mars-a-consommer-avec-moderation\",\"url\":\"https:\/\/www.africa-press.net\/congo-brazzaville\/toutes-les-actualites\/le-8-mars-a-consommer-avec-moderation\",\"name\":\"Le 8 mars : \u00e0 consommer avec mod\u00e9ration ! - Congo Brazzaville\",\"isPartOf\":{\"@id\":\"https:\/\/www.africa-press.net\/congo-brazzaville\/#website\"},\"primaryImageOfPage\":{\"@id\":\"https:\/\/www.africa-press.net\/congo-brazzaville\/toutes-les-actualites\/le-8-mars-a-consommer-avec-moderation#primaryimage\"},\"image\":{\"@id\":\"https:\/\/www.africa-press.net\/congo-brazzaville\/toutes-les-actualites\/le-8-mars-a-consommer-avec-moderation#primaryimage\"},\"thumbnailUrl\":\"https:\/\/static.africa-press.net\/congo-brazzaville\/sites\/51\/2023\/03\/postQueueImg_1677772077.95.jpg\",\"datePublished\":\"2023-03-02T19:17:54+00:00\",\"dateModified\":\"2023-03-02T20:02:20+00:00\",\"author\":{\"@id\":\"https:\/\/www.africa-press.net\/congo-brazzaville\/#\/schema\/person\/2b1cf3cd81a31e3cd26889ca66d677f1\"},\"description\":\"Chaque femme est libre de manifester son droit a\u0300 sa manie\u0300re. Fut-il dans la confusion de la valeur hautement symbol ...\",\"breadcrumb\":{\"@id\":\"https:\/\/www.africa-press.net\/congo-brazzaville\/toutes-les-actualites\/le-8-mars-a-consommer-avec-moderation#breadcrumb\"},\"inLanguage\":\"fr-FR\",\"potentialAction\":[{\"@type\":\"ReadAction\",\"target\":[\"https:\/\/www.africa-press.net\/congo-brazzaville\/toutes-les-actualites\/le-8-mars-a-consommer-avec-moderation\"]}]},{\"@type\":\"ImageObject\",\"inLanguage\":\"fr-FR\",\"@id\":\"https:\/\/www.africa-press.net\/congo-brazzaville\/toutes-les-actualites\/le-8-mars-a-consommer-avec-moderation#primaryimage\",\"url\":\"https:\/\/static.africa-press.net\/congo-brazzaville\/sites\/51\/2023\/03\/postQueueImg_1677772077.95.jpg\",\"contentUrl\":\"https:\/\/static.africa-press.net\/congo-brazzaville\/sites\/51\/2023\/03\/postQueueImg_1677772077.95.jpg\",\"width\":1280,\"height\":720,\"caption\":\"Le 8 mars : \u00e0 consommer avec mod\u00e9ration !\"},{\"@type\":\"BreadcrumbList\",\"@id\":\"https:\/\/www.africa-press.net\/congo-brazzaville\/toutes-les-actualites\/le-8-mars-a-consommer-avec-moderation#breadcrumb\",\"itemListElement\":[{\"@type\":\"ListItem\",\"position\":1,\"name\":\"Accueil\",\"item\":\"https:\/\/www.africa-press.net\/congo-brazzaville\/\"},{\"@type\":\"ListItem\",\"position\":2,\"name\":\"Le 8 mars : \u00e0 consommer avec mod\u00e9ration !\"}]},{\"@type\":\"WebSite\",\"@id\":\"https:\/\/www.africa-press.net\/congo-brazzaville\/#website\",\"url\":\"https:\/\/www.africa-press.net\/congo-brazzaville\/\",\"name\":\"Congo Brazzaville\",\"description\":\"Just another Africa News Agency Sites site\",\"potentialAction\":[{\"@type\":\"SearchAction\",\"target\":{\"@type\":\"EntryPoint\",\"urlTemplate\":\"https:\/\/www.africa-press.net\/congo-brazzaville\/?s={search_term_string}\"},\"query-input\":{\"@type\":\"PropertyValueSpecification\",\"valueRequired\":true,\"valueName\":\"search_term_string\"}}],\"inLanguage\":\"fr-FR\"},{\"@type\":\"Person\",\"@id\":\"https:\/\/www.africa-press.net\/congo-brazzaville\/#\/schema\/person\/2b1cf3cd81a31e3cd26889ca66d677f1\",\"name\":\"cfeditorfr\"}]}<\/script>\n<!-- \/ Yoast SEO Premium plugin. -->","yoast_head_json":{"title":"Le 8 mars : \u00e0 consommer avec mod\u00e9ration ! - Congo Brazzaville","description":"Chaque femme est libre de manifester son droit a\u0300 sa manie\u0300re. Fut-il dans la confusion de la valeur hautement symbol ...","robots":{"index":"index","follow":"follow","max-snippet":"max-snippet:-1","max-image-preview":"max-image-preview:large","max-video-preview":"max-video-preview:-1"},"canonical":"https:\/\/www.africa-press.net\/congo-brazzaville\/toutes-les-actualites\/le-8-mars-a-consommer-avec-moderation","og_locale":"fr_FR","og_type":"article","og_title":"Le 8 mars : \u00e0 consommer avec mod\u00e9ration !","og_description":"Chaque femme est libre de manifester son droit a\u0300 sa manie\u0300re. Fut-il dans la confusion de la valeur hautement symbol ...","og_url":"https:\/\/www.africa-press.net\/congo-brazzaville\/toutes-les-actualites\/le-8-mars-a-consommer-avec-moderation","og_site_name":"Congo Brazzaville","article_published_time":"2023-03-02T19:17:54+00:00","article_modified_time":"2023-03-02T20:02:20+00:00","og_image":[{"width":1280,"height":720,"url":"https:\/\/static.africa-press.net\/congo-brazzaville\/sites\/51\/2023\/03\/postQueueImg_1677772077.95.jpg","type":"image\/jpeg"}],"author":"cfeditorfr","twitter_card":"summary_large_image","twitter_misc":{"\u00c9crit par":"cfeditorfr","Dur\u00e9e de lecture estim\u00e9e":"3 minutes"},"schema":{"@context":"https:\/\/schema.org","@graph":[{"@type":"Article","@id":"https:\/\/www.africa-press.net\/congo-brazzaville\/toutes-les-actualites\/le-8-mars-a-consommer-avec-moderation#article","isPartOf":{"@id":"https:\/\/www.africa-press.net\/congo-brazzaville\/toutes-les-actualites\/le-8-mars-a-consommer-avec-moderation"},"author":{"name":"cfeditorfr","@id":"https:\/\/www.africa-press.net\/congo-brazzaville\/#\/schema\/person\/2b1cf3cd81a31e3cd26889ca66d677f1"},"headline":"Le 8 mars : \u00e0 consommer avec mod\u00e9ration !","datePublished":"2023-03-02T19:17:54+00:00","dateModified":"2023-03-02T20:02:20+00:00","mainEntityOfPage":{"@id":"https:\/\/www.africa-press.net\/congo-brazzaville\/toutes-les-actualites\/le-8-mars-a-consommer-avec-moderation"},"wordCount":534,"commentCount":0,"image":{"@id":"https:\/\/www.africa-press.net\/congo-brazzaville\/toutes-les-actualites\/le-8-mars-a-consommer-avec-moderation#primaryimage"},"thumbnailUrl":"https:\/\/static.africa-press.net\/congo-brazzaville\/sites\/51\/2023\/03\/postQueueImg_1677772077.95.jpg","keywords":["Africa Press","Africa Press-Congo Brazzaville","Congo Brazzaville"],"articleSection":["Communaut\u00e9","Toutes les actualit\u00e9s"],"inLanguage":"fr-FR","potentialAction":[{"@type":"CommentAction","name":"Comment","target":["https:\/\/www.africa-press.net\/congo-brazzaville\/toutes-les-actualites\/le-8-mars-a-consommer-avec-moderation#respond"]}]},{"@type":"WebPage","@id":"https:\/\/www.africa-press.net\/congo-brazzaville\/toutes-les-actualites\/le-8-mars-a-consommer-avec-moderation","url":"https:\/\/www.africa-press.net\/congo-brazzaville\/toutes-les-actualites\/le-8-mars-a-consommer-avec-moderation","name":"Le 8 mars : \u00e0 consommer avec mod\u00e9ration ! - Congo Brazzaville","isPartOf":{"@id":"https:\/\/www.africa-press.net\/congo-brazzaville\/#website"},"primaryImageOfPage":{"@id":"https:\/\/www.africa-press.net\/congo-brazzaville\/toutes-les-actualites\/le-8-mars-a-consommer-avec-moderation#primaryimage"},"image":{"@id":"https:\/\/www.africa-press.net\/congo-brazzaville\/toutes-les-actualites\/le-8-mars-a-consommer-avec-moderation#primaryimage"},"thumbnailUrl":"https:\/\/static.africa-press.net\/congo-brazzaville\/sites\/51\/2023\/03\/postQueueImg_1677772077.95.jpg","datePublished":"2023-03-02T19:17:54+00:00","dateModified":"2023-03-02T20:02:20+00:00","author":{"@id":"https:\/\/www.africa-press.net\/congo-brazzaville\/#\/schema\/person\/2b1cf3cd81a31e3cd26889ca66d677f1"},"description":"Chaque femme est libre de manifester son droit a\u0300 sa manie\u0300re. Fut-il dans la confusion de la valeur hautement symbol ...","breadcrumb":{"@id":"https:\/\/www.africa-press.net\/congo-brazzaville\/toutes-les-actualites\/le-8-mars-a-consommer-avec-moderation#breadcrumb"},"inLanguage":"fr-FR","potentialAction":[{"@type":"ReadAction","target":["https:\/\/www.africa-press.net\/congo-brazzaville\/toutes-les-actualites\/le-8-mars-a-consommer-avec-moderation"]}]},{"@type":"ImageObject","inLanguage":"fr-FR","@id":"https:\/\/www.africa-press.net\/congo-brazzaville\/toutes-les-actualites\/le-8-mars-a-consommer-avec-moderation#primaryimage","url":"https:\/\/static.africa-press.net\/congo-brazzaville\/sites\/51\/2023\/03\/postQueueImg_1677772077.95.jpg","contentUrl":"https:\/\/static.africa-press.net\/congo-brazzaville\/sites\/51\/2023\/03\/postQueueImg_1677772077.95.jpg","width":1280,"height":720,"caption":"Le 8 mars : \u00e0 consommer avec mod\u00e9ration !"},{"@type":"BreadcrumbList","@id":"https:\/\/www.africa-press.net\/congo-brazzaville\/toutes-les-actualites\/le-8-mars-a-consommer-avec-moderation#breadcrumb","itemListElement":[{"@type":"ListItem","position":1,"name":"Accueil","item":"https:\/\/www.africa-press.net\/congo-brazzaville\/"},{"@type":"ListItem","position":2,"name":"Le 8 mars : \u00e0 consommer avec mod\u00e9ration !"}]},{"@type":"WebSite","@id":"https:\/\/www.africa-press.net\/congo-brazzaville\/#website","url":"https:\/\/www.africa-press.net\/congo-brazzaville\/","name":"Congo Brazzaville","description":"Just another Africa News Agency Sites site","potentialAction":[{"@type":"SearchAction","target":{"@type":"EntryPoint","urlTemplate":"https:\/\/www.africa-press.net\/congo-brazzaville\/?s={search_term_string}"},"query-input":{"@type":"PropertyValueSpecification","valueRequired":true,"valueName":"search_term_string"}}],"inLanguage":"fr-FR"},{"@type":"Person","@id":"https:\/\/www.africa-press.net\/congo-brazzaville\/#\/schema\/person\/2b1cf3cd81a31e3cd26889ca66d677f1","name":"cfeditorfr"}]}},"_links":{"self":[{"href":"https:\/\/www.africa-press.net\/congo-brazzaville\/wp-json\/wp\/v2\/posts\/15129","targetHints":{"allow":["GET"]}}],"collection":[{"href":"https:\/\/www.africa-press.net\/congo-brazzaville\/wp-json\/wp\/v2\/posts"}],"about":[{"href":"https:\/\/www.africa-press.net\/congo-brazzaville\/wp-json\/wp\/v2\/types\/post"}],"author":[{"embeddable":true,"href":"https:\/\/www.africa-press.net\/congo-brazzaville\/wp-json\/wp\/v2\/users\/82"}],"replies":[{"embeddable":true,"href":"https:\/\/www.africa-press.net\/congo-brazzaville\/wp-json\/wp\/v2\/comments?post=15129"}],"version-history":[{"count":0,"href":"https:\/\/www.africa-press.net\/congo-brazzaville\/wp-json\/wp\/v2\/posts\/15129\/revisions"}],"wp:featuredmedia":[{"embeddable":true,"href":"https:\/\/www.africa-press.net\/congo-brazzaville\/wp-json\/wp\/v2\/media\/15128"}],"wp:attachment":[{"href":"https:\/\/www.africa-press.net\/congo-brazzaville\/wp-json\/wp\/v2\/media?parent=15129"}],"wp:term":[{"taxonomy":"category","embeddable":true,"href":"https:\/\/www.africa-press.net\/congo-brazzaville\/wp-json\/wp\/v2\/categories?post=15129"},{"taxonomy":"post_tag","embeddable":true,"href":"https:\/\/www.africa-press.net\/congo-brazzaville\/wp-json\/wp\/v2\/tags?post=15129"}],"curies":[{"name":"wp","href":"https:\/\/api.w.org\/{rel}","templated":true}]}}