{"id":15140,"date":"2023-03-02T19:19:54","date_gmt":"2023-03-02T19:19:54","guid":{"rendered":"https:\/\/www.africa-press.net\/congo-brazzaville\/politique\/la-plateforme-sur-levaluation-des-risques-sera-bientot-mise-en-place"},"modified":"2023-03-02T20:04:35","modified_gmt":"2023-03-02T20:04:35","slug":"la-plateforme-sur-levaluation-des-risques-sera-bientot-mise-en-place","status":"publish","type":"post","link":"https:\/\/www.africa-press.net\/congo-brazzaville\/toutes-les-actualites\/la-plateforme-sur-levaluation-des-risques-sera-bientot-mise-en-place","title":{"rendered":"la plateforme sur l\u2019\u00e9valuation des risques sera bient\u00f4t mise en place"},"content":{"rendered":"<p><span style=\"color: #ff6600\"><strong>Africa-Press &#8211; Congo Brazzaville. <\/strong><\/span><b>L\u2019expert de Congo te\u0301le\u0301com, Ce\u0301dric Ossebi a indique\u0301 le 1er mars a\u0300 Brazzaville que sa structure mettra a\u0300 la disposition du Commandement de la se\u0301curite\u0301 civile les infrastructures nume\u0301riques en vue de la mise en \u0153uvre d\u2019une plateforme sur l\u2019e\u0301valuation des risques.<\/b><\/p>\n<p>\u00ab Congo te\u0301le\u0301com par son re\u0301seau des transports larges bandes, constitue\u0301 des ca\u0302bles a\u0300 fibre optique, dispose de capacite\u0301 pour accompagner la se\u0301curite\u0301 civile dans la mise en place d\u2019une plateforme interactive de partage de donne\u0301es, en vue d\u2019une alerte pre\u0301coce efficace ne\u0301cessaire pour prote\u0301ger la population des catastrophes \u00bb, a releve\u0301 Ce\u0301dric Ossebi dans de son expose\u0301, au cours de la clo\u0302ture de la ce\u0301le\u0301bration de la journe\u0301e mondiale de la protection civile.<\/p>\n<p>L\u2019adjudant du Groupement para commando, Sthavel Mpassi, a, pour sa part, intervenu sur le ro\u0302le des technologies drones dans l\u2019e\u0301valuation des risques. \u00ab Gra\u0302ce au drone dote\u0301 de re\u0301servoir, vous pouvez faire face aux foyers d\u2019incendie, vous pouvez e\u0301galement mettre tous les produits qu\u2019il faut afin de lutter contre le feu \u00bb, a-t-il laisse\u0301 entendre.<\/p>\n<p>Le point focal du Congo, aupre\u0300s de l\u2019Organisation internationale de la protection civile (OIPC), le commandant de police Romaric Mengue\u0301-Matondo a souligne\u0301 la ne\u0301cessite\u0301 du commandement de la se\u0301curite\u0301 civile de mutualiser les connaissances avec les structures \u0153uvrant dans la technologie, en vue de mettre en place une plateforme interactive de partage de donne\u0301es sur l\u2019e\u0301valuation des risques.<\/p>\n<p>\u00ab L\u2019objectif a e\u0301te\u0301 pour nous de fe\u0301de\u0301rer l\u2019ensemble des parties prenantes au sein d\u2019une plateforme et faire le partage des donne\u0301es sur les risques des catastrophes afin de mieux pre\u0301parer l\u2019engagement des troupes sur les secours mais aussi sur les risques \u00bb, a-t-il de\u0301clare\u0301.<\/p>\n<p>\u00ab Pre\u0301sentement les technologies de l\u2019information et de la communication sont mises en application dans tous les secteurs d\u2019activite\u0301s dans le monde. C\u2019est ainsi que la se\u0301curite\u0301 civile devrait s\u2019arrimer a\u0300 ces technologies en vue de favoriser l\u2019e\u0301valuation des risques \u00bb, a ajoute\u0301 Romaric Mengue\u0301-Matondo.<\/p>\n<p>Ouvert le 28 fe\u0301vrier, l\u2019atelier sur la ce\u0301le\u0301bration de la journe\u0301e mondiale de la protection civile a pris fin le 1er mars. Cette comme\u0301moration a e\u0301te\u0301 place\u0301e sous le the\u0300me \u00ab ro\u0302le des technologies de l\u2019information et de la communication dans l\u2019e\u0301valuation des risques \u00bb.<\/p>\n<p><strong>Pour plus d&rsquo;informations et d&rsquo;analyses sur la <a href=\"https:\/\/www.africa-press.net\/congo-brazzaville\">Congo Brazzaville<\/a>, suivez <a href=\"https:\/\/www.africa-press.net\/\">Africa-Press<\/a><\/strong><\/p>\n","protected":false},"excerpt":{"rendered":"<p>Africa-Press &#8211; Congo Brazzaville. L\u2019expert de Congo te\u0301le\u0301com, Ce\u0301dric Ossebi a indique\u0301 le 1er mars a\u0300 Brazzaville que sa structure mettra a\u0300 la disposition du Commandement de la se\u0301curite\u0301 civile les infrastructures nume\u0301riques en vue de la mise en \u0153uvre d\u2019une plateforme sur l\u2019e\u0301valuation des risques. \u00ab Congo te\u0301le\u0301com par son re\u0301seau des transports larges [&hellip;]<\/p>\n","protected":false},"author":82,"featured_media":15139,"comment_status":"open","ping_status":"closed","sticky":false,"template":"","format":"standard","meta":{"footnotes":""},"categories":[21,10],"tags":[36,47,46],"class_list":["post-15140","post","type-post","status-publish","format-standard","has-post-thumbnail","hentry","category-communaute","category-toutes-les-actualites","tag-africa-press","tag-africa-press-congo-brazzaville","tag-congo-brazzaville"],"yoast_head":"<!-- This site is optimized with the Yoast SEO Premium plugin v26.1 (Yoast SEO v27.0) - https:\/\/yoast.com\/product\/yoast-seo-premium-wordpress\/ -->\n<title>la plateforme sur l\u2019\u00e9valuation des risques sera bient\u00f4t mise en place - Congo Brazzaville<\/title>\n<meta name=\"description\" content=\"L\u2019expert de Congo te\u0301le\u0301com, Ce\u0301dric Ossebi a indique\u0301 le 1er mars a\u0300 Brazzaville que sa structure mettra a\u0300 la dispo ...\" \/>\n<meta name=\"robots\" content=\"index, follow, max-snippet:-1, max-image-preview:large, max-video-preview:-1\" \/>\n<link rel=\"canonical\" href=\"https:\/\/www.africa-press.net\/congo-brazzaville\/toutes-les-actualites\/la-plateforme-sur-levaluation-des-risques-sera-bientot-mise-en-place\" \/>\n<meta property=\"og:locale\" content=\"fr_FR\" \/>\n<meta property=\"og:type\" content=\"article\" \/>\n<meta property=\"og:title\" content=\"la plateforme sur l\u2019\u00e9valuation des risques sera bient\u00f4t mise en place\" \/>\n<meta property=\"og:description\" content=\"L\u2019expert de Congo te\u0301le\u0301com, Ce\u0301dric Ossebi a indique\u0301 le 1er mars a\u0300 Brazzaville que sa structure mettra a\u0300 la dispo ...\" \/>\n<meta property=\"og:url\" content=\"https:\/\/www.africa-press.net\/congo-brazzaville\/toutes-les-actualites\/la-plateforme-sur-levaluation-des-risques-sera-bientot-mise-en-place\" \/>\n<meta property=\"og:site_name\" content=\"Congo Brazzaville\" \/>\n<meta property=\"article:published_time\" content=\"2023-03-02T19:19:54+00:00\" \/>\n<meta property=\"article:modified_time\" content=\"2023-03-02T20:04:35+00:00\" \/>\n<meta property=\"og:image\" content=\"https:\/\/static.africa-press.net\/congo-brazzaville\/sites\/51\/2023\/03\/postQueueImg_1677772199.84.jpg\" \/>\n\t<meta property=\"og:image:width\" content=\"933\" \/>\n\t<meta property=\"og:image:height\" content=\"445\" \/>\n\t<meta property=\"og:image:type\" content=\"image\/jpeg\" \/>\n<meta name=\"author\" content=\"cfeditorfr\" \/>\n<meta name=\"twitter:card\" content=\"summary_large_image\" \/>\n<meta name=\"twitter:label1\" content=\"\u00c9crit par\" \/>\n\t<meta name=\"twitter:data1\" content=\"cfeditorfr\" \/>\n\t<meta name=\"twitter:label2\" content=\"Dur\u00e9e de lecture estim\u00e9e\" \/>\n\t<meta name=\"twitter:data2\" content=\"2 minutes\" \/>\n<script type=\"application\/ld+json\" class=\"yoast-schema-graph\">{\"@context\":\"https:\/\/schema.org\",\"@graph\":[{\"@type\":\"Article\",\"@id\":\"https:\/\/www.africa-press.net\/congo-brazzaville\/toutes-les-actualites\/la-plateforme-sur-levaluation-des-risques-sera-bientot-mise-en-place#article\",\"isPartOf\":{\"@id\":\"https:\/\/www.africa-press.net\/congo-brazzaville\/toutes-les-actualites\/la-plateforme-sur-levaluation-des-risques-sera-bientot-mise-en-place\"},\"author\":{\"name\":\"cfeditorfr\",\"@id\":\"https:\/\/www.africa-press.net\/congo-brazzaville\/#\/schema\/person\/2b1cf3cd81a31e3cd26889ca66d677f1\"},\"headline\":\"la plateforme sur l\u2019\u00e9valuation des risques sera bient\u00f4t mise en place\",\"datePublished\":\"2023-03-02T19:19:54+00:00\",\"dateModified\":\"2023-03-02T20:04:35+00:00\",\"mainEntityOfPage\":{\"@id\":\"https:\/\/www.africa-press.net\/congo-brazzaville\/toutes-les-actualites\/la-plateforme-sur-levaluation-des-risques-sera-bientot-mise-en-place\"},\"wordCount\":458,\"commentCount\":0,\"image\":{\"@id\":\"https:\/\/www.africa-press.net\/congo-brazzaville\/toutes-les-actualites\/la-plateforme-sur-levaluation-des-risques-sera-bientot-mise-en-place#primaryimage\"},\"thumbnailUrl\":\"https:\/\/static.africa-press.net\/congo-brazzaville\/sites\/51\/2023\/03\/postQueueImg_1677772199.84.jpg\",\"keywords\":[\"Africa Press\",\"Africa Press-Congo Brazzaville\",\"Congo Brazzaville\"],\"articleSection\":[\"Communaut\u00e9\",\"Toutes les actualit\u00e9s\"],\"inLanguage\":\"fr-FR\",\"potentialAction\":[{\"@type\":\"CommentAction\",\"name\":\"Comment\",\"target\":[\"https:\/\/www.africa-press.net\/congo-brazzaville\/toutes-les-actualites\/la-plateforme-sur-levaluation-des-risques-sera-bientot-mise-en-place#respond\"]}]},{\"@type\":\"WebPage\",\"@id\":\"https:\/\/www.africa-press.net\/congo-brazzaville\/toutes-les-actualites\/la-plateforme-sur-levaluation-des-risques-sera-bientot-mise-en-place\",\"url\":\"https:\/\/www.africa-press.net\/congo-brazzaville\/toutes-les-actualites\/la-plateforme-sur-levaluation-des-risques-sera-bientot-mise-en-place\",\"name\":\"la plateforme sur l\u2019\u00e9valuation des risques sera bient\u00f4t mise en place - Congo Brazzaville\",\"isPartOf\":{\"@id\":\"https:\/\/www.africa-press.net\/congo-brazzaville\/#website\"},\"primaryImageOfPage\":{\"@id\":\"https:\/\/www.africa-press.net\/congo-brazzaville\/toutes-les-actualites\/la-plateforme-sur-levaluation-des-risques-sera-bientot-mise-en-place#primaryimage\"},\"image\":{\"@id\":\"https:\/\/www.africa-press.net\/congo-brazzaville\/toutes-les-actualites\/la-plateforme-sur-levaluation-des-risques-sera-bientot-mise-en-place#primaryimage\"},\"thumbnailUrl\":\"https:\/\/static.africa-press.net\/congo-brazzaville\/sites\/51\/2023\/03\/postQueueImg_1677772199.84.jpg\",\"datePublished\":\"2023-03-02T19:19:54+00:00\",\"dateModified\":\"2023-03-02T20:04:35+00:00\",\"author\":{\"@id\":\"https:\/\/www.africa-press.net\/congo-brazzaville\/#\/schema\/person\/2b1cf3cd81a31e3cd26889ca66d677f1\"},\"description\":\"L\u2019expert de Congo te\u0301le\u0301com, Ce\u0301dric Ossebi a indique\u0301 le 1er mars a\u0300 Brazzaville que sa structure mettra a\u0300 la dispo ...\",\"breadcrumb\":{\"@id\":\"https:\/\/www.africa-press.net\/congo-brazzaville\/toutes-les-actualites\/la-plateforme-sur-levaluation-des-risques-sera-bientot-mise-en-place#breadcrumb\"},\"inLanguage\":\"fr-FR\",\"potentialAction\":[{\"@type\":\"ReadAction\",\"target\":[\"https:\/\/www.africa-press.net\/congo-brazzaville\/toutes-les-actualites\/la-plateforme-sur-levaluation-des-risques-sera-bientot-mise-en-place\"]}]},{\"@type\":\"ImageObject\",\"inLanguage\":\"fr-FR\",\"@id\":\"https:\/\/www.africa-press.net\/congo-brazzaville\/toutes-les-actualites\/la-plateforme-sur-levaluation-des-risques-sera-bientot-mise-en-place#primaryimage\",\"url\":\"https:\/\/static.africa-press.net\/congo-brazzaville\/sites\/51\/2023\/03\/postQueueImg_1677772199.84.jpg\",\"contentUrl\":\"https:\/\/static.africa-press.net\/congo-brazzaville\/sites\/51\/2023\/03\/postQueueImg_1677772199.84.jpg\",\"width\":933,\"height\":445,\"caption\":\"la plateforme sur l\u2019\u00e9valuation des risques sera bient\u00f4t mise en place\"},{\"@type\":\"BreadcrumbList\",\"@id\":\"https:\/\/www.africa-press.net\/congo-brazzaville\/toutes-les-actualites\/la-plateforme-sur-levaluation-des-risques-sera-bientot-mise-en-place#breadcrumb\",\"itemListElement\":[{\"@type\":\"ListItem\",\"position\":1,\"name\":\"Accueil\",\"item\":\"https:\/\/www.africa-press.net\/congo-brazzaville\/\"},{\"@type\":\"ListItem\",\"position\":2,\"name\":\"la plateforme sur l\u2019\u00e9valuation des risques sera bient\u00f4t mise en place\"}]},{\"@type\":\"WebSite\",\"@id\":\"https:\/\/www.africa-press.net\/congo-brazzaville\/#website\",\"url\":\"https:\/\/www.africa-press.net\/congo-brazzaville\/\",\"name\":\"Congo Brazzaville\",\"description\":\"Just another Africa News Agency Sites site\",\"potentialAction\":[{\"@type\":\"SearchAction\",\"target\":{\"@type\":\"EntryPoint\",\"urlTemplate\":\"https:\/\/www.africa-press.net\/congo-brazzaville\/?s={search_term_string}\"},\"query-input\":{\"@type\":\"PropertyValueSpecification\",\"valueRequired\":true,\"valueName\":\"search_term_string\"}}],\"inLanguage\":\"fr-FR\"},{\"@type\":\"Person\",\"@id\":\"https:\/\/www.africa-press.net\/congo-brazzaville\/#\/schema\/person\/2b1cf3cd81a31e3cd26889ca66d677f1\",\"name\":\"cfeditorfr\"}]}<\/script>\n<!-- \/ Yoast SEO Premium plugin. -->","yoast_head_json":{"title":"la plateforme sur l\u2019\u00e9valuation des risques sera bient\u00f4t mise en place - Congo Brazzaville","description":"L\u2019expert de Congo te\u0301le\u0301com, Ce\u0301dric Ossebi a indique\u0301 le 1er mars a\u0300 Brazzaville que sa structure mettra a\u0300 la dispo ...","robots":{"index":"index","follow":"follow","max-snippet":"max-snippet:-1","max-image-preview":"max-image-preview:large","max-video-preview":"max-video-preview:-1"},"canonical":"https:\/\/www.africa-press.net\/congo-brazzaville\/toutes-les-actualites\/la-plateforme-sur-levaluation-des-risques-sera-bientot-mise-en-place","og_locale":"fr_FR","og_type":"article","og_title":"la plateforme sur l\u2019\u00e9valuation des risques sera bient\u00f4t mise en place","og_description":"L\u2019expert de Congo te\u0301le\u0301com, Ce\u0301dric Ossebi a indique\u0301 le 1er mars a\u0300 Brazzaville que sa structure mettra a\u0300 la dispo ...","og_url":"https:\/\/www.africa-press.net\/congo-brazzaville\/toutes-les-actualites\/la-plateforme-sur-levaluation-des-risques-sera-bientot-mise-en-place","og_site_name":"Congo Brazzaville","article_published_time":"2023-03-02T19:19:54+00:00","article_modified_time":"2023-03-02T20:04:35+00:00","og_image":[{"width":933,"height":445,"url":"https:\/\/static.africa-press.net\/congo-brazzaville\/sites\/51\/2023\/03\/postQueueImg_1677772199.84.jpg","type":"image\/jpeg"}],"author":"cfeditorfr","twitter_card":"summary_large_image","twitter_misc":{"\u00c9crit par":"cfeditorfr","Dur\u00e9e de lecture estim\u00e9e":"2 minutes"},"schema":{"@context":"https:\/\/schema.org","@graph":[{"@type":"Article","@id":"https:\/\/www.africa-press.net\/congo-brazzaville\/toutes-les-actualites\/la-plateforme-sur-levaluation-des-risques-sera-bientot-mise-en-place#article","isPartOf":{"@id":"https:\/\/www.africa-press.net\/congo-brazzaville\/toutes-les-actualites\/la-plateforme-sur-levaluation-des-risques-sera-bientot-mise-en-place"},"author":{"name":"cfeditorfr","@id":"https:\/\/www.africa-press.net\/congo-brazzaville\/#\/schema\/person\/2b1cf3cd81a31e3cd26889ca66d677f1"},"headline":"la plateforme sur l\u2019\u00e9valuation des risques sera bient\u00f4t mise en place","datePublished":"2023-03-02T19:19:54+00:00","dateModified":"2023-03-02T20:04:35+00:00","mainEntityOfPage":{"@id":"https:\/\/www.africa-press.net\/congo-brazzaville\/toutes-les-actualites\/la-plateforme-sur-levaluation-des-risques-sera-bientot-mise-en-place"},"wordCount":458,"commentCount":0,"image":{"@id":"https:\/\/www.africa-press.net\/congo-brazzaville\/toutes-les-actualites\/la-plateforme-sur-levaluation-des-risques-sera-bientot-mise-en-place#primaryimage"},"thumbnailUrl":"https:\/\/static.africa-press.net\/congo-brazzaville\/sites\/51\/2023\/03\/postQueueImg_1677772199.84.jpg","keywords":["Africa Press","Africa Press-Congo Brazzaville","Congo Brazzaville"],"articleSection":["Communaut\u00e9","Toutes les actualit\u00e9s"],"inLanguage":"fr-FR","potentialAction":[{"@type":"CommentAction","name":"Comment","target":["https:\/\/www.africa-press.net\/congo-brazzaville\/toutes-les-actualites\/la-plateforme-sur-levaluation-des-risques-sera-bientot-mise-en-place#respond"]}]},{"@type":"WebPage","@id":"https:\/\/www.africa-press.net\/congo-brazzaville\/toutes-les-actualites\/la-plateforme-sur-levaluation-des-risques-sera-bientot-mise-en-place","url":"https:\/\/www.africa-press.net\/congo-brazzaville\/toutes-les-actualites\/la-plateforme-sur-levaluation-des-risques-sera-bientot-mise-en-place","name":"la plateforme sur l\u2019\u00e9valuation des risques sera bient\u00f4t mise en place - Congo Brazzaville","isPartOf":{"@id":"https:\/\/www.africa-press.net\/congo-brazzaville\/#website"},"primaryImageOfPage":{"@id":"https:\/\/www.africa-press.net\/congo-brazzaville\/toutes-les-actualites\/la-plateforme-sur-levaluation-des-risques-sera-bientot-mise-en-place#primaryimage"},"image":{"@id":"https:\/\/www.africa-press.net\/congo-brazzaville\/toutes-les-actualites\/la-plateforme-sur-levaluation-des-risques-sera-bientot-mise-en-place#primaryimage"},"thumbnailUrl":"https:\/\/static.africa-press.net\/congo-brazzaville\/sites\/51\/2023\/03\/postQueueImg_1677772199.84.jpg","datePublished":"2023-03-02T19:19:54+00:00","dateModified":"2023-03-02T20:04:35+00:00","author":{"@id":"https:\/\/www.africa-press.net\/congo-brazzaville\/#\/schema\/person\/2b1cf3cd81a31e3cd26889ca66d677f1"},"description":"L\u2019expert de Congo te\u0301le\u0301com, Ce\u0301dric Ossebi a indique\u0301 le 1er mars a\u0300 Brazzaville que sa structure mettra a\u0300 la dispo ...","breadcrumb":{"@id":"https:\/\/www.africa-press.net\/congo-brazzaville\/toutes-les-actualites\/la-plateforme-sur-levaluation-des-risques-sera-bientot-mise-en-place#breadcrumb"},"inLanguage":"fr-FR","potentialAction":[{"@type":"ReadAction","target":["https:\/\/www.africa-press.net\/congo-brazzaville\/toutes-les-actualites\/la-plateforme-sur-levaluation-des-risques-sera-bientot-mise-en-place"]}]},{"@type":"ImageObject","inLanguage":"fr-FR","@id":"https:\/\/www.africa-press.net\/congo-brazzaville\/toutes-les-actualites\/la-plateforme-sur-levaluation-des-risques-sera-bientot-mise-en-place#primaryimage","url":"https:\/\/static.africa-press.net\/congo-brazzaville\/sites\/51\/2023\/03\/postQueueImg_1677772199.84.jpg","contentUrl":"https:\/\/static.africa-press.net\/congo-brazzaville\/sites\/51\/2023\/03\/postQueueImg_1677772199.84.jpg","width":933,"height":445,"caption":"la plateforme sur l\u2019\u00e9valuation des risques sera bient\u00f4t mise en place"},{"@type":"BreadcrumbList","@id":"https:\/\/www.africa-press.net\/congo-brazzaville\/toutes-les-actualites\/la-plateforme-sur-levaluation-des-risques-sera-bientot-mise-en-place#breadcrumb","itemListElement":[{"@type":"ListItem","position":1,"name":"Accueil","item":"https:\/\/www.africa-press.net\/congo-brazzaville\/"},{"@type":"ListItem","position":2,"name":"la plateforme sur l\u2019\u00e9valuation des risques sera bient\u00f4t mise en place"}]},{"@type":"WebSite","@id":"https:\/\/www.africa-press.net\/congo-brazzaville\/#website","url":"https:\/\/www.africa-press.net\/congo-brazzaville\/","name":"Congo Brazzaville","description":"Just another Africa News Agency Sites site","potentialAction":[{"@type":"SearchAction","target":{"@type":"EntryPoint","urlTemplate":"https:\/\/www.africa-press.net\/congo-brazzaville\/?s={search_term_string}"},"query-input":{"@type":"PropertyValueSpecification","valueRequired":true,"valueName":"search_term_string"}}],"inLanguage":"fr-FR"},{"@type":"Person","@id":"https:\/\/www.africa-press.net\/congo-brazzaville\/#\/schema\/person\/2b1cf3cd81a31e3cd26889ca66d677f1","name":"cfeditorfr"}]}},"_links":{"self":[{"href":"https:\/\/www.africa-press.net\/congo-brazzaville\/wp-json\/wp\/v2\/posts\/15140","targetHints":{"allow":["GET"]}}],"collection":[{"href":"https:\/\/www.africa-press.net\/congo-brazzaville\/wp-json\/wp\/v2\/posts"}],"about":[{"href":"https:\/\/www.africa-press.net\/congo-brazzaville\/wp-json\/wp\/v2\/types\/post"}],"author":[{"embeddable":true,"href":"https:\/\/www.africa-press.net\/congo-brazzaville\/wp-json\/wp\/v2\/users\/82"}],"replies":[{"embeddable":true,"href":"https:\/\/www.africa-press.net\/congo-brazzaville\/wp-json\/wp\/v2\/comments?post=15140"}],"version-history":[{"count":0,"href":"https:\/\/www.africa-press.net\/congo-brazzaville\/wp-json\/wp\/v2\/posts\/15140\/revisions"}],"wp:featuredmedia":[{"embeddable":true,"href":"https:\/\/www.africa-press.net\/congo-brazzaville\/wp-json\/wp\/v2\/media\/15139"}],"wp:attachment":[{"href":"https:\/\/www.africa-press.net\/congo-brazzaville\/wp-json\/wp\/v2\/media?parent=15140"}],"wp:term":[{"taxonomy":"category","embeddable":true,"href":"https:\/\/www.africa-press.net\/congo-brazzaville\/wp-json\/wp\/v2\/categories?post=15140"},{"taxonomy":"post_tag","embeddable":true,"href":"https:\/\/www.africa-press.net\/congo-brazzaville\/wp-json\/wp\/v2\/tags?post=15140"}],"curies":[{"name":"wp","href":"https:\/\/api.w.org\/{rel}","templated":true}]}}