{"id":15142,"date":"2023-03-02T19:20:13","date_gmt":"2023-03-02T19:20:13","guid":{"rendered":"https:\/\/www.africa-press.net\/congo-brazzaville\/politique\/le-magazine-mwana-destine-aux-enfants-est-lance-a-pointe-noire"},"modified":"2023-03-02T20:05:00","modified_gmt":"2023-03-02T20:05:00","slug":"le-magazine-mwana-destine-aux-enfants-est-lance-a-pointe-noire","status":"publish","type":"post","link":"https:\/\/www.africa-press.net\/congo-brazzaville\/toutes-les-actualites\/le-magazine-mwana-destine-aux-enfants-est-lance-a-pointe-noire","title":{"rendered":"le magazine \u00ab\u00a0mwana\u00a0\u00bb destin\u00e9 aux enfants est lanc\u00e9 \u00e0 pointe-noire"},"content":{"rendered":"<p><span style=\"color: #ff6600\"><strong>Africa-Press &#8211; Congo Brazzaville. <\/strong><\/span><b>Le directeur de publication du magazine Mwana a indique\u0301 le 27 fe\u0301vrier a\u0300 Pointe-Noire que, le magazine est lance\u0301 dans l\u2019intention de combler le vide conse\u0301cutif a\u0300 l\u2019inexistence d\u2019un journal non seulement destine\u0301 aux enfants et aux jeunes, mais aussi porteur des valeurs africaines et e\u0301ducationnelles.<\/b><\/p>\n<p>\u00ab Comme dans la majorite\u0301 des langues bantoues, \u00ab Mwana \u00bb signifie en franc\u0327ais \u00ab enfant \u00bb. Le nom du magazine en lui-me\u0302me de\u0301signe le public auquel la pre\u0301sente publication s\u2019adresse. Pourquoi les enfants ? Simplement parce qu\u2019ils repre\u0301sentent l\u2019avenir. Ils sont aussi l\u2019espoir d\u2019une nouvelle ge\u0301ne\u0301ration faite des citoyens cultive\u0301s et bien e\u0301duque\u0301s. Car, le flux d\u2019information qu\u2019impose Internet et les re\u0301seaux sociaux de nos jours recommande a\u0300 la fois une e\u0301ducation aux me\u0301dias, mais aussi des canaux d\u2019informations su\u0302rs et fiables \u00bb, a souligne\u0301 le directeur de publication lors de la confe\u0301rence de presse.<\/p>\n<p>En effet, \u00ab Mwana \u00bb est un magazine bimensuel e\u0301ducatif et bilingue destine\u0301 de manie\u0300re ge\u0301ne\u0301rale aux enfants et jeunes afro. Il met a\u0300 la disposition du public deux e\u0301ditions spe\u0301cifiques dans des formats diffe\u0301rents. Il y a Mwana en format A5. C\u2019est un magazine destine\u0301 aux enfants de 5 a\u0300 10 ans. Il compte 8 pages en franc\u0327ais, 7 pages en anglais et une page en Kituba et Lingala.<\/p>\n<p>Pour sa part, \u00ab Mwana Ado \u00bb, est en format A4 et entend s\u2019adresser aux jeunes de 11 a\u0300 20 ans. Cette version est constitue\u0301e de 12 pages en franc\u0327ais, 11 en anglais et 1 en Lingala\/Kituba.<\/p>\n<p>Dans les deux versions, a poursuivi le directeur de publication, le magazine \u00abMwana \u00bb obe\u0301it a\u0300 un contenu the\u0301matique qui se de\u0301cline sous forme d\u2019actualite\u0301 ou a\u0300 travers des rubriques comme la science, la technique, la culture, l\u2019orientation professionnelle, la sante\u0301, la de\u0301couverte, le sport, le conte, etc.<\/p>\n<p>Pour lui, la bande dessine\u0301e propose\u0301e par \u00ab Mwana \u00bb est une manie\u0300re d\u2019encourager les plus petits a\u0300 la lecture en liant le texte a\u0300 l\u2019image. A chaque e\u0301dition, la bande dessine\u0301e ve\u0301hicule des informations pratiques et utiles a\u0300 l\u2019enfant.<\/p>\n<p>\u00ab Le magazine MWANA est la mate\u0301rialisation d\u2019un re\u0302ve d\u2019e\u0301tudiant. Conforme\u0301ment a\u0300 la loi, la de\u0301claration de ce magazine a e\u0301te\u0301 faite le 29 de\u0301cembre devant le Procureur de la Re\u0301publique pre\u0300s le Tribunal de Grande Instance de Pointe-Noire. Elle est enregistre\u0301e sous le nume\u0301ro n\u00b02315\/G.2022 \u00bb, a-t-il dit.<\/p>\n<p>Pour lui, \u00ab Mwana \u00bb a pour vocation d\u2019aider a\u0300 redonner le gou\u0302t de la lecture aux enfants tout en les accompagnants dans leur de\u0301veloppement intellectuel. Sur ce quatre axes principaux sont privile\u0301gie\u0301s, a\u0300 savoir : contribuer a\u0300 l\u2019ame\u0301lioration du niveau de langue tout en encourageant les lecteurs a\u0300 apprendre l\u2019anglais, le franc\u0327ais et les langues nationales congolaises (Kituba et Lingala), promouvoir la culture africaine, renforcer la culture ge\u0301ne\u0301rale des enfants en proposant une varie\u0301te\u0301 de rubriques et de the\u0301matiques adapte\u0301es aux enfants de 5 a\u0300 10 ans et de 11 a\u0300 20 ans et communiquer les bonnes manie\u0300res et le savoir-e\u0302tre aux enfants pour faire d\u2019eux des adultes accomplis et des citoyens mode\u0300les.<\/p>\n<p>Ce magazine est construit sur les modes de financement classique des me\u0301dias, c\u2019est-a\u0300-dire, la publicite\u0301, la vente au nume\u0301ro et l\u2019abonnement. Il est ouvert a\u0300 tous les partenaires qui ont a\u0300 c\u0153ur l\u2019e\u0301ducation des enfants et la promotion de la culture africaine.<\/p>\n<p>Le magazine \u00ab Mwana \u00bb est vendu pour la cate\u0301gorie des enfants a\u0302ge\u0301s de 5 a\u0300 10 ans, a\u0300 2500 francs FCFA et pour les Ado a\u0300 3000 francs FCFA.<\/p>\n<p><strong>Pour plus d&rsquo;informations et d&rsquo;analyses sur la <a href=\"https:\/\/www.africa-press.net\/congo-brazzaville\">Congo Brazzaville<\/a>, suivez <a href=\"https:\/\/www.africa-press.net\/\">Africa-Press<\/a><\/strong><\/p>\n","protected":false},"excerpt":{"rendered":"<p>Africa-Press &#8211; Congo Brazzaville. Le directeur de publication du magazine Mwana a indique\u0301 le 27 fe\u0301vrier a\u0300 Pointe-Noire que, le magazine est lance\u0301 dans l\u2019intention de combler le vide conse\u0301cutif a\u0300 l\u2019inexistence d\u2019un journal non seulement destine\u0301 aux enfants et aux jeunes, mais aussi porteur des valeurs africaines et e\u0301ducationnelles. \u00ab Comme dans la majorite\u0301 [&hellip;]<\/p>\n","protected":false},"author":82,"featured_media":15141,"comment_status":"open","ping_status":"closed","sticky":false,"template":"","format":"standard","meta":{"footnotes":""},"categories":[21,10],"tags":[36,47,46],"class_list":["post-15142","post","type-post","status-publish","format-standard","has-post-thumbnail","hentry","category-communaute","category-toutes-les-actualites","tag-africa-press","tag-africa-press-congo-brazzaville","tag-congo-brazzaville"],"yoast_head":"<!-- This site is optimized with the Yoast SEO Premium plugin v26.1 (Yoast SEO v27.0) - https:\/\/yoast.com\/product\/yoast-seo-premium-wordpress\/ -->\n<title>le magazine \u00ab\u00a0mwana\u00a0\u00bb destin\u00e9 aux enfants est lanc\u00e9 \u00e0 pointe-noire - Congo Brazzaville<\/title>\n<meta name=\"description\" content=\"Le directeur de publication du magazine Mwana a indique\u0301 le 27 fe\u0301vrier a\u0300 Pointe-Noire que, le magazine est lance\u0301 d ...\" \/>\n<meta name=\"robots\" content=\"index, follow, max-snippet:-1, max-image-preview:large, max-video-preview:-1\" \/>\n<link rel=\"canonical\" href=\"https:\/\/www.africa-press.net\/congo-brazzaville\/toutes-les-actualites\/le-magazine-mwana-destine-aux-enfants-est-lance-a-pointe-noire\" \/>\n<meta property=\"og:locale\" content=\"fr_FR\" \/>\n<meta property=\"og:type\" content=\"article\" \/>\n<meta property=\"og:title\" content=\"le magazine \u00ab\u00a0mwana\u00a0\u00bb destin\u00e9 aux enfants est lanc\u00e9 \u00e0 pointe-noire\" \/>\n<meta property=\"og:description\" content=\"Le directeur de publication du magazine Mwana a indique\u0301 le 27 fe\u0301vrier a\u0300 Pointe-Noire que, le magazine est lance\u0301 d ...\" \/>\n<meta property=\"og:url\" content=\"https:\/\/www.africa-press.net\/congo-brazzaville\/toutes-les-actualites\/le-magazine-mwana-destine-aux-enfants-est-lance-a-pointe-noire\" \/>\n<meta property=\"og:site_name\" content=\"Congo Brazzaville\" \/>\n<meta property=\"article:published_time\" content=\"2023-03-02T19:20:13+00:00\" \/>\n<meta property=\"article:modified_time\" content=\"2023-03-02T20:05:00+00:00\" \/>\n<meta property=\"og:image\" content=\"https:\/\/static.africa-press.net\/congo-brazzaville\/sites\/51\/2023\/03\/postQueueImg_1677772232.53.jpg\" \/>\n\t<meta property=\"og:image:width\" content=\"630\" \/>\n\t<meta property=\"og:image:height\" content=\"439\" \/>\n\t<meta property=\"og:image:type\" content=\"image\/jpeg\" \/>\n<meta name=\"author\" content=\"cfeditorfr\" \/>\n<meta name=\"twitter:card\" content=\"summary_large_image\" \/>\n<meta name=\"twitter:label1\" content=\"\u00c9crit par\" \/>\n\t<meta name=\"twitter:data1\" content=\"cfeditorfr\" \/>\n\t<meta name=\"twitter:label2\" content=\"Dur\u00e9e de lecture estim\u00e9e\" \/>\n\t<meta name=\"twitter:data2\" content=\"3 minutes\" \/>\n<script type=\"application\/ld+json\" class=\"yoast-schema-graph\">{\"@context\":\"https:\/\/schema.org\",\"@graph\":[{\"@type\":\"Article\",\"@id\":\"https:\/\/www.africa-press.net\/congo-brazzaville\/toutes-les-actualites\/le-magazine-mwana-destine-aux-enfants-est-lance-a-pointe-noire#article\",\"isPartOf\":{\"@id\":\"https:\/\/www.africa-press.net\/congo-brazzaville\/toutes-les-actualites\/le-magazine-mwana-destine-aux-enfants-est-lance-a-pointe-noire\"},\"author\":{\"name\":\"cfeditorfr\",\"@id\":\"https:\/\/www.africa-press.net\/congo-brazzaville\/#\/schema\/person\/2b1cf3cd81a31e3cd26889ca66d677f1\"},\"headline\":\"le magazine \u00ab\u00a0mwana\u00a0\u00bb destin\u00e9 aux enfants est lanc\u00e9 \u00e0 pointe-noire\",\"datePublished\":\"2023-03-02T19:20:13+00:00\",\"dateModified\":\"2023-03-02T20:05:00+00:00\",\"mainEntityOfPage\":{\"@id\":\"https:\/\/www.africa-press.net\/congo-brazzaville\/toutes-les-actualites\/le-magazine-mwana-destine-aux-enfants-est-lance-a-pointe-noire\"},\"wordCount\":658,\"commentCount\":0,\"image\":{\"@id\":\"https:\/\/www.africa-press.net\/congo-brazzaville\/toutes-les-actualites\/le-magazine-mwana-destine-aux-enfants-est-lance-a-pointe-noire#primaryimage\"},\"thumbnailUrl\":\"https:\/\/static.africa-press.net\/congo-brazzaville\/sites\/51\/2023\/03\/postQueueImg_1677772232.53.jpg\",\"keywords\":[\"Africa Press\",\"Africa Press-Congo Brazzaville\",\"Congo Brazzaville\"],\"articleSection\":[\"Communaut\u00e9\",\"Toutes les actualit\u00e9s\"],\"inLanguage\":\"fr-FR\",\"potentialAction\":[{\"@type\":\"CommentAction\",\"name\":\"Comment\",\"target\":[\"https:\/\/www.africa-press.net\/congo-brazzaville\/toutes-les-actualites\/le-magazine-mwana-destine-aux-enfants-est-lance-a-pointe-noire#respond\"]}]},{\"@type\":\"WebPage\",\"@id\":\"https:\/\/www.africa-press.net\/congo-brazzaville\/toutes-les-actualites\/le-magazine-mwana-destine-aux-enfants-est-lance-a-pointe-noire\",\"url\":\"https:\/\/www.africa-press.net\/congo-brazzaville\/toutes-les-actualites\/le-magazine-mwana-destine-aux-enfants-est-lance-a-pointe-noire\",\"name\":\"le magazine \u00ab\u00a0mwana\u00a0\u00bb destin\u00e9 aux enfants est lanc\u00e9 \u00e0 pointe-noire - Congo Brazzaville\",\"isPartOf\":{\"@id\":\"https:\/\/www.africa-press.net\/congo-brazzaville\/#website\"},\"primaryImageOfPage\":{\"@id\":\"https:\/\/www.africa-press.net\/congo-brazzaville\/toutes-les-actualites\/le-magazine-mwana-destine-aux-enfants-est-lance-a-pointe-noire#primaryimage\"},\"image\":{\"@id\":\"https:\/\/www.africa-press.net\/congo-brazzaville\/toutes-les-actualites\/le-magazine-mwana-destine-aux-enfants-est-lance-a-pointe-noire#primaryimage\"},\"thumbnailUrl\":\"https:\/\/static.africa-press.net\/congo-brazzaville\/sites\/51\/2023\/03\/postQueueImg_1677772232.53.jpg\",\"datePublished\":\"2023-03-02T19:20:13+00:00\",\"dateModified\":\"2023-03-02T20:05:00+00:00\",\"author\":{\"@id\":\"https:\/\/www.africa-press.net\/congo-brazzaville\/#\/schema\/person\/2b1cf3cd81a31e3cd26889ca66d677f1\"},\"description\":\"Le directeur de publication du magazine Mwana a indique\u0301 le 27 fe\u0301vrier a\u0300 Pointe-Noire que, le magazine est lance\u0301 d ...\",\"breadcrumb\":{\"@id\":\"https:\/\/www.africa-press.net\/congo-brazzaville\/toutes-les-actualites\/le-magazine-mwana-destine-aux-enfants-est-lance-a-pointe-noire#breadcrumb\"},\"inLanguage\":\"fr-FR\",\"potentialAction\":[{\"@type\":\"ReadAction\",\"target\":[\"https:\/\/www.africa-press.net\/congo-brazzaville\/toutes-les-actualites\/le-magazine-mwana-destine-aux-enfants-est-lance-a-pointe-noire\"]}]},{\"@type\":\"ImageObject\",\"inLanguage\":\"fr-FR\",\"@id\":\"https:\/\/www.africa-press.net\/congo-brazzaville\/toutes-les-actualites\/le-magazine-mwana-destine-aux-enfants-est-lance-a-pointe-noire#primaryimage\",\"url\":\"https:\/\/static.africa-press.net\/congo-brazzaville\/sites\/51\/2023\/03\/postQueueImg_1677772232.53.jpg\",\"contentUrl\":\"https:\/\/static.africa-press.net\/congo-brazzaville\/sites\/51\/2023\/03\/postQueueImg_1677772232.53.jpg\",\"width\":630,\"height\":439,\"caption\":\"le magazine \u00ab\u00a0mwana\u00a0\u00bb destin\u00e9 aux enfants est lanc\u00e9 \u00e0 pointe-noire\"},{\"@type\":\"BreadcrumbList\",\"@id\":\"https:\/\/www.africa-press.net\/congo-brazzaville\/toutes-les-actualites\/le-magazine-mwana-destine-aux-enfants-est-lance-a-pointe-noire#breadcrumb\",\"itemListElement\":[{\"@type\":\"ListItem\",\"position\":1,\"name\":\"Accueil\",\"item\":\"https:\/\/www.africa-press.net\/congo-brazzaville\/\"},{\"@type\":\"ListItem\",\"position\":2,\"name\":\"le magazine \u00ab\u00a0mwana\u00a0\u00bb destin\u00e9 aux enfants est lanc\u00e9 \u00e0 pointe-noire\"}]},{\"@type\":\"WebSite\",\"@id\":\"https:\/\/www.africa-press.net\/congo-brazzaville\/#website\",\"url\":\"https:\/\/www.africa-press.net\/congo-brazzaville\/\",\"name\":\"Congo Brazzaville\",\"description\":\"Just another Africa News Agency Sites site\",\"potentialAction\":[{\"@type\":\"SearchAction\",\"target\":{\"@type\":\"EntryPoint\",\"urlTemplate\":\"https:\/\/www.africa-press.net\/congo-brazzaville\/?s={search_term_string}\"},\"query-input\":{\"@type\":\"PropertyValueSpecification\",\"valueRequired\":true,\"valueName\":\"search_term_string\"}}],\"inLanguage\":\"fr-FR\"},{\"@type\":\"Person\",\"@id\":\"https:\/\/www.africa-press.net\/congo-brazzaville\/#\/schema\/person\/2b1cf3cd81a31e3cd26889ca66d677f1\",\"name\":\"cfeditorfr\"}]}<\/script>\n<!-- \/ Yoast SEO Premium plugin. -->","yoast_head_json":{"title":"le magazine \u00ab\u00a0mwana\u00a0\u00bb destin\u00e9 aux enfants est lanc\u00e9 \u00e0 pointe-noire - Congo Brazzaville","description":"Le directeur de publication du magazine Mwana a indique\u0301 le 27 fe\u0301vrier a\u0300 Pointe-Noire que, le magazine est lance\u0301 d ...","robots":{"index":"index","follow":"follow","max-snippet":"max-snippet:-1","max-image-preview":"max-image-preview:large","max-video-preview":"max-video-preview:-1"},"canonical":"https:\/\/www.africa-press.net\/congo-brazzaville\/toutes-les-actualites\/le-magazine-mwana-destine-aux-enfants-est-lance-a-pointe-noire","og_locale":"fr_FR","og_type":"article","og_title":"le magazine \u00ab\u00a0mwana\u00a0\u00bb destin\u00e9 aux enfants est lanc\u00e9 \u00e0 pointe-noire","og_description":"Le directeur de publication du magazine Mwana a indique\u0301 le 27 fe\u0301vrier a\u0300 Pointe-Noire que, le magazine est lance\u0301 d ...","og_url":"https:\/\/www.africa-press.net\/congo-brazzaville\/toutes-les-actualites\/le-magazine-mwana-destine-aux-enfants-est-lance-a-pointe-noire","og_site_name":"Congo Brazzaville","article_published_time":"2023-03-02T19:20:13+00:00","article_modified_time":"2023-03-02T20:05:00+00:00","og_image":[{"width":630,"height":439,"url":"https:\/\/static.africa-press.net\/congo-brazzaville\/sites\/51\/2023\/03\/postQueueImg_1677772232.53.jpg","type":"image\/jpeg"}],"author":"cfeditorfr","twitter_card":"summary_large_image","twitter_misc":{"\u00c9crit par":"cfeditorfr","Dur\u00e9e de lecture estim\u00e9e":"3 minutes"},"schema":{"@context":"https:\/\/schema.org","@graph":[{"@type":"Article","@id":"https:\/\/www.africa-press.net\/congo-brazzaville\/toutes-les-actualites\/le-magazine-mwana-destine-aux-enfants-est-lance-a-pointe-noire#article","isPartOf":{"@id":"https:\/\/www.africa-press.net\/congo-brazzaville\/toutes-les-actualites\/le-magazine-mwana-destine-aux-enfants-est-lance-a-pointe-noire"},"author":{"name":"cfeditorfr","@id":"https:\/\/www.africa-press.net\/congo-brazzaville\/#\/schema\/person\/2b1cf3cd81a31e3cd26889ca66d677f1"},"headline":"le magazine \u00ab\u00a0mwana\u00a0\u00bb destin\u00e9 aux enfants est lanc\u00e9 \u00e0 pointe-noire","datePublished":"2023-03-02T19:20:13+00:00","dateModified":"2023-03-02T20:05:00+00:00","mainEntityOfPage":{"@id":"https:\/\/www.africa-press.net\/congo-brazzaville\/toutes-les-actualites\/le-magazine-mwana-destine-aux-enfants-est-lance-a-pointe-noire"},"wordCount":658,"commentCount":0,"image":{"@id":"https:\/\/www.africa-press.net\/congo-brazzaville\/toutes-les-actualites\/le-magazine-mwana-destine-aux-enfants-est-lance-a-pointe-noire#primaryimage"},"thumbnailUrl":"https:\/\/static.africa-press.net\/congo-brazzaville\/sites\/51\/2023\/03\/postQueueImg_1677772232.53.jpg","keywords":["Africa Press","Africa Press-Congo Brazzaville","Congo Brazzaville"],"articleSection":["Communaut\u00e9","Toutes les actualit\u00e9s"],"inLanguage":"fr-FR","potentialAction":[{"@type":"CommentAction","name":"Comment","target":["https:\/\/www.africa-press.net\/congo-brazzaville\/toutes-les-actualites\/le-magazine-mwana-destine-aux-enfants-est-lance-a-pointe-noire#respond"]}]},{"@type":"WebPage","@id":"https:\/\/www.africa-press.net\/congo-brazzaville\/toutes-les-actualites\/le-magazine-mwana-destine-aux-enfants-est-lance-a-pointe-noire","url":"https:\/\/www.africa-press.net\/congo-brazzaville\/toutes-les-actualites\/le-magazine-mwana-destine-aux-enfants-est-lance-a-pointe-noire","name":"le magazine \u00ab\u00a0mwana\u00a0\u00bb destin\u00e9 aux enfants est lanc\u00e9 \u00e0 pointe-noire - Congo Brazzaville","isPartOf":{"@id":"https:\/\/www.africa-press.net\/congo-brazzaville\/#website"},"primaryImageOfPage":{"@id":"https:\/\/www.africa-press.net\/congo-brazzaville\/toutes-les-actualites\/le-magazine-mwana-destine-aux-enfants-est-lance-a-pointe-noire#primaryimage"},"image":{"@id":"https:\/\/www.africa-press.net\/congo-brazzaville\/toutes-les-actualites\/le-magazine-mwana-destine-aux-enfants-est-lance-a-pointe-noire#primaryimage"},"thumbnailUrl":"https:\/\/static.africa-press.net\/congo-brazzaville\/sites\/51\/2023\/03\/postQueueImg_1677772232.53.jpg","datePublished":"2023-03-02T19:20:13+00:00","dateModified":"2023-03-02T20:05:00+00:00","author":{"@id":"https:\/\/www.africa-press.net\/congo-brazzaville\/#\/schema\/person\/2b1cf3cd81a31e3cd26889ca66d677f1"},"description":"Le directeur de publication du magazine Mwana a indique\u0301 le 27 fe\u0301vrier a\u0300 Pointe-Noire que, le magazine est lance\u0301 d ...","breadcrumb":{"@id":"https:\/\/www.africa-press.net\/congo-brazzaville\/toutes-les-actualites\/le-magazine-mwana-destine-aux-enfants-est-lance-a-pointe-noire#breadcrumb"},"inLanguage":"fr-FR","potentialAction":[{"@type":"ReadAction","target":["https:\/\/www.africa-press.net\/congo-brazzaville\/toutes-les-actualites\/le-magazine-mwana-destine-aux-enfants-est-lance-a-pointe-noire"]}]},{"@type":"ImageObject","inLanguage":"fr-FR","@id":"https:\/\/www.africa-press.net\/congo-brazzaville\/toutes-les-actualites\/le-magazine-mwana-destine-aux-enfants-est-lance-a-pointe-noire#primaryimage","url":"https:\/\/static.africa-press.net\/congo-brazzaville\/sites\/51\/2023\/03\/postQueueImg_1677772232.53.jpg","contentUrl":"https:\/\/static.africa-press.net\/congo-brazzaville\/sites\/51\/2023\/03\/postQueueImg_1677772232.53.jpg","width":630,"height":439,"caption":"le magazine \u00ab\u00a0mwana\u00a0\u00bb destin\u00e9 aux enfants est lanc\u00e9 \u00e0 pointe-noire"},{"@type":"BreadcrumbList","@id":"https:\/\/www.africa-press.net\/congo-brazzaville\/toutes-les-actualites\/le-magazine-mwana-destine-aux-enfants-est-lance-a-pointe-noire#breadcrumb","itemListElement":[{"@type":"ListItem","position":1,"name":"Accueil","item":"https:\/\/www.africa-press.net\/congo-brazzaville\/"},{"@type":"ListItem","position":2,"name":"le magazine \u00ab\u00a0mwana\u00a0\u00bb destin\u00e9 aux enfants est lanc\u00e9 \u00e0 pointe-noire"}]},{"@type":"WebSite","@id":"https:\/\/www.africa-press.net\/congo-brazzaville\/#website","url":"https:\/\/www.africa-press.net\/congo-brazzaville\/","name":"Congo Brazzaville","description":"Just another Africa News Agency Sites site","potentialAction":[{"@type":"SearchAction","target":{"@type":"EntryPoint","urlTemplate":"https:\/\/www.africa-press.net\/congo-brazzaville\/?s={search_term_string}"},"query-input":{"@type":"PropertyValueSpecification","valueRequired":true,"valueName":"search_term_string"}}],"inLanguage":"fr-FR"},{"@type":"Person","@id":"https:\/\/www.africa-press.net\/congo-brazzaville\/#\/schema\/person\/2b1cf3cd81a31e3cd26889ca66d677f1","name":"cfeditorfr"}]}},"_links":{"self":[{"href":"https:\/\/www.africa-press.net\/congo-brazzaville\/wp-json\/wp\/v2\/posts\/15142","targetHints":{"allow":["GET"]}}],"collection":[{"href":"https:\/\/www.africa-press.net\/congo-brazzaville\/wp-json\/wp\/v2\/posts"}],"about":[{"href":"https:\/\/www.africa-press.net\/congo-brazzaville\/wp-json\/wp\/v2\/types\/post"}],"author":[{"embeddable":true,"href":"https:\/\/www.africa-press.net\/congo-brazzaville\/wp-json\/wp\/v2\/users\/82"}],"replies":[{"embeddable":true,"href":"https:\/\/www.africa-press.net\/congo-brazzaville\/wp-json\/wp\/v2\/comments?post=15142"}],"version-history":[{"count":0,"href":"https:\/\/www.africa-press.net\/congo-brazzaville\/wp-json\/wp\/v2\/posts\/15142\/revisions"}],"wp:featuredmedia":[{"embeddable":true,"href":"https:\/\/www.africa-press.net\/congo-brazzaville\/wp-json\/wp\/v2\/media\/15141"}],"wp:attachment":[{"href":"https:\/\/www.africa-press.net\/congo-brazzaville\/wp-json\/wp\/v2\/media?parent=15142"}],"wp:term":[{"taxonomy":"category","embeddable":true,"href":"https:\/\/www.africa-press.net\/congo-brazzaville\/wp-json\/wp\/v2\/categories?post=15142"},{"taxonomy":"post_tag","embeddable":true,"href":"https:\/\/www.africa-press.net\/congo-brazzaville\/wp-json\/wp\/v2\/tags?post=15142"}],"curies":[{"name":"wp","href":"https:\/\/api.w.org\/{rel}","templated":true}]}}