{"id":1515,"date":"2021-11-17T02:49:09","date_gmt":"2021-11-17T02:49:09","guid":{"rendered":"https:\/\/www.africa-press.net\/congo-brazzaville\/?p=1515"},"modified":"2021-11-17T01:27:23","modified_gmt":"2021-11-17T01:27:23","slug":"sante-publique-depistage-et-traitement-gratuits-du-cancer-de-la-peau-en-faveur-des-albinos","status":"publish","type":"post","link":"https:\/\/www.africa-press.net\/congo-brazzaville\/photo\/sante-publique-depistage-et-traitement-gratuits-du-cancer-de-la-peau-en-faveur-des-albinos","title":{"rendered":"Sant\u00e9 publique : d\u00e9pistage et traitement gratuits du cancer de la peau en faveur des albinos"},"content":{"rendered":"<p><span style=\"color: #ff6600\"><strong>Africa-Press &#8211; Congo Brazzaville. <\/strong><\/span><b>Avec l\u2019appui technique des m\u00e9decins russes, l\u2019association \u00ab Jhony Chancel pour les albinos \u00bb organise une s\u00e9rie de traitements de cancer et autres maladies de la peau en faveur des personnes atteintes d\u2019albinisme, du 15 au 25 novembre \u00e0 Brazzaville.<\/b><\/p>\n<p>En mati\u00e8re de sant\u00e9, la premi\u00e8re cause de mortalit\u00e9 chez les albinos est le cancer de la peau, a fait constater Johny Chancel Ngamouana, pr\u00e9sident de l\u2019association \u00ab Jhony Chancel pour les albinos \u00bb, lors du lancement des op\u00e9rations de d\u00e9pistage et de traitement gratuit du cancer de la peau en faveur de cette couche sociale. \u00ab Sur le taux de mortalit\u00e9 li\u00e9 au cancer de la peau \u00e0 l\u2019endroit des albinos, le travail abattu par notre clinique est tel que nous sommes pass\u00e9s de trois d\u00e9c\u00e8s par mois \u00e0 trois d\u00e9c\u00e8s en sept ans avec 468 personnes gu\u00e9ries \u00bb, a-t-il d\u00e9clar\u00e9.<\/p>\n<p>Plusieurs partenaires appuient l\u2019association \u00ab Jhony Chancel pour les albinos \u00bb pour la r\u00e9alisation des op\u00e9rations de d\u00e9pistage et traitement du cancer en cours. Il s\u2019agit notamment de l\u2019ambassade de la Russie qui a fait venir les m\u00e9decins russes, \u00e0 travers le programme \u00ab La vie sans peur du cancer de la peau \u00bb, le consulat de Saint Marin\u2026 \u00ab Nous avons r\u00e9pondu \u00e0 l\u2019appel de l\u2019association \u2018\u2019Jhony Chancel pour les albinos\u2019\u2019 non seulement pour soulager la souffrance des personnes atteintes d\u2019albinisme au Congo mais aussi pour renforcer les capacit\u00e9s des m\u00e9decins congolais car une s\u00e9rie de formations est pr\u00e9vue \u00bb, selon l\u2019ambassadeur de Russie, Gueorguy Tchepik.<\/p>\n<p>L\u2019ambassadeur de la R\u00e9publique d\u00e9mocratique du Congo, Christophe Muzungu, qui est, par ailleurs, doyen du corps diplomatique, met \u00e9galement la main \u00e0 la p\u00e2te. Les m\u00e9decins venus de son pays sont aussi \u00e0 l\u2019\u0153uvre dans le cadre de ces op\u00e9rations.<\/p>\n<p>Les op\u00e9rations de d\u00e9pistage et traitement du cancer en faveur des albinos se d\u00e9roulent \u00e0 la clinique m\u00e9dicale et sociale de l\u2019association \u00ab Jhony Chancel pour les albinos \u00bb, situ\u00e9e pr\u00e8s de la commune de Moungali, quatri\u00e8me arrondissement de Brazzaville. Ladite association a, en outre, sign\u00e9 un accord avec la partie russe afin que les \u00e9chantillons qui seront pr\u00e9lev\u00e9s \u00e0 Brazzaville soient analys\u00e9s dans les laboratoires russes.<\/p>\n\r\n                <style type=\"text\/css\">\r\n                    \r\n                    #td_uid_1_69f49dd7626b6  .td-doubleSlider-2 .td-item1 {\r\n                        background: url(https:\/\/static.africa-press.net\/centrafricaine\/sites\/51\/2021\/11\/img-61945a5782f27-80x60.jpg) 0 0 no-repeat;\r\n                    }\r\n                <\/style>\r\n\r\n                <div id=\"td_uid_1_69f49dd7626b6\" class=\"td-gallery td-slide-on-2-columns\">\r\n                    <div class=\"post_td_gallery\">\r\n                        <div class=\"td-gallery-slide-top\">\r\n                           <div class=\"td-gallery-title\"><\/div>\r\n\r\n                            <div class=\"td-gallery-controls-wrapper\">\r\n                                <div class=\"td-gallery-slide-count\"><span class=\"td-gallery-slide-item-focus\">1<\/span> de 2<\/div>\r\n                                <div class=\"td-gallery-slide-prev-next-but\">\r\n                                    <i class = \"td-icon-left doubleSliderPrevButton\"><\/i>\r\n                                    <i class = \"td-icon-right doubleSliderNextButton\"><\/i>\r\n                                <\/div>\r\n                            <\/div>\r\n                        <\/div>\r\n\r\n                        <div class = \"td-doubleSlider-1 \">\r\n                            <div class = \"td-slider\">\r\n                                \r\n                    <div class = \"td-slide-item td-item1\">\r\n                        <figure class=\"td-slide-galery-figure td-slide-popup-gallery\">\r\n                            <a class=\"slide-gallery-image-link\" href=\"https:\/\/static.africa-press.net\/centrafricaine\/sites\/51\/2021\/11\/img-61945a5782f27.jpg\" title=\"img-61945a5782f27\"  data-caption=\"\"  data-description=\"\">\r\n                                <img decoding=\"async\" src=\"https:\/\/static.africa-press.net\/centrafricaine\/sites\/51\/2021\/11\/img-61945a5782f27.jpg\" srcset=\"https:\/\/static.africa-press.net\/congo-brazzaville\/sites\/51\/2021\/11\/img-61945a5782f27.jpg 1155w, https:\/\/static.africa-press.net\/congo-brazzaville\/sites\/51\/2021\/11\/img-61945a5782f27-300x199.jpg 300w, https:\/\/static.africa-press.net\/congo-brazzaville\/sites\/51\/2021\/11\/img-61945a5782f27-1024x681.jpg 1024w, https:\/\/static.africa-press.net\/congo-brazzaville\/sites\/51\/2021\/11\/img-61945a5782f27-768x511.jpg 768w\" sizes=\"(max-width: 1155px) 100vw, 1155px\" alt=\"\">\r\n                            <\/a>\r\n                            \r\n                        <\/figure>\r\n                    <\/div>\r\n                            <\/div>\r\n                        <\/div>\r\n\r\n                        <div class = \"td-doubleSlider-2\">\r\n                            <div class = \"td-slider\">\r\n                                \r\n                    <div class = \"td-button td-item1\">\r\n                        <div class = \"td-border\"><\/div>\r\n                    <\/div>\r\n                            <\/div>\r\n                        <\/div>\r\n\r\n                    <\/div>\r\n\r\n                <\/div>\r\n                \n<p><strong>Pour plus d&rsquo;informations et d&rsquo;analyses sur la <a href=\"https:\/\/www.africa-press.net\/congo-brazzaville\">Congo Brazzaville<\/a>, suivez <a href=\"https:\/\/www.africa-press.net\/\">Africa-Press<\/a><\/strong><\/p>\n","protected":false},"excerpt":{"rendered":"<p>Africa-Press &#8211; Congo Brazzaville. Avec l\u2019appui technique des m\u00e9decins russes, l\u2019association \u00ab Jhony Chancel pour les albinos \u00bb organise une s\u00e9rie de traitements de cancer et autres maladies de la peau en faveur des personnes atteintes d\u2019albinisme, du 15 au 25 novembre \u00e0 Brazzaville. En mati\u00e8re de sant\u00e9, la premi\u00e8re cause de mortalit\u00e9 chez les [&hellip;]<\/p>\n","protected":false},"author":82,"featured_media":1514,"comment_status":"open","ping_status":"closed","sticky":false,"template":"","format":"standard","meta":{"footnotes":""},"categories":[21,11,8,10],"tags":[36,47,46],"class_list":["post-1515","post","type-post","status-publish","format-standard","has-post-thumbnail","hentry","category-communaute","category-homepage-french","category-photo","category-toutes-les-actualites","tag-africa-press","tag-africa-press-congo-brazzaville","tag-congo-brazzaville"],"yoast_head":"<!-- This site is optimized with the Yoast SEO Premium plugin v26.1 (Yoast SEO v27.0) - https:\/\/yoast.com\/product\/yoast-seo-premium-wordpress\/ -->\n<title>Sant\u00e9 publique : d\u00e9pistage et traitement gratuits du cancer de la peau en faveur des albinos - Congo Brazzaville<\/title>\n<meta name=\"description\" content=\"Avec l\u2019appui technique des m\u00e9decins russes, l\u2019association \u00ab Jhony Chancel pour les albinos \u00bb organise une s\u00e9rie de tr ...\" \/>\n<meta name=\"robots\" content=\"index, follow, max-snippet:-1, max-image-preview:large, max-video-preview:-1\" \/>\n<link rel=\"canonical\" href=\"https:\/\/www.africa-press.net\/congo-brazzaville\/photo\/sante-publique-depistage-et-traitement-gratuits-du-cancer-de-la-peau-en-faveur-des-albinos\" \/>\n<meta property=\"og:locale\" content=\"fr_FR\" \/>\n<meta property=\"og:type\" content=\"article\" \/>\n<meta property=\"og:title\" content=\"Sant\u00e9 publique : d\u00e9pistage et traitement gratuits du cancer de la peau en faveur des albinos\" \/>\n<meta property=\"og:description\" content=\"Avec l\u2019appui technique des m\u00e9decins russes, l\u2019association \u00ab Jhony Chancel pour les albinos \u00bb organise une s\u00e9rie de tr ...\" \/>\n<meta property=\"og:url\" content=\"https:\/\/www.africa-press.net\/congo-brazzaville\/photo\/sante-publique-depistage-et-traitement-gratuits-du-cancer-de-la-peau-en-faveur-des-albinos\" \/>\n<meta property=\"og:site_name\" content=\"Congo Brazzaville\" \/>\n<meta property=\"article:published_time\" content=\"2021-11-17T02:49:09+00:00\" \/>\n<meta property=\"og:image\" content=\"https:\/\/static.africa-press.net\/centrafricaine\/sites\/51\/2021\/11\/img-61945a6150125.jpg\" \/>\n\t<meta property=\"og:image:width\" content=\"1155\" \/>\n\t<meta property=\"og:image:height\" content=\"768\" \/>\n\t<meta property=\"og:image:type\" content=\"image\/jpeg\" \/>\n<meta name=\"author\" content=\"cfeditorfr\" \/>\n<meta name=\"twitter:card\" content=\"summary_large_image\" \/>\n<meta name=\"twitter:label1\" content=\"\u00c9crit par\" \/>\n\t<meta name=\"twitter:data1\" content=\"cfeditorfr\" \/>\n\t<meta name=\"twitter:label2\" content=\"Dur\u00e9e de lecture estim\u00e9e\" \/>\n\t<meta name=\"twitter:data2\" content=\"2 minutes\" \/>\n<script type=\"application\/ld+json\" class=\"yoast-schema-graph\">{\"@context\":\"https:\/\/schema.org\",\"@graph\":[{\"@type\":\"Article\",\"@id\":\"https:\/\/www.africa-press.net\/congo-brazzaville\/photo\/sante-publique-depistage-et-traitement-gratuits-du-cancer-de-la-peau-en-faveur-des-albinos#article\",\"isPartOf\":{\"@id\":\"https:\/\/www.africa-press.net\/congo-brazzaville\/photo\/sante-publique-depistage-et-traitement-gratuits-du-cancer-de-la-peau-en-faveur-des-albinos\"},\"author\":{\"name\":\"cfeditorfr\",\"@id\":\"https:\/\/www.africa-press.net\/congo-brazzaville\/#\/schema\/person\/2b1cf3cd81a31e3cd26889ca66d677f1\"},\"headline\":\"Sant\u00e9 publique : d\u00e9pistage et traitement gratuits du cancer de la peau en faveur des albinos\",\"datePublished\":\"2021-11-17T02:49:09+00:00\",\"mainEntityOfPage\":{\"@id\":\"https:\/\/www.africa-press.net\/congo-brazzaville\/photo\/sante-publique-depistage-et-traitement-gratuits-du-cancer-de-la-peau-en-faveur-des-albinos\"},\"wordCount\":426,\"commentCount\":0,\"image\":{\"@id\":\"https:\/\/www.africa-press.net\/congo-brazzaville\/photo\/sante-publique-depistage-et-traitement-gratuits-du-cancer-de-la-peau-en-faveur-des-albinos#primaryimage\"},\"thumbnailUrl\":\"https:\/\/static.africa-press.net\/centrafricaine\/sites\/51\/2021\/11\/img-61945a6150125.jpg\",\"keywords\":[\"Africa Press\",\"Africa Press-Congo Brazzaville\",\"Congo Brazzaville\"],\"articleSection\":[\"Communaut\u00e9\",\"homepage-french\",\"Photo\",\"Toutes les actualit\u00e9s\"],\"inLanguage\":\"fr-FR\",\"potentialAction\":[{\"@type\":\"CommentAction\",\"name\":\"Comment\",\"target\":[\"https:\/\/www.africa-press.net\/congo-brazzaville\/photo\/sante-publique-depistage-et-traitement-gratuits-du-cancer-de-la-peau-en-faveur-des-albinos#respond\"]}]},{\"@type\":\"WebPage\",\"@id\":\"https:\/\/www.africa-press.net\/congo-brazzaville\/photo\/sante-publique-depistage-et-traitement-gratuits-du-cancer-de-la-peau-en-faveur-des-albinos\",\"url\":\"https:\/\/www.africa-press.net\/congo-brazzaville\/photo\/sante-publique-depistage-et-traitement-gratuits-du-cancer-de-la-peau-en-faveur-des-albinos\",\"name\":\"Sant\u00e9 publique : d\u00e9pistage et traitement gratuits du cancer de la peau en faveur des albinos - Congo Brazzaville\",\"isPartOf\":{\"@id\":\"https:\/\/www.africa-press.net\/congo-brazzaville\/#website\"},\"primaryImageOfPage\":{\"@id\":\"https:\/\/www.africa-press.net\/congo-brazzaville\/photo\/sante-publique-depistage-et-traitement-gratuits-du-cancer-de-la-peau-en-faveur-des-albinos#primaryimage\"},\"image\":{\"@id\":\"https:\/\/www.africa-press.net\/congo-brazzaville\/photo\/sante-publique-depistage-et-traitement-gratuits-du-cancer-de-la-peau-en-faveur-des-albinos#primaryimage\"},\"thumbnailUrl\":\"https:\/\/static.africa-press.net\/centrafricaine\/sites\/51\/2021\/11\/img-61945a6150125.jpg\",\"datePublished\":\"2021-11-17T02:49:09+00:00\",\"author\":{\"@id\":\"https:\/\/www.africa-press.net\/congo-brazzaville\/#\/schema\/person\/2b1cf3cd81a31e3cd26889ca66d677f1\"},\"description\":\"Avec l\u2019appui technique des m\u00e9decins russes, l\u2019association \u00ab Jhony Chancel pour les albinos \u00bb organise une s\u00e9rie de tr ...\",\"breadcrumb\":{\"@id\":\"https:\/\/www.africa-press.net\/congo-brazzaville\/photo\/sante-publique-depistage-et-traitement-gratuits-du-cancer-de-la-peau-en-faveur-des-albinos#breadcrumb\"},\"inLanguage\":\"fr-FR\",\"potentialAction\":[{\"@type\":\"ReadAction\",\"target\":[\"https:\/\/www.africa-press.net\/congo-brazzaville\/photo\/sante-publique-depistage-et-traitement-gratuits-du-cancer-de-la-peau-en-faveur-des-albinos\"]}]},{\"@type\":\"ImageObject\",\"inLanguage\":\"fr-FR\",\"@id\":\"https:\/\/www.africa-press.net\/congo-brazzaville\/photo\/sante-publique-depistage-et-traitement-gratuits-du-cancer-de-la-peau-en-faveur-des-albinos#primaryimage\",\"url\":\"https:\/\/static.africa-press.net\/centrafricaine\/sites\/51\/2021\/11\/img-61945a6150125.jpg\",\"contentUrl\":\"https:\/\/static.africa-press.net\/centrafricaine\/sites\/51\/2021\/11\/img-61945a6150125.jpg\",\"width\":1155,\"height\":768,\"caption\":\"Sant\u00e9 publique : d\u00e9pistage et traitement gratuits du cancer de la peau en faveur des albinos\"},{\"@type\":\"BreadcrumbList\",\"@id\":\"https:\/\/www.africa-press.net\/congo-brazzaville\/photo\/sante-publique-depistage-et-traitement-gratuits-du-cancer-de-la-peau-en-faveur-des-albinos#breadcrumb\",\"itemListElement\":[{\"@type\":\"ListItem\",\"position\":1,\"name\":\"Accueil\",\"item\":\"https:\/\/www.africa-press.net\/congo-brazzaville\/\"},{\"@type\":\"ListItem\",\"position\":2,\"name\":\"Sant\u00e9 publique : d\u00e9pistage et traitement gratuits du cancer de la peau en faveur des albinos\"}]},{\"@type\":\"WebSite\",\"@id\":\"https:\/\/www.africa-press.net\/congo-brazzaville\/#website\",\"url\":\"https:\/\/www.africa-press.net\/congo-brazzaville\/\",\"name\":\"Congo Brazzaville\",\"description\":\"Just another Africa News Agency Sites site\",\"potentialAction\":[{\"@type\":\"SearchAction\",\"target\":{\"@type\":\"EntryPoint\",\"urlTemplate\":\"https:\/\/www.africa-press.net\/congo-brazzaville\/?s={search_term_string}\"},\"query-input\":{\"@type\":\"PropertyValueSpecification\",\"valueRequired\":true,\"valueName\":\"search_term_string\"}}],\"inLanguage\":\"fr-FR\"},{\"@type\":\"Person\",\"@id\":\"https:\/\/www.africa-press.net\/congo-brazzaville\/#\/schema\/person\/2b1cf3cd81a31e3cd26889ca66d677f1\",\"name\":\"cfeditorfr\"}]}<\/script>\n<!-- \/ Yoast SEO Premium plugin. -->","yoast_head_json":{"title":"Sant\u00e9 publique : d\u00e9pistage et traitement gratuits du cancer de la peau en faveur des albinos - Congo Brazzaville","description":"Avec l\u2019appui technique des m\u00e9decins russes, l\u2019association \u00ab Jhony Chancel pour les albinos \u00bb organise une s\u00e9rie de tr ...","robots":{"index":"index","follow":"follow","max-snippet":"max-snippet:-1","max-image-preview":"max-image-preview:large","max-video-preview":"max-video-preview:-1"},"canonical":"https:\/\/www.africa-press.net\/congo-brazzaville\/photo\/sante-publique-depistage-et-traitement-gratuits-du-cancer-de-la-peau-en-faveur-des-albinos","og_locale":"fr_FR","og_type":"article","og_title":"Sant\u00e9 publique : d\u00e9pistage et traitement gratuits du cancer de la peau en faveur des albinos","og_description":"Avec l\u2019appui technique des m\u00e9decins russes, l\u2019association \u00ab Jhony Chancel pour les albinos \u00bb organise une s\u00e9rie de tr ...","og_url":"https:\/\/www.africa-press.net\/congo-brazzaville\/photo\/sante-publique-depistage-et-traitement-gratuits-du-cancer-de-la-peau-en-faveur-des-albinos","og_site_name":"Congo Brazzaville","article_published_time":"2021-11-17T02:49:09+00:00","og_image":[{"width":1155,"height":768,"url":"https:\/\/static.africa-press.net\/centrafricaine\/sites\/51\/2021\/11\/img-61945a6150125.jpg","type":"image\/jpeg"}],"author":"cfeditorfr","twitter_card":"summary_large_image","twitter_misc":{"\u00c9crit par":"cfeditorfr","Dur\u00e9e de lecture estim\u00e9e":"2 minutes"},"schema":{"@context":"https:\/\/schema.org","@graph":[{"@type":"Article","@id":"https:\/\/www.africa-press.net\/congo-brazzaville\/photo\/sante-publique-depistage-et-traitement-gratuits-du-cancer-de-la-peau-en-faveur-des-albinos#article","isPartOf":{"@id":"https:\/\/www.africa-press.net\/congo-brazzaville\/photo\/sante-publique-depistage-et-traitement-gratuits-du-cancer-de-la-peau-en-faveur-des-albinos"},"author":{"name":"cfeditorfr","@id":"https:\/\/www.africa-press.net\/congo-brazzaville\/#\/schema\/person\/2b1cf3cd81a31e3cd26889ca66d677f1"},"headline":"Sant\u00e9 publique : d\u00e9pistage et traitement gratuits du cancer de la peau en faveur des albinos","datePublished":"2021-11-17T02:49:09+00:00","mainEntityOfPage":{"@id":"https:\/\/www.africa-press.net\/congo-brazzaville\/photo\/sante-publique-depistage-et-traitement-gratuits-du-cancer-de-la-peau-en-faveur-des-albinos"},"wordCount":426,"commentCount":0,"image":{"@id":"https:\/\/www.africa-press.net\/congo-brazzaville\/photo\/sante-publique-depistage-et-traitement-gratuits-du-cancer-de-la-peau-en-faveur-des-albinos#primaryimage"},"thumbnailUrl":"https:\/\/static.africa-press.net\/centrafricaine\/sites\/51\/2021\/11\/img-61945a6150125.jpg","keywords":["Africa Press","Africa Press-Congo Brazzaville","Congo Brazzaville"],"articleSection":["Communaut\u00e9","homepage-french","Photo","Toutes les actualit\u00e9s"],"inLanguage":"fr-FR","potentialAction":[{"@type":"CommentAction","name":"Comment","target":["https:\/\/www.africa-press.net\/congo-brazzaville\/photo\/sante-publique-depistage-et-traitement-gratuits-du-cancer-de-la-peau-en-faveur-des-albinos#respond"]}]},{"@type":"WebPage","@id":"https:\/\/www.africa-press.net\/congo-brazzaville\/photo\/sante-publique-depistage-et-traitement-gratuits-du-cancer-de-la-peau-en-faveur-des-albinos","url":"https:\/\/www.africa-press.net\/congo-brazzaville\/photo\/sante-publique-depistage-et-traitement-gratuits-du-cancer-de-la-peau-en-faveur-des-albinos","name":"Sant\u00e9 publique : d\u00e9pistage et traitement gratuits du cancer de la peau en faveur des albinos - Congo Brazzaville","isPartOf":{"@id":"https:\/\/www.africa-press.net\/congo-brazzaville\/#website"},"primaryImageOfPage":{"@id":"https:\/\/www.africa-press.net\/congo-brazzaville\/photo\/sante-publique-depistage-et-traitement-gratuits-du-cancer-de-la-peau-en-faveur-des-albinos#primaryimage"},"image":{"@id":"https:\/\/www.africa-press.net\/congo-brazzaville\/photo\/sante-publique-depistage-et-traitement-gratuits-du-cancer-de-la-peau-en-faveur-des-albinos#primaryimage"},"thumbnailUrl":"https:\/\/static.africa-press.net\/centrafricaine\/sites\/51\/2021\/11\/img-61945a6150125.jpg","datePublished":"2021-11-17T02:49:09+00:00","author":{"@id":"https:\/\/www.africa-press.net\/congo-brazzaville\/#\/schema\/person\/2b1cf3cd81a31e3cd26889ca66d677f1"},"description":"Avec l\u2019appui technique des m\u00e9decins russes, l\u2019association \u00ab Jhony Chancel pour les albinos \u00bb organise une s\u00e9rie de tr ...","breadcrumb":{"@id":"https:\/\/www.africa-press.net\/congo-brazzaville\/photo\/sante-publique-depistage-et-traitement-gratuits-du-cancer-de-la-peau-en-faveur-des-albinos#breadcrumb"},"inLanguage":"fr-FR","potentialAction":[{"@type":"ReadAction","target":["https:\/\/www.africa-press.net\/congo-brazzaville\/photo\/sante-publique-depistage-et-traitement-gratuits-du-cancer-de-la-peau-en-faveur-des-albinos"]}]},{"@type":"ImageObject","inLanguage":"fr-FR","@id":"https:\/\/www.africa-press.net\/congo-brazzaville\/photo\/sante-publique-depistage-et-traitement-gratuits-du-cancer-de-la-peau-en-faveur-des-albinos#primaryimage","url":"https:\/\/static.africa-press.net\/centrafricaine\/sites\/51\/2021\/11\/img-61945a6150125.jpg","contentUrl":"https:\/\/static.africa-press.net\/centrafricaine\/sites\/51\/2021\/11\/img-61945a6150125.jpg","width":1155,"height":768,"caption":"Sant\u00e9 publique : d\u00e9pistage et traitement gratuits du cancer de la peau en faveur des albinos"},{"@type":"BreadcrumbList","@id":"https:\/\/www.africa-press.net\/congo-brazzaville\/photo\/sante-publique-depistage-et-traitement-gratuits-du-cancer-de-la-peau-en-faveur-des-albinos#breadcrumb","itemListElement":[{"@type":"ListItem","position":1,"name":"Accueil","item":"https:\/\/www.africa-press.net\/congo-brazzaville\/"},{"@type":"ListItem","position":2,"name":"Sant\u00e9 publique : d\u00e9pistage et traitement gratuits du cancer de la peau en faveur des albinos"}]},{"@type":"WebSite","@id":"https:\/\/www.africa-press.net\/congo-brazzaville\/#website","url":"https:\/\/www.africa-press.net\/congo-brazzaville\/","name":"Congo Brazzaville","description":"Just another Africa News Agency Sites site","potentialAction":[{"@type":"SearchAction","target":{"@type":"EntryPoint","urlTemplate":"https:\/\/www.africa-press.net\/congo-brazzaville\/?s={search_term_string}"},"query-input":{"@type":"PropertyValueSpecification","valueRequired":true,"valueName":"search_term_string"}}],"inLanguage":"fr-FR"},{"@type":"Person","@id":"https:\/\/www.africa-press.net\/congo-brazzaville\/#\/schema\/person\/2b1cf3cd81a31e3cd26889ca66d677f1","name":"cfeditorfr"}]}},"_links":{"self":[{"href":"https:\/\/www.africa-press.net\/congo-brazzaville\/wp-json\/wp\/v2\/posts\/1515","targetHints":{"allow":["GET"]}}],"collection":[{"href":"https:\/\/www.africa-press.net\/congo-brazzaville\/wp-json\/wp\/v2\/posts"}],"about":[{"href":"https:\/\/www.africa-press.net\/congo-brazzaville\/wp-json\/wp\/v2\/types\/post"}],"author":[{"embeddable":true,"href":"https:\/\/www.africa-press.net\/congo-brazzaville\/wp-json\/wp\/v2\/users\/82"}],"replies":[{"embeddable":true,"href":"https:\/\/www.africa-press.net\/congo-brazzaville\/wp-json\/wp\/v2\/comments?post=1515"}],"version-history":[{"count":0,"href":"https:\/\/www.africa-press.net\/congo-brazzaville\/wp-json\/wp\/v2\/posts\/1515\/revisions"}],"wp:featuredmedia":[{"embeddable":true,"href":"https:\/\/www.africa-press.net\/congo-brazzaville\/wp-json\/wp\/v2\/media\/1514"}],"wp:attachment":[{"href":"https:\/\/www.africa-press.net\/congo-brazzaville\/wp-json\/wp\/v2\/media?parent=1515"}],"wp:term":[{"taxonomy":"category","embeddable":true,"href":"https:\/\/www.africa-press.net\/congo-brazzaville\/wp-json\/wp\/v2\/categories?post=1515"},{"taxonomy":"post_tag","embeddable":true,"href":"https:\/\/www.africa-press.net\/congo-brazzaville\/wp-json\/wp\/v2\/tags?post=1515"}],"curies":[{"name":"wp","href":"https:\/\/api.w.org\/{rel}","templated":true}]}}