{"id":15162,"date":"2023-03-03T12:38:08","date_gmt":"2023-03-03T12:38:08","guid":{"rendered":"https:\/\/www.africa-press.net\/congo-brazzaville\/politique\/la-necessite-de-placer-la-decentralisation-au-coeur-de-la-politique-de-developpement"},"modified":"2023-03-03T13:22:56","modified_gmt":"2023-03-03T13:22:56","slug":"la-necessite-de-placer-la-decentralisation-au-coeur-de-la-politique-de-developpement","status":"publish","type":"post","link":"https:\/\/www.africa-press.net\/congo-brazzaville\/politique\/la-necessite-de-placer-la-decentralisation-au-coeur-de-la-politique-de-developpement","title":{"rendered":"la n\u00e9cessit\u00e9 de placer la d\u00e9centralisation au c\u0153ur de la politique de d\u00e9veloppement"},"content":{"rendered":"<p><span style=\"color: #ff6600\"><strong>Africa-Press &#8211; Congo Brazzaville. <\/strong><\/span><b>Le Premier ministre, Anatole Collinet Makosso a releve\u0301 le 2 mars a\u0300 Brazzaville, la ne\u0301cessite\u0301 de placer la de\u0301centralisation au centre de la politique de de\u0301veloppement du pays, ce, conforme\u0301ment au projet de socie\u0301te\u0301 du Pre\u0301sident de la Re\u0301publique, \u00ab La marche vers le de\u0301veloppement\u00bb.<\/b><\/p>\n<p>La de\u0301centralisation fait partie inte\u0301grante de l\u2019action du gouvernement. Et fort, des instructions du Pre\u0301sident d u Chef de l\u2019Etat Denis Sassou N\u2019Guesso pour rendre effective la de\u0301centralisation que le gouvernement se re\u0301jouit de la tenue du forum sur la revitalisation et la redynamisation de la de\u0301centralisation et du de\u0301veloppement local en Re\u0301publique du Congo, a indique\u0301 le Chef du gouvernement Anatole Collinet Makosso, a\u0300 lancement du forum sur la de\u0301centralisation et du de\u0301veloppement local.<\/p>\n<p>Anatole Collinet Makosso a estime\u0301 qu\u2019ayant fait de la de\u0301centralisation l\u2019un des de\u0301fis de l\u2019action du gouvernement, son effectivite\u0301 passera entre autres par le transfert des moyens et des compe\u0301tences aux collectivite\u0301s territoriales et de la mise en place des outils d\u2019appui et d\u2019accompagnement innovants pour la de\u0301centralisation<\/p>\n<p>Intervenant a\u0300 ces assises, le ministre de\u0301le\u0301gue\u0301, charge\u0301 de de\u0301centralisation et du de\u0301veloppement local, Juste De\u0301sire\u0301 Monde\u0301le\u0301 a fait savoir qu\u2019 \u00ab au cours de ce forum, vous e\u0302tes appele\u0301s e\u0301lus locaux, animateurs des conseils de\u0301partementaux et municipaux, socie\u0301te\u0301 civil, acteurs e\u0301conomiques, autorite\u0301s de\u0301concentre\u0301es, partenaires au de\u0301veloppement ainsi que tous nos invite\u0301s des collectivite\u0301s territoriales des pays amis, a\u0300 approfondir la re\u0301flexion pour aboutir a\u0300 des re\u0301solutions pragmatiques et utiles a\u0300 la mise en \u0153uvre attendue de la de\u0301centralisation et du de\u0301veloppement local en Re\u0301publique du Congo \u00bb.<\/p>\n<p>Les re\u0301sultats de ce forum, devraient a\u0300 n\u2019en point douter marquer une nouvelle dynamique intelligente et efficace dans le processus d\u2019une approche nouvelle de de\u0301veloppement territorial ainsi que l\u2019e\u0301tablissement des me\u0301canismes innovants de financement des programmes et projets des collectivite\u0301s territoriales, a conclu le ministre Juste De\u0301sire\u0301 Monde\u0301le\u0301.<\/p>\n<p><strong>Pour plus d&rsquo;informations et d&rsquo;analyses sur la <a href=\"https:\/\/www.africa-press.net\/congo-brazzaville\">Congo Brazzaville<\/a>, suivez <a href=\"https:\/\/www.africa-press.net\/\">Africa-Press<\/a><\/strong><\/p>\n","protected":false},"excerpt":{"rendered":"<p>Africa-Press &#8211; Congo Brazzaville. Le Premier ministre, Anatole Collinet Makosso a releve\u0301 le 2 mars a\u0300 Brazzaville, la ne\u0301cessite\u0301 de placer la de\u0301centralisation au centre de la politique de de\u0301veloppement du pays, ce, conforme\u0301ment au projet de socie\u0301te\u0301 du Pre\u0301sident de la Re\u0301publique, \u00ab La marche vers le de\u0301veloppement\u00bb. La de\u0301centralisation fait partie inte\u0301grante de [&hellip;]<\/p>\n","protected":false},"author":82,"featured_media":15161,"comment_status":"open","ping_status":"closed","sticky":false,"template":"","format":"standard","meta":{"footnotes":""},"categories":[2,10],"tags":[36,47,46],"class_list":["post-15162","post","type-post","status-publish","format-standard","has-post-thumbnail","hentry","category-politique","category-toutes-les-actualites","tag-africa-press","tag-africa-press-congo-brazzaville","tag-congo-brazzaville"],"yoast_head":"<!-- This site is optimized with the Yoast SEO Premium plugin v26.1 (Yoast SEO v27.0) - https:\/\/yoast.com\/product\/yoast-seo-premium-wordpress\/ -->\n<title>la n\u00e9cessit\u00e9 de placer la d\u00e9centralisation au c\u0153ur de la politique de d\u00e9veloppement - Congo Brazzaville<\/title>\n<meta name=\"description\" content=\"Le Premier ministre, Anatole Collinet Makosso a releve\u0301 le 2 mars a\u0300 Brazzaville, la ne\u0301cessite\u0301 de placer la de\u0301cent ...\" \/>\n<meta name=\"robots\" content=\"index, follow, max-snippet:-1, max-image-preview:large, max-video-preview:-1\" \/>\n<link rel=\"canonical\" href=\"https:\/\/www.africa-press.net\/congo-brazzaville\/politique\/la-necessite-de-placer-la-decentralisation-au-coeur-de-la-politique-de-developpement\" \/>\n<meta property=\"og:locale\" content=\"fr_FR\" \/>\n<meta property=\"og:type\" content=\"article\" \/>\n<meta property=\"og:title\" content=\"la n\u00e9cessit\u00e9 de placer la d\u00e9centralisation au c\u0153ur de la politique de d\u00e9veloppement\" \/>\n<meta property=\"og:description\" content=\"Le Premier ministre, Anatole Collinet Makosso a releve\u0301 le 2 mars a\u0300 Brazzaville, la ne\u0301cessite\u0301 de placer la de\u0301cent ...\" \/>\n<meta property=\"og:url\" content=\"https:\/\/www.africa-press.net\/congo-brazzaville\/politique\/la-necessite-de-placer-la-decentralisation-au-coeur-de-la-politique-de-developpement\" \/>\n<meta property=\"og:site_name\" content=\"Congo Brazzaville\" \/>\n<meta property=\"article:published_time\" content=\"2023-03-03T12:38:08+00:00\" \/>\n<meta property=\"article:modified_time\" content=\"2023-03-03T13:22:56+00:00\" \/>\n<meta property=\"og:image\" content=\"https:\/\/static.africa-press.net\/congo-brazzaville\/sites\/51\/2023\/03\/postQueueImg_1677834496.14.jpg\" \/>\n\t<meta property=\"og:image:width\" content=\"933\" \/>\n\t<meta property=\"og:image:height\" content=\"445\" \/>\n\t<meta property=\"og:image:type\" content=\"image\/jpeg\" \/>\n<meta name=\"author\" content=\"cfeditorfr\" \/>\n<meta name=\"twitter:card\" content=\"summary_large_image\" \/>\n<meta name=\"twitter:label1\" content=\"\u00c9crit par\" \/>\n\t<meta name=\"twitter:data1\" content=\"cfeditorfr\" \/>\n\t<meta name=\"twitter:label2\" content=\"Dur\u00e9e de lecture estim\u00e9e\" \/>\n\t<meta name=\"twitter:data2\" content=\"2 minutes\" \/>\n<script type=\"application\/ld+json\" class=\"yoast-schema-graph\">{\"@context\":\"https:\/\/schema.org\",\"@graph\":[{\"@type\":\"Article\",\"@id\":\"https:\/\/www.africa-press.net\/congo-brazzaville\/politique\/la-necessite-de-placer-la-decentralisation-au-coeur-de-la-politique-de-developpement#article\",\"isPartOf\":{\"@id\":\"https:\/\/www.africa-press.net\/congo-brazzaville\/politique\/la-necessite-de-placer-la-decentralisation-au-coeur-de-la-politique-de-developpement\"},\"author\":{\"name\":\"cfeditorfr\",\"@id\":\"https:\/\/www.africa-press.net\/congo-brazzaville\/#\/schema\/person\/2b1cf3cd81a31e3cd26889ca66d677f1\"},\"headline\":\"la n\u00e9cessit\u00e9 de placer la d\u00e9centralisation au c\u0153ur de la politique de d\u00e9veloppement\",\"datePublished\":\"2023-03-03T12:38:08+00:00\",\"dateModified\":\"2023-03-03T13:22:56+00:00\",\"mainEntityOfPage\":{\"@id\":\"https:\/\/www.africa-press.net\/congo-brazzaville\/politique\/la-necessite-de-placer-la-decentralisation-au-coeur-de-la-politique-de-developpement\"},\"wordCount\":398,\"commentCount\":0,\"image\":{\"@id\":\"https:\/\/www.africa-press.net\/congo-brazzaville\/politique\/la-necessite-de-placer-la-decentralisation-au-coeur-de-la-politique-de-developpement#primaryimage\"},\"thumbnailUrl\":\"https:\/\/static.africa-press.net\/congo-brazzaville\/sites\/51\/2023\/03\/postQueueImg_1677834496.14.jpg\",\"keywords\":[\"Africa Press\",\"Africa Press-Congo Brazzaville\",\"Congo Brazzaville\"],\"articleSection\":[\"Politique\",\"Toutes les actualit\u00e9s\"],\"inLanguage\":\"fr-FR\",\"potentialAction\":[{\"@type\":\"CommentAction\",\"name\":\"Comment\",\"target\":[\"https:\/\/www.africa-press.net\/congo-brazzaville\/politique\/la-necessite-de-placer-la-decentralisation-au-coeur-de-la-politique-de-developpement#respond\"]}]},{\"@type\":\"WebPage\",\"@id\":\"https:\/\/www.africa-press.net\/congo-brazzaville\/politique\/la-necessite-de-placer-la-decentralisation-au-coeur-de-la-politique-de-developpement\",\"url\":\"https:\/\/www.africa-press.net\/congo-brazzaville\/politique\/la-necessite-de-placer-la-decentralisation-au-coeur-de-la-politique-de-developpement\",\"name\":\"la n\u00e9cessit\u00e9 de placer la d\u00e9centralisation au c\u0153ur de la politique de d\u00e9veloppement - Congo Brazzaville\",\"isPartOf\":{\"@id\":\"https:\/\/www.africa-press.net\/congo-brazzaville\/#website\"},\"primaryImageOfPage\":{\"@id\":\"https:\/\/www.africa-press.net\/congo-brazzaville\/politique\/la-necessite-de-placer-la-decentralisation-au-coeur-de-la-politique-de-developpement#primaryimage\"},\"image\":{\"@id\":\"https:\/\/www.africa-press.net\/congo-brazzaville\/politique\/la-necessite-de-placer-la-decentralisation-au-coeur-de-la-politique-de-developpement#primaryimage\"},\"thumbnailUrl\":\"https:\/\/static.africa-press.net\/congo-brazzaville\/sites\/51\/2023\/03\/postQueueImg_1677834496.14.jpg\",\"datePublished\":\"2023-03-03T12:38:08+00:00\",\"dateModified\":\"2023-03-03T13:22:56+00:00\",\"author\":{\"@id\":\"https:\/\/www.africa-press.net\/congo-brazzaville\/#\/schema\/person\/2b1cf3cd81a31e3cd26889ca66d677f1\"},\"description\":\"Le Premier ministre, Anatole Collinet Makosso a releve\u0301 le 2 mars a\u0300 Brazzaville, la ne\u0301cessite\u0301 de placer la de\u0301cent ...\",\"breadcrumb\":{\"@id\":\"https:\/\/www.africa-press.net\/congo-brazzaville\/politique\/la-necessite-de-placer-la-decentralisation-au-coeur-de-la-politique-de-developpement#breadcrumb\"},\"inLanguage\":\"fr-FR\",\"potentialAction\":[{\"@type\":\"ReadAction\",\"target\":[\"https:\/\/www.africa-press.net\/congo-brazzaville\/politique\/la-necessite-de-placer-la-decentralisation-au-coeur-de-la-politique-de-developpement\"]}]},{\"@type\":\"ImageObject\",\"inLanguage\":\"fr-FR\",\"@id\":\"https:\/\/www.africa-press.net\/congo-brazzaville\/politique\/la-necessite-de-placer-la-decentralisation-au-coeur-de-la-politique-de-developpement#primaryimage\",\"url\":\"https:\/\/static.africa-press.net\/congo-brazzaville\/sites\/51\/2023\/03\/postQueueImg_1677834496.14.jpg\",\"contentUrl\":\"https:\/\/static.africa-press.net\/congo-brazzaville\/sites\/51\/2023\/03\/postQueueImg_1677834496.14.jpg\",\"width\":933,\"height\":445,\"caption\":\"la n\u00e9cessit\u00e9 de placer la d\u00e9centralisation au c\u0153ur de la politique de d\u00e9veloppement\"},{\"@type\":\"BreadcrumbList\",\"@id\":\"https:\/\/www.africa-press.net\/congo-brazzaville\/politique\/la-necessite-de-placer-la-decentralisation-au-coeur-de-la-politique-de-developpement#breadcrumb\",\"itemListElement\":[{\"@type\":\"ListItem\",\"position\":1,\"name\":\"Accueil\",\"item\":\"https:\/\/www.africa-press.net\/congo-brazzaville\/\"},{\"@type\":\"ListItem\",\"position\":2,\"name\":\"la n\u00e9cessit\u00e9 de placer la d\u00e9centralisation au c\u0153ur de la politique de d\u00e9veloppement\"}]},{\"@type\":\"WebSite\",\"@id\":\"https:\/\/www.africa-press.net\/congo-brazzaville\/#website\",\"url\":\"https:\/\/www.africa-press.net\/congo-brazzaville\/\",\"name\":\"Congo Brazzaville\",\"description\":\"Just another Africa News Agency Sites site\",\"potentialAction\":[{\"@type\":\"SearchAction\",\"target\":{\"@type\":\"EntryPoint\",\"urlTemplate\":\"https:\/\/www.africa-press.net\/congo-brazzaville\/?s={search_term_string}\"},\"query-input\":{\"@type\":\"PropertyValueSpecification\",\"valueRequired\":true,\"valueName\":\"search_term_string\"}}],\"inLanguage\":\"fr-FR\"},{\"@type\":\"Person\",\"@id\":\"https:\/\/www.africa-press.net\/congo-brazzaville\/#\/schema\/person\/2b1cf3cd81a31e3cd26889ca66d677f1\",\"name\":\"cfeditorfr\"}]}<\/script>\n<!-- \/ Yoast SEO Premium plugin. -->","yoast_head_json":{"title":"la n\u00e9cessit\u00e9 de placer la d\u00e9centralisation au c\u0153ur de la politique de d\u00e9veloppement - Congo Brazzaville","description":"Le Premier ministre, Anatole Collinet Makosso a releve\u0301 le 2 mars a\u0300 Brazzaville, la ne\u0301cessite\u0301 de placer la de\u0301cent ...","robots":{"index":"index","follow":"follow","max-snippet":"max-snippet:-1","max-image-preview":"max-image-preview:large","max-video-preview":"max-video-preview:-1"},"canonical":"https:\/\/www.africa-press.net\/congo-brazzaville\/politique\/la-necessite-de-placer-la-decentralisation-au-coeur-de-la-politique-de-developpement","og_locale":"fr_FR","og_type":"article","og_title":"la n\u00e9cessit\u00e9 de placer la d\u00e9centralisation au c\u0153ur de la politique de d\u00e9veloppement","og_description":"Le Premier ministre, Anatole Collinet Makosso a releve\u0301 le 2 mars a\u0300 Brazzaville, la ne\u0301cessite\u0301 de placer la de\u0301cent ...","og_url":"https:\/\/www.africa-press.net\/congo-brazzaville\/politique\/la-necessite-de-placer-la-decentralisation-au-coeur-de-la-politique-de-developpement","og_site_name":"Congo Brazzaville","article_published_time":"2023-03-03T12:38:08+00:00","article_modified_time":"2023-03-03T13:22:56+00:00","og_image":[{"width":933,"height":445,"url":"https:\/\/static.africa-press.net\/congo-brazzaville\/sites\/51\/2023\/03\/postQueueImg_1677834496.14.jpg","type":"image\/jpeg"}],"author":"cfeditorfr","twitter_card":"summary_large_image","twitter_misc":{"\u00c9crit par":"cfeditorfr","Dur\u00e9e de lecture estim\u00e9e":"2 minutes"},"schema":{"@context":"https:\/\/schema.org","@graph":[{"@type":"Article","@id":"https:\/\/www.africa-press.net\/congo-brazzaville\/politique\/la-necessite-de-placer-la-decentralisation-au-coeur-de-la-politique-de-developpement#article","isPartOf":{"@id":"https:\/\/www.africa-press.net\/congo-brazzaville\/politique\/la-necessite-de-placer-la-decentralisation-au-coeur-de-la-politique-de-developpement"},"author":{"name":"cfeditorfr","@id":"https:\/\/www.africa-press.net\/congo-brazzaville\/#\/schema\/person\/2b1cf3cd81a31e3cd26889ca66d677f1"},"headline":"la n\u00e9cessit\u00e9 de placer la d\u00e9centralisation au c\u0153ur de la politique de d\u00e9veloppement","datePublished":"2023-03-03T12:38:08+00:00","dateModified":"2023-03-03T13:22:56+00:00","mainEntityOfPage":{"@id":"https:\/\/www.africa-press.net\/congo-brazzaville\/politique\/la-necessite-de-placer-la-decentralisation-au-coeur-de-la-politique-de-developpement"},"wordCount":398,"commentCount":0,"image":{"@id":"https:\/\/www.africa-press.net\/congo-brazzaville\/politique\/la-necessite-de-placer-la-decentralisation-au-coeur-de-la-politique-de-developpement#primaryimage"},"thumbnailUrl":"https:\/\/static.africa-press.net\/congo-brazzaville\/sites\/51\/2023\/03\/postQueueImg_1677834496.14.jpg","keywords":["Africa Press","Africa Press-Congo Brazzaville","Congo Brazzaville"],"articleSection":["Politique","Toutes les actualit\u00e9s"],"inLanguage":"fr-FR","potentialAction":[{"@type":"CommentAction","name":"Comment","target":["https:\/\/www.africa-press.net\/congo-brazzaville\/politique\/la-necessite-de-placer-la-decentralisation-au-coeur-de-la-politique-de-developpement#respond"]}]},{"@type":"WebPage","@id":"https:\/\/www.africa-press.net\/congo-brazzaville\/politique\/la-necessite-de-placer-la-decentralisation-au-coeur-de-la-politique-de-developpement","url":"https:\/\/www.africa-press.net\/congo-brazzaville\/politique\/la-necessite-de-placer-la-decentralisation-au-coeur-de-la-politique-de-developpement","name":"la n\u00e9cessit\u00e9 de placer la d\u00e9centralisation au c\u0153ur de la politique de d\u00e9veloppement - Congo Brazzaville","isPartOf":{"@id":"https:\/\/www.africa-press.net\/congo-brazzaville\/#website"},"primaryImageOfPage":{"@id":"https:\/\/www.africa-press.net\/congo-brazzaville\/politique\/la-necessite-de-placer-la-decentralisation-au-coeur-de-la-politique-de-developpement#primaryimage"},"image":{"@id":"https:\/\/www.africa-press.net\/congo-brazzaville\/politique\/la-necessite-de-placer-la-decentralisation-au-coeur-de-la-politique-de-developpement#primaryimage"},"thumbnailUrl":"https:\/\/static.africa-press.net\/congo-brazzaville\/sites\/51\/2023\/03\/postQueueImg_1677834496.14.jpg","datePublished":"2023-03-03T12:38:08+00:00","dateModified":"2023-03-03T13:22:56+00:00","author":{"@id":"https:\/\/www.africa-press.net\/congo-brazzaville\/#\/schema\/person\/2b1cf3cd81a31e3cd26889ca66d677f1"},"description":"Le Premier ministre, Anatole Collinet Makosso a releve\u0301 le 2 mars a\u0300 Brazzaville, la ne\u0301cessite\u0301 de placer la de\u0301cent ...","breadcrumb":{"@id":"https:\/\/www.africa-press.net\/congo-brazzaville\/politique\/la-necessite-de-placer-la-decentralisation-au-coeur-de-la-politique-de-developpement#breadcrumb"},"inLanguage":"fr-FR","potentialAction":[{"@type":"ReadAction","target":["https:\/\/www.africa-press.net\/congo-brazzaville\/politique\/la-necessite-de-placer-la-decentralisation-au-coeur-de-la-politique-de-developpement"]}]},{"@type":"ImageObject","inLanguage":"fr-FR","@id":"https:\/\/www.africa-press.net\/congo-brazzaville\/politique\/la-necessite-de-placer-la-decentralisation-au-coeur-de-la-politique-de-developpement#primaryimage","url":"https:\/\/static.africa-press.net\/congo-brazzaville\/sites\/51\/2023\/03\/postQueueImg_1677834496.14.jpg","contentUrl":"https:\/\/static.africa-press.net\/congo-brazzaville\/sites\/51\/2023\/03\/postQueueImg_1677834496.14.jpg","width":933,"height":445,"caption":"la n\u00e9cessit\u00e9 de placer la d\u00e9centralisation au c\u0153ur de la politique de d\u00e9veloppement"},{"@type":"BreadcrumbList","@id":"https:\/\/www.africa-press.net\/congo-brazzaville\/politique\/la-necessite-de-placer-la-decentralisation-au-coeur-de-la-politique-de-developpement#breadcrumb","itemListElement":[{"@type":"ListItem","position":1,"name":"Accueil","item":"https:\/\/www.africa-press.net\/congo-brazzaville\/"},{"@type":"ListItem","position":2,"name":"la n\u00e9cessit\u00e9 de placer la d\u00e9centralisation au c\u0153ur de la politique de d\u00e9veloppement"}]},{"@type":"WebSite","@id":"https:\/\/www.africa-press.net\/congo-brazzaville\/#website","url":"https:\/\/www.africa-press.net\/congo-brazzaville\/","name":"Congo Brazzaville","description":"Just another Africa News Agency Sites site","potentialAction":[{"@type":"SearchAction","target":{"@type":"EntryPoint","urlTemplate":"https:\/\/www.africa-press.net\/congo-brazzaville\/?s={search_term_string}"},"query-input":{"@type":"PropertyValueSpecification","valueRequired":true,"valueName":"search_term_string"}}],"inLanguage":"fr-FR"},{"@type":"Person","@id":"https:\/\/www.africa-press.net\/congo-brazzaville\/#\/schema\/person\/2b1cf3cd81a31e3cd26889ca66d677f1","name":"cfeditorfr"}]}},"_links":{"self":[{"href":"https:\/\/www.africa-press.net\/congo-brazzaville\/wp-json\/wp\/v2\/posts\/15162","targetHints":{"allow":["GET"]}}],"collection":[{"href":"https:\/\/www.africa-press.net\/congo-brazzaville\/wp-json\/wp\/v2\/posts"}],"about":[{"href":"https:\/\/www.africa-press.net\/congo-brazzaville\/wp-json\/wp\/v2\/types\/post"}],"author":[{"embeddable":true,"href":"https:\/\/www.africa-press.net\/congo-brazzaville\/wp-json\/wp\/v2\/users\/82"}],"replies":[{"embeddable":true,"href":"https:\/\/www.africa-press.net\/congo-brazzaville\/wp-json\/wp\/v2\/comments?post=15162"}],"version-history":[{"count":0,"href":"https:\/\/www.africa-press.net\/congo-brazzaville\/wp-json\/wp\/v2\/posts\/15162\/revisions"}],"wp:featuredmedia":[{"embeddable":true,"href":"https:\/\/www.africa-press.net\/congo-brazzaville\/wp-json\/wp\/v2\/media\/15161"}],"wp:attachment":[{"href":"https:\/\/www.africa-press.net\/congo-brazzaville\/wp-json\/wp\/v2\/media?parent=15162"}],"wp:term":[{"taxonomy":"category","embeddable":true,"href":"https:\/\/www.africa-press.net\/congo-brazzaville\/wp-json\/wp\/v2\/categories?post=15162"},{"taxonomy":"post_tag","embeddable":true,"href":"https:\/\/www.africa-press.net\/congo-brazzaville\/wp-json\/wp\/v2\/tags?post=15162"}],"curies":[{"name":"wp","href":"https:\/\/api.w.org\/{rel}","templated":true}]}}