{"id":15166,"date":"2023-03-03T12:38:35","date_gmt":"2023-03-03T12:38:35","guid":{"rendered":"https:\/\/www.africa-press.net\/congo-brazzaville\/politique\/les-deputes-creent-une-commission-denquete-pour-evaluer-la-gestion-du-chub"},"modified":"2023-03-03T13:24:13","modified_gmt":"2023-03-03T13:24:13","slug":"les-deputes-creent-une-commission-denquete-pour-evaluer-la-gestion-du-chub","status":"publish","type":"post","link":"https:\/\/www.africa-press.net\/congo-brazzaville\/politique\/les-deputes-creent-une-commission-denquete-pour-evaluer-la-gestion-du-chub","title":{"rendered":"les d\u00e9put\u00e9s cr\u00e9ent une commission d\u2019enqu\u00eate pour \u00e9valuer la gestion du chub"},"content":{"rendered":"<p><span style=\"color: #ff6600\"><strong>Africa-Press &#8211; Congo Brazzaville. <\/strong><\/span><b>Le premier secre\u0301taire du bureau de l\u2019Assemble\u0301e nationale, Fernand Sabaye a indique\u0301 le 3 mars a\u0300 Brazzaville que la proposition de re\u0301solution examine\u0301e et adopte\u0301e par les de\u0301pute\u0301s visait la cre\u0301ation d\u2019une commission d\u2019enque\u0302te sur la gestion du centre hospitalier et universitaire (CHU) de Brazzaville.<\/b><\/p>\n<p>\u00ab La proposition de re\u0301solution appelle donc a\u0300 la cre\u0301ation d\u2019une commission d\u2019enque\u0302te sur la gestion du centre hospitalier et universitaire de Brazzaville, afin d\u2019e\u0301valuer les difficulte\u0301s re\u0301elles auxquelles cet e\u0301tablissement est confronte\u0301 et proposer des mesures correctives de la gestion pour permettre l\u2019ame\u0301lioration de l\u2019offre de soins aux populations \u00bb a de\u0301clare\u0301 la rapporteuse de la commission sante\u0301, affaire sociale, famille et genre, Marianne Nkouka Maganga Yogo.<\/p>\n<p>\u00ab Le centre hospitalier universitaire de Brazzaville est le plus grand ho\u0302pital de notre pays avec une capacite\u0301 d\u2019accueil de sept cent lits, et pre\u0300s de deux milles agents. Ce centre connai\u0302t depuis la cre\u0301ation des dysfonctionnements d\u2019ordre organisationnels, institutionnels et financiers. Pour tenter d\u2019apporter des solutions aux proble\u0300mes qui minent le bon fonctionnement de cet e\u0301tablissement, il est ne\u0301cessaire de cre\u0301er un me\u0301canisme de contro\u0302le, axe\u0301e sur la collecte des informations \u00bb, a-t-elle ajoute\u0301<\/p>\n<p>Cette commission d\u2019enque\u0302te charge\u0301e d\u2019e\u0301valuer la gestion du centre hospitalier universitaire de Brazzaville sera constitue\u0301e de dix membres.<\/p>\n<p><strong>Pour plus d&rsquo;informations et d&rsquo;analyses sur la <a href=\"https:\/\/www.africa-press.net\/congo-brazzaville\">Congo Brazzaville<\/a>, suivez <a href=\"https:\/\/www.africa-press.net\/\">Africa-Press<\/a><\/strong><\/p>\n","protected":false},"excerpt":{"rendered":"<p>Africa-Press &#8211; Congo Brazzaville. Le premier secre\u0301taire du bureau de l\u2019Assemble\u0301e nationale, Fernand Sabaye a indique\u0301 le 3 mars a\u0300 Brazzaville que la proposition de re\u0301solution examine\u0301e et adopte\u0301e par les de\u0301pute\u0301s visait la cre\u0301ation d\u2019une commission d\u2019enque\u0302te sur la gestion du centre hospitalier et universitaire (CHU) de Brazzaville. \u00ab La proposition de re\u0301solution appelle [&hellip;]<\/p>\n","protected":false},"author":82,"featured_media":15165,"comment_status":"open","ping_status":"closed","sticky":false,"template":"","format":"standard","meta":{"footnotes":""},"categories":[2,10],"tags":[36,47,46],"class_list":["post-15166","post","type-post","status-publish","format-standard","has-post-thumbnail","hentry","category-politique","category-toutes-les-actualites","tag-africa-press","tag-africa-press-congo-brazzaville","tag-congo-brazzaville"],"yoast_head":"<!-- This site is optimized with the Yoast SEO Premium plugin v26.1 (Yoast SEO v27.0) - https:\/\/yoast.com\/product\/yoast-seo-premium-wordpress\/ -->\n<title>les d\u00e9put\u00e9s cr\u00e9ent une commission d\u2019enqu\u00eate pour \u00e9valuer la gestion du chub - Congo Brazzaville<\/title>\n<meta name=\"description\" content=\"Le premier secre\u0301taire du bureau de l\u2019Assemble\u0301e nationale, Fernand Sabaye a indique\u0301 le 3 mars a\u0300 Brazzaville que la ...\" \/>\n<meta name=\"robots\" content=\"index, follow, max-snippet:-1, max-image-preview:large, max-video-preview:-1\" \/>\n<link rel=\"canonical\" href=\"https:\/\/www.africa-press.net\/congo-brazzaville\/politique\/les-deputes-creent-une-commission-denquete-pour-evaluer-la-gestion-du-chub\" \/>\n<meta property=\"og:locale\" content=\"fr_FR\" \/>\n<meta property=\"og:type\" content=\"article\" \/>\n<meta property=\"og:title\" content=\"les d\u00e9put\u00e9s cr\u00e9ent une commission d\u2019enqu\u00eate pour \u00e9valuer la gestion du chub\" \/>\n<meta property=\"og:description\" content=\"Le premier secre\u0301taire du bureau de l\u2019Assemble\u0301e nationale, Fernand Sabaye a indique\u0301 le 3 mars a\u0300 Brazzaville que la ...\" \/>\n<meta property=\"og:url\" content=\"https:\/\/www.africa-press.net\/congo-brazzaville\/politique\/les-deputes-creent-une-commission-denquete-pour-evaluer-la-gestion-du-chub\" \/>\n<meta property=\"og:site_name\" content=\"Congo Brazzaville\" \/>\n<meta property=\"article:published_time\" content=\"2023-03-03T12:38:35+00:00\" \/>\n<meta property=\"article:modified_time\" content=\"2023-03-03T13:24:13+00:00\" \/>\n<meta property=\"og:image\" content=\"https:\/\/static.africa-press.net\/congo-brazzaville\/sites\/51\/2023\/03\/postQueueImg_1677834527.34.jpg\" \/>\n\t<meta property=\"og:image:width\" content=\"819\" \/>\n\t<meta property=\"og:image:height\" content=\"441\" \/>\n\t<meta property=\"og:image:type\" content=\"image\/jpeg\" \/>\n<meta name=\"author\" content=\"cfeditorfr\" \/>\n<meta name=\"twitter:card\" content=\"summary_large_image\" \/>\n<meta name=\"twitter:label1\" content=\"\u00c9crit par\" \/>\n\t<meta name=\"twitter:data1\" content=\"cfeditorfr\" \/>\n\t<meta name=\"twitter:label2\" content=\"Dur\u00e9e de lecture estim\u00e9e\" \/>\n\t<meta name=\"twitter:data2\" content=\"1 minute\" \/>\n<script type=\"application\/ld+json\" class=\"yoast-schema-graph\">{\"@context\":\"https:\/\/schema.org\",\"@graph\":[{\"@type\":\"Article\",\"@id\":\"https:\/\/www.africa-press.net\/congo-brazzaville\/politique\/les-deputes-creent-une-commission-denquete-pour-evaluer-la-gestion-du-chub#article\",\"isPartOf\":{\"@id\":\"https:\/\/www.africa-press.net\/congo-brazzaville\/politique\/les-deputes-creent-une-commission-denquete-pour-evaluer-la-gestion-du-chub\"},\"author\":{\"name\":\"cfeditorfr\",\"@id\":\"https:\/\/www.africa-press.net\/congo-brazzaville\/#\/schema\/person\/2b1cf3cd81a31e3cd26889ca66d677f1\"},\"headline\":\"les d\u00e9put\u00e9s cr\u00e9ent une commission d\u2019enqu\u00eate pour \u00e9valuer la gestion du chub\",\"datePublished\":\"2023-03-03T12:38:35+00:00\",\"dateModified\":\"2023-03-03T13:24:13+00:00\",\"mainEntityOfPage\":{\"@id\":\"https:\/\/www.africa-press.net\/congo-brazzaville\/politique\/les-deputes-creent-une-commission-denquete-pour-evaluer-la-gestion-du-chub\"},\"wordCount\":281,\"commentCount\":0,\"image\":{\"@id\":\"https:\/\/www.africa-press.net\/congo-brazzaville\/politique\/les-deputes-creent-une-commission-denquete-pour-evaluer-la-gestion-du-chub#primaryimage\"},\"thumbnailUrl\":\"https:\/\/static.africa-press.net\/congo-brazzaville\/sites\/51\/2023\/03\/postQueueImg_1677834527.34.jpg\",\"keywords\":[\"Africa Press\",\"Africa Press-Congo Brazzaville\",\"Congo Brazzaville\"],\"articleSection\":[\"Politique\",\"Toutes les actualit\u00e9s\"],\"inLanguage\":\"fr-FR\",\"potentialAction\":[{\"@type\":\"CommentAction\",\"name\":\"Comment\",\"target\":[\"https:\/\/www.africa-press.net\/congo-brazzaville\/politique\/les-deputes-creent-une-commission-denquete-pour-evaluer-la-gestion-du-chub#respond\"]}]},{\"@type\":\"WebPage\",\"@id\":\"https:\/\/www.africa-press.net\/congo-brazzaville\/politique\/les-deputes-creent-une-commission-denquete-pour-evaluer-la-gestion-du-chub\",\"url\":\"https:\/\/www.africa-press.net\/congo-brazzaville\/politique\/les-deputes-creent-une-commission-denquete-pour-evaluer-la-gestion-du-chub\",\"name\":\"les d\u00e9put\u00e9s cr\u00e9ent une commission d\u2019enqu\u00eate pour \u00e9valuer la gestion du chub - Congo Brazzaville\",\"isPartOf\":{\"@id\":\"https:\/\/www.africa-press.net\/congo-brazzaville\/#website\"},\"primaryImageOfPage\":{\"@id\":\"https:\/\/www.africa-press.net\/congo-brazzaville\/politique\/les-deputes-creent-une-commission-denquete-pour-evaluer-la-gestion-du-chub#primaryimage\"},\"image\":{\"@id\":\"https:\/\/www.africa-press.net\/congo-brazzaville\/politique\/les-deputes-creent-une-commission-denquete-pour-evaluer-la-gestion-du-chub#primaryimage\"},\"thumbnailUrl\":\"https:\/\/static.africa-press.net\/congo-brazzaville\/sites\/51\/2023\/03\/postQueueImg_1677834527.34.jpg\",\"datePublished\":\"2023-03-03T12:38:35+00:00\",\"dateModified\":\"2023-03-03T13:24:13+00:00\",\"author\":{\"@id\":\"https:\/\/www.africa-press.net\/congo-brazzaville\/#\/schema\/person\/2b1cf3cd81a31e3cd26889ca66d677f1\"},\"description\":\"Le premier secre\u0301taire du bureau de l\u2019Assemble\u0301e nationale, Fernand Sabaye a indique\u0301 le 3 mars a\u0300 Brazzaville que la ...\",\"breadcrumb\":{\"@id\":\"https:\/\/www.africa-press.net\/congo-brazzaville\/politique\/les-deputes-creent-une-commission-denquete-pour-evaluer-la-gestion-du-chub#breadcrumb\"},\"inLanguage\":\"fr-FR\",\"potentialAction\":[{\"@type\":\"ReadAction\",\"target\":[\"https:\/\/www.africa-press.net\/congo-brazzaville\/politique\/les-deputes-creent-une-commission-denquete-pour-evaluer-la-gestion-du-chub\"]}]},{\"@type\":\"ImageObject\",\"inLanguage\":\"fr-FR\",\"@id\":\"https:\/\/www.africa-press.net\/congo-brazzaville\/politique\/les-deputes-creent-une-commission-denquete-pour-evaluer-la-gestion-du-chub#primaryimage\",\"url\":\"https:\/\/static.africa-press.net\/congo-brazzaville\/sites\/51\/2023\/03\/postQueueImg_1677834527.34.jpg\",\"contentUrl\":\"https:\/\/static.africa-press.net\/congo-brazzaville\/sites\/51\/2023\/03\/postQueueImg_1677834527.34.jpg\",\"width\":819,\"height\":441,\"caption\":\"les d\u00e9put\u00e9s cr\u00e9ent une commission d\u2019enqu\u00eate pour \u00e9valuer la gestion du chub\"},{\"@type\":\"BreadcrumbList\",\"@id\":\"https:\/\/www.africa-press.net\/congo-brazzaville\/politique\/les-deputes-creent-une-commission-denquete-pour-evaluer-la-gestion-du-chub#breadcrumb\",\"itemListElement\":[{\"@type\":\"ListItem\",\"position\":1,\"name\":\"Accueil\",\"item\":\"https:\/\/www.africa-press.net\/congo-brazzaville\/\"},{\"@type\":\"ListItem\",\"position\":2,\"name\":\"les d\u00e9put\u00e9s cr\u00e9ent une commission d\u2019enqu\u00eate pour \u00e9valuer la gestion du chub\"}]},{\"@type\":\"WebSite\",\"@id\":\"https:\/\/www.africa-press.net\/congo-brazzaville\/#website\",\"url\":\"https:\/\/www.africa-press.net\/congo-brazzaville\/\",\"name\":\"Congo Brazzaville\",\"description\":\"Just another Africa News Agency Sites site\",\"potentialAction\":[{\"@type\":\"SearchAction\",\"target\":{\"@type\":\"EntryPoint\",\"urlTemplate\":\"https:\/\/www.africa-press.net\/congo-brazzaville\/?s={search_term_string}\"},\"query-input\":{\"@type\":\"PropertyValueSpecification\",\"valueRequired\":true,\"valueName\":\"search_term_string\"}}],\"inLanguage\":\"fr-FR\"},{\"@type\":\"Person\",\"@id\":\"https:\/\/www.africa-press.net\/congo-brazzaville\/#\/schema\/person\/2b1cf3cd81a31e3cd26889ca66d677f1\",\"name\":\"cfeditorfr\"}]}<\/script>\n<!-- \/ Yoast SEO Premium plugin. -->","yoast_head_json":{"title":"les d\u00e9put\u00e9s cr\u00e9ent une commission d\u2019enqu\u00eate pour \u00e9valuer la gestion du chub - Congo Brazzaville","description":"Le premier secre\u0301taire du bureau de l\u2019Assemble\u0301e nationale, Fernand Sabaye a indique\u0301 le 3 mars a\u0300 Brazzaville que la ...","robots":{"index":"index","follow":"follow","max-snippet":"max-snippet:-1","max-image-preview":"max-image-preview:large","max-video-preview":"max-video-preview:-1"},"canonical":"https:\/\/www.africa-press.net\/congo-brazzaville\/politique\/les-deputes-creent-une-commission-denquete-pour-evaluer-la-gestion-du-chub","og_locale":"fr_FR","og_type":"article","og_title":"les d\u00e9put\u00e9s cr\u00e9ent une commission d\u2019enqu\u00eate pour \u00e9valuer la gestion du chub","og_description":"Le premier secre\u0301taire du bureau de l\u2019Assemble\u0301e nationale, Fernand Sabaye a indique\u0301 le 3 mars a\u0300 Brazzaville que la ...","og_url":"https:\/\/www.africa-press.net\/congo-brazzaville\/politique\/les-deputes-creent-une-commission-denquete-pour-evaluer-la-gestion-du-chub","og_site_name":"Congo Brazzaville","article_published_time":"2023-03-03T12:38:35+00:00","article_modified_time":"2023-03-03T13:24:13+00:00","og_image":[{"width":819,"height":441,"url":"https:\/\/static.africa-press.net\/congo-brazzaville\/sites\/51\/2023\/03\/postQueueImg_1677834527.34.jpg","type":"image\/jpeg"}],"author":"cfeditorfr","twitter_card":"summary_large_image","twitter_misc":{"\u00c9crit par":"cfeditorfr","Dur\u00e9e de lecture estim\u00e9e":"1 minute"},"schema":{"@context":"https:\/\/schema.org","@graph":[{"@type":"Article","@id":"https:\/\/www.africa-press.net\/congo-brazzaville\/politique\/les-deputes-creent-une-commission-denquete-pour-evaluer-la-gestion-du-chub#article","isPartOf":{"@id":"https:\/\/www.africa-press.net\/congo-brazzaville\/politique\/les-deputes-creent-une-commission-denquete-pour-evaluer-la-gestion-du-chub"},"author":{"name":"cfeditorfr","@id":"https:\/\/www.africa-press.net\/congo-brazzaville\/#\/schema\/person\/2b1cf3cd81a31e3cd26889ca66d677f1"},"headline":"les d\u00e9put\u00e9s cr\u00e9ent une commission d\u2019enqu\u00eate pour \u00e9valuer la gestion du chub","datePublished":"2023-03-03T12:38:35+00:00","dateModified":"2023-03-03T13:24:13+00:00","mainEntityOfPage":{"@id":"https:\/\/www.africa-press.net\/congo-brazzaville\/politique\/les-deputes-creent-une-commission-denquete-pour-evaluer-la-gestion-du-chub"},"wordCount":281,"commentCount":0,"image":{"@id":"https:\/\/www.africa-press.net\/congo-brazzaville\/politique\/les-deputes-creent-une-commission-denquete-pour-evaluer-la-gestion-du-chub#primaryimage"},"thumbnailUrl":"https:\/\/static.africa-press.net\/congo-brazzaville\/sites\/51\/2023\/03\/postQueueImg_1677834527.34.jpg","keywords":["Africa Press","Africa Press-Congo Brazzaville","Congo Brazzaville"],"articleSection":["Politique","Toutes les actualit\u00e9s"],"inLanguage":"fr-FR","potentialAction":[{"@type":"CommentAction","name":"Comment","target":["https:\/\/www.africa-press.net\/congo-brazzaville\/politique\/les-deputes-creent-une-commission-denquete-pour-evaluer-la-gestion-du-chub#respond"]}]},{"@type":"WebPage","@id":"https:\/\/www.africa-press.net\/congo-brazzaville\/politique\/les-deputes-creent-une-commission-denquete-pour-evaluer-la-gestion-du-chub","url":"https:\/\/www.africa-press.net\/congo-brazzaville\/politique\/les-deputes-creent-une-commission-denquete-pour-evaluer-la-gestion-du-chub","name":"les d\u00e9put\u00e9s cr\u00e9ent une commission d\u2019enqu\u00eate pour \u00e9valuer la gestion du chub - Congo Brazzaville","isPartOf":{"@id":"https:\/\/www.africa-press.net\/congo-brazzaville\/#website"},"primaryImageOfPage":{"@id":"https:\/\/www.africa-press.net\/congo-brazzaville\/politique\/les-deputes-creent-une-commission-denquete-pour-evaluer-la-gestion-du-chub#primaryimage"},"image":{"@id":"https:\/\/www.africa-press.net\/congo-brazzaville\/politique\/les-deputes-creent-une-commission-denquete-pour-evaluer-la-gestion-du-chub#primaryimage"},"thumbnailUrl":"https:\/\/static.africa-press.net\/congo-brazzaville\/sites\/51\/2023\/03\/postQueueImg_1677834527.34.jpg","datePublished":"2023-03-03T12:38:35+00:00","dateModified":"2023-03-03T13:24:13+00:00","author":{"@id":"https:\/\/www.africa-press.net\/congo-brazzaville\/#\/schema\/person\/2b1cf3cd81a31e3cd26889ca66d677f1"},"description":"Le premier secre\u0301taire du bureau de l\u2019Assemble\u0301e nationale, Fernand Sabaye a indique\u0301 le 3 mars a\u0300 Brazzaville que la ...","breadcrumb":{"@id":"https:\/\/www.africa-press.net\/congo-brazzaville\/politique\/les-deputes-creent-une-commission-denquete-pour-evaluer-la-gestion-du-chub#breadcrumb"},"inLanguage":"fr-FR","potentialAction":[{"@type":"ReadAction","target":["https:\/\/www.africa-press.net\/congo-brazzaville\/politique\/les-deputes-creent-une-commission-denquete-pour-evaluer-la-gestion-du-chub"]}]},{"@type":"ImageObject","inLanguage":"fr-FR","@id":"https:\/\/www.africa-press.net\/congo-brazzaville\/politique\/les-deputes-creent-une-commission-denquete-pour-evaluer-la-gestion-du-chub#primaryimage","url":"https:\/\/static.africa-press.net\/congo-brazzaville\/sites\/51\/2023\/03\/postQueueImg_1677834527.34.jpg","contentUrl":"https:\/\/static.africa-press.net\/congo-brazzaville\/sites\/51\/2023\/03\/postQueueImg_1677834527.34.jpg","width":819,"height":441,"caption":"les d\u00e9put\u00e9s cr\u00e9ent une commission d\u2019enqu\u00eate pour \u00e9valuer la gestion du chub"},{"@type":"BreadcrumbList","@id":"https:\/\/www.africa-press.net\/congo-brazzaville\/politique\/les-deputes-creent-une-commission-denquete-pour-evaluer-la-gestion-du-chub#breadcrumb","itemListElement":[{"@type":"ListItem","position":1,"name":"Accueil","item":"https:\/\/www.africa-press.net\/congo-brazzaville\/"},{"@type":"ListItem","position":2,"name":"les d\u00e9put\u00e9s cr\u00e9ent une commission d\u2019enqu\u00eate pour \u00e9valuer la gestion du chub"}]},{"@type":"WebSite","@id":"https:\/\/www.africa-press.net\/congo-brazzaville\/#website","url":"https:\/\/www.africa-press.net\/congo-brazzaville\/","name":"Congo Brazzaville","description":"Just another Africa News Agency Sites site","potentialAction":[{"@type":"SearchAction","target":{"@type":"EntryPoint","urlTemplate":"https:\/\/www.africa-press.net\/congo-brazzaville\/?s={search_term_string}"},"query-input":{"@type":"PropertyValueSpecification","valueRequired":true,"valueName":"search_term_string"}}],"inLanguage":"fr-FR"},{"@type":"Person","@id":"https:\/\/www.africa-press.net\/congo-brazzaville\/#\/schema\/person\/2b1cf3cd81a31e3cd26889ca66d677f1","name":"cfeditorfr"}]}},"_links":{"self":[{"href":"https:\/\/www.africa-press.net\/congo-brazzaville\/wp-json\/wp\/v2\/posts\/15166","targetHints":{"allow":["GET"]}}],"collection":[{"href":"https:\/\/www.africa-press.net\/congo-brazzaville\/wp-json\/wp\/v2\/posts"}],"about":[{"href":"https:\/\/www.africa-press.net\/congo-brazzaville\/wp-json\/wp\/v2\/types\/post"}],"author":[{"embeddable":true,"href":"https:\/\/www.africa-press.net\/congo-brazzaville\/wp-json\/wp\/v2\/users\/82"}],"replies":[{"embeddable":true,"href":"https:\/\/www.africa-press.net\/congo-brazzaville\/wp-json\/wp\/v2\/comments?post=15166"}],"version-history":[{"count":0,"href":"https:\/\/www.africa-press.net\/congo-brazzaville\/wp-json\/wp\/v2\/posts\/15166\/revisions"}],"wp:featuredmedia":[{"embeddable":true,"href":"https:\/\/www.africa-press.net\/congo-brazzaville\/wp-json\/wp\/v2\/media\/15165"}],"wp:attachment":[{"href":"https:\/\/www.africa-press.net\/congo-brazzaville\/wp-json\/wp\/v2\/media?parent=15166"}],"wp:term":[{"taxonomy":"category","embeddable":true,"href":"https:\/\/www.africa-press.net\/congo-brazzaville\/wp-json\/wp\/v2\/categories?post=15166"},{"taxonomy":"post_tag","embeddable":true,"href":"https:\/\/www.africa-press.net\/congo-brazzaville\/wp-json\/wp\/v2\/tags?post=15166"}],"curies":[{"name":"wp","href":"https:\/\/api.w.org\/{rel}","templated":true}]}}