{"id":15181,"date":"2023-03-03T17:39:09","date_gmt":"2023-03-03T17:39:09","guid":{"rendered":"https:\/\/www.africa-press.net\/congo-brazzaville\/politique\/les-collectivites-locales-sont-appelees-a-lappropriation-du-partenariat-public-prive"},"modified":"2023-03-03T18:53:45","modified_gmt":"2023-03-03T18:53:45","slug":"les-collectivites-locales-sont-appelees-a-lappropriation-du-partenariat-public-prive","status":"publish","type":"post","link":"https:\/\/www.africa-press.net\/congo-brazzaville\/politique\/les-collectivites-locales-sont-appelees-a-lappropriation-du-partenariat-public-prive","title":{"rendered":"les collectivit\u00e9s locales sont appel\u00e9es \u00e0 l\u2019appropriation du partenariat public-priv\u00e9"},"content":{"rendered":"<p><span style=\"color: #ff6600\"><strong>Africa-Press &#8211; Congo Brazzaville. <\/strong><\/span><b>Le ministre de la Coope\u0301ration internationale et de la promotion du partenariat public-prive\u0301, Denis Christel Sassou Nguesso, a appele\u0301 le 2 mars a\u0300 Brazzaville, a\u0300 l\u2019appropriation du partenariat public-prive\u0301 par les acteurs locaux, en vue du de\u0301veloppement des collectivite\u0301s locales. <\/b><\/p>\n<p>Dans son intervention au forum sur \u00ab La revitalisation et la redynamisation de la de\u0301centralisation et du de\u0301veloppement local en Re\u0301publique du Congo \u00bb, portant sur le the\u0300me \u00ab La pertinence du partenariat public-prive\u0301 dans le de\u0301veloppement local \u00bb, le ministre en charge du partenariat public-prive\u0301, Denis Christel Sassou Nguesso, a indique\u0301 qu\u2019il est important de trouver d\u2019autres alternatives innovantes pour financer et de\u0301velopper les projets. La re\u0301alite\u0301 est qu\u2019avec les ressources ge\u0301ne\u0301re\u0301es par le pays, il n\u2019est pas possible de financer le fonctionnement de l\u2019Etat, les projets et de payer une partie de la dette exte\u0301rieure.<\/p>\n<p>C\u2019est pourquoi, a-t-il poursuivi, s\u2019agissant de l\u2019investissement, le gouvernement a opte\u0301 pour le partenariat public-prive\u0301 qui fonctionne de\u0301ja\u0300 dans d\u2019autres pays, et fonctionnera e\u0301galement en Re\u0301publique du Congo, a\u0300 condition de l\u2019avoir bien imple\u0301mente\u0301.<\/p>\n<p>S\u2019appuyant sur les mode\u0300les du partenariat public-prive\u0301 ivoirien qui contribue a\u0300 80 voire 85 % au financement du Plan national de de\u0301veloppement de ce pays a\u0300 travers les partenariats prive\u0301s exte\u0301rieurs, me\u0302me au Togo, au Benin, au Ghana, et en Afrique du Sud, le ministre Denis Christel Sassou Nguesso a estime\u0301 que le me\u0301canisme du partenariat-public-prive\u0301 est le mieux adapte\u0301.<\/p>\n<p>Poursuivant ses propos, il a explique\u0301 que le processus de de\u0301centralisation est lent, complique\u0301. Dans le cheminement, toutes ces difficulte\u0301s trouveront des solutions, par ce qu\u2019elles concourent a\u0300 la mise sur pied de la de\u0301centralisation du pays.<\/p>\n<p>Sur le de\u0301veloppement local, le ministre Denis Christel Sassou N\u2019guesso a releve\u0301 qu\u2019il sera impulse\u0301 a\u0300 partir du moment ou\u0300 les collectivite\u0301s elles-me\u0302mes re\u0301ussiront a\u0300 ge\u0301ne\u0301rer leurs propres ressources. \u00ab Nous n\u2019irions pas au de\u0301veloppement local en attendant forcement les ressources de l\u2019Etat \u00bb, a ajoute\u0301 Denis Christel Sassou Nguesso.<\/p>\n<p>Partant d\u2019un constat de l\u2019existence depuis des anne\u0301es des plans locaux des entite\u0301s de\u0301centralise\u0301es, le ministre Denis Christel Sassou Nguesso a signifie\u0301 qu\u2019ils peinent a\u0300 leur aboutissement, car tributaires de l\u2019unique source de financement qui est le tre\u0301sor public.<\/p>\n<p>De ce fait, il a exhorte\u0301 les responsables des collectivite\u0301s locales a\u0300 mettre en place des plans pour le de\u0301veloppement local de leurs entite\u0301s, signifiant que le gouvernement attend des acteurs locaux ce genre d\u2019initiatives.<\/p>\n<p>\u00ab Les collectivite\u0301s qui ne perc\u0327oivent pas les centimes additionnels, nous voulons que ces fonds soient mis a\u0300 leur disposition pour qu\u2019elles puissent fonctionner autrement \u00bb, a-t-il dit.<\/p>\n<p>Denis Christel Sassou N\u2019guesso a fait savoir que les de\u0301crets d\u2019application re\u0301gissant le secteur de partenariat public-prive\u0301 sont en phase de finalisation, et seront transmis au secre\u0301tariat ge\u0301ne\u0301ral du gouvernement sous peu.<\/p>\n<p>Il a souligne\u0301 que le gap de financement du Plan national de de\u0301veloppement, ne\u0301cessite l\u2019apport non moins inde\u0301niable du partenariat public-prive\u0301. Cela exige un arsenal juridique complet, d\u2019ou\u0300 l\u2019importance des textes d\u2019application.<\/p>\n<p><strong>Pour plus d&rsquo;informations et d&rsquo;analyses sur la <a href=\"https:\/\/www.africa-press.net\/congo-brazzaville\">Congo Brazzaville<\/a>, suivez <a href=\"https:\/\/www.africa-press.net\/\">Africa-Press<\/a><\/strong><\/p>\n","protected":false},"excerpt":{"rendered":"<p>Africa-Press &#8211; Congo Brazzaville. Le ministre de la Coope\u0301ration internationale et de la promotion du partenariat public-prive\u0301, Denis Christel Sassou Nguesso, a appele\u0301 le 2 mars a\u0300 Brazzaville, a\u0300 l\u2019appropriation du partenariat public-prive\u0301 par les acteurs locaux, en vue du de\u0301veloppement des collectivite\u0301s locales. Dans son intervention au forum sur \u00ab La revitalisation et la [&hellip;]<\/p>\n","protected":false},"author":82,"featured_media":15180,"comment_status":"open","ping_status":"closed","sticky":false,"template":"","format":"standard","meta":{"footnotes":""},"categories":[2,10],"tags":[36,47,46],"class_list":["post-15181","post","type-post","status-publish","format-standard","has-post-thumbnail","hentry","category-politique","category-toutes-les-actualites","tag-africa-press","tag-africa-press-congo-brazzaville","tag-congo-brazzaville"],"yoast_head":"<!-- This site is optimized with the Yoast SEO Premium plugin v26.1 (Yoast SEO v27.0) - https:\/\/yoast.com\/product\/yoast-seo-premium-wordpress\/ -->\n<title>les collectivit\u00e9s locales sont appel\u00e9es \u00e0 l\u2019appropriation du partenariat public-priv\u00e9 - Congo Brazzaville<\/title>\n<meta name=\"description\" content=\"Le ministre de la Coope\u0301ration internationale et de la promotion du partenariat public-prive\u0301, Denis Christel Sassou ...\" \/>\n<meta name=\"robots\" content=\"index, follow, max-snippet:-1, max-image-preview:large, max-video-preview:-1\" \/>\n<link rel=\"canonical\" href=\"https:\/\/www.africa-press.net\/congo-brazzaville\/politique\/les-collectivites-locales-sont-appelees-a-lappropriation-du-partenariat-public-prive\" \/>\n<meta property=\"og:locale\" content=\"fr_FR\" \/>\n<meta property=\"og:type\" content=\"article\" \/>\n<meta property=\"og:title\" content=\"les collectivit\u00e9s locales sont appel\u00e9es \u00e0 l\u2019appropriation du partenariat public-priv\u00e9\" \/>\n<meta property=\"og:description\" content=\"Le ministre de la Coope\u0301ration internationale et de la promotion du partenariat public-prive\u0301, Denis Christel Sassou ...\" \/>\n<meta property=\"og:url\" content=\"https:\/\/www.africa-press.net\/congo-brazzaville\/politique\/les-collectivites-locales-sont-appelees-a-lappropriation-du-partenariat-public-prive\" \/>\n<meta property=\"og:site_name\" content=\"Congo Brazzaville\" \/>\n<meta property=\"article:published_time\" content=\"2023-03-03T17:39:09+00:00\" \/>\n<meta property=\"article:modified_time\" content=\"2023-03-03T18:53:45+00:00\" \/>\n<meta property=\"og:image\" content=\"https:\/\/static.africa-press.net\/congo-brazzaville\/sites\/51\/2023\/03\/postQueueImg_1677852561.28.jpg\" \/>\n\t<meta property=\"og:image:width\" content=\"742\" \/>\n\t<meta property=\"og:image:height\" content=\"440\" \/>\n\t<meta property=\"og:image:type\" content=\"image\/jpeg\" \/>\n<meta name=\"author\" content=\"cfeditorfr\" \/>\n<meta name=\"twitter:card\" content=\"summary_large_image\" \/>\n<meta name=\"twitter:label1\" content=\"\u00c9crit par\" \/>\n\t<meta name=\"twitter:data1\" content=\"cfeditorfr\" \/>\n\t<meta name=\"twitter:label2\" content=\"Dur\u00e9e de lecture estim\u00e9e\" \/>\n\t<meta name=\"twitter:data2\" content=\"3 minutes\" \/>\n<script type=\"application\/ld+json\" class=\"yoast-schema-graph\">{\"@context\":\"https:\/\/schema.org\",\"@graph\":[{\"@type\":\"Article\",\"@id\":\"https:\/\/www.africa-press.net\/congo-brazzaville\/politique\/les-collectivites-locales-sont-appelees-a-lappropriation-du-partenariat-public-prive#article\",\"isPartOf\":{\"@id\":\"https:\/\/www.africa-press.net\/congo-brazzaville\/politique\/les-collectivites-locales-sont-appelees-a-lappropriation-du-partenariat-public-prive\"},\"author\":{\"name\":\"cfeditorfr\",\"@id\":\"https:\/\/www.africa-press.net\/congo-brazzaville\/#\/schema\/person\/2b1cf3cd81a31e3cd26889ca66d677f1\"},\"headline\":\"les collectivit\u00e9s locales sont appel\u00e9es \u00e0 l\u2019appropriation du partenariat public-priv\u00e9\",\"datePublished\":\"2023-03-03T17:39:09+00:00\",\"dateModified\":\"2023-03-03T18:53:45+00:00\",\"mainEntityOfPage\":{\"@id\":\"https:\/\/www.africa-press.net\/congo-brazzaville\/politique\/les-collectivites-locales-sont-appelees-a-lappropriation-du-partenariat-public-prive\"},\"wordCount\":582,\"commentCount\":0,\"image\":{\"@id\":\"https:\/\/www.africa-press.net\/congo-brazzaville\/politique\/les-collectivites-locales-sont-appelees-a-lappropriation-du-partenariat-public-prive#primaryimage\"},\"thumbnailUrl\":\"https:\/\/static.africa-press.net\/congo-brazzaville\/sites\/51\/2023\/03\/postQueueImg_1677852561.28.jpg\",\"keywords\":[\"Africa Press\",\"Africa Press-Congo Brazzaville\",\"Congo Brazzaville\"],\"articleSection\":[\"Politique\",\"Toutes les actualit\u00e9s\"],\"inLanguage\":\"fr-FR\",\"potentialAction\":[{\"@type\":\"CommentAction\",\"name\":\"Comment\",\"target\":[\"https:\/\/www.africa-press.net\/congo-brazzaville\/politique\/les-collectivites-locales-sont-appelees-a-lappropriation-du-partenariat-public-prive#respond\"]}]},{\"@type\":\"WebPage\",\"@id\":\"https:\/\/www.africa-press.net\/congo-brazzaville\/politique\/les-collectivites-locales-sont-appelees-a-lappropriation-du-partenariat-public-prive\",\"url\":\"https:\/\/www.africa-press.net\/congo-brazzaville\/politique\/les-collectivites-locales-sont-appelees-a-lappropriation-du-partenariat-public-prive\",\"name\":\"les collectivit\u00e9s locales sont appel\u00e9es \u00e0 l\u2019appropriation du partenariat public-priv\u00e9 - Congo Brazzaville\",\"isPartOf\":{\"@id\":\"https:\/\/www.africa-press.net\/congo-brazzaville\/#website\"},\"primaryImageOfPage\":{\"@id\":\"https:\/\/www.africa-press.net\/congo-brazzaville\/politique\/les-collectivites-locales-sont-appelees-a-lappropriation-du-partenariat-public-prive#primaryimage\"},\"image\":{\"@id\":\"https:\/\/www.africa-press.net\/congo-brazzaville\/politique\/les-collectivites-locales-sont-appelees-a-lappropriation-du-partenariat-public-prive#primaryimage\"},\"thumbnailUrl\":\"https:\/\/static.africa-press.net\/congo-brazzaville\/sites\/51\/2023\/03\/postQueueImg_1677852561.28.jpg\",\"datePublished\":\"2023-03-03T17:39:09+00:00\",\"dateModified\":\"2023-03-03T18:53:45+00:00\",\"author\":{\"@id\":\"https:\/\/www.africa-press.net\/congo-brazzaville\/#\/schema\/person\/2b1cf3cd81a31e3cd26889ca66d677f1\"},\"description\":\"Le ministre de la Coope\u0301ration internationale et de la promotion du partenariat public-prive\u0301, Denis Christel Sassou ...\",\"breadcrumb\":{\"@id\":\"https:\/\/www.africa-press.net\/congo-brazzaville\/politique\/les-collectivites-locales-sont-appelees-a-lappropriation-du-partenariat-public-prive#breadcrumb\"},\"inLanguage\":\"fr-FR\",\"potentialAction\":[{\"@type\":\"ReadAction\",\"target\":[\"https:\/\/www.africa-press.net\/congo-brazzaville\/politique\/les-collectivites-locales-sont-appelees-a-lappropriation-du-partenariat-public-prive\"]}]},{\"@type\":\"ImageObject\",\"inLanguage\":\"fr-FR\",\"@id\":\"https:\/\/www.africa-press.net\/congo-brazzaville\/politique\/les-collectivites-locales-sont-appelees-a-lappropriation-du-partenariat-public-prive#primaryimage\",\"url\":\"https:\/\/static.africa-press.net\/congo-brazzaville\/sites\/51\/2023\/03\/postQueueImg_1677852561.28.jpg\",\"contentUrl\":\"https:\/\/static.africa-press.net\/congo-brazzaville\/sites\/51\/2023\/03\/postQueueImg_1677852561.28.jpg\",\"width\":742,\"height\":440,\"caption\":\"les collectivit\u00e9s locales sont appel\u00e9es \u00e0 l\u2019appropriation du partenariat public-priv\u00e9\"},{\"@type\":\"BreadcrumbList\",\"@id\":\"https:\/\/www.africa-press.net\/congo-brazzaville\/politique\/les-collectivites-locales-sont-appelees-a-lappropriation-du-partenariat-public-prive#breadcrumb\",\"itemListElement\":[{\"@type\":\"ListItem\",\"position\":1,\"name\":\"Accueil\",\"item\":\"https:\/\/www.africa-press.net\/congo-brazzaville\/\"},{\"@type\":\"ListItem\",\"position\":2,\"name\":\"les collectivit\u00e9s locales sont appel\u00e9es \u00e0 l\u2019appropriation du partenariat public-priv\u00e9\"}]},{\"@type\":\"WebSite\",\"@id\":\"https:\/\/www.africa-press.net\/congo-brazzaville\/#website\",\"url\":\"https:\/\/www.africa-press.net\/congo-brazzaville\/\",\"name\":\"Congo Brazzaville\",\"description\":\"Just another Africa News Agency Sites site\",\"potentialAction\":[{\"@type\":\"SearchAction\",\"target\":{\"@type\":\"EntryPoint\",\"urlTemplate\":\"https:\/\/www.africa-press.net\/congo-brazzaville\/?s={search_term_string}\"},\"query-input\":{\"@type\":\"PropertyValueSpecification\",\"valueRequired\":true,\"valueName\":\"search_term_string\"}}],\"inLanguage\":\"fr-FR\"},{\"@type\":\"Person\",\"@id\":\"https:\/\/www.africa-press.net\/congo-brazzaville\/#\/schema\/person\/2b1cf3cd81a31e3cd26889ca66d677f1\",\"name\":\"cfeditorfr\"}]}<\/script>\n<!-- \/ Yoast SEO Premium plugin. -->","yoast_head_json":{"title":"les collectivit\u00e9s locales sont appel\u00e9es \u00e0 l\u2019appropriation du partenariat public-priv\u00e9 - Congo Brazzaville","description":"Le ministre de la Coope\u0301ration internationale et de la promotion du partenariat public-prive\u0301, Denis Christel Sassou ...","robots":{"index":"index","follow":"follow","max-snippet":"max-snippet:-1","max-image-preview":"max-image-preview:large","max-video-preview":"max-video-preview:-1"},"canonical":"https:\/\/www.africa-press.net\/congo-brazzaville\/politique\/les-collectivites-locales-sont-appelees-a-lappropriation-du-partenariat-public-prive","og_locale":"fr_FR","og_type":"article","og_title":"les collectivit\u00e9s locales sont appel\u00e9es \u00e0 l\u2019appropriation du partenariat public-priv\u00e9","og_description":"Le ministre de la Coope\u0301ration internationale et de la promotion du partenariat public-prive\u0301, Denis Christel Sassou ...","og_url":"https:\/\/www.africa-press.net\/congo-brazzaville\/politique\/les-collectivites-locales-sont-appelees-a-lappropriation-du-partenariat-public-prive","og_site_name":"Congo Brazzaville","article_published_time":"2023-03-03T17:39:09+00:00","article_modified_time":"2023-03-03T18:53:45+00:00","og_image":[{"width":742,"height":440,"url":"https:\/\/static.africa-press.net\/congo-brazzaville\/sites\/51\/2023\/03\/postQueueImg_1677852561.28.jpg","type":"image\/jpeg"}],"author":"cfeditorfr","twitter_card":"summary_large_image","twitter_misc":{"\u00c9crit par":"cfeditorfr","Dur\u00e9e de lecture estim\u00e9e":"3 minutes"},"schema":{"@context":"https:\/\/schema.org","@graph":[{"@type":"Article","@id":"https:\/\/www.africa-press.net\/congo-brazzaville\/politique\/les-collectivites-locales-sont-appelees-a-lappropriation-du-partenariat-public-prive#article","isPartOf":{"@id":"https:\/\/www.africa-press.net\/congo-brazzaville\/politique\/les-collectivites-locales-sont-appelees-a-lappropriation-du-partenariat-public-prive"},"author":{"name":"cfeditorfr","@id":"https:\/\/www.africa-press.net\/congo-brazzaville\/#\/schema\/person\/2b1cf3cd81a31e3cd26889ca66d677f1"},"headline":"les collectivit\u00e9s locales sont appel\u00e9es \u00e0 l\u2019appropriation du partenariat public-priv\u00e9","datePublished":"2023-03-03T17:39:09+00:00","dateModified":"2023-03-03T18:53:45+00:00","mainEntityOfPage":{"@id":"https:\/\/www.africa-press.net\/congo-brazzaville\/politique\/les-collectivites-locales-sont-appelees-a-lappropriation-du-partenariat-public-prive"},"wordCount":582,"commentCount":0,"image":{"@id":"https:\/\/www.africa-press.net\/congo-brazzaville\/politique\/les-collectivites-locales-sont-appelees-a-lappropriation-du-partenariat-public-prive#primaryimage"},"thumbnailUrl":"https:\/\/static.africa-press.net\/congo-brazzaville\/sites\/51\/2023\/03\/postQueueImg_1677852561.28.jpg","keywords":["Africa Press","Africa Press-Congo Brazzaville","Congo Brazzaville"],"articleSection":["Politique","Toutes les actualit\u00e9s"],"inLanguage":"fr-FR","potentialAction":[{"@type":"CommentAction","name":"Comment","target":["https:\/\/www.africa-press.net\/congo-brazzaville\/politique\/les-collectivites-locales-sont-appelees-a-lappropriation-du-partenariat-public-prive#respond"]}]},{"@type":"WebPage","@id":"https:\/\/www.africa-press.net\/congo-brazzaville\/politique\/les-collectivites-locales-sont-appelees-a-lappropriation-du-partenariat-public-prive","url":"https:\/\/www.africa-press.net\/congo-brazzaville\/politique\/les-collectivites-locales-sont-appelees-a-lappropriation-du-partenariat-public-prive","name":"les collectivit\u00e9s locales sont appel\u00e9es \u00e0 l\u2019appropriation du partenariat public-priv\u00e9 - Congo Brazzaville","isPartOf":{"@id":"https:\/\/www.africa-press.net\/congo-brazzaville\/#website"},"primaryImageOfPage":{"@id":"https:\/\/www.africa-press.net\/congo-brazzaville\/politique\/les-collectivites-locales-sont-appelees-a-lappropriation-du-partenariat-public-prive#primaryimage"},"image":{"@id":"https:\/\/www.africa-press.net\/congo-brazzaville\/politique\/les-collectivites-locales-sont-appelees-a-lappropriation-du-partenariat-public-prive#primaryimage"},"thumbnailUrl":"https:\/\/static.africa-press.net\/congo-brazzaville\/sites\/51\/2023\/03\/postQueueImg_1677852561.28.jpg","datePublished":"2023-03-03T17:39:09+00:00","dateModified":"2023-03-03T18:53:45+00:00","author":{"@id":"https:\/\/www.africa-press.net\/congo-brazzaville\/#\/schema\/person\/2b1cf3cd81a31e3cd26889ca66d677f1"},"description":"Le ministre de la Coope\u0301ration internationale et de la promotion du partenariat public-prive\u0301, Denis Christel Sassou ...","breadcrumb":{"@id":"https:\/\/www.africa-press.net\/congo-brazzaville\/politique\/les-collectivites-locales-sont-appelees-a-lappropriation-du-partenariat-public-prive#breadcrumb"},"inLanguage":"fr-FR","potentialAction":[{"@type":"ReadAction","target":["https:\/\/www.africa-press.net\/congo-brazzaville\/politique\/les-collectivites-locales-sont-appelees-a-lappropriation-du-partenariat-public-prive"]}]},{"@type":"ImageObject","inLanguage":"fr-FR","@id":"https:\/\/www.africa-press.net\/congo-brazzaville\/politique\/les-collectivites-locales-sont-appelees-a-lappropriation-du-partenariat-public-prive#primaryimage","url":"https:\/\/static.africa-press.net\/congo-brazzaville\/sites\/51\/2023\/03\/postQueueImg_1677852561.28.jpg","contentUrl":"https:\/\/static.africa-press.net\/congo-brazzaville\/sites\/51\/2023\/03\/postQueueImg_1677852561.28.jpg","width":742,"height":440,"caption":"les collectivit\u00e9s locales sont appel\u00e9es \u00e0 l\u2019appropriation du partenariat public-priv\u00e9"},{"@type":"BreadcrumbList","@id":"https:\/\/www.africa-press.net\/congo-brazzaville\/politique\/les-collectivites-locales-sont-appelees-a-lappropriation-du-partenariat-public-prive#breadcrumb","itemListElement":[{"@type":"ListItem","position":1,"name":"Accueil","item":"https:\/\/www.africa-press.net\/congo-brazzaville\/"},{"@type":"ListItem","position":2,"name":"les collectivit\u00e9s locales sont appel\u00e9es \u00e0 l\u2019appropriation du partenariat public-priv\u00e9"}]},{"@type":"WebSite","@id":"https:\/\/www.africa-press.net\/congo-brazzaville\/#website","url":"https:\/\/www.africa-press.net\/congo-brazzaville\/","name":"Congo Brazzaville","description":"Just another Africa News Agency Sites site","potentialAction":[{"@type":"SearchAction","target":{"@type":"EntryPoint","urlTemplate":"https:\/\/www.africa-press.net\/congo-brazzaville\/?s={search_term_string}"},"query-input":{"@type":"PropertyValueSpecification","valueRequired":true,"valueName":"search_term_string"}}],"inLanguage":"fr-FR"},{"@type":"Person","@id":"https:\/\/www.africa-press.net\/congo-brazzaville\/#\/schema\/person\/2b1cf3cd81a31e3cd26889ca66d677f1","name":"cfeditorfr"}]}},"_links":{"self":[{"href":"https:\/\/www.africa-press.net\/congo-brazzaville\/wp-json\/wp\/v2\/posts\/15181","targetHints":{"allow":["GET"]}}],"collection":[{"href":"https:\/\/www.africa-press.net\/congo-brazzaville\/wp-json\/wp\/v2\/posts"}],"about":[{"href":"https:\/\/www.africa-press.net\/congo-brazzaville\/wp-json\/wp\/v2\/types\/post"}],"author":[{"embeddable":true,"href":"https:\/\/www.africa-press.net\/congo-brazzaville\/wp-json\/wp\/v2\/users\/82"}],"replies":[{"embeddable":true,"href":"https:\/\/www.africa-press.net\/congo-brazzaville\/wp-json\/wp\/v2\/comments?post=15181"}],"version-history":[{"count":0,"href":"https:\/\/www.africa-press.net\/congo-brazzaville\/wp-json\/wp\/v2\/posts\/15181\/revisions"}],"wp:featuredmedia":[{"embeddable":true,"href":"https:\/\/www.africa-press.net\/congo-brazzaville\/wp-json\/wp\/v2\/media\/15180"}],"wp:attachment":[{"href":"https:\/\/www.africa-press.net\/congo-brazzaville\/wp-json\/wp\/v2\/media?parent=15181"}],"wp:term":[{"taxonomy":"category","embeddable":true,"href":"https:\/\/www.africa-press.net\/congo-brazzaville\/wp-json\/wp\/v2\/categories?post=15181"},{"taxonomy":"post_tag","embeddable":true,"href":"https:\/\/www.africa-press.net\/congo-brazzaville\/wp-json\/wp\/v2\/tags?post=15181"}],"curies":[{"name":"wp","href":"https:\/\/api.w.org\/{rel}","templated":true}]}}