{"id":15183,"date":"2023-03-03T17:39:30","date_gmt":"2023-03-03T17:39:30","guid":{"rendered":"https:\/\/www.africa-press.net\/congo-brazzaville\/politique\/fonction-publique-territoriale-un-enjeu-majeur-pour-le-developpement-du-congo"},"modified":"2023-03-03T18:54:14","modified_gmt":"2023-03-03T18:54:14","slug":"fonction-publique-territoriale-un-enjeu-majeur-pour-le-developpement-du-congo","status":"publish","type":"post","link":"https:\/\/www.africa-press.net\/congo-brazzaville\/politique\/fonction-publique-territoriale-un-enjeu-majeur-pour-le-developpement-du-congo","title":{"rendered":"Fonction publique territoriale : un enjeu majeur pour le d\u00e9veloppement du Congo"},"content":{"rendered":"<p><span style=\"color: #ff6600\"><strong>Africa-Press &#8211; Congo Brazzaville. <\/strong><\/span><b>Au deuxie\u0300me jour du forum sur la revitalisation et la redynamisation de la de\u0301centralisation et le de\u0301veloppement local au Congo, le 2 mars, les de\u0301bats en ple\u0301nie\u0300re focalise\u0301s autour de la fonction publique territoriale. Il ressort des experts que celle-ci constitue un tournant majeur dans le de\u0301veloppement du Congo.<\/b><\/p>\n<p>Au titre du deuxie\u0300me jour des assises, cinq panels ont fait l\u2019objet des de\u0301bats, dont celui co-anime\u0301 par le ministre d\u2019Etat, ministre de la Fonction publique, du Travail et de la Se\u0301curite\u0301 sociale, Firmin Ayessa, et un expert africain, a porte\u0301 sur le the\u0300me \u00ab La fonction publique d\u2019Etat a\u0300 la fonction publique territoriale, quels enjeux pour la de\u0301centralisation ? \u00bb.<\/p>\n<p>De\u0301veloppant la the\u0301matique, le ministre d&rsquo;Etat a de\u0301fini la de\u0301centralisation comme e\u0301tant le \u00ab partage du pouvoir entre l\u2019administration centrale et le pouvoir local \u00bb, que sont les collectivite\u0301s locales, des circonscriptions administratives dote\u0301es de la personnalite\u0301 morale, juridique et de l&rsquo;autonomie financie\u0300re.<\/p>\n<p>Il a, ensuite, rappele\u0301 a\u0300 l\u2019assistance que le Congo dispose d\u2019un important arsenal juridique sur la de\u0301centralisation, compose\u0301 d\u2019une dizaine de de\u0301crets et de neuf lois pris pour pre\u0301parer sa mise en \u0153uvre effective. Le ministre d\u2019Etat a dit qu\u2019en re\u0301alite\u0301, au plan juridique, tout est au point pour que le processus de de\u0301centralisation au Congo soit effectif. Mais il a reconnu tout de me\u0302me la le\u0301thargie du manque d\u2019accompagnement financier.<\/p>\n<p>Toutefois, Firmin Ayessa a soutenu que dans la mise en \u0153uvre de la de\u0301centralisation, la fonction publique territoriale occupe une place de choix et au Congo, elle est d\u2019un enjeu important.<\/p>\n<p>\u00ab L\u2019objectif du gouvernement est de constituer une fonction publique territoriale afin de de\u0301sengorger la fonction publique ge\u0301ne\u0301rale. C\u2019est un vrai challenge pour le gouvernement car tant que nous ne la rendons pas ope\u0301rationnelle, nous continuerons a\u0300 pre\u0302cher dans le de\u0301sert \u00bb, a souligne\u0301 le ministre d\u2019Etat.<\/p>\n<p>Pour sa part, Jean-Pierre Elong s\u2019est focalise\u0301 sur l\u2019expe\u0301rience d\u2019autres pays a\u0300 travers le monde ayant re\u0301ussi la de\u0301centralisation.<\/p>\n<p>Le deuxie\u0300me panel a e\u0301te\u0301 anime\u0301 par le ministre de la Coope\u0301ration internationale et de la Promotion du partenariat public-prive\u0301, Denis Christel Sassou Nguesso, sur le the\u0300me \u00ab La pertinence du partenariat public-prive\u0301 dans le de\u0301veloppement \u00bb.<\/p>\n<p>Pour lui, le rapport entre les pouvoirs publics et le secteur prive\u0301 constitue un vrai levier en vue de booster le de\u0301veloppement des collectivite\u0301s et un mode\u0300le a\u0300 suivre pour bien re\u0301ussir le processus de de\u0301centralisation.<\/p>\n<p><strong>Pour plus d&rsquo;informations et d&rsquo;analyses sur la <a href=\"https:\/\/www.africa-press.net\/congo-brazzaville\">Congo Brazzaville<\/a>, suivez <a href=\"https:\/\/www.africa-press.net\/\">Africa-Press<\/a><\/strong><\/p>\n","protected":false},"excerpt":{"rendered":"<p>Africa-Press &#8211; Congo Brazzaville. Au deuxie\u0300me jour du forum sur la revitalisation et la redynamisation de la de\u0301centralisation et le de\u0301veloppement local au Congo, le 2 mars, les de\u0301bats en ple\u0301nie\u0300re focalise\u0301s autour de la fonction publique territoriale. Il ressort des experts que celle-ci constitue un tournant majeur dans le de\u0301veloppement du Congo. Au titre [&hellip;]<\/p>\n","protected":false},"author":82,"featured_media":15182,"comment_status":"open","ping_status":"closed","sticky":false,"template":"","format":"standard","meta":{"footnotes":""},"categories":[2,10],"tags":[36,47,46],"class_list":["post-15183","post","type-post","status-publish","format-standard","has-post-thumbnail","hentry","category-politique","category-toutes-les-actualites","tag-africa-press","tag-africa-press-congo-brazzaville","tag-congo-brazzaville"],"yoast_head":"<!-- This site is optimized with the Yoast SEO Premium plugin v26.1 (Yoast SEO v27.0) - https:\/\/yoast.com\/product\/yoast-seo-premium-wordpress\/ -->\n<title>Fonction publique territoriale : un enjeu majeur pour le d\u00e9veloppement du Congo - Congo Brazzaville<\/title>\n<meta name=\"description\" content=\"Au deuxie\u0300me jour du forum sur la revitalisation et la redynamisation de la de\u0301centralisation et le de\u0301veloppement lo ...\" \/>\n<meta name=\"robots\" content=\"index, follow, max-snippet:-1, max-image-preview:large, max-video-preview:-1\" \/>\n<link rel=\"canonical\" href=\"https:\/\/www.africa-press.net\/congo-brazzaville\/politique\/fonction-publique-territoriale-un-enjeu-majeur-pour-le-developpement-du-congo\" \/>\n<meta property=\"og:locale\" content=\"fr_FR\" \/>\n<meta property=\"og:type\" content=\"article\" \/>\n<meta property=\"og:title\" content=\"Fonction publique territoriale : un enjeu majeur pour le d\u00e9veloppement du Congo\" \/>\n<meta property=\"og:description\" content=\"Au deuxie\u0300me jour du forum sur la revitalisation et la redynamisation de la de\u0301centralisation et le de\u0301veloppement lo ...\" \/>\n<meta property=\"og:url\" content=\"https:\/\/www.africa-press.net\/congo-brazzaville\/politique\/fonction-publique-territoriale-un-enjeu-majeur-pour-le-developpement-du-congo\" \/>\n<meta property=\"og:site_name\" content=\"Congo Brazzaville\" \/>\n<meta property=\"article:published_time\" content=\"2023-03-03T17:39:30+00:00\" \/>\n<meta property=\"article:modified_time\" content=\"2023-03-03T18:54:14+00:00\" \/>\n<meta property=\"og:image\" content=\"https:\/\/static.africa-press.net\/congo-brazzaville\/sites\/51\/2023\/03\/postQueueImg_1677852573.86.jpg\" \/>\n\t<meta property=\"og:image:width\" content=\"1669\" \/>\n\t<meta property=\"og:image:height\" content=\"768\" \/>\n\t<meta property=\"og:image:type\" content=\"image\/jpeg\" \/>\n<meta name=\"author\" content=\"cfeditorfr\" \/>\n<meta name=\"twitter:card\" content=\"summary_large_image\" \/>\n<meta name=\"twitter:label1\" content=\"\u00c9crit par\" \/>\n\t<meta name=\"twitter:data1\" content=\"cfeditorfr\" \/>\n\t<meta name=\"twitter:label2\" content=\"Dur\u00e9e de lecture estim\u00e9e\" \/>\n\t<meta name=\"twitter:data2\" content=\"3 minutes\" \/>\n<script type=\"application\/ld+json\" class=\"yoast-schema-graph\">{\"@context\":\"https:\/\/schema.org\",\"@graph\":[{\"@type\":\"Article\",\"@id\":\"https:\/\/www.africa-press.net\/congo-brazzaville\/politique\/fonction-publique-territoriale-un-enjeu-majeur-pour-le-developpement-du-congo#article\",\"isPartOf\":{\"@id\":\"https:\/\/www.africa-press.net\/congo-brazzaville\/politique\/fonction-publique-territoriale-un-enjeu-majeur-pour-le-developpement-du-congo\"},\"author\":{\"name\":\"cfeditorfr\",\"@id\":\"https:\/\/www.africa-press.net\/congo-brazzaville\/#\/schema\/person\/2b1cf3cd81a31e3cd26889ca66d677f1\"},\"headline\":\"Fonction publique territoriale : un enjeu majeur pour le d\u00e9veloppement du Congo\",\"datePublished\":\"2023-03-03T17:39:30+00:00\",\"dateModified\":\"2023-03-03T18:54:14+00:00\",\"mainEntityOfPage\":{\"@id\":\"https:\/\/www.africa-press.net\/congo-brazzaville\/politique\/fonction-publique-territoriale-un-enjeu-majeur-pour-le-developpement-du-congo\"},\"wordCount\":480,\"commentCount\":0,\"image\":{\"@id\":\"https:\/\/www.africa-press.net\/congo-brazzaville\/politique\/fonction-publique-territoriale-un-enjeu-majeur-pour-le-developpement-du-congo#primaryimage\"},\"thumbnailUrl\":\"https:\/\/static.africa-press.net\/congo-brazzaville\/sites\/51\/2023\/03\/postQueueImg_1677852573.86.jpg\",\"keywords\":[\"Africa Press\",\"Africa Press-Congo Brazzaville\",\"Congo Brazzaville\"],\"articleSection\":[\"Politique\",\"Toutes les actualit\u00e9s\"],\"inLanguage\":\"fr-FR\",\"potentialAction\":[{\"@type\":\"CommentAction\",\"name\":\"Comment\",\"target\":[\"https:\/\/www.africa-press.net\/congo-brazzaville\/politique\/fonction-publique-territoriale-un-enjeu-majeur-pour-le-developpement-du-congo#respond\"]}]},{\"@type\":\"WebPage\",\"@id\":\"https:\/\/www.africa-press.net\/congo-brazzaville\/politique\/fonction-publique-territoriale-un-enjeu-majeur-pour-le-developpement-du-congo\",\"url\":\"https:\/\/www.africa-press.net\/congo-brazzaville\/politique\/fonction-publique-territoriale-un-enjeu-majeur-pour-le-developpement-du-congo\",\"name\":\"Fonction publique territoriale : un enjeu majeur pour le d\u00e9veloppement du Congo - Congo Brazzaville\",\"isPartOf\":{\"@id\":\"https:\/\/www.africa-press.net\/congo-brazzaville\/#website\"},\"primaryImageOfPage\":{\"@id\":\"https:\/\/www.africa-press.net\/congo-brazzaville\/politique\/fonction-publique-territoriale-un-enjeu-majeur-pour-le-developpement-du-congo#primaryimage\"},\"image\":{\"@id\":\"https:\/\/www.africa-press.net\/congo-brazzaville\/politique\/fonction-publique-territoriale-un-enjeu-majeur-pour-le-developpement-du-congo#primaryimage\"},\"thumbnailUrl\":\"https:\/\/static.africa-press.net\/congo-brazzaville\/sites\/51\/2023\/03\/postQueueImg_1677852573.86.jpg\",\"datePublished\":\"2023-03-03T17:39:30+00:00\",\"dateModified\":\"2023-03-03T18:54:14+00:00\",\"author\":{\"@id\":\"https:\/\/www.africa-press.net\/congo-brazzaville\/#\/schema\/person\/2b1cf3cd81a31e3cd26889ca66d677f1\"},\"description\":\"Au deuxie\u0300me jour du forum sur la revitalisation et la redynamisation de la de\u0301centralisation et le de\u0301veloppement lo ...\",\"breadcrumb\":{\"@id\":\"https:\/\/www.africa-press.net\/congo-brazzaville\/politique\/fonction-publique-territoriale-un-enjeu-majeur-pour-le-developpement-du-congo#breadcrumb\"},\"inLanguage\":\"fr-FR\",\"potentialAction\":[{\"@type\":\"ReadAction\",\"target\":[\"https:\/\/www.africa-press.net\/congo-brazzaville\/politique\/fonction-publique-territoriale-un-enjeu-majeur-pour-le-developpement-du-congo\"]}]},{\"@type\":\"ImageObject\",\"inLanguage\":\"fr-FR\",\"@id\":\"https:\/\/www.africa-press.net\/congo-brazzaville\/politique\/fonction-publique-territoriale-un-enjeu-majeur-pour-le-developpement-du-congo#primaryimage\",\"url\":\"https:\/\/static.africa-press.net\/congo-brazzaville\/sites\/51\/2023\/03\/postQueueImg_1677852573.86.jpg\",\"contentUrl\":\"https:\/\/static.africa-press.net\/congo-brazzaville\/sites\/51\/2023\/03\/postQueueImg_1677852573.86.jpg\",\"width\":1669,\"height\":768,\"caption\":\"Fonction publique territoriale : un enjeu majeur pour le d\u00e9veloppement du Congo\"},{\"@type\":\"BreadcrumbList\",\"@id\":\"https:\/\/www.africa-press.net\/congo-brazzaville\/politique\/fonction-publique-territoriale-un-enjeu-majeur-pour-le-developpement-du-congo#breadcrumb\",\"itemListElement\":[{\"@type\":\"ListItem\",\"position\":1,\"name\":\"Accueil\",\"item\":\"https:\/\/www.africa-press.net\/congo-brazzaville\/\"},{\"@type\":\"ListItem\",\"position\":2,\"name\":\"Fonction publique territoriale : un enjeu majeur pour le d\u00e9veloppement du Congo\"}]},{\"@type\":\"WebSite\",\"@id\":\"https:\/\/www.africa-press.net\/congo-brazzaville\/#website\",\"url\":\"https:\/\/www.africa-press.net\/congo-brazzaville\/\",\"name\":\"Congo Brazzaville\",\"description\":\"Just another Africa News Agency Sites site\",\"potentialAction\":[{\"@type\":\"SearchAction\",\"target\":{\"@type\":\"EntryPoint\",\"urlTemplate\":\"https:\/\/www.africa-press.net\/congo-brazzaville\/?s={search_term_string}\"},\"query-input\":{\"@type\":\"PropertyValueSpecification\",\"valueRequired\":true,\"valueName\":\"search_term_string\"}}],\"inLanguage\":\"fr-FR\"},{\"@type\":\"Person\",\"@id\":\"https:\/\/www.africa-press.net\/congo-brazzaville\/#\/schema\/person\/2b1cf3cd81a31e3cd26889ca66d677f1\",\"name\":\"cfeditorfr\"}]}<\/script>\n<!-- \/ Yoast SEO Premium plugin. -->","yoast_head_json":{"title":"Fonction publique territoriale : un enjeu majeur pour le d\u00e9veloppement du Congo - Congo Brazzaville","description":"Au deuxie\u0300me jour du forum sur la revitalisation et la redynamisation de la de\u0301centralisation et le de\u0301veloppement lo ...","robots":{"index":"index","follow":"follow","max-snippet":"max-snippet:-1","max-image-preview":"max-image-preview:large","max-video-preview":"max-video-preview:-1"},"canonical":"https:\/\/www.africa-press.net\/congo-brazzaville\/politique\/fonction-publique-territoriale-un-enjeu-majeur-pour-le-developpement-du-congo","og_locale":"fr_FR","og_type":"article","og_title":"Fonction publique territoriale : un enjeu majeur pour le d\u00e9veloppement du Congo","og_description":"Au deuxie\u0300me jour du forum sur la revitalisation et la redynamisation de la de\u0301centralisation et le de\u0301veloppement lo ...","og_url":"https:\/\/www.africa-press.net\/congo-brazzaville\/politique\/fonction-publique-territoriale-un-enjeu-majeur-pour-le-developpement-du-congo","og_site_name":"Congo Brazzaville","article_published_time":"2023-03-03T17:39:30+00:00","article_modified_time":"2023-03-03T18:54:14+00:00","og_image":[{"width":1669,"height":768,"url":"https:\/\/static.africa-press.net\/congo-brazzaville\/sites\/51\/2023\/03\/postQueueImg_1677852573.86.jpg","type":"image\/jpeg"}],"author":"cfeditorfr","twitter_card":"summary_large_image","twitter_misc":{"\u00c9crit par":"cfeditorfr","Dur\u00e9e de lecture estim\u00e9e":"3 minutes"},"schema":{"@context":"https:\/\/schema.org","@graph":[{"@type":"Article","@id":"https:\/\/www.africa-press.net\/congo-brazzaville\/politique\/fonction-publique-territoriale-un-enjeu-majeur-pour-le-developpement-du-congo#article","isPartOf":{"@id":"https:\/\/www.africa-press.net\/congo-brazzaville\/politique\/fonction-publique-territoriale-un-enjeu-majeur-pour-le-developpement-du-congo"},"author":{"name":"cfeditorfr","@id":"https:\/\/www.africa-press.net\/congo-brazzaville\/#\/schema\/person\/2b1cf3cd81a31e3cd26889ca66d677f1"},"headline":"Fonction publique territoriale : un enjeu majeur pour le d\u00e9veloppement du Congo","datePublished":"2023-03-03T17:39:30+00:00","dateModified":"2023-03-03T18:54:14+00:00","mainEntityOfPage":{"@id":"https:\/\/www.africa-press.net\/congo-brazzaville\/politique\/fonction-publique-territoriale-un-enjeu-majeur-pour-le-developpement-du-congo"},"wordCount":480,"commentCount":0,"image":{"@id":"https:\/\/www.africa-press.net\/congo-brazzaville\/politique\/fonction-publique-territoriale-un-enjeu-majeur-pour-le-developpement-du-congo#primaryimage"},"thumbnailUrl":"https:\/\/static.africa-press.net\/congo-brazzaville\/sites\/51\/2023\/03\/postQueueImg_1677852573.86.jpg","keywords":["Africa Press","Africa Press-Congo Brazzaville","Congo Brazzaville"],"articleSection":["Politique","Toutes les actualit\u00e9s"],"inLanguage":"fr-FR","potentialAction":[{"@type":"CommentAction","name":"Comment","target":["https:\/\/www.africa-press.net\/congo-brazzaville\/politique\/fonction-publique-territoriale-un-enjeu-majeur-pour-le-developpement-du-congo#respond"]}]},{"@type":"WebPage","@id":"https:\/\/www.africa-press.net\/congo-brazzaville\/politique\/fonction-publique-territoriale-un-enjeu-majeur-pour-le-developpement-du-congo","url":"https:\/\/www.africa-press.net\/congo-brazzaville\/politique\/fonction-publique-territoriale-un-enjeu-majeur-pour-le-developpement-du-congo","name":"Fonction publique territoriale : un enjeu majeur pour le d\u00e9veloppement du Congo - Congo Brazzaville","isPartOf":{"@id":"https:\/\/www.africa-press.net\/congo-brazzaville\/#website"},"primaryImageOfPage":{"@id":"https:\/\/www.africa-press.net\/congo-brazzaville\/politique\/fonction-publique-territoriale-un-enjeu-majeur-pour-le-developpement-du-congo#primaryimage"},"image":{"@id":"https:\/\/www.africa-press.net\/congo-brazzaville\/politique\/fonction-publique-territoriale-un-enjeu-majeur-pour-le-developpement-du-congo#primaryimage"},"thumbnailUrl":"https:\/\/static.africa-press.net\/congo-brazzaville\/sites\/51\/2023\/03\/postQueueImg_1677852573.86.jpg","datePublished":"2023-03-03T17:39:30+00:00","dateModified":"2023-03-03T18:54:14+00:00","author":{"@id":"https:\/\/www.africa-press.net\/congo-brazzaville\/#\/schema\/person\/2b1cf3cd81a31e3cd26889ca66d677f1"},"description":"Au deuxie\u0300me jour du forum sur la revitalisation et la redynamisation de la de\u0301centralisation et le de\u0301veloppement lo ...","breadcrumb":{"@id":"https:\/\/www.africa-press.net\/congo-brazzaville\/politique\/fonction-publique-territoriale-un-enjeu-majeur-pour-le-developpement-du-congo#breadcrumb"},"inLanguage":"fr-FR","potentialAction":[{"@type":"ReadAction","target":["https:\/\/www.africa-press.net\/congo-brazzaville\/politique\/fonction-publique-territoriale-un-enjeu-majeur-pour-le-developpement-du-congo"]}]},{"@type":"ImageObject","inLanguage":"fr-FR","@id":"https:\/\/www.africa-press.net\/congo-brazzaville\/politique\/fonction-publique-territoriale-un-enjeu-majeur-pour-le-developpement-du-congo#primaryimage","url":"https:\/\/static.africa-press.net\/congo-brazzaville\/sites\/51\/2023\/03\/postQueueImg_1677852573.86.jpg","contentUrl":"https:\/\/static.africa-press.net\/congo-brazzaville\/sites\/51\/2023\/03\/postQueueImg_1677852573.86.jpg","width":1669,"height":768,"caption":"Fonction publique territoriale : un enjeu majeur pour le d\u00e9veloppement du Congo"},{"@type":"BreadcrumbList","@id":"https:\/\/www.africa-press.net\/congo-brazzaville\/politique\/fonction-publique-territoriale-un-enjeu-majeur-pour-le-developpement-du-congo#breadcrumb","itemListElement":[{"@type":"ListItem","position":1,"name":"Accueil","item":"https:\/\/www.africa-press.net\/congo-brazzaville\/"},{"@type":"ListItem","position":2,"name":"Fonction publique territoriale : un enjeu majeur pour le d\u00e9veloppement du Congo"}]},{"@type":"WebSite","@id":"https:\/\/www.africa-press.net\/congo-brazzaville\/#website","url":"https:\/\/www.africa-press.net\/congo-brazzaville\/","name":"Congo Brazzaville","description":"Just another Africa News Agency Sites site","potentialAction":[{"@type":"SearchAction","target":{"@type":"EntryPoint","urlTemplate":"https:\/\/www.africa-press.net\/congo-brazzaville\/?s={search_term_string}"},"query-input":{"@type":"PropertyValueSpecification","valueRequired":true,"valueName":"search_term_string"}}],"inLanguage":"fr-FR"},{"@type":"Person","@id":"https:\/\/www.africa-press.net\/congo-brazzaville\/#\/schema\/person\/2b1cf3cd81a31e3cd26889ca66d677f1","name":"cfeditorfr"}]}},"_links":{"self":[{"href":"https:\/\/www.africa-press.net\/congo-brazzaville\/wp-json\/wp\/v2\/posts\/15183","targetHints":{"allow":["GET"]}}],"collection":[{"href":"https:\/\/www.africa-press.net\/congo-brazzaville\/wp-json\/wp\/v2\/posts"}],"about":[{"href":"https:\/\/www.africa-press.net\/congo-brazzaville\/wp-json\/wp\/v2\/types\/post"}],"author":[{"embeddable":true,"href":"https:\/\/www.africa-press.net\/congo-brazzaville\/wp-json\/wp\/v2\/users\/82"}],"replies":[{"embeddable":true,"href":"https:\/\/www.africa-press.net\/congo-brazzaville\/wp-json\/wp\/v2\/comments?post=15183"}],"version-history":[{"count":0,"href":"https:\/\/www.africa-press.net\/congo-brazzaville\/wp-json\/wp\/v2\/posts\/15183\/revisions"}],"wp:featuredmedia":[{"embeddable":true,"href":"https:\/\/www.africa-press.net\/congo-brazzaville\/wp-json\/wp\/v2\/media\/15182"}],"wp:attachment":[{"href":"https:\/\/www.africa-press.net\/congo-brazzaville\/wp-json\/wp\/v2\/media?parent=15183"}],"wp:term":[{"taxonomy":"category","embeddable":true,"href":"https:\/\/www.africa-press.net\/congo-brazzaville\/wp-json\/wp\/v2\/categories?post=15183"},{"taxonomy":"post_tag","embeddable":true,"href":"https:\/\/www.africa-press.net\/congo-brazzaville\/wp-json\/wp\/v2\/tags?post=15183"}],"curies":[{"name":"wp","href":"https:\/\/api.w.org\/{rel}","templated":true}]}}