{"id":15185,"date":"2023-03-03T17:39:59","date_gmt":"2023-03-03T17:39:59","guid":{"rendered":"https:\/\/www.africa-press.net\/congo-brazzaville\/politique\/cooperation-parlementaire-le-congo-et-la-france-envisage-la-signature-dun-protocole-daccord"},"modified":"2023-03-03T18:54:42","modified_gmt":"2023-03-03T18:54:42","slug":"cooperation-parlementaire-le-congo-et-la-france-envisage-la-signature-dun-protocole-daccord","status":"publish","type":"post","link":"https:\/\/www.africa-press.net\/congo-brazzaville\/politique\/cooperation-parlementaire-le-congo-et-la-france-envisage-la-signature-dun-protocole-daccord","title":{"rendered":"Coop\u00e9ration parlementaire : le Congo et la France envisage la signature d\u2019un protocole d\u2019accord"},"content":{"rendered":"<p><span style=\"color: #ff6600\"><strong>Africa-Press &#8211; Congo Brazzaville. <\/strong><\/span>Le se\u0301nateur franc\u0327ais et pre\u0301sident du groupe d\u2019amitie\u0301 France-Congo, Ste\u0301phane Demilly, a e\u0301change\u0301 le 3 mars a\u0300 Brazzaville avec ses colle\u0300gues congolais sur la ne\u0301cessite\u0301 de renforcer la coope\u0301ration parlementaire entre les deux pays.<\/p>\n<p>Devant quelques membres de la Commission affaires e\u0301trange\u0300res et de la coope\u0301ration du Se\u0301nat congolais, notamment Gabriel Oba-Apounou, Ste\u0301phane Demilly a appre\u0301cie\u0301 le dynamisme de ses colle\u0300gues. Les deux personnalite\u0301s ont e\u0301galement e\u0301voque\u0301 le ro\u0302le de leur structure ainsi que leurs organisations.<\/p>\n<p>Apre\u0300s les e\u0301changes, Ste\u0301phane Demilly, en compagnie du deuxie\u0300me vice-pre\u0301sident de la Commission affaires e\u0301trange\u0300res, Boniface Bouka, a visite\u0301 les lieux strate\u0301giques du Se\u0301nat. Pre\u0301sent a\u0300 Brazzaville dans le cadre de la visite de travail du pre\u0301sident franc\u0327ais, Emmanuel Macron, le pre\u0301sident du groupe d\u2019amitie\u0301 France-Congo a souhaite\u0301 la multiplication de voyages de travail entre les deux pays.<\/p>\n<p><strong>Pour plus d&rsquo;informations et d&rsquo;analyses sur la <a href=\"https:\/\/www.africa-press.net\/congo-brazzaville\">Congo Brazzaville<\/a>, suivez <a href=\"https:\/\/www.africa-press.net\/\">Africa-Press<\/a><\/strong><\/p>\n","protected":false},"excerpt":{"rendered":"<p>Africa-Press &#8211; Congo Brazzaville. Le se\u0301nateur franc\u0327ais et pre\u0301sident du groupe d\u2019amitie\u0301 France-Congo, Ste\u0301phane Demilly, a e\u0301change\u0301 le 3 mars a\u0300 Brazzaville avec ses colle\u0300gues congolais sur la ne\u0301cessite\u0301 de renforcer la coope\u0301ration parlementaire entre les deux pays. Devant quelques membres de la Commission affaires e\u0301trange\u0300res et de la coope\u0301ration du Se\u0301nat congolais, notamment Gabriel [&hellip;]<\/p>\n","protected":false},"author":82,"featured_media":15184,"comment_status":"open","ping_status":"closed","sticky":false,"template":"","format":"standard","meta":{"footnotes":""},"categories":[2,49,20,10],"tags":[36,47,46],"class_list":["post-15185","post","type-post","status-publish","format-standard","has-post-thumbnail","hentry","category-politique","category-to-homepage","category-top-nouvelles","category-toutes-les-actualites","tag-africa-press","tag-africa-press-congo-brazzaville","tag-congo-brazzaville"],"yoast_head":"<!-- This site is optimized with the Yoast SEO Premium plugin v26.1 (Yoast SEO v27.0) - https:\/\/yoast.com\/product\/yoast-seo-premium-wordpress\/ -->\n<title>Coop\u00e9ration parlementaire : le Congo et la France envisage la signature d\u2019un protocole d\u2019accord - Congo Brazzaville<\/title>\n<meta name=\"description\" content=\"Le se\u0301nateur franc\u0327ais et pre\u0301sident du groupe d\u2019amitie\u0301 France-Congo, Ste\u0301phane Demilly, a e\u0301change\u0301 le 3 mars a\u0300 Brazz ...\" \/>\n<meta name=\"robots\" content=\"index, follow, max-snippet:-1, max-image-preview:large, max-video-preview:-1\" \/>\n<link rel=\"canonical\" href=\"https:\/\/www.africa-press.net\/congo-brazzaville\/politique\/cooperation-parlementaire-le-congo-et-la-france-envisage-la-signature-dun-protocole-daccord\" \/>\n<meta property=\"og:locale\" content=\"fr_FR\" \/>\n<meta property=\"og:type\" content=\"article\" \/>\n<meta property=\"og:title\" content=\"Coop\u00e9ration parlementaire : le Congo et la France envisage la signature d\u2019un protocole d\u2019accord\" \/>\n<meta property=\"og:description\" content=\"Le se\u0301nateur franc\u0327ais et pre\u0301sident du groupe d\u2019amitie\u0301 France-Congo, Ste\u0301phane Demilly, a e\u0301change\u0301 le 3 mars a\u0300 Brazz ...\" \/>\n<meta property=\"og:url\" content=\"https:\/\/www.africa-press.net\/congo-brazzaville\/politique\/cooperation-parlementaire-le-congo-et-la-france-envisage-la-signature-dun-protocole-daccord\" \/>\n<meta property=\"og:site_name\" content=\"Congo Brazzaville\" \/>\n<meta property=\"article:published_time\" content=\"2023-03-03T17:39:59+00:00\" \/>\n<meta property=\"article:modified_time\" content=\"2023-03-03T18:54:42+00:00\" \/>\n<meta property=\"og:image\" content=\"https:\/\/static.africa-press.net\/congo-brazzaville\/sites\/51\/2023\/03\/postQueueImg_1677852619.21.jpg\" \/>\n\t<meta property=\"og:image:width\" content=\"1155\" \/>\n\t<meta property=\"og:image:height\" content=\"768\" \/>\n\t<meta property=\"og:image:type\" content=\"image\/jpeg\" \/>\n<meta name=\"author\" content=\"cfeditorfr\" \/>\n<meta name=\"twitter:card\" content=\"summary_large_image\" \/>\n<meta name=\"twitter:label1\" content=\"\u00c9crit par\" \/>\n\t<meta name=\"twitter:data1\" content=\"cfeditorfr\" \/>\n\t<meta name=\"twitter:label2\" content=\"Dur\u00e9e de lecture estim\u00e9e\" \/>\n\t<meta name=\"twitter:data2\" content=\"1 minute\" \/>\n<script type=\"application\/ld+json\" class=\"yoast-schema-graph\">{\"@context\":\"https:\/\/schema.org\",\"@graph\":[{\"@type\":\"Article\",\"@id\":\"https:\/\/www.africa-press.net\/congo-brazzaville\/politique\/cooperation-parlementaire-le-congo-et-la-france-envisage-la-signature-dun-protocole-daccord#article\",\"isPartOf\":{\"@id\":\"https:\/\/www.africa-press.net\/congo-brazzaville\/politique\/cooperation-parlementaire-le-congo-et-la-france-envisage-la-signature-dun-protocole-daccord\"},\"author\":{\"name\":\"cfeditorfr\",\"@id\":\"https:\/\/www.africa-press.net\/congo-brazzaville\/#\/schema\/person\/2b1cf3cd81a31e3cd26889ca66d677f1\"},\"headline\":\"Coop\u00e9ration parlementaire : le Congo et la France envisage la signature d\u2019un protocole d\u2019accord\",\"datePublished\":\"2023-03-03T17:39:59+00:00\",\"dateModified\":\"2023-03-03T18:54:42+00:00\",\"mainEntityOfPage\":{\"@id\":\"https:\/\/www.africa-press.net\/congo-brazzaville\/politique\/cooperation-parlementaire-le-congo-et-la-france-envisage-la-signature-dun-protocole-daccord\"},\"wordCount\":200,\"commentCount\":0,\"image\":{\"@id\":\"https:\/\/www.africa-press.net\/congo-brazzaville\/politique\/cooperation-parlementaire-le-congo-et-la-france-envisage-la-signature-dun-protocole-daccord#primaryimage\"},\"thumbnailUrl\":\"https:\/\/static.africa-press.net\/congo-brazzaville\/sites\/51\/2023\/03\/postQueueImg_1677852619.21.jpg\",\"keywords\":[\"Africa Press\",\"Africa Press-Congo Brazzaville\",\"Congo Brazzaville\"],\"articleSection\":[\"Politique\",\"to-homepage\",\"Top Nouvelles\",\"Toutes les actualit\u00e9s\"],\"inLanguage\":\"fr-FR\",\"potentialAction\":[{\"@type\":\"CommentAction\",\"name\":\"Comment\",\"target\":[\"https:\/\/www.africa-press.net\/congo-brazzaville\/politique\/cooperation-parlementaire-le-congo-et-la-france-envisage-la-signature-dun-protocole-daccord#respond\"]}]},{\"@type\":\"WebPage\",\"@id\":\"https:\/\/www.africa-press.net\/congo-brazzaville\/politique\/cooperation-parlementaire-le-congo-et-la-france-envisage-la-signature-dun-protocole-daccord\",\"url\":\"https:\/\/www.africa-press.net\/congo-brazzaville\/politique\/cooperation-parlementaire-le-congo-et-la-france-envisage-la-signature-dun-protocole-daccord\",\"name\":\"Coop\u00e9ration parlementaire : le Congo et la France envisage la signature d\u2019un protocole d\u2019accord - Congo Brazzaville\",\"isPartOf\":{\"@id\":\"https:\/\/www.africa-press.net\/congo-brazzaville\/#website\"},\"primaryImageOfPage\":{\"@id\":\"https:\/\/www.africa-press.net\/congo-brazzaville\/politique\/cooperation-parlementaire-le-congo-et-la-france-envisage-la-signature-dun-protocole-daccord#primaryimage\"},\"image\":{\"@id\":\"https:\/\/www.africa-press.net\/congo-brazzaville\/politique\/cooperation-parlementaire-le-congo-et-la-france-envisage-la-signature-dun-protocole-daccord#primaryimage\"},\"thumbnailUrl\":\"https:\/\/static.africa-press.net\/congo-brazzaville\/sites\/51\/2023\/03\/postQueueImg_1677852619.21.jpg\",\"datePublished\":\"2023-03-03T17:39:59+00:00\",\"dateModified\":\"2023-03-03T18:54:42+00:00\",\"author\":{\"@id\":\"https:\/\/www.africa-press.net\/congo-brazzaville\/#\/schema\/person\/2b1cf3cd81a31e3cd26889ca66d677f1\"},\"description\":\"Le se\u0301nateur franc\u0327ais et pre\u0301sident du groupe d\u2019amitie\u0301 France-Congo, Ste\u0301phane Demilly, a e\u0301change\u0301 le 3 mars a\u0300 Brazz ...\",\"breadcrumb\":{\"@id\":\"https:\/\/www.africa-press.net\/congo-brazzaville\/politique\/cooperation-parlementaire-le-congo-et-la-france-envisage-la-signature-dun-protocole-daccord#breadcrumb\"},\"inLanguage\":\"fr-FR\",\"potentialAction\":[{\"@type\":\"ReadAction\",\"target\":[\"https:\/\/www.africa-press.net\/congo-brazzaville\/politique\/cooperation-parlementaire-le-congo-et-la-france-envisage-la-signature-dun-protocole-daccord\"]}]},{\"@type\":\"ImageObject\",\"inLanguage\":\"fr-FR\",\"@id\":\"https:\/\/www.africa-press.net\/congo-brazzaville\/politique\/cooperation-parlementaire-le-congo-et-la-france-envisage-la-signature-dun-protocole-daccord#primaryimage\",\"url\":\"https:\/\/static.africa-press.net\/congo-brazzaville\/sites\/51\/2023\/03\/postQueueImg_1677852619.21.jpg\",\"contentUrl\":\"https:\/\/static.africa-press.net\/congo-brazzaville\/sites\/51\/2023\/03\/postQueueImg_1677852619.21.jpg\",\"width\":1155,\"height\":768,\"caption\":\"Coop\u00e9ration parlementaire : le Congo et la France envisage la signature d\u2019un protocole d\u2019accord\"},{\"@type\":\"BreadcrumbList\",\"@id\":\"https:\/\/www.africa-press.net\/congo-brazzaville\/politique\/cooperation-parlementaire-le-congo-et-la-france-envisage-la-signature-dun-protocole-daccord#breadcrumb\",\"itemListElement\":[{\"@type\":\"ListItem\",\"position\":1,\"name\":\"Accueil\",\"item\":\"https:\/\/www.africa-press.net\/congo-brazzaville\/\"},{\"@type\":\"ListItem\",\"position\":2,\"name\":\"Coop\u00e9ration parlementaire : le Congo et la France envisage la signature d\u2019un protocole d\u2019accord\"}]},{\"@type\":\"WebSite\",\"@id\":\"https:\/\/www.africa-press.net\/congo-brazzaville\/#website\",\"url\":\"https:\/\/www.africa-press.net\/congo-brazzaville\/\",\"name\":\"Congo Brazzaville\",\"description\":\"Just another Africa News Agency Sites site\",\"potentialAction\":[{\"@type\":\"SearchAction\",\"target\":{\"@type\":\"EntryPoint\",\"urlTemplate\":\"https:\/\/www.africa-press.net\/congo-brazzaville\/?s={search_term_string}\"},\"query-input\":{\"@type\":\"PropertyValueSpecification\",\"valueRequired\":true,\"valueName\":\"search_term_string\"}}],\"inLanguage\":\"fr-FR\"},{\"@type\":\"Person\",\"@id\":\"https:\/\/www.africa-press.net\/congo-brazzaville\/#\/schema\/person\/2b1cf3cd81a31e3cd26889ca66d677f1\",\"name\":\"cfeditorfr\"}]}<\/script>\n<!-- \/ Yoast SEO Premium plugin. -->","yoast_head_json":{"title":"Coop\u00e9ration parlementaire : le Congo et la France envisage la signature d\u2019un protocole d\u2019accord - Congo Brazzaville","description":"Le se\u0301nateur franc\u0327ais et pre\u0301sident du groupe d\u2019amitie\u0301 France-Congo, Ste\u0301phane Demilly, a e\u0301change\u0301 le 3 mars a\u0300 Brazz ...","robots":{"index":"index","follow":"follow","max-snippet":"max-snippet:-1","max-image-preview":"max-image-preview:large","max-video-preview":"max-video-preview:-1"},"canonical":"https:\/\/www.africa-press.net\/congo-brazzaville\/politique\/cooperation-parlementaire-le-congo-et-la-france-envisage-la-signature-dun-protocole-daccord","og_locale":"fr_FR","og_type":"article","og_title":"Coop\u00e9ration parlementaire : le Congo et la France envisage la signature d\u2019un protocole d\u2019accord","og_description":"Le se\u0301nateur franc\u0327ais et pre\u0301sident du groupe d\u2019amitie\u0301 France-Congo, Ste\u0301phane Demilly, a e\u0301change\u0301 le 3 mars a\u0300 Brazz ...","og_url":"https:\/\/www.africa-press.net\/congo-brazzaville\/politique\/cooperation-parlementaire-le-congo-et-la-france-envisage-la-signature-dun-protocole-daccord","og_site_name":"Congo Brazzaville","article_published_time":"2023-03-03T17:39:59+00:00","article_modified_time":"2023-03-03T18:54:42+00:00","og_image":[{"width":1155,"height":768,"url":"https:\/\/static.africa-press.net\/congo-brazzaville\/sites\/51\/2023\/03\/postQueueImg_1677852619.21.jpg","type":"image\/jpeg"}],"author":"cfeditorfr","twitter_card":"summary_large_image","twitter_misc":{"\u00c9crit par":"cfeditorfr","Dur\u00e9e de lecture estim\u00e9e":"1 minute"},"schema":{"@context":"https:\/\/schema.org","@graph":[{"@type":"Article","@id":"https:\/\/www.africa-press.net\/congo-brazzaville\/politique\/cooperation-parlementaire-le-congo-et-la-france-envisage-la-signature-dun-protocole-daccord#article","isPartOf":{"@id":"https:\/\/www.africa-press.net\/congo-brazzaville\/politique\/cooperation-parlementaire-le-congo-et-la-france-envisage-la-signature-dun-protocole-daccord"},"author":{"name":"cfeditorfr","@id":"https:\/\/www.africa-press.net\/congo-brazzaville\/#\/schema\/person\/2b1cf3cd81a31e3cd26889ca66d677f1"},"headline":"Coop\u00e9ration parlementaire : le Congo et la France envisage la signature d\u2019un protocole d\u2019accord","datePublished":"2023-03-03T17:39:59+00:00","dateModified":"2023-03-03T18:54:42+00:00","mainEntityOfPage":{"@id":"https:\/\/www.africa-press.net\/congo-brazzaville\/politique\/cooperation-parlementaire-le-congo-et-la-france-envisage-la-signature-dun-protocole-daccord"},"wordCount":200,"commentCount":0,"image":{"@id":"https:\/\/www.africa-press.net\/congo-brazzaville\/politique\/cooperation-parlementaire-le-congo-et-la-france-envisage-la-signature-dun-protocole-daccord#primaryimage"},"thumbnailUrl":"https:\/\/static.africa-press.net\/congo-brazzaville\/sites\/51\/2023\/03\/postQueueImg_1677852619.21.jpg","keywords":["Africa Press","Africa Press-Congo Brazzaville","Congo Brazzaville"],"articleSection":["Politique","to-homepage","Top Nouvelles","Toutes les actualit\u00e9s"],"inLanguage":"fr-FR","potentialAction":[{"@type":"CommentAction","name":"Comment","target":["https:\/\/www.africa-press.net\/congo-brazzaville\/politique\/cooperation-parlementaire-le-congo-et-la-france-envisage-la-signature-dun-protocole-daccord#respond"]}]},{"@type":"WebPage","@id":"https:\/\/www.africa-press.net\/congo-brazzaville\/politique\/cooperation-parlementaire-le-congo-et-la-france-envisage-la-signature-dun-protocole-daccord","url":"https:\/\/www.africa-press.net\/congo-brazzaville\/politique\/cooperation-parlementaire-le-congo-et-la-france-envisage-la-signature-dun-protocole-daccord","name":"Coop\u00e9ration parlementaire : le Congo et la France envisage la signature d\u2019un protocole d\u2019accord - Congo Brazzaville","isPartOf":{"@id":"https:\/\/www.africa-press.net\/congo-brazzaville\/#website"},"primaryImageOfPage":{"@id":"https:\/\/www.africa-press.net\/congo-brazzaville\/politique\/cooperation-parlementaire-le-congo-et-la-france-envisage-la-signature-dun-protocole-daccord#primaryimage"},"image":{"@id":"https:\/\/www.africa-press.net\/congo-brazzaville\/politique\/cooperation-parlementaire-le-congo-et-la-france-envisage-la-signature-dun-protocole-daccord#primaryimage"},"thumbnailUrl":"https:\/\/static.africa-press.net\/congo-brazzaville\/sites\/51\/2023\/03\/postQueueImg_1677852619.21.jpg","datePublished":"2023-03-03T17:39:59+00:00","dateModified":"2023-03-03T18:54:42+00:00","author":{"@id":"https:\/\/www.africa-press.net\/congo-brazzaville\/#\/schema\/person\/2b1cf3cd81a31e3cd26889ca66d677f1"},"description":"Le se\u0301nateur franc\u0327ais et pre\u0301sident du groupe d\u2019amitie\u0301 France-Congo, Ste\u0301phane Demilly, a e\u0301change\u0301 le 3 mars a\u0300 Brazz ...","breadcrumb":{"@id":"https:\/\/www.africa-press.net\/congo-brazzaville\/politique\/cooperation-parlementaire-le-congo-et-la-france-envisage-la-signature-dun-protocole-daccord#breadcrumb"},"inLanguage":"fr-FR","potentialAction":[{"@type":"ReadAction","target":["https:\/\/www.africa-press.net\/congo-brazzaville\/politique\/cooperation-parlementaire-le-congo-et-la-france-envisage-la-signature-dun-protocole-daccord"]}]},{"@type":"ImageObject","inLanguage":"fr-FR","@id":"https:\/\/www.africa-press.net\/congo-brazzaville\/politique\/cooperation-parlementaire-le-congo-et-la-france-envisage-la-signature-dun-protocole-daccord#primaryimage","url":"https:\/\/static.africa-press.net\/congo-brazzaville\/sites\/51\/2023\/03\/postQueueImg_1677852619.21.jpg","contentUrl":"https:\/\/static.africa-press.net\/congo-brazzaville\/sites\/51\/2023\/03\/postQueueImg_1677852619.21.jpg","width":1155,"height":768,"caption":"Coop\u00e9ration parlementaire : le Congo et la France envisage la signature d\u2019un protocole d\u2019accord"},{"@type":"BreadcrumbList","@id":"https:\/\/www.africa-press.net\/congo-brazzaville\/politique\/cooperation-parlementaire-le-congo-et-la-france-envisage-la-signature-dun-protocole-daccord#breadcrumb","itemListElement":[{"@type":"ListItem","position":1,"name":"Accueil","item":"https:\/\/www.africa-press.net\/congo-brazzaville\/"},{"@type":"ListItem","position":2,"name":"Coop\u00e9ration parlementaire : le Congo et la France envisage la signature d\u2019un protocole d\u2019accord"}]},{"@type":"WebSite","@id":"https:\/\/www.africa-press.net\/congo-brazzaville\/#website","url":"https:\/\/www.africa-press.net\/congo-brazzaville\/","name":"Congo Brazzaville","description":"Just another Africa News Agency Sites site","potentialAction":[{"@type":"SearchAction","target":{"@type":"EntryPoint","urlTemplate":"https:\/\/www.africa-press.net\/congo-brazzaville\/?s={search_term_string}"},"query-input":{"@type":"PropertyValueSpecification","valueRequired":true,"valueName":"search_term_string"}}],"inLanguage":"fr-FR"},{"@type":"Person","@id":"https:\/\/www.africa-press.net\/congo-brazzaville\/#\/schema\/person\/2b1cf3cd81a31e3cd26889ca66d677f1","name":"cfeditorfr"}]}},"_links":{"self":[{"href":"https:\/\/www.africa-press.net\/congo-brazzaville\/wp-json\/wp\/v2\/posts\/15185","targetHints":{"allow":["GET"]}}],"collection":[{"href":"https:\/\/www.africa-press.net\/congo-brazzaville\/wp-json\/wp\/v2\/posts"}],"about":[{"href":"https:\/\/www.africa-press.net\/congo-brazzaville\/wp-json\/wp\/v2\/types\/post"}],"author":[{"embeddable":true,"href":"https:\/\/www.africa-press.net\/congo-brazzaville\/wp-json\/wp\/v2\/users\/82"}],"replies":[{"embeddable":true,"href":"https:\/\/www.africa-press.net\/congo-brazzaville\/wp-json\/wp\/v2\/comments?post=15185"}],"version-history":[{"count":0,"href":"https:\/\/www.africa-press.net\/congo-brazzaville\/wp-json\/wp\/v2\/posts\/15185\/revisions"}],"wp:featuredmedia":[{"embeddable":true,"href":"https:\/\/www.africa-press.net\/congo-brazzaville\/wp-json\/wp\/v2\/media\/15184"}],"wp:attachment":[{"href":"https:\/\/www.africa-press.net\/congo-brazzaville\/wp-json\/wp\/v2\/media?parent=15185"}],"wp:term":[{"taxonomy":"category","embeddable":true,"href":"https:\/\/www.africa-press.net\/congo-brazzaville\/wp-json\/wp\/v2\/categories?post=15185"},{"taxonomy":"post_tag","embeddable":true,"href":"https:\/\/www.africa-press.net\/congo-brazzaville\/wp-json\/wp\/v2\/tags?post=15185"}],"curies":[{"name":"wp","href":"https:\/\/api.w.org\/{rel}","templated":true}]}}