{"id":15189,"date":"2023-03-03T17:41:03","date_gmt":"2023-03-03T17:41:03","guid":{"rendered":"https:\/\/www.africa-press.net\/congo-brazzaville\/politique\/salon-international-de-lagriculture-de-paris-la-journee-du-2-mars-consacree-a-la-cote-divoire"},"modified":"2023-03-03T18:55:30","modified_gmt":"2023-03-03T18:55:30","slug":"salon-international-de-lagriculture-de-paris-la-journee-du-2-mars-consacree-a-la-cote-divoire","status":"publish","type":"post","link":"https:\/\/www.africa-press.net\/congo-brazzaville\/economie\/salon-international-de-lagriculture-de-paris-la-journee-du-2-mars-consacree-a-la-cote-divoire","title":{"rendered":"Salon international de l\u2019agriculture de Paris: la journ\u00e9e du 2 mars consacr\u00e9e \u00e0 la C\u00f4te d&rsquo;Ivoire"},"content":{"rendered":"<p><span style=\"color: #ff6600\"><strong>Africa-Press &#8211; Congo Brazzaville. <\/strong><\/span><b>Par une de\u0301le\u0301gation conduite par son ministre d\u2019E\u0301tat Kobenan Kouassi Adjoumani, assiste\u0301 de ses homologues Sidi Toure\u0301 et Laurent Tchagba, la Co\u0302te d\u2019Ivoire est venue en France pour promouvoir sa terre agricole, terre de richesses et d\u2019opportunite\u0301s, a\u0300 la 59e e\u0301dition du Salon international de l\u2019agriculture (SIA) de Paris, au parc des expositions de la porte de Versailles, sur la the\u0301matique \u00ab<\/b> <b>L&rsquo;agriculture : le vivant au quotidien<\/b> <b>\u00bb. <\/b><\/p>\n<p>Depuis le 25 fe\u0301vrier dernier et ce jusqu\u2019au 5 mars, la Co\u0302te d\u2019ivoire a installe\u0301 ses quartiers au pavillon 5.1 du parc des expositions de Paris porte de Versailles. Chaque jour, les visiteurs affluent a\u0300 la de\u0301couverte des produits issus de l\u2019agriculture de ce pays. Les repre\u0301sentants de coope\u0301ratives agricoles, de structures importantes comme le port autonome d\u2019Abidjan, le Conseil cafe\u0301 cacao, le Conseil coton anacarde ou le CNRA se donnent a\u0300 c\u0153ur joie de promouvoir leur Programme national d\u2019investissement agricole de deuxie\u0300me ge\u0301ne\u0301ration (PNIA II) avec, pour axe principal, la mise en place des agropoles.<\/p>\n<p>Leur pays a e\u0301te\u0301 mis a\u0300 l\u2019honneur a\u0300 travers une journe\u0301e spe\u0301ciale dont l\u2019un des temps forts aura e\u0301te\u0301 la confe\u0301rence sur le the\u0300me \u00ab L\u2019agriculture ivoirienne face aux crises externes et internes : perspectives pour relever le de\u0301fi de la souverainete\u0301 alimentaire \u00bb.<\/p>\n<p>Tre\u0300s to\u0302t, les passionne\u0301s du monde agricole, les invite\u0301s de marque et plusieurs journalistes ont pris place au 121 CFDE espace 2000 du pavillon 1. L\u2019occasion pour le ministre d\u2019E\u0301tat, Kobenan Kouassi Adjoumani, ses homologues des Ressources animales et halieutiques, des Eaux et Fore\u0302ts et son directeur de cabinet, de pre\u0301senter leur potentiel agro-pastoral et halieutique, les re\u0301formes ope\u0301re\u0301es et d\u2019aborder les questions lie\u0301es a\u0300 la transformation structurelle de l\u2019e\u0301conomie agricole dans un contexte de changement climatique et de crise russo-ukrainienne.<\/p>\n<p>Parmi les invite\u0301s, Clenne Mouangou, C.M Agrobusiness et Edwige Yombi Sitou, EMS Ne\u0301goces, deux Congolaises fide\u0300les au rendez-vous de la Co\u0302te d\u2019Ivoire.<\/p>\n<p>Cette tribune a permis e\u0301galement a\u0300 la de\u0301le\u0301gation ivoirienne de pre\u0301senter aux investisseurs les nouvelles opportunite\u0301s d\u2019investissement dans ce secteur agricole axe\u0301 sur la transformation locale de leurs produits agricoles, avec la mise en place des agropoles, et de faire e\u0301galement la promotion autour de la sixie\u0300me e\u0301dition du Salon International de l\u2019agriculture et des ressources animales d\u2019Abidjan, pre\u0301vue du 29 septembre au 8 octobre prochains.<\/p>\n<p>Lors des e\u0301changes avec les participants, Kobenan Kouassi Adjoumani a explique\u0301 que son pays est respectueux de la pre\u0301servation de l\u2019environnement au moyen d\u2019une agriculture moderne. Il s\u2019est dit ouvert au fait de s\u2019impre\u0301gner continu\u0302ment des avance\u0301es majeures en matie\u0300re de techniques, de technologies et de recherche enregistre\u0301es dans le domaine de l\u2019agriculture sous d\u2019autres contre\u0301es.<\/p>\n<p>Il a rappele\u0301 le Programme national d\u2019investissement agricole de son pays qui vise une agriculture plus compe\u0301titive et cre\u0301atrice de revenus e\u0301quitablement partage\u0301s. De ce fait, ses compatriotes de la diaspora ont leur place dans le secteur agricole, un secteur cre\u0301ateur de richesses et porte\u0301 par les paysans, les femmes, les jeunes, les petites et moyennes entreprises, a confie\u0301 le ministre, invitant ses compatriotes de la diaspora a\u0300 s\u2019impliquer a\u0300 la mise en place d\u2019E\u0301tat.<\/p>\n<p><strong>Pour plus d&rsquo;informations et d&rsquo;analyses sur la <a href=\"https:\/\/www.africa-press.net\/congo-brazzaville\">Congo Brazzaville<\/a>, suivez <a href=\"https:\/\/www.africa-press.net\/\">Africa-Press<\/a><\/strong><\/p>\n","protected":false},"excerpt":{"rendered":"<p>Africa-Press &#8211; Congo Brazzaville. Par une de\u0301le\u0301gation conduite par son ministre d\u2019E\u0301tat Kobenan Kouassi Adjoumani, assiste\u0301 de ses homologues Sidi Toure\u0301 et Laurent Tchagba, la Co\u0302te d\u2019Ivoire est venue en France pour promouvoir sa terre agricole, terre de richesses et d\u2019opportunite\u0301s, a\u0300 la 59e e\u0301dition du Salon international de l\u2019agriculture (SIA) de Paris, au parc [&hellip;]<\/p>\n","protected":false},"author":82,"featured_media":15188,"comment_status":"open","ping_status":"closed","sticky":false,"template":"","format":"standard","meta":{"footnotes":""},"categories":[3,10],"tags":[36,47,46],"class_list":["post-15189","post","type-post","status-publish","format-standard","has-post-thumbnail","hentry","category-economie","category-toutes-les-actualites","tag-africa-press","tag-africa-press-congo-brazzaville","tag-congo-brazzaville"],"yoast_head":"<!-- This site is optimized with the Yoast SEO Premium plugin v26.1 (Yoast SEO v27.0) - https:\/\/yoast.com\/product\/yoast-seo-premium-wordpress\/ -->\n<title>Salon international de l\u2019agriculture de Paris: la journ\u00e9e du 2 mars consacr\u00e9e \u00e0 la C\u00f4te d&#039;Ivoire - Congo Brazzaville<\/title>\n<meta name=\"description\" content=\"Par une de\u0301le\u0301gation conduite par son ministre d\u2019E\u0301tat Kobenan Kouassi Adjoumani, assiste\u0301 de ses homologues Sidi Tou ...\" \/>\n<meta name=\"robots\" content=\"index, follow, max-snippet:-1, max-image-preview:large, max-video-preview:-1\" \/>\n<link rel=\"canonical\" href=\"https:\/\/www.africa-press.net\/congo-brazzaville\/economie\/salon-international-de-lagriculture-de-paris-la-journee-du-2-mars-consacree-a-la-cote-divoire\" \/>\n<meta property=\"og:locale\" content=\"fr_FR\" \/>\n<meta property=\"og:type\" content=\"article\" \/>\n<meta property=\"og:title\" content=\"Salon international de l\u2019agriculture de Paris: la journ\u00e9e du 2 mars consacr\u00e9e \u00e0 la C\u00f4te d&#039;Ivoire\" \/>\n<meta property=\"og:description\" content=\"Par une de\u0301le\u0301gation conduite par son ministre d\u2019E\u0301tat Kobenan Kouassi Adjoumani, assiste\u0301 de ses homologues Sidi Tou ...\" \/>\n<meta property=\"og:url\" content=\"https:\/\/www.africa-press.net\/congo-brazzaville\/economie\/salon-international-de-lagriculture-de-paris-la-journee-du-2-mars-consacree-a-la-cote-divoire\" \/>\n<meta property=\"og:site_name\" content=\"Congo Brazzaville\" \/>\n<meta property=\"article:published_time\" content=\"2023-03-03T17:41:03+00:00\" \/>\n<meta property=\"article:modified_time\" content=\"2023-03-03T18:55:30+00:00\" \/>\n<meta property=\"og:image\" content=\"https:\/\/static.africa-press.net\/congo-brazzaville\/sites\/51\/2023\/03\/postQueueImg_1677852666.26.jpg\" \/>\n\t<meta property=\"og:image:width\" content=\"800\" \/>\n\t<meta property=\"og:image:height\" content=\"461\" \/>\n\t<meta property=\"og:image:type\" content=\"image\/jpeg\" \/>\n<meta name=\"author\" content=\"cfeditorfr\" \/>\n<meta name=\"twitter:card\" content=\"summary_large_image\" \/>\n<meta name=\"twitter:label1\" content=\"\u00c9crit par\" \/>\n\t<meta name=\"twitter:data1\" content=\"cfeditorfr\" \/>\n\t<meta name=\"twitter:label2\" content=\"Dur\u00e9e de lecture estim\u00e9e\" \/>\n\t<meta name=\"twitter:data2\" content=\"3 minutes\" \/>\n<script type=\"application\/ld+json\" class=\"yoast-schema-graph\">{\"@context\":\"https:\/\/schema.org\",\"@graph\":[{\"@type\":\"Article\",\"@id\":\"https:\/\/www.africa-press.net\/congo-brazzaville\/economie\/salon-international-de-lagriculture-de-paris-la-journee-du-2-mars-consacree-a-la-cote-divoire#article\",\"isPartOf\":{\"@id\":\"https:\/\/www.africa-press.net\/congo-brazzaville\/economie\/salon-international-de-lagriculture-de-paris-la-journee-du-2-mars-consacree-a-la-cote-divoire\"},\"author\":{\"name\":\"cfeditorfr\",\"@id\":\"https:\/\/www.africa-press.net\/congo-brazzaville\/#\/schema\/person\/2b1cf3cd81a31e3cd26889ca66d677f1\"},\"headline\":\"Salon international de l\u2019agriculture de Paris: la journ\u00e9e du 2 mars consacr\u00e9e \u00e0 la C\u00f4te d&rsquo;Ivoire\",\"datePublished\":\"2023-03-03T17:41:03+00:00\",\"dateModified\":\"2023-03-03T18:55:30+00:00\",\"mainEntityOfPage\":{\"@id\":\"https:\/\/www.africa-press.net\/congo-brazzaville\/economie\/salon-international-de-lagriculture-de-paris-la-journee-du-2-mars-consacree-a-la-cote-divoire\"},\"wordCount\":624,\"commentCount\":0,\"image\":{\"@id\":\"https:\/\/www.africa-press.net\/congo-brazzaville\/economie\/salon-international-de-lagriculture-de-paris-la-journee-du-2-mars-consacree-a-la-cote-divoire#primaryimage\"},\"thumbnailUrl\":\"https:\/\/static.africa-press.net\/congo-brazzaville\/sites\/51\/2023\/03\/postQueueImg_1677852666.26.jpg\",\"keywords\":[\"Africa Press\",\"Africa Press-Congo Brazzaville\",\"Congo Brazzaville\"],\"articleSection\":[\"\u00c9conomie\",\"Toutes les actualit\u00e9s\"],\"inLanguage\":\"fr-FR\",\"potentialAction\":[{\"@type\":\"CommentAction\",\"name\":\"Comment\",\"target\":[\"https:\/\/www.africa-press.net\/congo-brazzaville\/economie\/salon-international-de-lagriculture-de-paris-la-journee-du-2-mars-consacree-a-la-cote-divoire#respond\"]}]},{\"@type\":\"WebPage\",\"@id\":\"https:\/\/www.africa-press.net\/congo-brazzaville\/economie\/salon-international-de-lagriculture-de-paris-la-journee-du-2-mars-consacree-a-la-cote-divoire\",\"url\":\"https:\/\/www.africa-press.net\/congo-brazzaville\/economie\/salon-international-de-lagriculture-de-paris-la-journee-du-2-mars-consacree-a-la-cote-divoire\",\"name\":\"Salon international de l\u2019agriculture de Paris: la journ\u00e9e du 2 mars consacr\u00e9e \u00e0 la C\u00f4te d'Ivoire - Congo Brazzaville\",\"isPartOf\":{\"@id\":\"https:\/\/www.africa-press.net\/congo-brazzaville\/#website\"},\"primaryImageOfPage\":{\"@id\":\"https:\/\/www.africa-press.net\/congo-brazzaville\/economie\/salon-international-de-lagriculture-de-paris-la-journee-du-2-mars-consacree-a-la-cote-divoire#primaryimage\"},\"image\":{\"@id\":\"https:\/\/www.africa-press.net\/congo-brazzaville\/economie\/salon-international-de-lagriculture-de-paris-la-journee-du-2-mars-consacree-a-la-cote-divoire#primaryimage\"},\"thumbnailUrl\":\"https:\/\/static.africa-press.net\/congo-brazzaville\/sites\/51\/2023\/03\/postQueueImg_1677852666.26.jpg\",\"datePublished\":\"2023-03-03T17:41:03+00:00\",\"dateModified\":\"2023-03-03T18:55:30+00:00\",\"author\":{\"@id\":\"https:\/\/www.africa-press.net\/congo-brazzaville\/#\/schema\/person\/2b1cf3cd81a31e3cd26889ca66d677f1\"},\"description\":\"Par une de\u0301le\u0301gation conduite par son ministre d\u2019E\u0301tat Kobenan Kouassi Adjoumani, assiste\u0301 de ses homologues Sidi Tou ...\",\"breadcrumb\":{\"@id\":\"https:\/\/www.africa-press.net\/congo-brazzaville\/economie\/salon-international-de-lagriculture-de-paris-la-journee-du-2-mars-consacree-a-la-cote-divoire#breadcrumb\"},\"inLanguage\":\"fr-FR\",\"potentialAction\":[{\"@type\":\"ReadAction\",\"target\":[\"https:\/\/www.africa-press.net\/congo-brazzaville\/economie\/salon-international-de-lagriculture-de-paris-la-journee-du-2-mars-consacree-a-la-cote-divoire\"]}]},{\"@type\":\"ImageObject\",\"inLanguage\":\"fr-FR\",\"@id\":\"https:\/\/www.africa-press.net\/congo-brazzaville\/economie\/salon-international-de-lagriculture-de-paris-la-journee-du-2-mars-consacree-a-la-cote-divoire#primaryimage\",\"url\":\"https:\/\/static.africa-press.net\/congo-brazzaville\/sites\/51\/2023\/03\/postQueueImg_1677852666.26.jpg\",\"contentUrl\":\"https:\/\/static.africa-press.net\/congo-brazzaville\/sites\/51\/2023\/03\/postQueueImg_1677852666.26.jpg\",\"width\":800,\"height\":461,\"caption\":\"Salon international de l\u2019agriculture de Paris: la journ\u00e9e du 2 mars consacr\u00e9e \u00e0 la C\u00f4te d'Ivoire\"},{\"@type\":\"BreadcrumbList\",\"@id\":\"https:\/\/www.africa-press.net\/congo-brazzaville\/economie\/salon-international-de-lagriculture-de-paris-la-journee-du-2-mars-consacree-a-la-cote-divoire#breadcrumb\",\"itemListElement\":[{\"@type\":\"ListItem\",\"position\":1,\"name\":\"Accueil\",\"item\":\"https:\/\/www.africa-press.net\/congo-brazzaville\/\"},{\"@type\":\"ListItem\",\"position\":2,\"name\":\"Salon international de l\u2019agriculture de Paris: la journ\u00e9e du 2 mars consacr\u00e9e \u00e0 la C\u00f4te d&rsquo;Ivoire\"}]},{\"@type\":\"WebSite\",\"@id\":\"https:\/\/www.africa-press.net\/congo-brazzaville\/#website\",\"url\":\"https:\/\/www.africa-press.net\/congo-brazzaville\/\",\"name\":\"Congo Brazzaville\",\"description\":\"Just another Africa News Agency Sites site\",\"potentialAction\":[{\"@type\":\"SearchAction\",\"target\":{\"@type\":\"EntryPoint\",\"urlTemplate\":\"https:\/\/www.africa-press.net\/congo-brazzaville\/?s={search_term_string}\"},\"query-input\":{\"@type\":\"PropertyValueSpecification\",\"valueRequired\":true,\"valueName\":\"search_term_string\"}}],\"inLanguage\":\"fr-FR\"},{\"@type\":\"Person\",\"@id\":\"https:\/\/www.africa-press.net\/congo-brazzaville\/#\/schema\/person\/2b1cf3cd81a31e3cd26889ca66d677f1\",\"name\":\"cfeditorfr\"}]}<\/script>\n<!-- \/ Yoast SEO Premium plugin. -->","yoast_head_json":{"title":"Salon international de l\u2019agriculture de Paris: la journ\u00e9e du 2 mars consacr\u00e9e \u00e0 la C\u00f4te d'Ivoire - Congo Brazzaville","description":"Par une de\u0301le\u0301gation conduite par son ministre d\u2019E\u0301tat Kobenan Kouassi Adjoumani, assiste\u0301 de ses homologues Sidi Tou ...","robots":{"index":"index","follow":"follow","max-snippet":"max-snippet:-1","max-image-preview":"max-image-preview:large","max-video-preview":"max-video-preview:-1"},"canonical":"https:\/\/www.africa-press.net\/congo-brazzaville\/economie\/salon-international-de-lagriculture-de-paris-la-journee-du-2-mars-consacree-a-la-cote-divoire","og_locale":"fr_FR","og_type":"article","og_title":"Salon international de l\u2019agriculture de Paris: la journ\u00e9e du 2 mars consacr\u00e9e \u00e0 la C\u00f4te d'Ivoire","og_description":"Par une de\u0301le\u0301gation conduite par son ministre d\u2019E\u0301tat Kobenan Kouassi Adjoumani, assiste\u0301 de ses homologues Sidi Tou ...","og_url":"https:\/\/www.africa-press.net\/congo-brazzaville\/economie\/salon-international-de-lagriculture-de-paris-la-journee-du-2-mars-consacree-a-la-cote-divoire","og_site_name":"Congo Brazzaville","article_published_time":"2023-03-03T17:41:03+00:00","article_modified_time":"2023-03-03T18:55:30+00:00","og_image":[{"width":800,"height":461,"url":"https:\/\/static.africa-press.net\/congo-brazzaville\/sites\/51\/2023\/03\/postQueueImg_1677852666.26.jpg","type":"image\/jpeg"}],"author":"cfeditorfr","twitter_card":"summary_large_image","twitter_misc":{"\u00c9crit par":"cfeditorfr","Dur\u00e9e de lecture estim\u00e9e":"3 minutes"},"schema":{"@context":"https:\/\/schema.org","@graph":[{"@type":"Article","@id":"https:\/\/www.africa-press.net\/congo-brazzaville\/economie\/salon-international-de-lagriculture-de-paris-la-journee-du-2-mars-consacree-a-la-cote-divoire#article","isPartOf":{"@id":"https:\/\/www.africa-press.net\/congo-brazzaville\/economie\/salon-international-de-lagriculture-de-paris-la-journee-du-2-mars-consacree-a-la-cote-divoire"},"author":{"name":"cfeditorfr","@id":"https:\/\/www.africa-press.net\/congo-brazzaville\/#\/schema\/person\/2b1cf3cd81a31e3cd26889ca66d677f1"},"headline":"Salon international de l\u2019agriculture de Paris: la journ\u00e9e du 2 mars consacr\u00e9e \u00e0 la C\u00f4te d&rsquo;Ivoire","datePublished":"2023-03-03T17:41:03+00:00","dateModified":"2023-03-03T18:55:30+00:00","mainEntityOfPage":{"@id":"https:\/\/www.africa-press.net\/congo-brazzaville\/economie\/salon-international-de-lagriculture-de-paris-la-journee-du-2-mars-consacree-a-la-cote-divoire"},"wordCount":624,"commentCount":0,"image":{"@id":"https:\/\/www.africa-press.net\/congo-brazzaville\/economie\/salon-international-de-lagriculture-de-paris-la-journee-du-2-mars-consacree-a-la-cote-divoire#primaryimage"},"thumbnailUrl":"https:\/\/static.africa-press.net\/congo-brazzaville\/sites\/51\/2023\/03\/postQueueImg_1677852666.26.jpg","keywords":["Africa Press","Africa Press-Congo Brazzaville","Congo Brazzaville"],"articleSection":["\u00c9conomie","Toutes les actualit\u00e9s"],"inLanguage":"fr-FR","potentialAction":[{"@type":"CommentAction","name":"Comment","target":["https:\/\/www.africa-press.net\/congo-brazzaville\/economie\/salon-international-de-lagriculture-de-paris-la-journee-du-2-mars-consacree-a-la-cote-divoire#respond"]}]},{"@type":"WebPage","@id":"https:\/\/www.africa-press.net\/congo-brazzaville\/economie\/salon-international-de-lagriculture-de-paris-la-journee-du-2-mars-consacree-a-la-cote-divoire","url":"https:\/\/www.africa-press.net\/congo-brazzaville\/economie\/salon-international-de-lagriculture-de-paris-la-journee-du-2-mars-consacree-a-la-cote-divoire","name":"Salon international de l\u2019agriculture de Paris: la journ\u00e9e du 2 mars consacr\u00e9e \u00e0 la C\u00f4te d'Ivoire - Congo Brazzaville","isPartOf":{"@id":"https:\/\/www.africa-press.net\/congo-brazzaville\/#website"},"primaryImageOfPage":{"@id":"https:\/\/www.africa-press.net\/congo-brazzaville\/economie\/salon-international-de-lagriculture-de-paris-la-journee-du-2-mars-consacree-a-la-cote-divoire#primaryimage"},"image":{"@id":"https:\/\/www.africa-press.net\/congo-brazzaville\/economie\/salon-international-de-lagriculture-de-paris-la-journee-du-2-mars-consacree-a-la-cote-divoire#primaryimage"},"thumbnailUrl":"https:\/\/static.africa-press.net\/congo-brazzaville\/sites\/51\/2023\/03\/postQueueImg_1677852666.26.jpg","datePublished":"2023-03-03T17:41:03+00:00","dateModified":"2023-03-03T18:55:30+00:00","author":{"@id":"https:\/\/www.africa-press.net\/congo-brazzaville\/#\/schema\/person\/2b1cf3cd81a31e3cd26889ca66d677f1"},"description":"Par une de\u0301le\u0301gation conduite par son ministre d\u2019E\u0301tat Kobenan Kouassi Adjoumani, assiste\u0301 de ses homologues Sidi Tou ...","breadcrumb":{"@id":"https:\/\/www.africa-press.net\/congo-brazzaville\/economie\/salon-international-de-lagriculture-de-paris-la-journee-du-2-mars-consacree-a-la-cote-divoire#breadcrumb"},"inLanguage":"fr-FR","potentialAction":[{"@type":"ReadAction","target":["https:\/\/www.africa-press.net\/congo-brazzaville\/economie\/salon-international-de-lagriculture-de-paris-la-journee-du-2-mars-consacree-a-la-cote-divoire"]}]},{"@type":"ImageObject","inLanguage":"fr-FR","@id":"https:\/\/www.africa-press.net\/congo-brazzaville\/economie\/salon-international-de-lagriculture-de-paris-la-journee-du-2-mars-consacree-a-la-cote-divoire#primaryimage","url":"https:\/\/static.africa-press.net\/congo-brazzaville\/sites\/51\/2023\/03\/postQueueImg_1677852666.26.jpg","contentUrl":"https:\/\/static.africa-press.net\/congo-brazzaville\/sites\/51\/2023\/03\/postQueueImg_1677852666.26.jpg","width":800,"height":461,"caption":"Salon international de l\u2019agriculture de Paris: la journ\u00e9e du 2 mars consacr\u00e9e \u00e0 la C\u00f4te d'Ivoire"},{"@type":"BreadcrumbList","@id":"https:\/\/www.africa-press.net\/congo-brazzaville\/economie\/salon-international-de-lagriculture-de-paris-la-journee-du-2-mars-consacree-a-la-cote-divoire#breadcrumb","itemListElement":[{"@type":"ListItem","position":1,"name":"Accueil","item":"https:\/\/www.africa-press.net\/congo-brazzaville\/"},{"@type":"ListItem","position":2,"name":"Salon international de l\u2019agriculture de Paris: la journ\u00e9e du 2 mars consacr\u00e9e \u00e0 la C\u00f4te d&rsquo;Ivoire"}]},{"@type":"WebSite","@id":"https:\/\/www.africa-press.net\/congo-brazzaville\/#website","url":"https:\/\/www.africa-press.net\/congo-brazzaville\/","name":"Congo Brazzaville","description":"Just another Africa News Agency Sites site","potentialAction":[{"@type":"SearchAction","target":{"@type":"EntryPoint","urlTemplate":"https:\/\/www.africa-press.net\/congo-brazzaville\/?s={search_term_string}"},"query-input":{"@type":"PropertyValueSpecification","valueRequired":true,"valueName":"search_term_string"}}],"inLanguage":"fr-FR"},{"@type":"Person","@id":"https:\/\/www.africa-press.net\/congo-brazzaville\/#\/schema\/person\/2b1cf3cd81a31e3cd26889ca66d677f1","name":"cfeditorfr"}]}},"_links":{"self":[{"href":"https:\/\/www.africa-press.net\/congo-brazzaville\/wp-json\/wp\/v2\/posts\/15189","targetHints":{"allow":["GET"]}}],"collection":[{"href":"https:\/\/www.africa-press.net\/congo-brazzaville\/wp-json\/wp\/v2\/posts"}],"about":[{"href":"https:\/\/www.africa-press.net\/congo-brazzaville\/wp-json\/wp\/v2\/types\/post"}],"author":[{"embeddable":true,"href":"https:\/\/www.africa-press.net\/congo-brazzaville\/wp-json\/wp\/v2\/users\/82"}],"replies":[{"embeddable":true,"href":"https:\/\/www.africa-press.net\/congo-brazzaville\/wp-json\/wp\/v2\/comments?post=15189"}],"version-history":[{"count":0,"href":"https:\/\/www.africa-press.net\/congo-brazzaville\/wp-json\/wp\/v2\/posts\/15189\/revisions"}],"wp:featuredmedia":[{"embeddable":true,"href":"https:\/\/www.africa-press.net\/congo-brazzaville\/wp-json\/wp\/v2\/media\/15188"}],"wp:attachment":[{"href":"https:\/\/www.africa-press.net\/congo-brazzaville\/wp-json\/wp\/v2\/media?parent=15189"}],"wp:term":[{"taxonomy":"category","embeddable":true,"href":"https:\/\/www.africa-press.net\/congo-brazzaville\/wp-json\/wp\/v2\/categories?post=15189"},{"taxonomy":"post_tag","embeddable":true,"href":"https:\/\/www.africa-press.net\/congo-brazzaville\/wp-json\/wp\/v2\/tags?post=15189"}],"curies":[{"name":"wp","href":"https:\/\/api.w.org\/{rel}","templated":true}]}}