{"id":15206,"date":"2023-03-03T17:41:26","date_gmt":"2023-03-03T17:41:26","guid":{"rendered":"https:\/\/www.africa-press.net\/congo-brazzaville\/politique\/digitalisation-des-entreprises-la-chambre-de-commerce-signe-une-convention-de-partenariat-avec-long-pratic-2"},"modified":"2023-03-03T18:56:33","modified_gmt":"2023-03-03T18:56:33","slug":"digitalisation-des-entreprises-la-chambre-de-commerce-signe-une-convention-de-partenariat-avec-long-pratic-2","status":"publish","type":"post","link":"https:\/\/www.africa-press.net\/congo-brazzaville\/economie\/digitalisation-des-entreprises-la-chambre-de-commerce-signe-une-convention-de-partenariat-avec-long-pratic-2","title":{"rendered":"Digitalisation des entreprises: la Chambre de commerce signe une convention de partenariat avec l\u2019ONG Pratic"},"content":{"rendered":"<p><span style=\"color: #ff6600\"><strong>Africa-Press &#8211; Congo Brazzaville. <\/strong><\/span><b>Le partenariat scelle\u0301 le 1er mars est axe\u0301 sur l\u2019accompagnement de la Chambre de commerce et des entreprises de Pointe-Noire et du Kouilou par l\u2019Organisation non gouvernementale (ONG) Promotion, re\u0301flexion, analyse sur les technologies de l\u2019information et de la communication (Pratic) dans la transition et la transformation nume\u0301rique a\u0300 travers, entre autres, la formation et la certification des personnels<\/b>.<\/p>\n<p>Le document a e\u0301te\u0301 signe\u0301 par Didier Sylvestre Mavouenzela, pre\u0301sident de la Chambre de commerce et des entreprises de Pointe-Noire et du Kouilou, et Luc Missidimbazi, pre\u0301sident de Pratic. Le partenariat va permettre a\u0300 la Chambre de commerce de poursuivre sa transformation nume\u0301rique entame\u0301e avec le lancement de la plateforme d\u2019informations e\u0301conomiques du Congo \u00abLiziba \u00bb, mise en place dans le cadre de la deuxie\u0300me phase du Projet de renforcement des capacite\u0301s commerciales et entrepreneuriales (PRCCE II), finance\u0301 par l\u2019Union europe\u0301enne. Il permettra e\u0301galement aux entreprises de Pointe-Noire et du Kouilou de be\u0301ne\u0301ficier de l\u2019accompagnement de l\u2019ONG Pratic dans leur transition nume\u0301rique.<\/p>\n<p>Un aspect qui s\u2019ave\u0300re tre\u0300s positif pour ces entreprises, selon Didier Sylvestre Mavouenzela. \u00ab Nous avons une mission d\u2019e\u0301veil et une de nos actions nous a permis de montrer qu\u2019inclure le nume\u0301rique dans les entreprises fait deux a\u0300 trois points de croissance. C\u2019est ainsi que lorsque nous e\u0301tions en train d\u2019e\u0301laborer notre plan strate\u0301gique 2022-2024, nous avons retenu un axe qui consistait en la digitalisation de la Chambre de commerce mais aussi des entreprises. Il nous fallait un partenaire pour la mise en \u0153uvre. C\u2019est ainsi que nous nous sommes tourne\u0301s vers Pratic pour permettre a\u0300 la Chambre de mai\u0302triser les outils nume\u0301riques en me\u0302me temps que les entreprises de Pointe-Noire et du Kouilou \u00bb, a-t-il explique\u0301.<\/p>\n<p>Pour ce faire, deux programmes vont e\u0302tre mis en \u0153uvre. Ils portent notamment sur la formation et la certification des compe\u0301tences nume\u0301riques dans l\u2019environnement professionnel (e\u0301valuation des compe\u0301tences nume\u0301rique que Pratic est habilite\u0301e aujourd\u2019hui a\u0300 certifier apre\u0300s formation) et la mise en place des projets de transition nume\u0301rique des entite\u0301s. Ces programmes permettront donc a\u0300 la Chambre de commerce et aux entreprises de Pointe-Noire et du Kouilou d\u2019avoir les outils nume\u0301riques ne\u0301cessaires, un environnement digital et des services qui vont les aider a\u0300 mieux communiquer en interne et en externe. \u00ab On e\u0301value les compe\u0301tences nume\u0301riques des individus, on les aide a\u0300 mieux les utiliser en mettant des projets comme le digital marketing, l\u2019usage des outils bureautiques, une meilleure connaissance des proble\u0301matiques de cyber se\u0301curite\u0301 et d\u2019intelligence artificielle\u00bb, a indique\u0301 Luc Missidimbazi.<\/p>\n<p>Notons que l\u2019ONG Pratic existe depuis quinze ans et \u0153uvre pour la promotion du nume\u0301rique. Elle est porteuse du projet Osiane, le grand salon international des technologies de l\u2019information et de l\u2019innovation qui se tient depuis sept ans a\u0300 Brazzaville ou\u0300 elle est base\u0301e. L\u2019organisation a des antennes dans d\u2019autres villes du pays comme Pointe-Noire et a\u0300 l\u2019e\u0301tranger (France, Belgique et autres).<\/p>\n\r\n                <style type=\"text\/css\">\r\n                    \r\n                    #td_uid_1_69f1d2a0be34f  .td-doubleSlider-2 .td-item1 {\r\n                        background: url(https:\/\/static.africa-press.net\/congo-brazzaville\/sites\/51\/2023\/03\/postMediaimg_63_1-640242ae402d3-80x60.jpg) 0 0 no-repeat;\r\n                    }\r\n                    #td_uid_1_69f1d2a0be34f  .td-doubleSlider-2 .td-item2 {\r\n                        background: url(https:\/\/static.africa-press.net\/congo-brazzaville\/sites\/51\/2023\/03\/postMediaimg_63_2-640242b675bf2-80x60.jpg) 0 0 no-repeat;\r\n                    }\r\n                <\/style>\r\n\r\n                <div id=\"td_uid_1_69f1d2a0be34f\" class=\"td-gallery td-slide-on-2-columns\">\r\n                    <div class=\"post_td_gallery\">\r\n                        <div class=\"td-gallery-slide-top\">\r\n                           <div class=\"td-gallery-title\"><\/div>\r\n\r\n                            <div class=\"td-gallery-controls-wrapper\">\r\n                                <div class=\"td-gallery-slide-count\"><span class=\"td-gallery-slide-item-focus\">1<\/span> de 2<\/div>\r\n                                <div class=\"td-gallery-slide-prev-next-but\">\r\n                                    <i class = \"td-icon-left doubleSliderPrevButton\"><\/i>\r\n                                    <i class = \"td-icon-right doubleSliderNextButton\"><\/i>\r\n                                <\/div>\r\n                            <\/div>\r\n                        <\/div>\r\n\r\n                        <div class = \"td-doubleSlider-1 \">\r\n                            <div class = \"td-slider\">\r\n                                \r\n                    <div class = \"td-slide-item td-item1\">\r\n                        <figure class=\"td-slide-galery-figure td-slide-popup-gallery\">\r\n                            <a class=\"slide-gallery-image-link\" href=\"https:\/\/static.africa-press.net\/congo-brazzaville\/sites\/51\/2023\/03\/postMediaimg_63_1-640242ae402d3.jpg\" title=\"postMediaimg_63_1-640242ae402d3\"  data-caption=\"\"  data-description=\"\">\r\n                                <img decoding=\"async\" src=\"https:\/\/static.africa-press.net\/congo-brazzaville\/sites\/51\/2023\/03\/postMediaimg_63_1-640242ae402d3.jpg\" srcset=\"https:\/\/static.africa-press.net\/congo-brazzaville\/sites\/51\/2023\/03\/postMediaimg_63_1-640242ae402d3.jpg 300w, https:\/\/static.africa-press.net\/congo-brazzaville\/sites\/51\/2023\/03\/postMediaimg_63_1-640242ae402d3-80x60.jpg 80w\" sizes=\"(max-width: 300px) 100vw, 300px\" alt=\"\">\r\n                            <\/a>\r\n                            \r\n                        <\/figure>\r\n                    <\/div>\r\n                    <div class = \"td-slide-item td-item2\">\r\n                        <figure class=\"td-slide-galery-figure td-slide-popup-gallery\">\r\n                            <a class=\"slide-gallery-image-link\" href=\"https:\/\/static.africa-press.net\/congo-brazzaville\/sites\/51\/2023\/03\/postMediaimg_63_2-640242b675bf2.jpg\" title=\"postMediaimg_63_2-640242b675bf2\"  data-caption=\"\"  data-description=\"\">\r\n                                <img decoding=\"async\" src=\"https:\/\/static.africa-press.net\/congo-brazzaville\/sites\/51\/2023\/03\/postMediaimg_63_2-640242b675bf2.jpg\" srcset=\"https:\/\/static.africa-press.net\/congo-brazzaville\/sites\/51\/2023\/03\/postMediaimg_63_2-640242b675bf2.jpg 2048w, https:\/\/static.africa-press.net\/congo-brazzaville\/sites\/51\/2023\/03\/postMediaimg_63_2-640242b675bf2-300x225.jpg 300w, https:\/\/static.africa-press.net\/congo-brazzaville\/sites\/51\/2023\/03\/postMediaimg_63_2-640242b675bf2-1024x768.jpg 1024w, https:\/\/static.africa-press.net\/congo-brazzaville\/sites\/51\/2023\/03\/postMediaimg_63_2-640242b675bf2-768x576.jpg 768w, https:\/\/static.africa-press.net\/congo-brazzaville\/sites\/51\/2023\/03\/postMediaimg_63_2-640242b675bf2-1536x1152.jpg 1536w, https:\/\/static.africa-press.net\/congo-brazzaville\/sites\/51\/2023\/03\/postMediaimg_63_2-640242b675bf2-80x60.jpg 80w\" sizes=\"(max-width: 2048px) 100vw, 2048px\" alt=\"\">\r\n                            <\/a>\r\n                            \r\n                        <\/figure>\r\n                    <\/div>\r\n                            <\/div>\r\n                        <\/div>\r\n\r\n                        <div class = \"td-doubleSlider-2\">\r\n                            <div class = \"td-slider\">\r\n                                \r\n                    <div class = \"td-button td-item1\">\r\n                        <div class = \"td-border\"><\/div>\r\n                    <\/div>\r\n                    <div class = \"td-button td-item2\">\r\n                        <div class = \"td-border\"><\/div>\r\n                    <\/div>\r\n                            <\/div>\r\n                        <\/div>\r\n\r\n                    <\/div>\r\n\r\n                <\/div>\r\n                \n<p><strong>Pour plus d&rsquo;informations et d&rsquo;analyses sur la <a href=\"https:\/\/www.africa-press.net\/congo-brazzaville\">Congo Brazzaville<\/a>, suivez <a href=\"https:\/\/www.africa-press.net\/\">Africa-Press<\/a><\/strong><\/p>\n","protected":false},"excerpt":{"rendered":"<p>Africa-Press &#8211; Congo Brazzaville. Le partenariat scelle\u0301 le 1er mars est axe\u0301 sur l\u2019accompagnement de la Chambre de commerce et des entreprises de Pointe-Noire et du Kouilou par l\u2019Organisation non gouvernementale (ONG) Promotion, re\u0301flexion, analyse sur les technologies de l\u2019information et de la communication (Pratic) dans la transition et la transformation nume\u0301rique a\u0300 travers, entre [&hellip;]<\/p>\n","protected":false},"author":82,"featured_media":15205,"comment_status":"open","ping_status":"closed","sticky":false,"template":"","format":"standard","meta":{"footnotes":""},"categories":[3,8,10],"tags":[36,47,46],"class_list":["post-15206","post","type-post","status-publish","format-standard","has-post-thumbnail","hentry","category-economie","category-photo","category-toutes-les-actualites","tag-africa-press","tag-africa-press-congo-brazzaville","tag-congo-brazzaville"],"yoast_head":"<!-- This site is optimized with the Yoast SEO Premium plugin v26.1 (Yoast SEO v27.0) - https:\/\/yoast.com\/product\/yoast-seo-premium-wordpress\/ -->\n<title>Digitalisation des entreprises: la Chambre de commerce signe une convention de partenariat avec l\u2019ONG Pratic - Congo Brazzaville<\/title>\n<meta name=\"description\" content=\"Le partenariat scelle\u0301 le 1er mars est axe\u0301 sur l\u2019accompagnement de la Chambre de commerce et des entreprises de Poin ...\" \/>\n<meta name=\"robots\" content=\"index, follow, max-snippet:-1, max-image-preview:large, max-video-preview:-1\" \/>\n<link rel=\"canonical\" href=\"https:\/\/www.africa-press.net\/congo-brazzaville\/economie\/digitalisation-des-entreprises-la-chambre-de-commerce-signe-une-convention-de-partenariat-avec-long-pratic-2\" \/>\n<meta property=\"og:locale\" content=\"fr_FR\" \/>\n<meta property=\"og:type\" content=\"article\" \/>\n<meta property=\"og:title\" content=\"Digitalisation des entreprises: la Chambre de commerce signe une convention de partenariat avec l\u2019ONG Pratic\" \/>\n<meta property=\"og:description\" content=\"Le partenariat scelle\u0301 le 1er mars est axe\u0301 sur l\u2019accompagnement de la Chambre de commerce et des entreprises de Poin ...\" \/>\n<meta property=\"og:url\" content=\"https:\/\/www.africa-press.net\/congo-brazzaville\/economie\/digitalisation-des-entreprises-la-chambre-de-commerce-signe-une-convention-de-partenariat-avec-long-pratic-2\" \/>\n<meta property=\"og:site_name\" content=\"Congo Brazzaville\" \/>\n<meta property=\"article:published_time\" content=\"2023-03-03T17:41:26+00:00\" \/>\n<meta property=\"article:modified_time\" content=\"2023-03-03T18:56:33+00:00\" \/>\n<meta property=\"og:image\" content=\"https:\/\/static.africa-press.net\/congo-brazzaville\/sites\/51\/2023\/03\/postQueueImg_1677857136.68.jpg\" \/>\n\t<meta property=\"og:image:width\" content=\"720\" \/>\n\t<meta property=\"og:image:height\" content=\"540\" \/>\n\t<meta property=\"og:image:type\" content=\"image\/jpeg\" \/>\n<meta name=\"author\" content=\"cfeditorfr\" \/>\n<meta name=\"twitter:card\" content=\"summary_large_image\" \/>\n<meta name=\"twitter:label1\" content=\"\u00c9crit par\" \/>\n\t<meta name=\"twitter:data1\" content=\"cfeditorfr\" \/>\n\t<meta name=\"twitter:label2\" content=\"Dur\u00e9e de lecture estim\u00e9e\" \/>\n\t<meta name=\"twitter:data2\" content=\"3 minutes\" \/>\n<script type=\"application\/ld+json\" class=\"yoast-schema-graph\">{\"@context\":\"https:\/\/schema.org\",\"@graph\":[{\"@type\":\"Article\",\"@id\":\"https:\/\/www.africa-press.net\/congo-brazzaville\/economie\/digitalisation-des-entreprises-la-chambre-de-commerce-signe-une-convention-de-partenariat-avec-long-pratic-2#article\",\"isPartOf\":{\"@id\":\"https:\/\/www.africa-press.net\/congo-brazzaville\/economie\/digitalisation-des-entreprises-la-chambre-de-commerce-signe-une-convention-de-partenariat-avec-long-pratic-2\"},\"author\":{\"name\":\"cfeditorfr\",\"@id\":\"https:\/\/www.africa-press.net\/congo-brazzaville\/#\/schema\/person\/2b1cf3cd81a31e3cd26889ca66d677f1\"},\"headline\":\"Digitalisation des entreprises: la Chambre de commerce signe une convention de partenariat avec l\u2019ONG Pratic\",\"datePublished\":\"2023-03-03T17:41:26+00:00\",\"dateModified\":\"2023-03-03T18:56:33+00:00\",\"mainEntityOfPage\":{\"@id\":\"https:\/\/www.africa-press.net\/congo-brazzaville\/economie\/digitalisation-des-entreprises-la-chambre-de-commerce-signe-une-convention-de-partenariat-avec-long-pratic-2\"},\"wordCount\":581,\"commentCount\":0,\"image\":{\"@id\":\"https:\/\/www.africa-press.net\/congo-brazzaville\/economie\/digitalisation-des-entreprises-la-chambre-de-commerce-signe-une-convention-de-partenariat-avec-long-pratic-2#primaryimage\"},\"thumbnailUrl\":\"https:\/\/static.africa-press.net\/congo-brazzaville\/sites\/51\/2023\/03\/postQueueImg_1677857136.68.jpg\",\"keywords\":[\"Africa Press\",\"Africa Press-Congo Brazzaville\",\"Congo Brazzaville\"],\"articleSection\":[\"\u00c9conomie\",\"Photo\",\"Toutes les actualit\u00e9s\"],\"inLanguage\":\"fr-FR\",\"potentialAction\":[{\"@type\":\"CommentAction\",\"name\":\"Comment\",\"target\":[\"https:\/\/www.africa-press.net\/congo-brazzaville\/economie\/digitalisation-des-entreprises-la-chambre-de-commerce-signe-une-convention-de-partenariat-avec-long-pratic-2#respond\"]}]},{\"@type\":\"WebPage\",\"@id\":\"https:\/\/www.africa-press.net\/congo-brazzaville\/economie\/digitalisation-des-entreprises-la-chambre-de-commerce-signe-une-convention-de-partenariat-avec-long-pratic-2\",\"url\":\"https:\/\/www.africa-press.net\/congo-brazzaville\/economie\/digitalisation-des-entreprises-la-chambre-de-commerce-signe-une-convention-de-partenariat-avec-long-pratic-2\",\"name\":\"Digitalisation des entreprises: la Chambre de commerce signe une convention de partenariat avec l\u2019ONG Pratic - Congo Brazzaville\",\"isPartOf\":{\"@id\":\"https:\/\/www.africa-press.net\/congo-brazzaville\/#website\"},\"primaryImageOfPage\":{\"@id\":\"https:\/\/www.africa-press.net\/congo-brazzaville\/economie\/digitalisation-des-entreprises-la-chambre-de-commerce-signe-une-convention-de-partenariat-avec-long-pratic-2#primaryimage\"},\"image\":{\"@id\":\"https:\/\/www.africa-press.net\/congo-brazzaville\/economie\/digitalisation-des-entreprises-la-chambre-de-commerce-signe-une-convention-de-partenariat-avec-long-pratic-2#primaryimage\"},\"thumbnailUrl\":\"https:\/\/static.africa-press.net\/congo-brazzaville\/sites\/51\/2023\/03\/postQueueImg_1677857136.68.jpg\",\"datePublished\":\"2023-03-03T17:41:26+00:00\",\"dateModified\":\"2023-03-03T18:56:33+00:00\",\"author\":{\"@id\":\"https:\/\/www.africa-press.net\/congo-brazzaville\/#\/schema\/person\/2b1cf3cd81a31e3cd26889ca66d677f1\"},\"description\":\"Le partenariat scelle\u0301 le 1er mars est axe\u0301 sur l\u2019accompagnement de la Chambre de commerce et des entreprises de Poin ...\",\"breadcrumb\":{\"@id\":\"https:\/\/www.africa-press.net\/congo-brazzaville\/economie\/digitalisation-des-entreprises-la-chambre-de-commerce-signe-une-convention-de-partenariat-avec-long-pratic-2#breadcrumb\"},\"inLanguage\":\"fr-FR\",\"potentialAction\":[{\"@type\":\"ReadAction\",\"target\":[\"https:\/\/www.africa-press.net\/congo-brazzaville\/economie\/digitalisation-des-entreprises-la-chambre-de-commerce-signe-une-convention-de-partenariat-avec-long-pratic-2\"]}]},{\"@type\":\"ImageObject\",\"inLanguage\":\"fr-FR\",\"@id\":\"https:\/\/www.africa-press.net\/congo-brazzaville\/economie\/digitalisation-des-entreprises-la-chambre-de-commerce-signe-une-convention-de-partenariat-avec-long-pratic-2#primaryimage\",\"url\":\"https:\/\/static.africa-press.net\/congo-brazzaville\/sites\/51\/2023\/03\/postQueueImg_1677857136.68.jpg\",\"contentUrl\":\"https:\/\/static.africa-press.net\/congo-brazzaville\/sites\/51\/2023\/03\/postQueueImg_1677857136.68.jpg\",\"width\":720,\"height\":540,\"caption\":\"Digitalisation des entreprises: la Chambre de commerce signe une convention de partenariat avec l\u2019ONG Pratic\"},{\"@type\":\"BreadcrumbList\",\"@id\":\"https:\/\/www.africa-press.net\/congo-brazzaville\/economie\/digitalisation-des-entreprises-la-chambre-de-commerce-signe-une-convention-de-partenariat-avec-long-pratic-2#breadcrumb\",\"itemListElement\":[{\"@type\":\"ListItem\",\"position\":1,\"name\":\"Accueil\",\"item\":\"https:\/\/www.africa-press.net\/congo-brazzaville\/\"},{\"@type\":\"ListItem\",\"position\":2,\"name\":\"Digitalisation des entreprises: la Chambre de commerce signe une convention de partenariat avec l\u2019ONG Pratic\"}]},{\"@type\":\"WebSite\",\"@id\":\"https:\/\/www.africa-press.net\/congo-brazzaville\/#website\",\"url\":\"https:\/\/www.africa-press.net\/congo-brazzaville\/\",\"name\":\"Congo Brazzaville\",\"description\":\"Just another Africa News Agency Sites site\",\"potentialAction\":[{\"@type\":\"SearchAction\",\"target\":{\"@type\":\"EntryPoint\",\"urlTemplate\":\"https:\/\/www.africa-press.net\/congo-brazzaville\/?s={search_term_string}\"},\"query-input\":{\"@type\":\"PropertyValueSpecification\",\"valueRequired\":true,\"valueName\":\"search_term_string\"}}],\"inLanguage\":\"fr-FR\"},{\"@type\":\"Person\",\"@id\":\"https:\/\/www.africa-press.net\/congo-brazzaville\/#\/schema\/person\/2b1cf3cd81a31e3cd26889ca66d677f1\",\"name\":\"cfeditorfr\"}]}<\/script>\n<!-- \/ Yoast SEO Premium plugin. -->","yoast_head_json":{"title":"Digitalisation des entreprises: la Chambre de commerce signe une convention de partenariat avec l\u2019ONG Pratic - Congo Brazzaville","description":"Le partenariat scelle\u0301 le 1er mars est axe\u0301 sur l\u2019accompagnement de la Chambre de commerce et des entreprises de Poin ...","robots":{"index":"index","follow":"follow","max-snippet":"max-snippet:-1","max-image-preview":"max-image-preview:large","max-video-preview":"max-video-preview:-1"},"canonical":"https:\/\/www.africa-press.net\/congo-brazzaville\/economie\/digitalisation-des-entreprises-la-chambre-de-commerce-signe-une-convention-de-partenariat-avec-long-pratic-2","og_locale":"fr_FR","og_type":"article","og_title":"Digitalisation des entreprises: la Chambre de commerce signe une convention de partenariat avec l\u2019ONG Pratic","og_description":"Le partenariat scelle\u0301 le 1er mars est axe\u0301 sur l\u2019accompagnement de la Chambre de commerce et des entreprises de Poin ...","og_url":"https:\/\/www.africa-press.net\/congo-brazzaville\/economie\/digitalisation-des-entreprises-la-chambre-de-commerce-signe-une-convention-de-partenariat-avec-long-pratic-2","og_site_name":"Congo Brazzaville","article_published_time":"2023-03-03T17:41:26+00:00","article_modified_time":"2023-03-03T18:56:33+00:00","og_image":[{"width":720,"height":540,"url":"https:\/\/static.africa-press.net\/congo-brazzaville\/sites\/51\/2023\/03\/postQueueImg_1677857136.68.jpg","type":"image\/jpeg"}],"author":"cfeditorfr","twitter_card":"summary_large_image","twitter_misc":{"\u00c9crit par":"cfeditorfr","Dur\u00e9e de lecture estim\u00e9e":"3 minutes"},"schema":{"@context":"https:\/\/schema.org","@graph":[{"@type":"Article","@id":"https:\/\/www.africa-press.net\/congo-brazzaville\/economie\/digitalisation-des-entreprises-la-chambre-de-commerce-signe-une-convention-de-partenariat-avec-long-pratic-2#article","isPartOf":{"@id":"https:\/\/www.africa-press.net\/congo-brazzaville\/economie\/digitalisation-des-entreprises-la-chambre-de-commerce-signe-une-convention-de-partenariat-avec-long-pratic-2"},"author":{"name":"cfeditorfr","@id":"https:\/\/www.africa-press.net\/congo-brazzaville\/#\/schema\/person\/2b1cf3cd81a31e3cd26889ca66d677f1"},"headline":"Digitalisation des entreprises: la Chambre de commerce signe une convention de partenariat avec l\u2019ONG Pratic","datePublished":"2023-03-03T17:41:26+00:00","dateModified":"2023-03-03T18:56:33+00:00","mainEntityOfPage":{"@id":"https:\/\/www.africa-press.net\/congo-brazzaville\/economie\/digitalisation-des-entreprises-la-chambre-de-commerce-signe-une-convention-de-partenariat-avec-long-pratic-2"},"wordCount":581,"commentCount":0,"image":{"@id":"https:\/\/www.africa-press.net\/congo-brazzaville\/economie\/digitalisation-des-entreprises-la-chambre-de-commerce-signe-une-convention-de-partenariat-avec-long-pratic-2#primaryimage"},"thumbnailUrl":"https:\/\/static.africa-press.net\/congo-brazzaville\/sites\/51\/2023\/03\/postQueueImg_1677857136.68.jpg","keywords":["Africa Press","Africa Press-Congo Brazzaville","Congo Brazzaville"],"articleSection":["\u00c9conomie","Photo","Toutes les actualit\u00e9s"],"inLanguage":"fr-FR","potentialAction":[{"@type":"CommentAction","name":"Comment","target":["https:\/\/www.africa-press.net\/congo-brazzaville\/economie\/digitalisation-des-entreprises-la-chambre-de-commerce-signe-une-convention-de-partenariat-avec-long-pratic-2#respond"]}]},{"@type":"WebPage","@id":"https:\/\/www.africa-press.net\/congo-brazzaville\/economie\/digitalisation-des-entreprises-la-chambre-de-commerce-signe-une-convention-de-partenariat-avec-long-pratic-2","url":"https:\/\/www.africa-press.net\/congo-brazzaville\/economie\/digitalisation-des-entreprises-la-chambre-de-commerce-signe-une-convention-de-partenariat-avec-long-pratic-2","name":"Digitalisation des entreprises: la Chambre de commerce signe une convention de partenariat avec l\u2019ONG Pratic - Congo Brazzaville","isPartOf":{"@id":"https:\/\/www.africa-press.net\/congo-brazzaville\/#website"},"primaryImageOfPage":{"@id":"https:\/\/www.africa-press.net\/congo-brazzaville\/economie\/digitalisation-des-entreprises-la-chambre-de-commerce-signe-une-convention-de-partenariat-avec-long-pratic-2#primaryimage"},"image":{"@id":"https:\/\/www.africa-press.net\/congo-brazzaville\/economie\/digitalisation-des-entreprises-la-chambre-de-commerce-signe-une-convention-de-partenariat-avec-long-pratic-2#primaryimage"},"thumbnailUrl":"https:\/\/static.africa-press.net\/congo-brazzaville\/sites\/51\/2023\/03\/postQueueImg_1677857136.68.jpg","datePublished":"2023-03-03T17:41:26+00:00","dateModified":"2023-03-03T18:56:33+00:00","author":{"@id":"https:\/\/www.africa-press.net\/congo-brazzaville\/#\/schema\/person\/2b1cf3cd81a31e3cd26889ca66d677f1"},"description":"Le partenariat scelle\u0301 le 1er mars est axe\u0301 sur l\u2019accompagnement de la Chambre de commerce et des entreprises de Poin ...","breadcrumb":{"@id":"https:\/\/www.africa-press.net\/congo-brazzaville\/economie\/digitalisation-des-entreprises-la-chambre-de-commerce-signe-une-convention-de-partenariat-avec-long-pratic-2#breadcrumb"},"inLanguage":"fr-FR","potentialAction":[{"@type":"ReadAction","target":["https:\/\/www.africa-press.net\/congo-brazzaville\/economie\/digitalisation-des-entreprises-la-chambre-de-commerce-signe-une-convention-de-partenariat-avec-long-pratic-2"]}]},{"@type":"ImageObject","inLanguage":"fr-FR","@id":"https:\/\/www.africa-press.net\/congo-brazzaville\/economie\/digitalisation-des-entreprises-la-chambre-de-commerce-signe-une-convention-de-partenariat-avec-long-pratic-2#primaryimage","url":"https:\/\/static.africa-press.net\/congo-brazzaville\/sites\/51\/2023\/03\/postQueueImg_1677857136.68.jpg","contentUrl":"https:\/\/static.africa-press.net\/congo-brazzaville\/sites\/51\/2023\/03\/postQueueImg_1677857136.68.jpg","width":720,"height":540,"caption":"Digitalisation des entreprises: la Chambre de commerce signe une convention de partenariat avec l\u2019ONG Pratic"},{"@type":"BreadcrumbList","@id":"https:\/\/www.africa-press.net\/congo-brazzaville\/economie\/digitalisation-des-entreprises-la-chambre-de-commerce-signe-une-convention-de-partenariat-avec-long-pratic-2#breadcrumb","itemListElement":[{"@type":"ListItem","position":1,"name":"Accueil","item":"https:\/\/www.africa-press.net\/congo-brazzaville\/"},{"@type":"ListItem","position":2,"name":"Digitalisation des entreprises: la Chambre de commerce signe une convention de partenariat avec l\u2019ONG Pratic"}]},{"@type":"WebSite","@id":"https:\/\/www.africa-press.net\/congo-brazzaville\/#website","url":"https:\/\/www.africa-press.net\/congo-brazzaville\/","name":"Congo Brazzaville","description":"Just another Africa News Agency Sites site","potentialAction":[{"@type":"SearchAction","target":{"@type":"EntryPoint","urlTemplate":"https:\/\/www.africa-press.net\/congo-brazzaville\/?s={search_term_string}"},"query-input":{"@type":"PropertyValueSpecification","valueRequired":true,"valueName":"search_term_string"}}],"inLanguage":"fr-FR"},{"@type":"Person","@id":"https:\/\/www.africa-press.net\/congo-brazzaville\/#\/schema\/person\/2b1cf3cd81a31e3cd26889ca66d677f1","name":"cfeditorfr"}]}},"_links":{"self":[{"href":"https:\/\/www.africa-press.net\/congo-brazzaville\/wp-json\/wp\/v2\/posts\/15206","targetHints":{"allow":["GET"]}}],"collection":[{"href":"https:\/\/www.africa-press.net\/congo-brazzaville\/wp-json\/wp\/v2\/posts"}],"about":[{"href":"https:\/\/www.africa-press.net\/congo-brazzaville\/wp-json\/wp\/v2\/types\/post"}],"author":[{"embeddable":true,"href":"https:\/\/www.africa-press.net\/congo-brazzaville\/wp-json\/wp\/v2\/users\/82"}],"replies":[{"embeddable":true,"href":"https:\/\/www.africa-press.net\/congo-brazzaville\/wp-json\/wp\/v2\/comments?post=15206"}],"version-history":[{"count":0,"href":"https:\/\/www.africa-press.net\/congo-brazzaville\/wp-json\/wp\/v2\/posts\/15206\/revisions"}],"wp:featuredmedia":[{"embeddable":true,"href":"https:\/\/www.africa-press.net\/congo-brazzaville\/wp-json\/wp\/v2\/media\/15205"}],"wp:attachment":[{"href":"https:\/\/www.africa-press.net\/congo-brazzaville\/wp-json\/wp\/v2\/media?parent=15206"}],"wp:term":[{"taxonomy":"category","embeddable":true,"href":"https:\/\/www.africa-press.net\/congo-brazzaville\/wp-json\/wp\/v2\/categories?post=15206"},{"taxonomy":"post_tag","embeddable":true,"href":"https:\/\/www.africa-press.net\/congo-brazzaville\/wp-json\/wp\/v2\/tags?post=15206"}],"curies":[{"name":"wp","href":"https:\/\/api.w.org\/{rel}","templated":true}]}}