{"id":15211,"date":"2023-03-04T18:37:05","date_gmt":"2023-03-04T18:37:05","guid":{"rendered":"https:\/\/www.africa-press.net\/congo-brazzaville\/politique\/cooperation-le-congo-sollicite-lappui-de-la-france-au-pnd"},"modified":"2023-03-04T19:50:47","modified_gmt":"2023-03-04T19:50:47","slug":"cooperation-le-congo-sollicite-lappui-de-la-france-au-pnd","status":"publish","type":"post","link":"https:\/\/www.africa-press.net\/congo-brazzaville\/politique\/cooperation-le-congo-sollicite-lappui-de-la-france-au-pnd","title":{"rendered":"Coop\u00e9ration : le Congo sollicite l\u2019appui de la France au PND"},"content":{"rendered":"<p><span style=\"color: #ff6600\"><strong>Africa-Press &#8211; Congo Brazzaville. <\/strong><\/span><b>Dans le communique\u0301 conjoint rendu public le 3 mars a\u0300 la fin du se\u0301jour de travail du pre\u0301sident de la Re\u0301publique franc\u0327aise, Emmanuel Macron, a\u0300 Brazzaville, le Congo a sollicite\u0301 l\u2019accompagnement de la France dans la re\u0301alisation du Plan national de de\u0301veloppement (PND) 2022-2026. <\/b><\/p>\n<p>Au cours des entretiens en te\u0302te-a\u0300-te\u0302te entre les pre\u0301sidents franc\u0327ais, Emmanuel Macron, et congolais, Denis Sassou N\u2019Guesso, les deux chefs d\u2019Etat ont proce\u0301de\u0301 a\u0300 un large e\u0301change de vues sur les questions bilate\u0301rales, re\u0301gionales et internationales. Ils ont souligne\u0301 l\u2019excellence et la qualite\u0301 des relations historiques, d\u2019amitie\u0301 et de coope\u0301ration qui existent entre les gouvernements congolais et franc\u0327ais.<\/p>\n<p>Au plan multilate\u0301ral, les deux chefs d\u2019Etat se sont pre\u0301occupe\u0301s des conse\u0301quences graves du conflit russo-ukrainien et ont lance\u0301 un appel pressant a\u0300 la communaute\u0301 internationale en vue de trouver une solution rapide a\u0300 cette trage\u0301die. Ils ont aborde\u0301 la situation dans la sous-re\u0301gion Afrique centrale et condamne\u0301 les activite\u0301s de\u0301stabilisatrices des groupes arme\u0301s qui se\u0301vissent le long de la frontie\u0300re Est de la Re\u0301publique de\u0301mocratique du Congo (RDC). Ils ont appele\u0301 a\u0300 une cessation imme\u0301diate des hostilite\u0301s et au retour de la paix.<\/p>\n<p>Les pre\u0301sidents franc\u0327ais et congolais ont fe\u0301licite\u0301 tous les efforts de me\u0301diation entrepris aux niveaux continental et re\u0301gional pour faire taire les armes dans cette partie de la RDC et se sont re\u0301solus a\u0300 les accompagner. En outre, Emmanuel Macron et Denis Sassou N\u2019Guesso se sont pre\u0301occupe\u0301s e\u0301galement de la crise libyenne. Ils ont note\u0301 avec satisfaction la volonte\u0301 des Libyens qui \u0153uvrent avec l\u2019appui de la communaute\u0301 internationale a\u0300 la tenue de la confe\u0301rence de re\u0301conciliation.<\/p>\n<p>Par ailleurs, le pre\u0301sident Emmanuel Macron a fe\u0301licite\u0301 son homologue Denis Sassou N\u2019Guesso pour son implication personnelle dans la recherche d\u2019une solution de\u0301finitive a\u0300 cette crise, en sa qualite\u0301 de pre\u0301sident du Comite\u0301 de haut niveau de l\u2019Union africaine sur la Libye. Il a promis de l\u2019accompagner dans l\u2019accomplissement de cette mission de\u0301licate.<\/p>\n<p>Les deux chefs d\u2019Etat ont, en ce qui concerne les questions environnementales, re\u0301ite\u0301re\u0301 leurs engagements en faveur de la pleine mise en \u0153uvre de l\u2019Accord de Paris sur le climat. Le pre\u0301sident Denis Sassou N\u2019Guesso a rassure\u0301 son homologue franc\u0327ais sur la de\u0301termination du gouvernement congolais a\u0300 poursuivre les efforts dans la mise en \u0153uvre du Me\u0301morandum d\u2019entente sur l\u2019environnement et de la Lettre d\u2019intention de l\u2019Initiative Cafi signe\u0301e le 3 septembre 2019 a\u0300 Paris. Il a remercie\u0301 la France pour son appui a\u0300 la Re\u0301publique du Congo dans l\u2019ope\u0301rationnalisation des projets inte\u0301grateurs du Fonds bleu pour le Bassin du Congo.<\/p>\n<p>Pour sa part, le pre\u0301sident franc\u0327ais s\u2019est fe\u0301licite\u0301 de l\u2019annonce faite par le pre\u0301sident Denis Sassou N\u2019Guesso lors de la 27e confe\u0301rence des Etats parties a\u0300 la Convention cadre des Nations unies sur les changements climatiques (COP27) concernant le lancement d\u2019une De\u0301cennie mondiale de l\u2019afforestation. Le pre\u0301sident Denis Sassou N\u2019Guesso a remercie\u0301 son homologue et a sollicite\u0301 l\u2019appui de la France pour la concre\u0301tisation de cette initiative. Le pre\u0301sident Emmanuel Macron a exprime\u0301 au pre\u0301sident Denis Sassou N\u2019Guesso, au gouvernement et au peuple congolais ses remerciements pour l\u2019accueil qui lui a e\u0301te\u0301 re\u0301serve\u0301 ainsi qu\u2019a\u0300 la de\u0301le\u0301gation qui l\u2019accompagnait.<\/p>\n<p><strong>Pour plus d&rsquo;informations et d&rsquo;analyses sur la <a href=\"https:\/\/www.africa-press.net\/congo-brazzaville\">Congo Brazzaville<\/a>, suivez <a href=\"https:\/\/www.africa-press.net\/\">Africa-Press<\/a><\/strong><\/p>\n","protected":false},"excerpt":{"rendered":"<p>Africa-Press &#8211; Congo Brazzaville. Dans le communique\u0301 conjoint rendu public le 3 mars a\u0300 la fin du se\u0301jour de travail du pre\u0301sident de la Re\u0301publique franc\u0327aise, Emmanuel Macron, a\u0300 Brazzaville, le Congo a sollicite\u0301 l\u2019accompagnement de la France dans la re\u0301alisation du Plan national de de\u0301veloppement (PND) 2022-2026. Au cours des entretiens en te\u0302te-a\u0300-te\u0302te entre [&hellip;]<\/p>\n","protected":false},"author":82,"featured_media":15210,"comment_status":"open","ping_status":"closed","sticky":false,"template":"","format":"standard","meta":{"footnotes":""},"categories":[2,10],"tags":[36,47,46],"class_list":["post-15211","post","type-post","status-publish","format-standard","has-post-thumbnail","hentry","category-politique","category-toutes-les-actualites","tag-africa-press","tag-africa-press-congo-brazzaville","tag-congo-brazzaville"],"yoast_head":"<!-- This site is optimized with the Yoast SEO Premium plugin v26.1 (Yoast SEO v27.0) - https:\/\/yoast.com\/product\/yoast-seo-premium-wordpress\/ -->\n<title>Coop\u00e9ration : le Congo sollicite l\u2019appui de la France au PND - Congo Brazzaville<\/title>\n<meta name=\"description\" content=\"Dans le communique\u0301 conjoint rendu public le 3 mars a\u0300 la fin du se\u0301jour de travail du pre\u0301sident de la Re\u0301publique f ...\" \/>\n<meta name=\"robots\" content=\"index, follow, max-snippet:-1, max-image-preview:large, max-video-preview:-1\" \/>\n<link rel=\"canonical\" href=\"https:\/\/www.africa-press.net\/congo-brazzaville\/politique\/cooperation-le-congo-sollicite-lappui-de-la-france-au-pnd\" \/>\n<meta property=\"og:locale\" content=\"fr_FR\" \/>\n<meta property=\"og:type\" content=\"article\" \/>\n<meta property=\"og:title\" content=\"Coop\u00e9ration : le Congo sollicite l\u2019appui de la France au PND\" \/>\n<meta property=\"og:description\" content=\"Dans le communique\u0301 conjoint rendu public le 3 mars a\u0300 la fin du se\u0301jour de travail du pre\u0301sident de la Re\u0301publique f ...\" \/>\n<meta property=\"og:url\" content=\"https:\/\/www.africa-press.net\/congo-brazzaville\/politique\/cooperation-le-congo-sollicite-lappui-de-la-france-au-pnd\" \/>\n<meta property=\"og:site_name\" content=\"Congo Brazzaville\" \/>\n<meta property=\"article:published_time\" content=\"2023-03-04T18:37:05+00:00\" \/>\n<meta property=\"article:modified_time\" content=\"2023-03-04T19:50:47+00:00\" \/>\n<meta property=\"og:image\" content=\"https:\/\/static.africa-press.net\/congo-brazzaville\/sites\/51\/2023\/03\/postQueueImg_1677942439.72.jpg\" \/>\n\t<meta property=\"og:image:width\" content=\"1024\" \/>\n\t<meta property=\"og:image:height\" content=\"768\" \/>\n\t<meta property=\"og:image:type\" content=\"image\/jpeg\" \/>\n<meta name=\"author\" content=\"cfeditorfr\" \/>\n<meta name=\"twitter:card\" content=\"summary_large_image\" \/>\n<meta name=\"twitter:label1\" content=\"\u00c9crit par\" \/>\n\t<meta name=\"twitter:data1\" content=\"cfeditorfr\" \/>\n\t<meta name=\"twitter:label2\" content=\"Dur\u00e9e de lecture estim\u00e9e\" \/>\n\t<meta name=\"twitter:data2\" content=\"3 minutes\" \/>\n<script type=\"application\/ld+json\" class=\"yoast-schema-graph\">{\"@context\":\"https:\/\/schema.org\",\"@graph\":[{\"@type\":\"Article\",\"@id\":\"https:\/\/www.africa-press.net\/congo-brazzaville\/politique\/cooperation-le-congo-sollicite-lappui-de-la-france-au-pnd#article\",\"isPartOf\":{\"@id\":\"https:\/\/www.africa-press.net\/congo-brazzaville\/politique\/cooperation-le-congo-sollicite-lappui-de-la-france-au-pnd\"},\"author\":{\"name\":\"cfeditorfr\",\"@id\":\"https:\/\/www.africa-press.net\/congo-brazzaville\/#\/schema\/person\/2b1cf3cd81a31e3cd26889ca66d677f1\"},\"headline\":\"Coop\u00e9ration : le Congo sollicite l\u2019appui de la France au PND\",\"datePublished\":\"2023-03-04T18:37:05+00:00\",\"dateModified\":\"2023-03-04T19:50:47+00:00\",\"mainEntityOfPage\":{\"@id\":\"https:\/\/www.africa-press.net\/congo-brazzaville\/politique\/cooperation-le-congo-sollicite-lappui-de-la-france-au-pnd\"},\"wordCount\":646,\"commentCount\":0,\"image\":{\"@id\":\"https:\/\/www.africa-press.net\/congo-brazzaville\/politique\/cooperation-le-congo-sollicite-lappui-de-la-france-au-pnd#primaryimage\"},\"thumbnailUrl\":\"https:\/\/static.africa-press.net\/congo-brazzaville\/sites\/51\/2023\/03\/postQueueImg_1677942439.72.jpg\",\"keywords\":[\"Africa Press\",\"Africa Press-Congo Brazzaville\",\"Congo Brazzaville\"],\"articleSection\":[\"Politique\",\"Toutes les actualit\u00e9s\"],\"inLanguage\":\"fr-FR\",\"potentialAction\":[{\"@type\":\"CommentAction\",\"name\":\"Comment\",\"target\":[\"https:\/\/www.africa-press.net\/congo-brazzaville\/politique\/cooperation-le-congo-sollicite-lappui-de-la-france-au-pnd#respond\"]}]},{\"@type\":\"WebPage\",\"@id\":\"https:\/\/www.africa-press.net\/congo-brazzaville\/politique\/cooperation-le-congo-sollicite-lappui-de-la-france-au-pnd\",\"url\":\"https:\/\/www.africa-press.net\/congo-brazzaville\/politique\/cooperation-le-congo-sollicite-lappui-de-la-france-au-pnd\",\"name\":\"Coop\u00e9ration : le Congo sollicite l\u2019appui de la France au PND - Congo Brazzaville\",\"isPartOf\":{\"@id\":\"https:\/\/www.africa-press.net\/congo-brazzaville\/#website\"},\"primaryImageOfPage\":{\"@id\":\"https:\/\/www.africa-press.net\/congo-brazzaville\/politique\/cooperation-le-congo-sollicite-lappui-de-la-france-au-pnd#primaryimage\"},\"image\":{\"@id\":\"https:\/\/www.africa-press.net\/congo-brazzaville\/politique\/cooperation-le-congo-sollicite-lappui-de-la-france-au-pnd#primaryimage\"},\"thumbnailUrl\":\"https:\/\/static.africa-press.net\/congo-brazzaville\/sites\/51\/2023\/03\/postQueueImg_1677942439.72.jpg\",\"datePublished\":\"2023-03-04T18:37:05+00:00\",\"dateModified\":\"2023-03-04T19:50:47+00:00\",\"author\":{\"@id\":\"https:\/\/www.africa-press.net\/congo-brazzaville\/#\/schema\/person\/2b1cf3cd81a31e3cd26889ca66d677f1\"},\"description\":\"Dans le communique\u0301 conjoint rendu public le 3 mars a\u0300 la fin du se\u0301jour de travail du pre\u0301sident de la Re\u0301publique f ...\",\"breadcrumb\":{\"@id\":\"https:\/\/www.africa-press.net\/congo-brazzaville\/politique\/cooperation-le-congo-sollicite-lappui-de-la-france-au-pnd#breadcrumb\"},\"inLanguage\":\"fr-FR\",\"potentialAction\":[{\"@type\":\"ReadAction\",\"target\":[\"https:\/\/www.africa-press.net\/congo-brazzaville\/politique\/cooperation-le-congo-sollicite-lappui-de-la-france-au-pnd\"]}]},{\"@type\":\"ImageObject\",\"inLanguage\":\"fr-FR\",\"@id\":\"https:\/\/www.africa-press.net\/congo-brazzaville\/politique\/cooperation-le-congo-sollicite-lappui-de-la-france-au-pnd#primaryimage\",\"url\":\"https:\/\/static.africa-press.net\/congo-brazzaville\/sites\/51\/2023\/03\/postQueueImg_1677942439.72.jpg\",\"contentUrl\":\"https:\/\/static.africa-press.net\/congo-brazzaville\/sites\/51\/2023\/03\/postQueueImg_1677942439.72.jpg\",\"width\":1024,\"height\":768,\"caption\":\"Coop\u00e9ration : le Congo sollicite l\u2019appui de la France au PND\"},{\"@type\":\"BreadcrumbList\",\"@id\":\"https:\/\/www.africa-press.net\/congo-brazzaville\/politique\/cooperation-le-congo-sollicite-lappui-de-la-france-au-pnd#breadcrumb\",\"itemListElement\":[{\"@type\":\"ListItem\",\"position\":1,\"name\":\"Accueil\",\"item\":\"https:\/\/www.africa-press.net\/congo-brazzaville\/\"},{\"@type\":\"ListItem\",\"position\":2,\"name\":\"Coop\u00e9ration : le Congo sollicite l\u2019appui de la France au PND\"}]},{\"@type\":\"WebSite\",\"@id\":\"https:\/\/www.africa-press.net\/congo-brazzaville\/#website\",\"url\":\"https:\/\/www.africa-press.net\/congo-brazzaville\/\",\"name\":\"Congo Brazzaville\",\"description\":\"Just another Africa News Agency Sites site\",\"potentialAction\":[{\"@type\":\"SearchAction\",\"target\":{\"@type\":\"EntryPoint\",\"urlTemplate\":\"https:\/\/www.africa-press.net\/congo-brazzaville\/?s={search_term_string}\"},\"query-input\":{\"@type\":\"PropertyValueSpecification\",\"valueRequired\":true,\"valueName\":\"search_term_string\"}}],\"inLanguage\":\"fr-FR\"},{\"@type\":\"Person\",\"@id\":\"https:\/\/www.africa-press.net\/congo-brazzaville\/#\/schema\/person\/2b1cf3cd81a31e3cd26889ca66d677f1\",\"name\":\"cfeditorfr\"}]}<\/script>\n<!-- \/ Yoast SEO Premium plugin. -->","yoast_head_json":{"title":"Coop\u00e9ration : le Congo sollicite l\u2019appui de la France au PND - Congo Brazzaville","description":"Dans le communique\u0301 conjoint rendu public le 3 mars a\u0300 la fin du se\u0301jour de travail du pre\u0301sident de la Re\u0301publique f ...","robots":{"index":"index","follow":"follow","max-snippet":"max-snippet:-1","max-image-preview":"max-image-preview:large","max-video-preview":"max-video-preview:-1"},"canonical":"https:\/\/www.africa-press.net\/congo-brazzaville\/politique\/cooperation-le-congo-sollicite-lappui-de-la-france-au-pnd","og_locale":"fr_FR","og_type":"article","og_title":"Coop\u00e9ration : le Congo sollicite l\u2019appui de la France au PND","og_description":"Dans le communique\u0301 conjoint rendu public le 3 mars a\u0300 la fin du se\u0301jour de travail du pre\u0301sident de la Re\u0301publique f ...","og_url":"https:\/\/www.africa-press.net\/congo-brazzaville\/politique\/cooperation-le-congo-sollicite-lappui-de-la-france-au-pnd","og_site_name":"Congo Brazzaville","article_published_time":"2023-03-04T18:37:05+00:00","article_modified_time":"2023-03-04T19:50:47+00:00","og_image":[{"width":1024,"height":768,"url":"https:\/\/static.africa-press.net\/congo-brazzaville\/sites\/51\/2023\/03\/postQueueImg_1677942439.72.jpg","type":"image\/jpeg"}],"author":"cfeditorfr","twitter_card":"summary_large_image","twitter_misc":{"\u00c9crit par":"cfeditorfr","Dur\u00e9e de lecture estim\u00e9e":"3 minutes"},"schema":{"@context":"https:\/\/schema.org","@graph":[{"@type":"Article","@id":"https:\/\/www.africa-press.net\/congo-brazzaville\/politique\/cooperation-le-congo-sollicite-lappui-de-la-france-au-pnd#article","isPartOf":{"@id":"https:\/\/www.africa-press.net\/congo-brazzaville\/politique\/cooperation-le-congo-sollicite-lappui-de-la-france-au-pnd"},"author":{"name":"cfeditorfr","@id":"https:\/\/www.africa-press.net\/congo-brazzaville\/#\/schema\/person\/2b1cf3cd81a31e3cd26889ca66d677f1"},"headline":"Coop\u00e9ration : le Congo sollicite l\u2019appui de la France au PND","datePublished":"2023-03-04T18:37:05+00:00","dateModified":"2023-03-04T19:50:47+00:00","mainEntityOfPage":{"@id":"https:\/\/www.africa-press.net\/congo-brazzaville\/politique\/cooperation-le-congo-sollicite-lappui-de-la-france-au-pnd"},"wordCount":646,"commentCount":0,"image":{"@id":"https:\/\/www.africa-press.net\/congo-brazzaville\/politique\/cooperation-le-congo-sollicite-lappui-de-la-france-au-pnd#primaryimage"},"thumbnailUrl":"https:\/\/static.africa-press.net\/congo-brazzaville\/sites\/51\/2023\/03\/postQueueImg_1677942439.72.jpg","keywords":["Africa Press","Africa Press-Congo Brazzaville","Congo Brazzaville"],"articleSection":["Politique","Toutes les actualit\u00e9s"],"inLanguage":"fr-FR","potentialAction":[{"@type":"CommentAction","name":"Comment","target":["https:\/\/www.africa-press.net\/congo-brazzaville\/politique\/cooperation-le-congo-sollicite-lappui-de-la-france-au-pnd#respond"]}]},{"@type":"WebPage","@id":"https:\/\/www.africa-press.net\/congo-brazzaville\/politique\/cooperation-le-congo-sollicite-lappui-de-la-france-au-pnd","url":"https:\/\/www.africa-press.net\/congo-brazzaville\/politique\/cooperation-le-congo-sollicite-lappui-de-la-france-au-pnd","name":"Coop\u00e9ration : le Congo sollicite l\u2019appui de la France au PND - Congo Brazzaville","isPartOf":{"@id":"https:\/\/www.africa-press.net\/congo-brazzaville\/#website"},"primaryImageOfPage":{"@id":"https:\/\/www.africa-press.net\/congo-brazzaville\/politique\/cooperation-le-congo-sollicite-lappui-de-la-france-au-pnd#primaryimage"},"image":{"@id":"https:\/\/www.africa-press.net\/congo-brazzaville\/politique\/cooperation-le-congo-sollicite-lappui-de-la-france-au-pnd#primaryimage"},"thumbnailUrl":"https:\/\/static.africa-press.net\/congo-brazzaville\/sites\/51\/2023\/03\/postQueueImg_1677942439.72.jpg","datePublished":"2023-03-04T18:37:05+00:00","dateModified":"2023-03-04T19:50:47+00:00","author":{"@id":"https:\/\/www.africa-press.net\/congo-brazzaville\/#\/schema\/person\/2b1cf3cd81a31e3cd26889ca66d677f1"},"description":"Dans le communique\u0301 conjoint rendu public le 3 mars a\u0300 la fin du se\u0301jour de travail du pre\u0301sident de la Re\u0301publique f ...","breadcrumb":{"@id":"https:\/\/www.africa-press.net\/congo-brazzaville\/politique\/cooperation-le-congo-sollicite-lappui-de-la-france-au-pnd#breadcrumb"},"inLanguage":"fr-FR","potentialAction":[{"@type":"ReadAction","target":["https:\/\/www.africa-press.net\/congo-brazzaville\/politique\/cooperation-le-congo-sollicite-lappui-de-la-france-au-pnd"]}]},{"@type":"ImageObject","inLanguage":"fr-FR","@id":"https:\/\/www.africa-press.net\/congo-brazzaville\/politique\/cooperation-le-congo-sollicite-lappui-de-la-france-au-pnd#primaryimage","url":"https:\/\/static.africa-press.net\/congo-brazzaville\/sites\/51\/2023\/03\/postQueueImg_1677942439.72.jpg","contentUrl":"https:\/\/static.africa-press.net\/congo-brazzaville\/sites\/51\/2023\/03\/postQueueImg_1677942439.72.jpg","width":1024,"height":768,"caption":"Coop\u00e9ration : le Congo sollicite l\u2019appui de la France au PND"},{"@type":"BreadcrumbList","@id":"https:\/\/www.africa-press.net\/congo-brazzaville\/politique\/cooperation-le-congo-sollicite-lappui-de-la-france-au-pnd#breadcrumb","itemListElement":[{"@type":"ListItem","position":1,"name":"Accueil","item":"https:\/\/www.africa-press.net\/congo-brazzaville\/"},{"@type":"ListItem","position":2,"name":"Coop\u00e9ration : le Congo sollicite l\u2019appui de la France au PND"}]},{"@type":"WebSite","@id":"https:\/\/www.africa-press.net\/congo-brazzaville\/#website","url":"https:\/\/www.africa-press.net\/congo-brazzaville\/","name":"Congo Brazzaville","description":"Just another Africa News Agency Sites site","potentialAction":[{"@type":"SearchAction","target":{"@type":"EntryPoint","urlTemplate":"https:\/\/www.africa-press.net\/congo-brazzaville\/?s={search_term_string}"},"query-input":{"@type":"PropertyValueSpecification","valueRequired":true,"valueName":"search_term_string"}}],"inLanguage":"fr-FR"},{"@type":"Person","@id":"https:\/\/www.africa-press.net\/congo-brazzaville\/#\/schema\/person\/2b1cf3cd81a31e3cd26889ca66d677f1","name":"cfeditorfr"}]}},"_links":{"self":[{"href":"https:\/\/www.africa-press.net\/congo-brazzaville\/wp-json\/wp\/v2\/posts\/15211","targetHints":{"allow":["GET"]}}],"collection":[{"href":"https:\/\/www.africa-press.net\/congo-brazzaville\/wp-json\/wp\/v2\/posts"}],"about":[{"href":"https:\/\/www.africa-press.net\/congo-brazzaville\/wp-json\/wp\/v2\/types\/post"}],"author":[{"embeddable":true,"href":"https:\/\/www.africa-press.net\/congo-brazzaville\/wp-json\/wp\/v2\/users\/82"}],"replies":[{"embeddable":true,"href":"https:\/\/www.africa-press.net\/congo-brazzaville\/wp-json\/wp\/v2\/comments?post=15211"}],"version-history":[{"count":0,"href":"https:\/\/www.africa-press.net\/congo-brazzaville\/wp-json\/wp\/v2\/posts\/15211\/revisions"}],"wp:featuredmedia":[{"embeddable":true,"href":"https:\/\/www.africa-press.net\/congo-brazzaville\/wp-json\/wp\/v2\/media\/15210"}],"wp:attachment":[{"href":"https:\/\/www.africa-press.net\/congo-brazzaville\/wp-json\/wp\/v2\/media?parent=15211"}],"wp:term":[{"taxonomy":"category","embeddable":true,"href":"https:\/\/www.africa-press.net\/congo-brazzaville\/wp-json\/wp\/v2\/categories?post=15211"},{"taxonomy":"post_tag","embeddable":true,"href":"https:\/\/www.africa-press.net\/congo-brazzaville\/wp-json\/wp\/v2\/tags?post=15211"}],"curies":[{"name":"wp","href":"https:\/\/api.w.org\/{rel}","templated":true}]}}