{"id":15216,"date":"2023-03-04T18:37:33","date_gmt":"2023-03-04T18:37:33","guid":{"rendered":"https:\/\/www.africa-press.net\/congo-brazzaville\/politique\/medias-des-journalistes-en-formation-au-cipcc-a-pekin"},"modified":"2023-03-04T19:51:03","modified_gmt":"2023-03-04T19:51:03","slug":"medias-des-journalistes-en-formation-au-cipcc-a-pekin","status":"publish","type":"post","link":"https:\/\/www.africa-press.net\/congo-brazzaville\/politique\/medias-des-journalistes-en-formation-au-cipcc-a-pekin","title":{"rendered":"M\u00e9dias : des journalistes en formation au CIPCC \u00e0 P\u00e9kin"},"content":{"rendered":"<p><span style=\"color: #ff6600\"><strong>Africa-Press &#8211; Congo Brazzaville. <\/strong><\/span><b>Pre\u0300s d\u2019une soixantaine de journalistes provenant de diffe\u0301rents continents participent a\u0300 un se\u0301minaire de formation<\/b> <b>pilote\u0301 par le Centre de communication de la presse internationale de Chine (CIPCC), durant ce premier semestre de l\u2019anne\u0301e. <\/b><\/p>\n<p>La matine\u0301e du 2 mars, les participants ont eu une se\u0301ance d\u2019entretien avec les responsables du programme CIPCC 2023 qui leur ont pre\u0301sente\u0301 la feuille de route des diffe\u0301rentes activite\u0301s pre\u0301vues durant leur se\u0301jour en terre chinoise qui durera des semaines pour certains et environ quatre mois pour d\u2019autres.<\/p>\n<p>Ainsi, la participation au CIPCC s\u2019articulera notamment sur plusieurs activite\u0301s, a\u0300 savoir les entretiens pour les principales activite\u0301s nationales et diplomatiques ; la participation aux confe\u0301rences nationales sur la condition et formation de la presse ; l\u2019immersion et l\u2019expe\u0301rience culturelle chinoise ; des visites a\u0300 Pe\u0301kin et en dehors de la ville ; ainsi que des stages dans les me\u0301dias centraux de la capitale chinoise. Aussi, cette anne\u0301e, les participants en profiteront pour avoir une couverture me\u0301diatique des \u00ab Deux sessions \u00bb et de la re\u0301union annuelle 2023 du BFA (Boao Forum For Asia) a\u0300 Hainan.<\/p>\n<p>Organise\u0301 depuis 2014 par l&rsquo;Association chinoise de diplomatie publique, le programme a e\u0301te\u0301 initie\u0301 dans le but de renforcer les e\u0301changes et de promouvoir une coope\u0301ration pratique entre les me\u0301dias chinois et e\u0301trangers et d\u2019emmener les participants au programme a\u0300 acque\u0301rir une compre\u0301hension globale et approfondie de la Chine. A ce propos, l\u2019un des responsables du programme, Zou Benshuo, a exhorte\u0301 les participants a\u0300 capitaliser leur se\u0301jour pour vivre une expe\u0301rience professionnelle inoubliable, qui en me\u0302me temps favorise le brassage culturel.<\/p>\n<p>Au terme de cette premie\u0300re rencontre de groupe, les participants ont suivi la vide\u0301o re\u0301trospective de l\u2019e\u0301dition 2022 avant de se familiariser. \u00ab C\u0327a me fait du bien d\u2019e\u0302tre ici car c\u2019est ma premie\u0300re fois de se\u0301journer en Chine. Aussi, ce programme est une belle initiative que je salue car il regroupe les journalistes d\u2019Afrique, Asie, Ame\u0301rique, Europe. Ce qui favorise e\u0301videmment un re\u0301el brassage culturel et un partage d\u2019expe\u0301rience. On aura l\u2019occasion de de\u0301couvrir le paysage chinois sous diffe\u0301rents angles. A travers les visites et rencontres, j\u2019estime qu\u2019on de\u0301couvrira d\u2019autres technologies et savoir-faire \u00bb, a confie\u0301 Nade\u0300ge, participante du Burkina Faso.<\/p>\n<p>Notons que les participants au programme de cette anne\u0301e viennent notamment de la Re\u0301publique du Congo, de la Re\u0301publique de\u0301mocratique du Congo, du Burkina Faso, du Cameroun, du Nigeria, du Se\u0301ne\u0301gal, de l\u2019Egypte, du Mozambique, de la Jamai\u0308que, du Ve\u0301ne\u0301zue\u0301la, du Cambodge, de la Guyane, de l\u2019Inde, de la Bulgarie, de la Serbie, des Bahamas, de la Barbade, du Pakistan, de la Thai\u0308lande, de la Malaisie, etc.<\/p>\n\r\n                <style type=\"text\/css\">\r\n                    \r\n                    #td_uid_1_69f1dfc1a6079  .td-doubleSlider-2 .td-item1 {\r\n                        background: url(https:\/\/static.africa-press.net\/congo-brazzaville\/sites\/51\/2023\/03\/postMediaimg_65_1-80x60.jpg) 0 0 no-repeat;\r\n                    }\r\n                    #td_uid_1_69f1dfc1a6079  .td-doubleSlider-2 .td-item2 {\r\n                        background: url(https:\/\/static.africa-press.net\/congo-brazzaville\/sites\/51\/2023\/03\/postMediaimg_65_2-80x60.jpg) 0 0 no-repeat;\r\n                    }\r\n                <\/style>\r\n\r\n                <div id=\"td_uid_1_69f1dfc1a6079\" class=\"td-gallery td-slide-on-2-columns\">\r\n                    <div class=\"post_td_gallery\">\r\n                        <div class=\"td-gallery-slide-top\">\r\n                           <div class=\"td-gallery-title\"><\/div>\r\n\r\n                            <div class=\"td-gallery-controls-wrapper\">\r\n                                <div class=\"td-gallery-slide-count\"><span class=\"td-gallery-slide-item-focus\">1<\/span> de 2<\/div>\r\n                                <div class=\"td-gallery-slide-prev-next-but\">\r\n                                    <i class = \"td-icon-left doubleSliderPrevButton\"><\/i>\r\n                                    <i class = \"td-icon-right doubleSliderNextButton\"><\/i>\r\n                                <\/div>\r\n                            <\/div>\r\n                        <\/div>\r\n\r\n                        <div class = \"td-doubleSlider-1 \">\r\n                            <div class = \"td-slider\">\r\n                                \r\n                    <div class = \"td-slide-item td-item1\">\r\n                        <figure class=\"td-slide-galery-figure td-slide-popup-gallery\">\r\n                            <a class=\"slide-gallery-image-link\" href=\"https:\/\/static.africa-press.net\/congo-brazzaville\/sites\/51\/2023\/03\/postMediaimg_65_1.jpg\" title=\"postMediaimg_65_1\"  data-caption=\"\"  data-description=\"\">\r\n                                <img decoding=\"async\" src=\"https:\/\/static.africa-press.net\/congo-brazzaville\/sites\/51\/2023\/03\/postMediaimg_65_1.jpg\" srcset=\"https:\/\/static.africa-press.net\/congo-brazzaville\/sites\/51\/2023\/03\/postMediaimg_65_1.jpg 1080w, https:\/\/static.africa-press.net\/congo-brazzaville\/sites\/51\/2023\/03\/postMediaimg_65_1-300x184.jpg 300w, https:\/\/static.africa-press.net\/congo-brazzaville\/sites\/51\/2023\/03\/postMediaimg_65_1-1024x630.jpg 1024w, https:\/\/static.africa-press.net\/congo-brazzaville\/sites\/51\/2023\/03\/postMediaimg_65_1-768x472.jpg 768w, https:\/\/static.africa-press.net\/congo-brazzaville\/sites\/51\/2023\/03\/postMediaimg_65_1-356x220.jpg 356w\" sizes=\"(max-width: 1080px) 100vw, 1080px\" alt=\"\">\r\n                            <\/a>\r\n                            \r\n                        <\/figure>\r\n                    <\/div>\r\n                    <div class = \"td-slide-item td-item2\">\r\n                        <figure class=\"td-slide-galery-figure td-slide-popup-gallery\">\r\n                            <a class=\"slide-gallery-image-link\" href=\"https:\/\/static.africa-press.net\/congo-brazzaville\/sites\/51\/2023\/03\/postMediaimg_65_2.jpg\" title=\"postMediaimg_65_2\"  data-caption=\"\"  data-description=\"\">\r\n                                <img decoding=\"async\" src=\"https:\/\/static.africa-press.net\/congo-brazzaville\/sites\/51\/2023\/03\/postMediaimg_65_2.jpg\" srcset=\"https:\/\/static.africa-press.net\/congo-brazzaville\/sites\/51\/2023\/03\/postMediaimg_65_2.jpg 1023w, https:\/\/static.africa-press.net\/congo-brazzaville\/sites\/51\/2023\/03\/postMediaimg_65_2-300x225.jpg 300w, https:\/\/static.africa-press.net\/congo-brazzaville\/sites\/51\/2023\/03\/postMediaimg_65_2-768x577.jpg 768w, https:\/\/static.africa-press.net\/congo-brazzaville\/sites\/51\/2023\/03\/postMediaimg_65_2-80x60.jpg 80w\" sizes=\"(max-width: 1023px) 100vw, 1023px\" alt=\"\">\r\n                            <\/a>\r\n                            \r\n                        <\/figure>\r\n                    <\/div>\r\n                            <\/div>\r\n                        <\/div>\r\n\r\n                        <div class = \"td-doubleSlider-2\">\r\n                            <div class = \"td-slider\">\r\n                                \r\n                    <div class = \"td-button td-item1\">\r\n                        <div class = \"td-border\"><\/div>\r\n                    <\/div>\r\n                    <div class = \"td-button td-item2\">\r\n                        <div class = \"td-border\"><\/div>\r\n                    <\/div>\r\n                            <\/div>\r\n                        <\/div>\r\n\r\n                    <\/div>\r\n\r\n                <\/div>\r\n                \n<p><strong>Pour plus d&rsquo;informations et d&rsquo;analyses sur la <a href=\"https:\/\/www.africa-press.net\/congo-brazzaville\">Congo Brazzaville<\/a>, suivez <a href=\"https:\/\/www.africa-press.net\/\">Africa-Press<\/a><\/strong><\/p>\n","protected":false},"excerpt":{"rendered":"<p>Africa-Press &#8211; Congo Brazzaville. Pre\u0300s d\u2019une soixantaine de journalistes provenant de diffe\u0301rents continents participent a\u0300 un se\u0301minaire de formation pilote\u0301 par le Centre de communication de la presse internationale de Chine (CIPCC), durant ce premier semestre de l\u2019anne\u0301e. La matine\u0301e du 2 mars, les participants ont eu une se\u0301ance d\u2019entretien avec les responsables du programme [&hellip;]<\/p>\n","protected":false},"author":82,"featured_media":15215,"comment_status":"open","ping_status":"closed","sticky":false,"template":"","format":"standard","meta":{"footnotes":""},"categories":[8,2,10],"tags":[36,47,46],"class_list":["post-15216","post","type-post","status-publish","format-standard","has-post-thumbnail","hentry","category-photo","category-politique","category-toutes-les-actualites","tag-africa-press","tag-africa-press-congo-brazzaville","tag-congo-brazzaville"],"yoast_head":"<!-- This site is optimized with the Yoast SEO Premium plugin v26.1 (Yoast SEO v27.0) - https:\/\/yoast.com\/product\/yoast-seo-premium-wordpress\/ -->\n<title>M\u00e9dias : des journalistes en formation au CIPCC \u00e0 P\u00e9kin - Congo Brazzaville<\/title>\n<meta name=\"description\" content=\"Pre\u0300s d\u2019une soixantaine de journalistes provenant de diffe\u0301rents continents participent a\u0300 un se\u0301minaire de formation ...\" \/>\n<meta name=\"robots\" content=\"index, follow, max-snippet:-1, max-image-preview:large, max-video-preview:-1\" \/>\n<link rel=\"canonical\" href=\"https:\/\/www.africa-press.net\/congo-brazzaville\/politique\/medias-des-journalistes-en-formation-au-cipcc-a-pekin\" \/>\n<meta property=\"og:locale\" content=\"fr_FR\" \/>\n<meta property=\"og:type\" content=\"article\" \/>\n<meta property=\"og:title\" content=\"M\u00e9dias : des journalistes en formation au CIPCC \u00e0 P\u00e9kin\" \/>\n<meta property=\"og:description\" content=\"Pre\u0300s d\u2019une soixantaine de journalistes provenant de diffe\u0301rents continents participent a\u0300 un se\u0301minaire de formation ...\" \/>\n<meta property=\"og:url\" content=\"https:\/\/www.africa-press.net\/congo-brazzaville\/politique\/medias-des-journalistes-en-formation-au-cipcc-a-pekin\" \/>\n<meta property=\"og:site_name\" content=\"Congo Brazzaville\" \/>\n<meta property=\"article:published_time\" content=\"2023-03-04T18:37:33+00:00\" \/>\n<meta property=\"article:modified_time\" content=\"2023-03-04T19:51:03+00:00\" \/>\n<meta property=\"og:image\" content=\"https:\/\/static.africa-press.net\/congo-brazzaville\/sites\/51\/2023\/03\/postQueueImg_1677942463.97.jpg\" \/>\n\t<meta property=\"og:image:width\" content=\"1080\" \/>\n\t<meta property=\"og:image:height\" content=\"664\" \/>\n\t<meta property=\"og:image:type\" content=\"image\/jpeg\" \/>\n<meta name=\"author\" content=\"cfeditorfr\" \/>\n<meta name=\"twitter:card\" content=\"summary_large_image\" \/>\n<meta name=\"twitter:label1\" content=\"\u00c9crit par\" \/>\n\t<meta name=\"twitter:data1\" content=\"cfeditorfr\" \/>\n\t<meta name=\"twitter:label2\" content=\"Dur\u00e9e de lecture estim\u00e9e\" \/>\n\t<meta name=\"twitter:data2\" content=\"3 minutes\" \/>\n<script type=\"application\/ld+json\" class=\"yoast-schema-graph\">{\"@context\":\"https:\/\/schema.org\",\"@graph\":[{\"@type\":\"Article\",\"@id\":\"https:\/\/www.africa-press.net\/congo-brazzaville\/politique\/medias-des-journalistes-en-formation-au-cipcc-a-pekin#article\",\"isPartOf\":{\"@id\":\"https:\/\/www.africa-press.net\/congo-brazzaville\/politique\/medias-des-journalistes-en-formation-au-cipcc-a-pekin\"},\"author\":{\"name\":\"cfeditorfr\",\"@id\":\"https:\/\/www.africa-press.net\/congo-brazzaville\/#\/schema\/person\/2b1cf3cd81a31e3cd26889ca66d677f1\"},\"headline\":\"M\u00e9dias : des journalistes en formation au CIPCC \u00e0 P\u00e9kin\",\"datePublished\":\"2023-03-04T18:37:33+00:00\",\"dateModified\":\"2023-03-04T19:51:03+00:00\",\"mainEntityOfPage\":{\"@id\":\"https:\/\/www.africa-press.net\/congo-brazzaville\/politique\/medias-des-journalistes-en-formation-au-cipcc-a-pekin\"},\"wordCount\":531,\"commentCount\":0,\"image\":{\"@id\":\"https:\/\/www.africa-press.net\/congo-brazzaville\/politique\/medias-des-journalistes-en-formation-au-cipcc-a-pekin#primaryimage\"},\"thumbnailUrl\":\"https:\/\/static.africa-press.net\/congo-brazzaville\/sites\/51\/2023\/03\/postQueueImg_1677942463.97.jpg\",\"keywords\":[\"Africa Press\",\"Africa Press-Congo Brazzaville\",\"Congo Brazzaville\"],\"articleSection\":[\"Photo\",\"Politique\",\"Toutes les actualit\u00e9s\"],\"inLanguage\":\"fr-FR\",\"potentialAction\":[{\"@type\":\"CommentAction\",\"name\":\"Comment\",\"target\":[\"https:\/\/www.africa-press.net\/congo-brazzaville\/politique\/medias-des-journalistes-en-formation-au-cipcc-a-pekin#respond\"]}]},{\"@type\":\"WebPage\",\"@id\":\"https:\/\/www.africa-press.net\/congo-brazzaville\/politique\/medias-des-journalistes-en-formation-au-cipcc-a-pekin\",\"url\":\"https:\/\/www.africa-press.net\/congo-brazzaville\/politique\/medias-des-journalistes-en-formation-au-cipcc-a-pekin\",\"name\":\"M\u00e9dias : des journalistes en formation au CIPCC \u00e0 P\u00e9kin - Congo Brazzaville\",\"isPartOf\":{\"@id\":\"https:\/\/www.africa-press.net\/congo-brazzaville\/#website\"},\"primaryImageOfPage\":{\"@id\":\"https:\/\/www.africa-press.net\/congo-brazzaville\/politique\/medias-des-journalistes-en-formation-au-cipcc-a-pekin#primaryimage\"},\"image\":{\"@id\":\"https:\/\/www.africa-press.net\/congo-brazzaville\/politique\/medias-des-journalistes-en-formation-au-cipcc-a-pekin#primaryimage\"},\"thumbnailUrl\":\"https:\/\/static.africa-press.net\/congo-brazzaville\/sites\/51\/2023\/03\/postQueueImg_1677942463.97.jpg\",\"datePublished\":\"2023-03-04T18:37:33+00:00\",\"dateModified\":\"2023-03-04T19:51:03+00:00\",\"author\":{\"@id\":\"https:\/\/www.africa-press.net\/congo-brazzaville\/#\/schema\/person\/2b1cf3cd81a31e3cd26889ca66d677f1\"},\"description\":\"Pre\u0300s d\u2019une soixantaine de journalistes provenant de diffe\u0301rents continents participent a\u0300 un se\u0301minaire de formation ...\",\"breadcrumb\":{\"@id\":\"https:\/\/www.africa-press.net\/congo-brazzaville\/politique\/medias-des-journalistes-en-formation-au-cipcc-a-pekin#breadcrumb\"},\"inLanguage\":\"fr-FR\",\"potentialAction\":[{\"@type\":\"ReadAction\",\"target\":[\"https:\/\/www.africa-press.net\/congo-brazzaville\/politique\/medias-des-journalistes-en-formation-au-cipcc-a-pekin\"]}]},{\"@type\":\"ImageObject\",\"inLanguage\":\"fr-FR\",\"@id\":\"https:\/\/www.africa-press.net\/congo-brazzaville\/politique\/medias-des-journalistes-en-formation-au-cipcc-a-pekin#primaryimage\",\"url\":\"https:\/\/static.africa-press.net\/congo-brazzaville\/sites\/51\/2023\/03\/postQueueImg_1677942463.97.jpg\",\"contentUrl\":\"https:\/\/static.africa-press.net\/congo-brazzaville\/sites\/51\/2023\/03\/postQueueImg_1677942463.97.jpg\",\"width\":1080,\"height\":664,\"caption\":\"M\u00e9dias : des journalistes en formation au CIPCC \u00e0 P\u00e9kin\"},{\"@type\":\"BreadcrumbList\",\"@id\":\"https:\/\/www.africa-press.net\/congo-brazzaville\/politique\/medias-des-journalistes-en-formation-au-cipcc-a-pekin#breadcrumb\",\"itemListElement\":[{\"@type\":\"ListItem\",\"position\":1,\"name\":\"Accueil\",\"item\":\"https:\/\/www.africa-press.net\/congo-brazzaville\/\"},{\"@type\":\"ListItem\",\"position\":2,\"name\":\"M\u00e9dias : des journalistes en formation au CIPCC \u00e0 P\u00e9kin\"}]},{\"@type\":\"WebSite\",\"@id\":\"https:\/\/www.africa-press.net\/congo-brazzaville\/#website\",\"url\":\"https:\/\/www.africa-press.net\/congo-brazzaville\/\",\"name\":\"Congo Brazzaville\",\"description\":\"Just another Africa News Agency Sites site\",\"potentialAction\":[{\"@type\":\"SearchAction\",\"target\":{\"@type\":\"EntryPoint\",\"urlTemplate\":\"https:\/\/www.africa-press.net\/congo-brazzaville\/?s={search_term_string}\"},\"query-input\":{\"@type\":\"PropertyValueSpecification\",\"valueRequired\":true,\"valueName\":\"search_term_string\"}}],\"inLanguage\":\"fr-FR\"},{\"@type\":\"Person\",\"@id\":\"https:\/\/www.africa-press.net\/congo-brazzaville\/#\/schema\/person\/2b1cf3cd81a31e3cd26889ca66d677f1\",\"name\":\"cfeditorfr\"}]}<\/script>\n<!-- \/ Yoast SEO Premium plugin. -->","yoast_head_json":{"title":"M\u00e9dias : des journalistes en formation au CIPCC \u00e0 P\u00e9kin - Congo Brazzaville","description":"Pre\u0300s d\u2019une soixantaine de journalistes provenant de diffe\u0301rents continents participent a\u0300 un se\u0301minaire de formation ...","robots":{"index":"index","follow":"follow","max-snippet":"max-snippet:-1","max-image-preview":"max-image-preview:large","max-video-preview":"max-video-preview:-1"},"canonical":"https:\/\/www.africa-press.net\/congo-brazzaville\/politique\/medias-des-journalistes-en-formation-au-cipcc-a-pekin","og_locale":"fr_FR","og_type":"article","og_title":"M\u00e9dias : des journalistes en formation au CIPCC \u00e0 P\u00e9kin","og_description":"Pre\u0300s d\u2019une soixantaine de journalistes provenant de diffe\u0301rents continents participent a\u0300 un se\u0301minaire de formation ...","og_url":"https:\/\/www.africa-press.net\/congo-brazzaville\/politique\/medias-des-journalistes-en-formation-au-cipcc-a-pekin","og_site_name":"Congo Brazzaville","article_published_time":"2023-03-04T18:37:33+00:00","article_modified_time":"2023-03-04T19:51:03+00:00","og_image":[{"width":1080,"height":664,"url":"https:\/\/static.africa-press.net\/congo-brazzaville\/sites\/51\/2023\/03\/postQueueImg_1677942463.97.jpg","type":"image\/jpeg"}],"author":"cfeditorfr","twitter_card":"summary_large_image","twitter_misc":{"\u00c9crit par":"cfeditorfr","Dur\u00e9e de lecture estim\u00e9e":"3 minutes"},"schema":{"@context":"https:\/\/schema.org","@graph":[{"@type":"Article","@id":"https:\/\/www.africa-press.net\/congo-brazzaville\/politique\/medias-des-journalistes-en-formation-au-cipcc-a-pekin#article","isPartOf":{"@id":"https:\/\/www.africa-press.net\/congo-brazzaville\/politique\/medias-des-journalistes-en-formation-au-cipcc-a-pekin"},"author":{"name":"cfeditorfr","@id":"https:\/\/www.africa-press.net\/congo-brazzaville\/#\/schema\/person\/2b1cf3cd81a31e3cd26889ca66d677f1"},"headline":"M\u00e9dias : des journalistes en formation au CIPCC \u00e0 P\u00e9kin","datePublished":"2023-03-04T18:37:33+00:00","dateModified":"2023-03-04T19:51:03+00:00","mainEntityOfPage":{"@id":"https:\/\/www.africa-press.net\/congo-brazzaville\/politique\/medias-des-journalistes-en-formation-au-cipcc-a-pekin"},"wordCount":531,"commentCount":0,"image":{"@id":"https:\/\/www.africa-press.net\/congo-brazzaville\/politique\/medias-des-journalistes-en-formation-au-cipcc-a-pekin#primaryimage"},"thumbnailUrl":"https:\/\/static.africa-press.net\/congo-brazzaville\/sites\/51\/2023\/03\/postQueueImg_1677942463.97.jpg","keywords":["Africa Press","Africa Press-Congo Brazzaville","Congo Brazzaville"],"articleSection":["Photo","Politique","Toutes les actualit\u00e9s"],"inLanguage":"fr-FR","potentialAction":[{"@type":"CommentAction","name":"Comment","target":["https:\/\/www.africa-press.net\/congo-brazzaville\/politique\/medias-des-journalistes-en-formation-au-cipcc-a-pekin#respond"]}]},{"@type":"WebPage","@id":"https:\/\/www.africa-press.net\/congo-brazzaville\/politique\/medias-des-journalistes-en-formation-au-cipcc-a-pekin","url":"https:\/\/www.africa-press.net\/congo-brazzaville\/politique\/medias-des-journalistes-en-formation-au-cipcc-a-pekin","name":"M\u00e9dias : des journalistes en formation au CIPCC \u00e0 P\u00e9kin - Congo Brazzaville","isPartOf":{"@id":"https:\/\/www.africa-press.net\/congo-brazzaville\/#website"},"primaryImageOfPage":{"@id":"https:\/\/www.africa-press.net\/congo-brazzaville\/politique\/medias-des-journalistes-en-formation-au-cipcc-a-pekin#primaryimage"},"image":{"@id":"https:\/\/www.africa-press.net\/congo-brazzaville\/politique\/medias-des-journalistes-en-formation-au-cipcc-a-pekin#primaryimage"},"thumbnailUrl":"https:\/\/static.africa-press.net\/congo-brazzaville\/sites\/51\/2023\/03\/postQueueImg_1677942463.97.jpg","datePublished":"2023-03-04T18:37:33+00:00","dateModified":"2023-03-04T19:51:03+00:00","author":{"@id":"https:\/\/www.africa-press.net\/congo-brazzaville\/#\/schema\/person\/2b1cf3cd81a31e3cd26889ca66d677f1"},"description":"Pre\u0300s d\u2019une soixantaine de journalistes provenant de diffe\u0301rents continents participent a\u0300 un se\u0301minaire de formation ...","breadcrumb":{"@id":"https:\/\/www.africa-press.net\/congo-brazzaville\/politique\/medias-des-journalistes-en-formation-au-cipcc-a-pekin#breadcrumb"},"inLanguage":"fr-FR","potentialAction":[{"@type":"ReadAction","target":["https:\/\/www.africa-press.net\/congo-brazzaville\/politique\/medias-des-journalistes-en-formation-au-cipcc-a-pekin"]}]},{"@type":"ImageObject","inLanguage":"fr-FR","@id":"https:\/\/www.africa-press.net\/congo-brazzaville\/politique\/medias-des-journalistes-en-formation-au-cipcc-a-pekin#primaryimage","url":"https:\/\/static.africa-press.net\/congo-brazzaville\/sites\/51\/2023\/03\/postQueueImg_1677942463.97.jpg","contentUrl":"https:\/\/static.africa-press.net\/congo-brazzaville\/sites\/51\/2023\/03\/postQueueImg_1677942463.97.jpg","width":1080,"height":664,"caption":"M\u00e9dias : des journalistes en formation au CIPCC \u00e0 P\u00e9kin"},{"@type":"BreadcrumbList","@id":"https:\/\/www.africa-press.net\/congo-brazzaville\/politique\/medias-des-journalistes-en-formation-au-cipcc-a-pekin#breadcrumb","itemListElement":[{"@type":"ListItem","position":1,"name":"Accueil","item":"https:\/\/www.africa-press.net\/congo-brazzaville\/"},{"@type":"ListItem","position":2,"name":"M\u00e9dias : des journalistes en formation au CIPCC \u00e0 P\u00e9kin"}]},{"@type":"WebSite","@id":"https:\/\/www.africa-press.net\/congo-brazzaville\/#website","url":"https:\/\/www.africa-press.net\/congo-brazzaville\/","name":"Congo Brazzaville","description":"Just another Africa News Agency Sites site","potentialAction":[{"@type":"SearchAction","target":{"@type":"EntryPoint","urlTemplate":"https:\/\/www.africa-press.net\/congo-brazzaville\/?s={search_term_string}"},"query-input":{"@type":"PropertyValueSpecification","valueRequired":true,"valueName":"search_term_string"}}],"inLanguage":"fr-FR"},{"@type":"Person","@id":"https:\/\/www.africa-press.net\/congo-brazzaville\/#\/schema\/person\/2b1cf3cd81a31e3cd26889ca66d677f1","name":"cfeditorfr"}]}},"_links":{"self":[{"href":"https:\/\/www.africa-press.net\/congo-brazzaville\/wp-json\/wp\/v2\/posts\/15216","targetHints":{"allow":["GET"]}}],"collection":[{"href":"https:\/\/www.africa-press.net\/congo-brazzaville\/wp-json\/wp\/v2\/posts"}],"about":[{"href":"https:\/\/www.africa-press.net\/congo-brazzaville\/wp-json\/wp\/v2\/types\/post"}],"author":[{"embeddable":true,"href":"https:\/\/www.africa-press.net\/congo-brazzaville\/wp-json\/wp\/v2\/users\/82"}],"replies":[{"embeddable":true,"href":"https:\/\/www.africa-press.net\/congo-brazzaville\/wp-json\/wp\/v2\/comments?post=15216"}],"version-history":[{"count":0,"href":"https:\/\/www.africa-press.net\/congo-brazzaville\/wp-json\/wp\/v2\/posts\/15216\/revisions"}],"wp:featuredmedia":[{"embeddable":true,"href":"https:\/\/www.africa-press.net\/congo-brazzaville\/wp-json\/wp\/v2\/media\/15215"}],"wp:attachment":[{"href":"https:\/\/www.africa-press.net\/congo-brazzaville\/wp-json\/wp\/v2\/media?parent=15216"}],"wp:term":[{"taxonomy":"category","embeddable":true,"href":"https:\/\/www.africa-press.net\/congo-brazzaville\/wp-json\/wp\/v2\/categories?post=15216"},{"taxonomy":"post_tag","embeddable":true,"href":"https:\/\/www.africa-press.net\/congo-brazzaville\/wp-json\/wp\/v2\/tags?post=15216"}],"curies":[{"name":"wp","href":"https:\/\/api.w.org\/{rel}","templated":true}]}}