{"id":15218,"date":"2023-03-04T18:37:55","date_gmt":"2023-03-04T18:37:55","guid":{"rendered":"https:\/\/www.africa-press.net\/congo-brazzaville\/politique\/vie-des-partis-passation-de-pouvoirs-a-la-federation-pct-europe"},"modified":"2023-03-04T19:51:19","modified_gmt":"2023-03-04T19:51:19","slug":"vie-des-partis-passation-de-pouvoirs-a-la-federation-pct-europe","status":"publish","type":"post","link":"https:\/\/www.africa-press.net\/congo-brazzaville\/politique\/vie-des-partis-passation-de-pouvoirs-a-la-federation-pct-europe","title":{"rendered":"Vie des partis : passation de pouvoirs \u00e0 la F\u00e9d\u00e9ration PCT-Europe"},"content":{"rendered":"<p><span style=\"color: #ff6600\"><strong>Africa-Press &#8211; Congo Brazzaville. <\/strong><\/span><b>Sous la mode\u0301ration de la Commission de contro\u0302le et d\u2019e\u0301valuation pre\u0301side\u0301e par Jean Bastien Makoundou, l\u2019ancien et le nouveau pre\u0301sident de la Fe\u0301de\u0301ration du Parti congolais du travail (PCT) Europe se sont retrouve\u0301s a\u0300 Neuilly-sur-Marne afin de proce\u0301der a\u0300 la passation de pouvoirs.<\/b><\/p>\n<p>Sur instruction de la direction politique, la Commission de contro\u0302le et d\u2019e\u0301valuation du PCT Europe, le 4 mars, un peu avant la mi-journe\u0301e, a\u0300 Neuilly-sur-Marne, s\u2019est de\u0301roule\u0301e la ce\u0301re\u0301monie de passation de pouvoirs entre Patrick Gabriel Dion et Anatole Guy Elenga . C\u2019est la fin d\u2019une longue attente de l\u2019officialisation des instances en France du parti au pouvoir au Congo. Cette transition dans le respect \u00ab\u00a0cordial et patriotique\u00a0\u00bb entre les deux membres du Comite\u0301 central de leur parti ponctue une pe\u0301riode marque\u0301e par une regrettable animosite\u0301 ambiante au sein des militants.<\/p>\n<p>Le pre\u0301sident France-Europe sortant, Patrick-Gabriel Dion, sur proposition du colle\u0300ge e\u0301lectif des deux assemble\u0301es du 21 juin 2014, a\u0300 Paris, en pre\u0301sence de Pierre Ngolo, secre\u0301taire ge\u0301ne\u0301ral du PCT de l\u2019e\u0301poque, avait obtenu le consensus pour succe\u0301der a\u0300 Isaac Djoumali Sengha<b>.<\/b><\/p>\n<p>Son engagement au PCT remonte a\u0300 l\u2019Union de la jeunesse socialiste congolaise lors de son se\u0301jour estudiantin en Roumanie. A\u0300 plusieurs reprises, il a exerce\u0301 des responsabilite\u0301s dans des associations de la diaspora : SDA, CRJ, Dade, Assocreef.<\/p>\n<p>Depuis le 22 octobre de l\u2019anne\u0301e dernie\u0300re, Anatole Guy Elenga est devenu le pre\u0301sident de la Fe\u0301de\u0301ration Europe a\u0300 l\u2019issue de la \u00ab\u00a0Restructuration des instances dirigeantes du PCT en Europe\u00a0\u00bb. Sans attendre la passation de pouvoirs qui a e\u0301te\u0301 faite, c\u2019est sous le signe du rassemblement et de la cohe\u0301sion, dans la rigueur et la discipline du parti : \u00ab\u00a0un mandat pour tous\u00a0\u00bb, qu\u2019il travaille.<\/p>\n<p>Le changement de l\u2019an dernier est intervenu a\u0300 l\u2019issue de l\u2019initiative prise par le secre\u0301taire ge\u0301ne\u0301ral du PCT actuel, Pierre Moussa. De ce fait, les militants re\u0301unis en assemble\u0301e ge\u0301ne\u0301rale extraordinaire, a\u0300 Paris, avaient e\u0301lu par acclamation le nouveau bureau mis en place par le parti, repre\u0301sente\u0301 par Gabriel Ondongo, secre\u0301taire a\u0300 l\u2019organisation et a\u0300 la mobilisation.<\/p>\n<p>Cette rencontre politique a e\u0301te\u0301 l\u2019occasion pour Patrick Gabriel Dion de mettre a\u0300 disposition tous les documents relatifs a\u0300 sa gestion pre\u0301sidentielle. Re\u0301ception faite, son successeur a promis d&rsquo;en faire bon usage dans le respect des directives du parti.<\/p>\n<p><b>Extrait du discours d\u2019Anatole Guy Elenga \/ La solidarite\u0301 doit pre\u0301valoir tout en e\u0301tant une force de proposition depuis l\u2019e\u0301tranger<\/b><\/p>\n<p>\u00ab Je voudrais partager avec vous un re\u0302ve et une ambition ; voir notre fe\u0301de\u0301ration contribuer plus largement et surtout plus utilement en tant que parti du pouvoir, a\u0300 la re\u0301solution des proble\u0300mes auxquels sont confronte\u0301s notre pays et nos concitoyens aussi bien dans la diaspora qu\u2019au pays. \u00bb<\/p>\n<p><strong>Pour plus d&rsquo;informations et d&rsquo;analyses sur la <a href=\"https:\/\/www.africa-press.net\/congo-brazzaville\">Congo Brazzaville<\/a>, suivez <a href=\"https:\/\/www.africa-press.net\/\">Africa-Press<\/a><\/strong><\/p>\n","protected":false},"excerpt":{"rendered":"<p>Africa-Press &#8211; Congo Brazzaville. Sous la mode\u0301ration de la Commission de contro\u0302le et d\u2019e\u0301valuation pre\u0301side\u0301e par Jean Bastien Makoundou, l\u2019ancien et le nouveau pre\u0301sident de la Fe\u0301de\u0301ration du Parti congolais du travail (PCT) Europe se sont retrouve\u0301s a\u0300 Neuilly-sur-Marne afin de proce\u0301der a\u0300 la passation de pouvoirs. Sur instruction de la direction politique, la Commission [&hellip;]<\/p>\n","protected":false},"author":82,"featured_media":15217,"comment_status":"open","ping_status":"closed","sticky":false,"template":"","format":"standard","meta":{"footnotes":""},"categories":[2,10],"tags":[36,47,46],"class_list":["post-15218","post","type-post","status-publish","format-standard","has-post-thumbnail","hentry","category-politique","category-toutes-les-actualites","tag-africa-press","tag-africa-press-congo-brazzaville","tag-congo-brazzaville"],"yoast_head":"<!-- This site is optimized with the Yoast SEO Premium plugin v26.1 (Yoast SEO v27.0) - https:\/\/yoast.com\/product\/yoast-seo-premium-wordpress\/ -->\n<title>Vie des partis : passation de pouvoirs \u00e0 la F\u00e9d\u00e9ration PCT-Europe - Congo Brazzaville<\/title>\n<meta name=\"description\" content=\"Sous la mode\u0301ration de la Commission de contro\u0302le et d\u2019e\u0301valuation pre\u0301side\u0301e par Jean Bastien Makoundou, l\u2019ancien et ...\" \/>\n<meta name=\"robots\" content=\"index, follow, max-snippet:-1, max-image-preview:large, max-video-preview:-1\" \/>\n<link rel=\"canonical\" href=\"https:\/\/www.africa-press.net\/congo-brazzaville\/politique\/vie-des-partis-passation-de-pouvoirs-a-la-federation-pct-europe\" \/>\n<meta property=\"og:locale\" content=\"fr_FR\" \/>\n<meta property=\"og:type\" content=\"article\" \/>\n<meta property=\"og:title\" content=\"Vie des partis : passation de pouvoirs \u00e0 la F\u00e9d\u00e9ration PCT-Europe\" \/>\n<meta property=\"og:description\" content=\"Sous la mode\u0301ration de la Commission de contro\u0302le et d\u2019e\u0301valuation pre\u0301side\u0301e par Jean Bastien Makoundou, l\u2019ancien et ...\" \/>\n<meta property=\"og:url\" content=\"https:\/\/www.africa-press.net\/congo-brazzaville\/politique\/vie-des-partis-passation-de-pouvoirs-a-la-federation-pct-europe\" \/>\n<meta property=\"og:site_name\" content=\"Congo Brazzaville\" \/>\n<meta property=\"article:published_time\" content=\"2023-03-04T18:37:55+00:00\" \/>\n<meta property=\"article:modified_time\" content=\"2023-03-04T19:51:19+00:00\" \/>\n<meta property=\"og:image\" content=\"https:\/\/static.africa-press.net\/congo-brazzaville\/sites\/51\/2023\/03\/postQueueImg_1677942478.45.jpg\" \/>\n\t<meta property=\"og:image:width\" content=\"1080\" \/>\n\t<meta property=\"og:image:height\" content=\"810\" \/>\n\t<meta property=\"og:image:type\" content=\"image\/jpeg\" \/>\n<meta name=\"author\" content=\"cfeditorfr\" \/>\n<meta name=\"twitter:card\" content=\"summary_large_image\" \/>\n<meta name=\"twitter:label1\" content=\"\u00c9crit par\" \/>\n\t<meta name=\"twitter:data1\" content=\"cfeditorfr\" \/>\n\t<meta name=\"twitter:label2\" content=\"Dur\u00e9e de lecture estim\u00e9e\" \/>\n\t<meta name=\"twitter:data2\" content=\"3 minutes\" \/>\n<script type=\"application\/ld+json\" class=\"yoast-schema-graph\">{\"@context\":\"https:\/\/schema.org\",\"@graph\":[{\"@type\":\"Article\",\"@id\":\"https:\/\/www.africa-press.net\/congo-brazzaville\/politique\/vie-des-partis-passation-de-pouvoirs-a-la-federation-pct-europe#article\",\"isPartOf\":{\"@id\":\"https:\/\/www.africa-press.net\/congo-brazzaville\/politique\/vie-des-partis-passation-de-pouvoirs-a-la-federation-pct-europe\"},\"author\":{\"name\":\"cfeditorfr\",\"@id\":\"https:\/\/www.africa-press.net\/congo-brazzaville\/#\/schema\/person\/2b1cf3cd81a31e3cd26889ca66d677f1\"},\"headline\":\"Vie des partis : passation de pouvoirs \u00e0 la F\u00e9d\u00e9ration PCT-Europe\",\"datePublished\":\"2023-03-04T18:37:55+00:00\",\"dateModified\":\"2023-03-04T19:51:19+00:00\",\"mainEntityOfPage\":{\"@id\":\"https:\/\/www.africa-press.net\/congo-brazzaville\/politique\/vie-des-partis-passation-de-pouvoirs-a-la-federation-pct-europe\"},\"wordCount\":542,\"commentCount\":0,\"image\":{\"@id\":\"https:\/\/www.africa-press.net\/congo-brazzaville\/politique\/vie-des-partis-passation-de-pouvoirs-a-la-federation-pct-europe#primaryimage\"},\"thumbnailUrl\":\"https:\/\/static.africa-press.net\/congo-brazzaville\/sites\/51\/2023\/03\/postQueueImg_1677942478.45.jpg\",\"keywords\":[\"Africa Press\",\"Africa Press-Congo Brazzaville\",\"Congo Brazzaville\"],\"articleSection\":[\"Politique\",\"Toutes les actualit\u00e9s\"],\"inLanguage\":\"fr-FR\",\"potentialAction\":[{\"@type\":\"CommentAction\",\"name\":\"Comment\",\"target\":[\"https:\/\/www.africa-press.net\/congo-brazzaville\/politique\/vie-des-partis-passation-de-pouvoirs-a-la-federation-pct-europe#respond\"]}]},{\"@type\":\"WebPage\",\"@id\":\"https:\/\/www.africa-press.net\/congo-brazzaville\/politique\/vie-des-partis-passation-de-pouvoirs-a-la-federation-pct-europe\",\"url\":\"https:\/\/www.africa-press.net\/congo-brazzaville\/politique\/vie-des-partis-passation-de-pouvoirs-a-la-federation-pct-europe\",\"name\":\"Vie des partis : passation de pouvoirs \u00e0 la F\u00e9d\u00e9ration PCT-Europe - Congo Brazzaville\",\"isPartOf\":{\"@id\":\"https:\/\/www.africa-press.net\/congo-brazzaville\/#website\"},\"primaryImageOfPage\":{\"@id\":\"https:\/\/www.africa-press.net\/congo-brazzaville\/politique\/vie-des-partis-passation-de-pouvoirs-a-la-federation-pct-europe#primaryimage\"},\"image\":{\"@id\":\"https:\/\/www.africa-press.net\/congo-brazzaville\/politique\/vie-des-partis-passation-de-pouvoirs-a-la-federation-pct-europe#primaryimage\"},\"thumbnailUrl\":\"https:\/\/static.africa-press.net\/congo-brazzaville\/sites\/51\/2023\/03\/postQueueImg_1677942478.45.jpg\",\"datePublished\":\"2023-03-04T18:37:55+00:00\",\"dateModified\":\"2023-03-04T19:51:19+00:00\",\"author\":{\"@id\":\"https:\/\/www.africa-press.net\/congo-brazzaville\/#\/schema\/person\/2b1cf3cd81a31e3cd26889ca66d677f1\"},\"description\":\"Sous la mode\u0301ration de la Commission de contro\u0302le et d\u2019e\u0301valuation pre\u0301side\u0301e par Jean Bastien Makoundou, l\u2019ancien et ...\",\"breadcrumb\":{\"@id\":\"https:\/\/www.africa-press.net\/congo-brazzaville\/politique\/vie-des-partis-passation-de-pouvoirs-a-la-federation-pct-europe#breadcrumb\"},\"inLanguage\":\"fr-FR\",\"potentialAction\":[{\"@type\":\"ReadAction\",\"target\":[\"https:\/\/www.africa-press.net\/congo-brazzaville\/politique\/vie-des-partis-passation-de-pouvoirs-a-la-federation-pct-europe\"]}]},{\"@type\":\"ImageObject\",\"inLanguage\":\"fr-FR\",\"@id\":\"https:\/\/www.africa-press.net\/congo-brazzaville\/politique\/vie-des-partis-passation-de-pouvoirs-a-la-federation-pct-europe#primaryimage\",\"url\":\"https:\/\/static.africa-press.net\/congo-brazzaville\/sites\/51\/2023\/03\/postQueueImg_1677942478.45.jpg\",\"contentUrl\":\"https:\/\/static.africa-press.net\/congo-brazzaville\/sites\/51\/2023\/03\/postQueueImg_1677942478.45.jpg\",\"width\":1080,\"height\":810,\"caption\":\"Vie des partis : passation de pouvoirs \u00e0 la F\u00e9d\u00e9ration PCT-Europe\"},{\"@type\":\"BreadcrumbList\",\"@id\":\"https:\/\/www.africa-press.net\/congo-brazzaville\/politique\/vie-des-partis-passation-de-pouvoirs-a-la-federation-pct-europe#breadcrumb\",\"itemListElement\":[{\"@type\":\"ListItem\",\"position\":1,\"name\":\"Accueil\",\"item\":\"https:\/\/www.africa-press.net\/congo-brazzaville\/\"},{\"@type\":\"ListItem\",\"position\":2,\"name\":\"Vie des partis : passation de pouvoirs \u00e0 la F\u00e9d\u00e9ration PCT-Europe\"}]},{\"@type\":\"WebSite\",\"@id\":\"https:\/\/www.africa-press.net\/congo-brazzaville\/#website\",\"url\":\"https:\/\/www.africa-press.net\/congo-brazzaville\/\",\"name\":\"Congo Brazzaville\",\"description\":\"Just another Africa News Agency Sites site\",\"potentialAction\":[{\"@type\":\"SearchAction\",\"target\":{\"@type\":\"EntryPoint\",\"urlTemplate\":\"https:\/\/www.africa-press.net\/congo-brazzaville\/?s={search_term_string}\"},\"query-input\":{\"@type\":\"PropertyValueSpecification\",\"valueRequired\":true,\"valueName\":\"search_term_string\"}}],\"inLanguage\":\"fr-FR\"},{\"@type\":\"Person\",\"@id\":\"https:\/\/www.africa-press.net\/congo-brazzaville\/#\/schema\/person\/2b1cf3cd81a31e3cd26889ca66d677f1\",\"name\":\"cfeditorfr\"}]}<\/script>\n<!-- \/ Yoast SEO Premium plugin. -->","yoast_head_json":{"title":"Vie des partis : passation de pouvoirs \u00e0 la F\u00e9d\u00e9ration PCT-Europe - Congo Brazzaville","description":"Sous la mode\u0301ration de la Commission de contro\u0302le et d\u2019e\u0301valuation pre\u0301side\u0301e par Jean Bastien Makoundou, l\u2019ancien et ...","robots":{"index":"index","follow":"follow","max-snippet":"max-snippet:-1","max-image-preview":"max-image-preview:large","max-video-preview":"max-video-preview:-1"},"canonical":"https:\/\/www.africa-press.net\/congo-brazzaville\/politique\/vie-des-partis-passation-de-pouvoirs-a-la-federation-pct-europe","og_locale":"fr_FR","og_type":"article","og_title":"Vie des partis : passation de pouvoirs \u00e0 la F\u00e9d\u00e9ration PCT-Europe","og_description":"Sous la mode\u0301ration de la Commission de contro\u0302le et d\u2019e\u0301valuation pre\u0301side\u0301e par Jean Bastien Makoundou, l\u2019ancien et ...","og_url":"https:\/\/www.africa-press.net\/congo-brazzaville\/politique\/vie-des-partis-passation-de-pouvoirs-a-la-federation-pct-europe","og_site_name":"Congo Brazzaville","article_published_time":"2023-03-04T18:37:55+00:00","article_modified_time":"2023-03-04T19:51:19+00:00","og_image":[{"width":1080,"height":810,"url":"https:\/\/static.africa-press.net\/congo-brazzaville\/sites\/51\/2023\/03\/postQueueImg_1677942478.45.jpg","type":"image\/jpeg"}],"author":"cfeditorfr","twitter_card":"summary_large_image","twitter_misc":{"\u00c9crit par":"cfeditorfr","Dur\u00e9e de lecture estim\u00e9e":"3 minutes"},"schema":{"@context":"https:\/\/schema.org","@graph":[{"@type":"Article","@id":"https:\/\/www.africa-press.net\/congo-brazzaville\/politique\/vie-des-partis-passation-de-pouvoirs-a-la-federation-pct-europe#article","isPartOf":{"@id":"https:\/\/www.africa-press.net\/congo-brazzaville\/politique\/vie-des-partis-passation-de-pouvoirs-a-la-federation-pct-europe"},"author":{"name":"cfeditorfr","@id":"https:\/\/www.africa-press.net\/congo-brazzaville\/#\/schema\/person\/2b1cf3cd81a31e3cd26889ca66d677f1"},"headline":"Vie des partis : passation de pouvoirs \u00e0 la F\u00e9d\u00e9ration PCT-Europe","datePublished":"2023-03-04T18:37:55+00:00","dateModified":"2023-03-04T19:51:19+00:00","mainEntityOfPage":{"@id":"https:\/\/www.africa-press.net\/congo-brazzaville\/politique\/vie-des-partis-passation-de-pouvoirs-a-la-federation-pct-europe"},"wordCount":542,"commentCount":0,"image":{"@id":"https:\/\/www.africa-press.net\/congo-brazzaville\/politique\/vie-des-partis-passation-de-pouvoirs-a-la-federation-pct-europe#primaryimage"},"thumbnailUrl":"https:\/\/static.africa-press.net\/congo-brazzaville\/sites\/51\/2023\/03\/postQueueImg_1677942478.45.jpg","keywords":["Africa Press","Africa Press-Congo Brazzaville","Congo Brazzaville"],"articleSection":["Politique","Toutes les actualit\u00e9s"],"inLanguage":"fr-FR","potentialAction":[{"@type":"CommentAction","name":"Comment","target":["https:\/\/www.africa-press.net\/congo-brazzaville\/politique\/vie-des-partis-passation-de-pouvoirs-a-la-federation-pct-europe#respond"]}]},{"@type":"WebPage","@id":"https:\/\/www.africa-press.net\/congo-brazzaville\/politique\/vie-des-partis-passation-de-pouvoirs-a-la-federation-pct-europe","url":"https:\/\/www.africa-press.net\/congo-brazzaville\/politique\/vie-des-partis-passation-de-pouvoirs-a-la-federation-pct-europe","name":"Vie des partis : passation de pouvoirs \u00e0 la F\u00e9d\u00e9ration PCT-Europe - Congo Brazzaville","isPartOf":{"@id":"https:\/\/www.africa-press.net\/congo-brazzaville\/#website"},"primaryImageOfPage":{"@id":"https:\/\/www.africa-press.net\/congo-brazzaville\/politique\/vie-des-partis-passation-de-pouvoirs-a-la-federation-pct-europe#primaryimage"},"image":{"@id":"https:\/\/www.africa-press.net\/congo-brazzaville\/politique\/vie-des-partis-passation-de-pouvoirs-a-la-federation-pct-europe#primaryimage"},"thumbnailUrl":"https:\/\/static.africa-press.net\/congo-brazzaville\/sites\/51\/2023\/03\/postQueueImg_1677942478.45.jpg","datePublished":"2023-03-04T18:37:55+00:00","dateModified":"2023-03-04T19:51:19+00:00","author":{"@id":"https:\/\/www.africa-press.net\/congo-brazzaville\/#\/schema\/person\/2b1cf3cd81a31e3cd26889ca66d677f1"},"description":"Sous la mode\u0301ration de la Commission de contro\u0302le et d\u2019e\u0301valuation pre\u0301side\u0301e par Jean Bastien Makoundou, l\u2019ancien et ...","breadcrumb":{"@id":"https:\/\/www.africa-press.net\/congo-brazzaville\/politique\/vie-des-partis-passation-de-pouvoirs-a-la-federation-pct-europe#breadcrumb"},"inLanguage":"fr-FR","potentialAction":[{"@type":"ReadAction","target":["https:\/\/www.africa-press.net\/congo-brazzaville\/politique\/vie-des-partis-passation-de-pouvoirs-a-la-federation-pct-europe"]}]},{"@type":"ImageObject","inLanguage":"fr-FR","@id":"https:\/\/www.africa-press.net\/congo-brazzaville\/politique\/vie-des-partis-passation-de-pouvoirs-a-la-federation-pct-europe#primaryimage","url":"https:\/\/static.africa-press.net\/congo-brazzaville\/sites\/51\/2023\/03\/postQueueImg_1677942478.45.jpg","contentUrl":"https:\/\/static.africa-press.net\/congo-brazzaville\/sites\/51\/2023\/03\/postQueueImg_1677942478.45.jpg","width":1080,"height":810,"caption":"Vie des partis : passation de pouvoirs \u00e0 la F\u00e9d\u00e9ration PCT-Europe"},{"@type":"BreadcrumbList","@id":"https:\/\/www.africa-press.net\/congo-brazzaville\/politique\/vie-des-partis-passation-de-pouvoirs-a-la-federation-pct-europe#breadcrumb","itemListElement":[{"@type":"ListItem","position":1,"name":"Accueil","item":"https:\/\/www.africa-press.net\/congo-brazzaville\/"},{"@type":"ListItem","position":2,"name":"Vie des partis : passation de pouvoirs \u00e0 la F\u00e9d\u00e9ration PCT-Europe"}]},{"@type":"WebSite","@id":"https:\/\/www.africa-press.net\/congo-brazzaville\/#website","url":"https:\/\/www.africa-press.net\/congo-brazzaville\/","name":"Congo Brazzaville","description":"Just another Africa News Agency Sites site","potentialAction":[{"@type":"SearchAction","target":{"@type":"EntryPoint","urlTemplate":"https:\/\/www.africa-press.net\/congo-brazzaville\/?s={search_term_string}"},"query-input":{"@type":"PropertyValueSpecification","valueRequired":true,"valueName":"search_term_string"}}],"inLanguage":"fr-FR"},{"@type":"Person","@id":"https:\/\/www.africa-press.net\/congo-brazzaville\/#\/schema\/person\/2b1cf3cd81a31e3cd26889ca66d677f1","name":"cfeditorfr"}]}},"_links":{"self":[{"href":"https:\/\/www.africa-press.net\/congo-brazzaville\/wp-json\/wp\/v2\/posts\/15218","targetHints":{"allow":["GET"]}}],"collection":[{"href":"https:\/\/www.africa-press.net\/congo-brazzaville\/wp-json\/wp\/v2\/posts"}],"about":[{"href":"https:\/\/www.africa-press.net\/congo-brazzaville\/wp-json\/wp\/v2\/types\/post"}],"author":[{"embeddable":true,"href":"https:\/\/www.africa-press.net\/congo-brazzaville\/wp-json\/wp\/v2\/users\/82"}],"replies":[{"embeddable":true,"href":"https:\/\/www.africa-press.net\/congo-brazzaville\/wp-json\/wp\/v2\/comments?post=15218"}],"version-history":[{"count":0,"href":"https:\/\/www.africa-press.net\/congo-brazzaville\/wp-json\/wp\/v2\/posts\/15218\/revisions"}],"wp:featuredmedia":[{"embeddable":true,"href":"https:\/\/www.africa-press.net\/congo-brazzaville\/wp-json\/wp\/v2\/media\/15217"}],"wp:attachment":[{"href":"https:\/\/www.africa-press.net\/congo-brazzaville\/wp-json\/wp\/v2\/media?parent=15218"}],"wp:term":[{"taxonomy":"category","embeddable":true,"href":"https:\/\/www.africa-press.net\/congo-brazzaville\/wp-json\/wp\/v2\/categories?post=15218"},{"taxonomy":"post_tag","embeddable":true,"href":"https:\/\/www.africa-press.net\/congo-brazzaville\/wp-json\/wp\/v2\/tags?post=15218"}],"curies":[{"name":"wp","href":"https:\/\/api.w.org\/{rel}","templated":true}]}}