{"id":15220,"date":"2023-03-04T18:38:38","date_gmt":"2023-03-04T18:38:38","guid":{"rendered":"https:\/\/www.africa-press.net\/congo-brazzaville\/politique\/forum-sur-la-decentralisation-six-accords-de-partenariat-signes"},"modified":"2023-03-04T19:51:58","modified_gmt":"2023-03-04T19:51:58","slug":"forum-sur-la-decentralisation-six-accords-de-partenariat-signes","status":"publish","type":"post","link":"https:\/\/www.africa-press.net\/congo-brazzaville\/politique\/forum-sur-la-decentralisation-six-accords-de-partenariat-signes","title":{"rendered":"Forum sur la d\u00e9centralisation : six accords de partenariat sign\u00e9s"},"content":{"rendered":"<p><span style=\"color: #ff6600\"><strong>Africa-Press &#8211; Congo Brazzaville. <\/strong><\/span><b>Ouvert le 1er mars, le forum sur la revitalisation et la dynamisation de la de\u0301centralisation et du de\u0301veloppement local s\u2019est acheve\u0301 le 4 mars, a\u0300 Brazzaville, sur une note de satisfaction, sanctionne\u0301 par six accords de partenariats conclus entre quelques villes congolaises et e\u0301trange\u0300res. <\/b><\/p>\n<p>Apre\u0300s de fructueux e\u0301changes entre les experts venus d\u2019Afrique et d\u2019Europe, le premier forum sur la revitalisation et la redynamisation de la de\u0301centralisation et du de\u0301veloppement local au Congo a de\u0301bouche\u0301 par la signature de six accords de partenariat. Ils s\u2019inscrivent dans le cadre de l\u2019e\u0301change d\u2019expe\u0301rience en matie\u0300re de gestion des collectivite\u0301s locales.<\/p>\n<p>Le premier partenariat concerne la commune de Kinte\u0301le\u0301, dans le de\u0301partement du Pool, et la ville de Nevers, en France, de plus de 33 000 habitants. Le deuxie\u0300me accord a e\u0301te\u0301 paraphe\u0301 entre la localite\u0301 de Mouyondzi, dans le de\u0301partement de la Bouenza, et la ville de Charly, une agglome\u0301ration franc\u0327aise de plus de 5 000 habitants, situe\u0301e dans la me\u0301tropole de Lyon.<\/p>\n<p>Le troisie\u0300me a e\u0301te\u0301 entre la ville d\u2019Oyo, dans le de\u0301partement de la Cuvette, et Houdan, une autre ville franc\u0327aise situe\u0301e dans le de\u0301partement des Yvelines. D\u2019autres partenariats ont e\u0301te\u0301 conclus entre la localite\u0301 d\u2019Impfondo, dans la Likouala, et la ville marocaine d\u2019Agora ; la ville d\u2019Oyo et la ville marocaine de Larache ainsi que la ville de Madingou, dans la Bouenza, et une collectivite\u0301 locale du Maroc.<\/p>\n<p>A l\u2019issue des travaux, les participants ont adopte\u0301 quelques re\u0301solutions visant la mise en \u0153uvre effective de la de\u0301centralisation au Congo. Ils demandent notamment la prise en compte des vingt recommandations issues de l\u2019atelier pre\u0301paratoire au forum ; le suivi de la mise en \u0153uvre des accords de partenariat conclus lors du forum entre l\u2019Association des maires du Congo et l\u2019Association marocaine des pre\u0301sidents des conseils, des pre\u0301fectures et des provinces.<\/p>\n<p>Saluant la bonne tenue du forum, le ministre de l\u2019Inte\u0301rieur, de la De\u0301centralisation et du De\u0301veloppement local, Raymond Ze\u0301phirin Mboulou, a promis de transmettre l\u2019ensemble des recommandations au Conseil de ministres pour susciter son approbation.<\/p>\n<p><strong>Pour plus d&rsquo;informations et d&rsquo;analyses sur la <a href=\"https:\/\/www.africa-press.net\/congo-brazzaville\">Congo Brazzaville<\/a>, suivez <a href=\"https:\/\/www.africa-press.net\/\">Africa-Press<\/a><\/strong><\/p>\n","protected":false},"excerpt":{"rendered":"<p>Africa-Press &#8211; Congo Brazzaville. Ouvert le 1er mars, le forum sur la revitalisation et la dynamisation de la de\u0301centralisation et du de\u0301veloppement local s\u2019est acheve\u0301 le 4 mars, a\u0300 Brazzaville, sur une note de satisfaction, sanctionne\u0301 par six accords de partenariats conclus entre quelques villes congolaises et e\u0301trange\u0300res. Apre\u0300s de fructueux e\u0301changes entre les experts [&hellip;]<\/p>\n","protected":false},"author":82,"featured_media":15219,"comment_status":"open","ping_status":"closed","sticky":false,"template":"","format":"standard","meta":{"footnotes":""},"categories":[2,10],"tags":[36,47,46],"class_list":["post-15220","post","type-post","status-publish","format-standard","has-post-thumbnail","hentry","category-politique","category-toutes-les-actualites","tag-africa-press","tag-africa-press-congo-brazzaville","tag-congo-brazzaville"],"yoast_head":"<!-- This site is optimized with the Yoast SEO Premium plugin v26.1 (Yoast SEO v27.0) - https:\/\/yoast.com\/product\/yoast-seo-premium-wordpress\/ -->\n<title>Forum sur la d\u00e9centralisation : six accords de partenariat sign\u00e9s - Congo Brazzaville<\/title>\n<meta name=\"description\" content=\"Ouvert le 1er mars, le forum sur la revitalisation et la dynamisation de la de\u0301centralisation et du de\u0301veloppement lo ...\" \/>\n<meta name=\"robots\" content=\"index, follow, max-snippet:-1, max-image-preview:large, max-video-preview:-1\" \/>\n<link rel=\"canonical\" href=\"https:\/\/www.africa-press.net\/congo-brazzaville\/politique\/forum-sur-la-decentralisation-six-accords-de-partenariat-signes\" \/>\n<meta property=\"og:locale\" content=\"fr_FR\" \/>\n<meta property=\"og:type\" content=\"article\" \/>\n<meta property=\"og:title\" content=\"Forum sur la d\u00e9centralisation : six accords de partenariat sign\u00e9s\" \/>\n<meta property=\"og:description\" content=\"Ouvert le 1er mars, le forum sur la revitalisation et la dynamisation de la de\u0301centralisation et du de\u0301veloppement lo ...\" \/>\n<meta property=\"og:url\" content=\"https:\/\/www.africa-press.net\/congo-brazzaville\/politique\/forum-sur-la-decentralisation-six-accords-de-partenariat-signes\" \/>\n<meta property=\"og:site_name\" content=\"Congo Brazzaville\" \/>\n<meta property=\"article:published_time\" content=\"2023-03-04T18:38:38+00:00\" \/>\n<meta property=\"article:modified_time\" content=\"2023-03-04T19:51:58+00:00\" \/>\n<meta property=\"og:image\" content=\"https:\/\/static.africa-press.net\/congo-brazzaville\/sites\/51\/2023\/03\/postQueueImg_1677942524.42.jpg\" \/>\n\t<meta property=\"og:image:width\" content=\"1669\" \/>\n\t<meta property=\"og:image:height\" content=\"768\" \/>\n\t<meta property=\"og:image:type\" content=\"image\/jpeg\" \/>\n<meta name=\"author\" content=\"cfeditorfr\" \/>\n<meta name=\"twitter:card\" content=\"summary_large_image\" \/>\n<meta name=\"twitter:label1\" content=\"\u00c9crit par\" \/>\n\t<meta name=\"twitter:data1\" content=\"cfeditorfr\" \/>\n\t<meta name=\"twitter:label2\" content=\"Dur\u00e9e de lecture estim\u00e9e\" \/>\n\t<meta name=\"twitter:data2\" content=\"2 minutes\" \/>\n<script type=\"application\/ld+json\" class=\"yoast-schema-graph\">{\"@context\":\"https:\/\/schema.org\",\"@graph\":[{\"@type\":\"Article\",\"@id\":\"https:\/\/www.africa-press.net\/congo-brazzaville\/politique\/forum-sur-la-decentralisation-six-accords-de-partenariat-signes#article\",\"isPartOf\":{\"@id\":\"https:\/\/www.africa-press.net\/congo-brazzaville\/politique\/forum-sur-la-decentralisation-six-accords-de-partenariat-signes\"},\"author\":{\"name\":\"cfeditorfr\",\"@id\":\"https:\/\/www.africa-press.net\/congo-brazzaville\/#\/schema\/person\/2b1cf3cd81a31e3cd26889ca66d677f1\"},\"headline\":\"Forum sur la d\u00e9centralisation : six accords de partenariat sign\u00e9s\",\"datePublished\":\"2023-03-04T18:38:38+00:00\",\"dateModified\":\"2023-03-04T19:51:58+00:00\",\"mainEntityOfPage\":{\"@id\":\"https:\/\/www.africa-press.net\/congo-brazzaville\/politique\/forum-sur-la-decentralisation-six-accords-de-partenariat-signes\"},\"wordCount\":411,\"commentCount\":0,\"image\":{\"@id\":\"https:\/\/www.africa-press.net\/congo-brazzaville\/politique\/forum-sur-la-decentralisation-six-accords-de-partenariat-signes#primaryimage\"},\"thumbnailUrl\":\"https:\/\/static.africa-press.net\/congo-brazzaville\/sites\/51\/2023\/03\/postQueueImg_1677942524.42.jpg\",\"keywords\":[\"Africa Press\",\"Africa Press-Congo Brazzaville\",\"Congo Brazzaville\"],\"articleSection\":[\"Politique\",\"Toutes les actualit\u00e9s\"],\"inLanguage\":\"fr-FR\",\"potentialAction\":[{\"@type\":\"CommentAction\",\"name\":\"Comment\",\"target\":[\"https:\/\/www.africa-press.net\/congo-brazzaville\/politique\/forum-sur-la-decentralisation-six-accords-de-partenariat-signes#respond\"]}]},{\"@type\":\"WebPage\",\"@id\":\"https:\/\/www.africa-press.net\/congo-brazzaville\/politique\/forum-sur-la-decentralisation-six-accords-de-partenariat-signes\",\"url\":\"https:\/\/www.africa-press.net\/congo-brazzaville\/politique\/forum-sur-la-decentralisation-six-accords-de-partenariat-signes\",\"name\":\"Forum sur la d\u00e9centralisation : six accords de partenariat sign\u00e9s - Congo Brazzaville\",\"isPartOf\":{\"@id\":\"https:\/\/www.africa-press.net\/congo-brazzaville\/#website\"},\"primaryImageOfPage\":{\"@id\":\"https:\/\/www.africa-press.net\/congo-brazzaville\/politique\/forum-sur-la-decentralisation-six-accords-de-partenariat-signes#primaryimage\"},\"image\":{\"@id\":\"https:\/\/www.africa-press.net\/congo-brazzaville\/politique\/forum-sur-la-decentralisation-six-accords-de-partenariat-signes#primaryimage\"},\"thumbnailUrl\":\"https:\/\/static.africa-press.net\/congo-brazzaville\/sites\/51\/2023\/03\/postQueueImg_1677942524.42.jpg\",\"datePublished\":\"2023-03-04T18:38:38+00:00\",\"dateModified\":\"2023-03-04T19:51:58+00:00\",\"author\":{\"@id\":\"https:\/\/www.africa-press.net\/congo-brazzaville\/#\/schema\/person\/2b1cf3cd81a31e3cd26889ca66d677f1\"},\"description\":\"Ouvert le 1er mars, le forum sur la revitalisation et la dynamisation de la de\u0301centralisation et du de\u0301veloppement lo ...\",\"breadcrumb\":{\"@id\":\"https:\/\/www.africa-press.net\/congo-brazzaville\/politique\/forum-sur-la-decentralisation-six-accords-de-partenariat-signes#breadcrumb\"},\"inLanguage\":\"fr-FR\",\"potentialAction\":[{\"@type\":\"ReadAction\",\"target\":[\"https:\/\/www.africa-press.net\/congo-brazzaville\/politique\/forum-sur-la-decentralisation-six-accords-de-partenariat-signes\"]}]},{\"@type\":\"ImageObject\",\"inLanguage\":\"fr-FR\",\"@id\":\"https:\/\/www.africa-press.net\/congo-brazzaville\/politique\/forum-sur-la-decentralisation-six-accords-de-partenariat-signes#primaryimage\",\"url\":\"https:\/\/static.africa-press.net\/congo-brazzaville\/sites\/51\/2023\/03\/postQueueImg_1677942524.42.jpg\",\"contentUrl\":\"https:\/\/static.africa-press.net\/congo-brazzaville\/sites\/51\/2023\/03\/postQueueImg_1677942524.42.jpg\",\"width\":1669,\"height\":768,\"caption\":\"Forum sur la d\u00e9centralisation : six accords de partenariat sign\u00e9s\"},{\"@type\":\"BreadcrumbList\",\"@id\":\"https:\/\/www.africa-press.net\/congo-brazzaville\/politique\/forum-sur-la-decentralisation-six-accords-de-partenariat-signes#breadcrumb\",\"itemListElement\":[{\"@type\":\"ListItem\",\"position\":1,\"name\":\"Accueil\",\"item\":\"https:\/\/www.africa-press.net\/congo-brazzaville\/\"},{\"@type\":\"ListItem\",\"position\":2,\"name\":\"Forum sur la d\u00e9centralisation : six accords de partenariat sign\u00e9s\"}]},{\"@type\":\"WebSite\",\"@id\":\"https:\/\/www.africa-press.net\/congo-brazzaville\/#website\",\"url\":\"https:\/\/www.africa-press.net\/congo-brazzaville\/\",\"name\":\"Congo Brazzaville\",\"description\":\"Just another Africa News Agency Sites site\",\"potentialAction\":[{\"@type\":\"SearchAction\",\"target\":{\"@type\":\"EntryPoint\",\"urlTemplate\":\"https:\/\/www.africa-press.net\/congo-brazzaville\/?s={search_term_string}\"},\"query-input\":{\"@type\":\"PropertyValueSpecification\",\"valueRequired\":true,\"valueName\":\"search_term_string\"}}],\"inLanguage\":\"fr-FR\"},{\"@type\":\"Person\",\"@id\":\"https:\/\/www.africa-press.net\/congo-brazzaville\/#\/schema\/person\/2b1cf3cd81a31e3cd26889ca66d677f1\",\"name\":\"cfeditorfr\"}]}<\/script>\n<!-- \/ Yoast SEO Premium plugin. -->","yoast_head_json":{"title":"Forum sur la d\u00e9centralisation : six accords de partenariat sign\u00e9s - Congo Brazzaville","description":"Ouvert le 1er mars, le forum sur la revitalisation et la dynamisation de la de\u0301centralisation et du de\u0301veloppement lo ...","robots":{"index":"index","follow":"follow","max-snippet":"max-snippet:-1","max-image-preview":"max-image-preview:large","max-video-preview":"max-video-preview:-1"},"canonical":"https:\/\/www.africa-press.net\/congo-brazzaville\/politique\/forum-sur-la-decentralisation-six-accords-de-partenariat-signes","og_locale":"fr_FR","og_type":"article","og_title":"Forum sur la d\u00e9centralisation : six accords de partenariat sign\u00e9s","og_description":"Ouvert le 1er mars, le forum sur la revitalisation et la dynamisation de la de\u0301centralisation et du de\u0301veloppement lo ...","og_url":"https:\/\/www.africa-press.net\/congo-brazzaville\/politique\/forum-sur-la-decentralisation-six-accords-de-partenariat-signes","og_site_name":"Congo Brazzaville","article_published_time":"2023-03-04T18:38:38+00:00","article_modified_time":"2023-03-04T19:51:58+00:00","og_image":[{"width":1669,"height":768,"url":"https:\/\/static.africa-press.net\/congo-brazzaville\/sites\/51\/2023\/03\/postQueueImg_1677942524.42.jpg","type":"image\/jpeg"}],"author":"cfeditorfr","twitter_card":"summary_large_image","twitter_misc":{"\u00c9crit par":"cfeditorfr","Dur\u00e9e de lecture estim\u00e9e":"2 minutes"},"schema":{"@context":"https:\/\/schema.org","@graph":[{"@type":"Article","@id":"https:\/\/www.africa-press.net\/congo-brazzaville\/politique\/forum-sur-la-decentralisation-six-accords-de-partenariat-signes#article","isPartOf":{"@id":"https:\/\/www.africa-press.net\/congo-brazzaville\/politique\/forum-sur-la-decentralisation-six-accords-de-partenariat-signes"},"author":{"name":"cfeditorfr","@id":"https:\/\/www.africa-press.net\/congo-brazzaville\/#\/schema\/person\/2b1cf3cd81a31e3cd26889ca66d677f1"},"headline":"Forum sur la d\u00e9centralisation : six accords de partenariat sign\u00e9s","datePublished":"2023-03-04T18:38:38+00:00","dateModified":"2023-03-04T19:51:58+00:00","mainEntityOfPage":{"@id":"https:\/\/www.africa-press.net\/congo-brazzaville\/politique\/forum-sur-la-decentralisation-six-accords-de-partenariat-signes"},"wordCount":411,"commentCount":0,"image":{"@id":"https:\/\/www.africa-press.net\/congo-brazzaville\/politique\/forum-sur-la-decentralisation-six-accords-de-partenariat-signes#primaryimage"},"thumbnailUrl":"https:\/\/static.africa-press.net\/congo-brazzaville\/sites\/51\/2023\/03\/postQueueImg_1677942524.42.jpg","keywords":["Africa Press","Africa Press-Congo Brazzaville","Congo Brazzaville"],"articleSection":["Politique","Toutes les actualit\u00e9s"],"inLanguage":"fr-FR","potentialAction":[{"@type":"CommentAction","name":"Comment","target":["https:\/\/www.africa-press.net\/congo-brazzaville\/politique\/forum-sur-la-decentralisation-six-accords-de-partenariat-signes#respond"]}]},{"@type":"WebPage","@id":"https:\/\/www.africa-press.net\/congo-brazzaville\/politique\/forum-sur-la-decentralisation-six-accords-de-partenariat-signes","url":"https:\/\/www.africa-press.net\/congo-brazzaville\/politique\/forum-sur-la-decentralisation-six-accords-de-partenariat-signes","name":"Forum sur la d\u00e9centralisation : six accords de partenariat sign\u00e9s - Congo Brazzaville","isPartOf":{"@id":"https:\/\/www.africa-press.net\/congo-brazzaville\/#website"},"primaryImageOfPage":{"@id":"https:\/\/www.africa-press.net\/congo-brazzaville\/politique\/forum-sur-la-decentralisation-six-accords-de-partenariat-signes#primaryimage"},"image":{"@id":"https:\/\/www.africa-press.net\/congo-brazzaville\/politique\/forum-sur-la-decentralisation-six-accords-de-partenariat-signes#primaryimage"},"thumbnailUrl":"https:\/\/static.africa-press.net\/congo-brazzaville\/sites\/51\/2023\/03\/postQueueImg_1677942524.42.jpg","datePublished":"2023-03-04T18:38:38+00:00","dateModified":"2023-03-04T19:51:58+00:00","author":{"@id":"https:\/\/www.africa-press.net\/congo-brazzaville\/#\/schema\/person\/2b1cf3cd81a31e3cd26889ca66d677f1"},"description":"Ouvert le 1er mars, le forum sur la revitalisation et la dynamisation de la de\u0301centralisation et du de\u0301veloppement lo ...","breadcrumb":{"@id":"https:\/\/www.africa-press.net\/congo-brazzaville\/politique\/forum-sur-la-decentralisation-six-accords-de-partenariat-signes#breadcrumb"},"inLanguage":"fr-FR","potentialAction":[{"@type":"ReadAction","target":["https:\/\/www.africa-press.net\/congo-brazzaville\/politique\/forum-sur-la-decentralisation-six-accords-de-partenariat-signes"]}]},{"@type":"ImageObject","inLanguage":"fr-FR","@id":"https:\/\/www.africa-press.net\/congo-brazzaville\/politique\/forum-sur-la-decentralisation-six-accords-de-partenariat-signes#primaryimage","url":"https:\/\/static.africa-press.net\/congo-brazzaville\/sites\/51\/2023\/03\/postQueueImg_1677942524.42.jpg","contentUrl":"https:\/\/static.africa-press.net\/congo-brazzaville\/sites\/51\/2023\/03\/postQueueImg_1677942524.42.jpg","width":1669,"height":768,"caption":"Forum sur la d\u00e9centralisation : six accords de partenariat sign\u00e9s"},{"@type":"BreadcrumbList","@id":"https:\/\/www.africa-press.net\/congo-brazzaville\/politique\/forum-sur-la-decentralisation-six-accords-de-partenariat-signes#breadcrumb","itemListElement":[{"@type":"ListItem","position":1,"name":"Accueil","item":"https:\/\/www.africa-press.net\/congo-brazzaville\/"},{"@type":"ListItem","position":2,"name":"Forum sur la d\u00e9centralisation : six accords de partenariat sign\u00e9s"}]},{"@type":"WebSite","@id":"https:\/\/www.africa-press.net\/congo-brazzaville\/#website","url":"https:\/\/www.africa-press.net\/congo-brazzaville\/","name":"Congo Brazzaville","description":"Just another Africa News Agency Sites site","potentialAction":[{"@type":"SearchAction","target":{"@type":"EntryPoint","urlTemplate":"https:\/\/www.africa-press.net\/congo-brazzaville\/?s={search_term_string}"},"query-input":{"@type":"PropertyValueSpecification","valueRequired":true,"valueName":"search_term_string"}}],"inLanguage":"fr-FR"},{"@type":"Person","@id":"https:\/\/www.africa-press.net\/congo-brazzaville\/#\/schema\/person\/2b1cf3cd81a31e3cd26889ca66d677f1","name":"cfeditorfr"}]}},"_links":{"self":[{"href":"https:\/\/www.africa-press.net\/congo-brazzaville\/wp-json\/wp\/v2\/posts\/15220","targetHints":{"allow":["GET"]}}],"collection":[{"href":"https:\/\/www.africa-press.net\/congo-brazzaville\/wp-json\/wp\/v2\/posts"}],"about":[{"href":"https:\/\/www.africa-press.net\/congo-brazzaville\/wp-json\/wp\/v2\/types\/post"}],"author":[{"embeddable":true,"href":"https:\/\/www.africa-press.net\/congo-brazzaville\/wp-json\/wp\/v2\/users\/82"}],"replies":[{"embeddable":true,"href":"https:\/\/www.africa-press.net\/congo-brazzaville\/wp-json\/wp\/v2\/comments?post=15220"}],"version-history":[{"count":0,"href":"https:\/\/www.africa-press.net\/congo-brazzaville\/wp-json\/wp\/v2\/posts\/15220\/revisions"}],"wp:featuredmedia":[{"embeddable":true,"href":"https:\/\/www.africa-press.net\/congo-brazzaville\/wp-json\/wp\/v2\/media\/15219"}],"wp:attachment":[{"href":"https:\/\/www.africa-press.net\/congo-brazzaville\/wp-json\/wp\/v2\/media?parent=15220"}],"wp:term":[{"taxonomy":"category","embeddable":true,"href":"https:\/\/www.africa-press.net\/congo-brazzaville\/wp-json\/wp\/v2\/categories?post=15220"},{"taxonomy":"post_tag","embeddable":true,"href":"https:\/\/www.africa-press.net\/congo-brazzaville\/wp-json\/wp\/v2\/tags?post=15220"}],"curies":[{"name":"wp","href":"https:\/\/api.w.org\/{rel}","templated":true}]}}