{"id":15222,"date":"2023-03-04T18:35:00","date_gmt":"2023-03-04T18:35:00","guid":{"rendered":"https:\/\/www.africa-press.net\/congo-brazzaville\/politique\/un-groupe-damitie-parlementaire-va-etre-creer-entre-lallemagne-et-le-congo"},"modified":"2023-03-04T19:52:12","modified_gmt":"2023-03-04T19:52:12","slug":"un-groupe-damitie-parlementaire-va-etre-creer-entre-lallemagne-et-le-congo","status":"publish","type":"post","link":"https:\/\/www.africa-press.net\/congo-brazzaville\/politique\/un-groupe-damitie-parlementaire-va-etre-creer-entre-lallemagne-et-le-congo","title":{"rendered":"un groupe d\u2019amiti\u00e9 parlementaire va \u00eatre cr\u00e9er entre l\u2019allemagne et le congo"},"content":{"rendered":"<p><span style=\"color: #ff6600\"><strong>Africa-Press &#8211; Congo Brazzaville. <\/strong><\/span><b>L\u2019ambassadeur de l\u2019Allemagne au Congo, Wolfgang Klapper a indique\u0301 le 3 mars a\u0300 Brazzaville que l\u2019Allemagne et le Congo allaient se constituer en un groupe d\u2019amitie\u0301 parlementaire qui renforcera la coope\u0301ration bilate\u0301rale entre les deux pays.<\/b><\/p>\n<p>\u00ab C\u2019est avec un grand plaisir que j\u2019ai annonce\u0301 au pre\u0301sident de l\u2019assemble\u0301e nationale aujourd\u2019hui l\u2019arrive\u0301e d\u2019une de\u0301le\u0301gation importante. Il agit du groupe parlementaire de l\u2019Afrique centrale du Bundestag. C\u2019est l\u2019assemble\u0301e nationale allemande qui va se composer de six (6) de\u0301pute\u0301s accompagne\u0301s par trois autres personnes administratifs, le 6 mars ici a\u0300 Brazzaville \u00bb, a re\u0301ve\u0301le\u0301 l\u2019ambassadeur de l\u2019Allemagne Wolfgang Klapper, au sortir d\u2019une audience ou\u0300 il est alle\u0301 s\u2019entretenir avec le pre\u0301sident de la chambre basse du parlement Isidore Mvouba.<\/p>\n<p>Wolfgang a ajoute\u0301 que les six partis politiques pre\u0301sents au Bundestag seront repre\u0301sente\u0301s dans la de\u0301le\u0301gation des six de\u0301pute\u0301s. L\u2019objectif est de de\u0301velopper une entraide mutuelle et de renforcer la coope\u0301ration bilate\u0301rale.<\/p>\n<p>L\u2019ambassadeur a instruit que l\u2019Allemagne a e\u0301te\u0301 parmi les premiers pays a\u0300 reconnai\u0302tre l\u2019inde\u0301pendance du Congo en 1960 C\u2019est en 1961, au lendemain de l\u2019inde\u0301pendance, l\u2019ambassade de l\u2019Allemagne a vite ouvert ses portes en terre congolaise.<\/p>\n<p>Ce rassemblement intervient apre\u0300s plusieurs visites des ministres congolais en Allemagne. En juin 2021, le ministre des Affaires e\u0301trange\u0300re, de la francophonie et des Congolais de l\u2019e\u0301tranger, Jean-Claude Gakosso a pris part a\u0300 Berlin, a\u0300 la confe\u0301rence sur la Libye ; un peu plus tard en septembre, ce sont les ministres de l\u2019Economie forestie\u0300re, Rosalie Matondo et Arlette Soudan Nonault de l\u2019Environnement, du de\u0301veloppement durable et du bassin du Congo, pour le Forum sur les fore\u0302ts tropicales, en mai c\u2019est l\u2019ancien ministre de l\u2019Energie, Honore\u0301 Sayi qui a e\u0301te\u0301 pre\u0301sent a\u0300 Forum sur la transition ae\u0301ronautique, en novembre c\u2019e\u0301tait au tour du ministre de la Justice, des droits humains et de la promotion des peuples autochtones, Aime\u0301 Ange Wilfrid Bininga. Ce 3 mars a\u0300 Berlin toujours, c\u2019est le ministre de l\u2019Agriculture, de l\u2019e\u0301levage et de la pe\u0302che, Paul Valentin Ngobo qui participe a\u0300 un forum global sur l\u2019agriculture et la se\u0301curite\u0301 alimentaire.<\/p>\n<p><strong>Pour plus d&rsquo;informations et d&rsquo;analyses sur la <a href=\"https:\/\/www.africa-press.net\/congo-brazzaville\">Congo Brazzaville<\/a>, suivez <a href=\"https:\/\/www.africa-press.net\/\">Africa-Press<\/a><\/strong><\/p>\n","protected":false},"excerpt":{"rendered":"<p>Africa-Press &#8211; Congo Brazzaville. L\u2019ambassadeur de l\u2019Allemagne au Congo, Wolfgang Klapper a indique\u0301 le 3 mars a\u0300 Brazzaville que l\u2019Allemagne et le Congo allaient se constituer en un groupe d\u2019amitie\u0301 parlementaire qui renforcera la coope\u0301ration bilate\u0301rale entre les deux pays. \u00ab C\u2019est avec un grand plaisir que j\u2019ai annonce\u0301 au pre\u0301sident de l\u2019assemble\u0301e nationale aujourd\u2019hui [&hellip;]<\/p>\n","protected":false},"author":82,"featured_media":15221,"comment_status":"open","ping_status":"closed","sticky":false,"template":"","format":"standard","meta":{"footnotes":""},"categories":[2,10],"tags":[36,47,46],"class_list":["post-15222","post","type-post","status-publish","format-standard","has-post-thumbnail","hentry","category-politique","category-toutes-les-actualites","tag-africa-press","tag-africa-press-congo-brazzaville","tag-congo-brazzaville"],"yoast_head":"<!-- This site is optimized with the Yoast SEO Premium plugin v26.1 (Yoast SEO v27.0) - https:\/\/yoast.com\/product\/yoast-seo-premium-wordpress\/ -->\n<title>un groupe d\u2019amiti\u00e9 parlementaire va \u00eatre cr\u00e9er entre l\u2019allemagne et le congo - Congo Brazzaville<\/title>\n<meta name=\"description\" content=\"L\u2019ambassadeur de l\u2019Allemagne au Congo, Wolfgang Klapper a indique\u0301 le 3 mars a\u0300 Brazzaville que l\u2019Allemagne et le Con ...\" \/>\n<meta name=\"robots\" content=\"index, follow, max-snippet:-1, max-image-preview:large, max-video-preview:-1\" \/>\n<link rel=\"canonical\" href=\"https:\/\/www.africa-press.net\/congo-brazzaville\/politique\/un-groupe-damitie-parlementaire-va-etre-creer-entre-lallemagne-et-le-congo\" \/>\n<meta property=\"og:locale\" content=\"fr_FR\" \/>\n<meta property=\"og:type\" content=\"article\" \/>\n<meta property=\"og:title\" content=\"un groupe d\u2019amiti\u00e9 parlementaire va \u00eatre cr\u00e9er entre l\u2019allemagne et le congo\" \/>\n<meta property=\"og:description\" content=\"L\u2019ambassadeur de l\u2019Allemagne au Congo, Wolfgang Klapper a indique\u0301 le 3 mars a\u0300 Brazzaville que l\u2019Allemagne et le Con ...\" \/>\n<meta property=\"og:url\" content=\"https:\/\/www.africa-press.net\/congo-brazzaville\/politique\/un-groupe-damitie-parlementaire-va-etre-creer-entre-lallemagne-et-le-congo\" \/>\n<meta property=\"og:site_name\" content=\"Congo Brazzaville\" \/>\n<meta property=\"article:published_time\" content=\"2023-03-04T18:35:00+00:00\" \/>\n<meta property=\"article:modified_time\" content=\"2023-03-04T19:52:12+00:00\" \/>\n<meta property=\"og:image\" content=\"https:\/\/static.africa-press.net\/congo-brazzaville\/sites\/51\/2023\/03\/postQueueImg_1677944973.26.jpg\" \/>\n\t<meta property=\"og:image:width\" content=\"933\" \/>\n\t<meta property=\"og:image:height\" content=\"445\" \/>\n\t<meta property=\"og:image:type\" content=\"image\/jpeg\" \/>\n<meta name=\"author\" content=\"cfeditorfr\" \/>\n<meta name=\"twitter:card\" content=\"summary_large_image\" \/>\n<meta name=\"twitter:label1\" content=\"\u00c9crit par\" \/>\n\t<meta name=\"twitter:data1\" content=\"cfeditorfr\" \/>\n\t<meta name=\"twitter:label2\" content=\"Dur\u00e9e de lecture estim\u00e9e\" \/>\n\t<meta name=\"twitter:data2\" content=\"2 minutes\" \/>\n<script type=\"application\/ld+json\" class=\"yoast-schema-graph\">{\"@context\":\"https:\/\/schema.org\",\"@graph\":[{\"@type\":\"Article\",\"@id\":\"https:\/\/www.africa-press.net\/congo-brazzaville\/politique\/un-groupe-damitie-parlementaire-va-etre-creer-entre-lallemagne-et-le-congo#article\",\"isPartOf\":{\"@id\":\"https:\/\/www.africa-press.net\/congo-brazzaville\/politique\/un-groupe-damitie-parlementaire-va-etre-creer-entre-lallemagne-et-le-congo\"},\"author\":{\"name\":\"cfeditorfr\",\"@id\":\"https:\/\/www.africa-press.net\/congo-brazzaville\/#\/schema\/person\/2b1cf3cd81a31e3cd26889ca66d677f1\"},\"headline\":\"un groupe d\u2019amiti\u00e9 parlementaire va \u00eatre cr\u00e9er entre l\u2019allemagne et le congo\",\"datePublished\":\"2023-03-04T18:35:00+00:00\",\"dateModified\":\"2023-03-04T19:52:12+00:00\",\"mainEntityOfPage\":{\"@id\":\"https:\/\/www.africa-press.net\/congo-brazzaville\/politique\/un-groupe-damitie-parlementaire-va-etre-creer-entre-lallemagne-et-le-congo\"},\"wordCount\":438,\"commentCount\":0,\"image\":{\"@id\":\"https:\/\/www.africa-press.net\/congo-brazzaville\/politique\/un-groupe-damitie-parlementaire-va-etre-creer-entre-lallemagne-et-le-congo#primaryimage\"},\"thumbnailUrl\":\"https:\/\/static.africa-press.net\/congo-brazzaville\/sites\/51\/2023\/03\/postQueueImg_1677944973.26.jpg\",\"keywords\":[\"Africa Press\",\"Africa Press-Congo Brazzaville\",\"Congo Brazzaville\"],\"articleSection\":[\"Politique\",\"Toutes les actualit\u00e9s\"],\"inLanguage\":\"fr-FR\",\"potentialAction\":[{\"@type\":\"CommentAction\",\"name\":\"Comment\",\"target\":[\"https:\/\/www.africa-press.net\/congo-brazzaville\/politique\/un-groupe-damitie-parlementaire-va-etre-creer-entre-lallemagne-et-le-congo#respond\"]}]},{\"@type\":\"WebPage\",\"@id\":\"https:\/\/www.africa-press.net\/congo-brazzaville\/politique\/un-groupe-damitie-parlementaire-va-etre-creer-entre-lallemagne-et-le-congo\",\"url\":\"https:\/\/www.africa-press.net\/congo-brazzaville\/politique\/un-groupe-damitie-parlementaire-va-etre-creer-entre-lallemagne-et-le-congo\",\"name\":\"un groupe d\u2019amiti\u00e9 parlementaire va \u00eatre cr\u00e9er entre l\u2019allemagne et le congo - Congo Brazzaville\",\"isPartOf\":{\"@id\":\"https:\/\/www.africa-press.net\/congo-brazzaville\/#website\"},\"primaryImageOfPage\":{\"@id\":\"https:\/\/www.africa-press.net\/congo-brazzaville\/politique\/un-groupe-damitie-parlementaire-va-etre-creer-entre-lallemagne-et-le-congo#primaryimage\"},\"image\":{\"@id\":\"https:\/\/www.africa-press.net\/congo-brazzaville\/politique\/un-groupe-damitie-parlementaire-va-etre-creer-entre-lallemagne-et-le-congo#primaryimage\"},\"thumbnailUrl\":\"https:\/\/static.africa-press.net\/congo-brazzaville\/sites\/51\/2023\/03\/postQueueImg_1677944973.26.jpg\",\"datePublished\":\"2023-03-04T18:35:00+00:00\",\"dateModified\":\"2023-03-04T19:52:12+00:00\",\"author\":{\"@id\":\"https:\/\/www.africa-press.net\/congo-brazzaville\/#\/schema\/person\/2b1cf3cd81a31e3cd26889ca66d677f1\"},\"description\":\"L\u2019ambassadeur de l\u2019Allemagne au Congo, Wolfgang Klapper a indique\u0301 le 3 mars a\u0300 Brazzaville que l\u2019Allemagne et le Con ...\",\"breadcrumb\":{\"@id\":\"https:\/\/www.africa-press.net\/congo-brazzaville\/politique\/un-groupe-damitie-parlementaire-va-etre-creer-entre-lallemagne-et-le-congo#breadcrumb\"},\"inLanguage\":\"fr-FR\",\"potentialAction\":[{\"@type\":\"ReadAction\",\"target\":[\"https:\/\/www.africa-press.net\/congo-brazzaville\/politique\/un-groupe-damitie-parlementaire-va-etre-creer-entre-lallemagne-et-le-congo\"]}]},{\"@type\":\"ImageObject\",\"inLanguage\":\"fr-FR\",\"@id\":\"https:\/\/www.africa-press.net\/congo-brazzaville\/politique\/un-groupe-damitie-parlementaire-va-etre-creer-entre-lallemagne-et-le-congo#primaryimage\",\"url\":\"https:\/\/static.africa-press.net\/congo-brazzaville\/sites\/51\/2023\/03\/postQueueImg_1677944973.26.jpg\",\"contentUrl\":\"https:\/\/static.africa-press.net\/congo-brazzaville\/sites\/51\/2023\/03\/postQueueImg_1677944973.26.jpg\",\"width\":933,\"height\":445,\"caption\":\"un groupe d\u2019amiti\u00e9 parlementaire va \u00eatre cr\u00e9er entre l\u2019allemagne et le congo\"},{\"@type\":\"BreadcrumbList\",\"@id\":\"https:\/\/www.africa-press.net\/congo-brazzaville\/politique\/un-groupe-damitie-parlementaire-va-etre-creer-entre-lallemagne-et-le-congo#breadcrumb\",\"itemListElement\":[{\"@type\":\"ListItem\",\"position\":1,\"name\":\"Accueil\",\"item\":\"https:\/\/www.africa-press.net\/congo-brazzaville\/\"},{\"@type\":\"ListItem\",\"position\":2,\"name\":\"un groupe d\u2019amiti\u00e9 parlementaire va \u00eatre cr\u00e9er entre l\u2019allemagne et le congo\"}]},{\"@type\":\"WebSite\",\"@id\":\"https:\/\/www.africa-press.net\/congo-brazzaville\/#website\",\"url\":\"https:\/\/www.africa-press.net\/congo-brazzaville\/\",\"name\":\"Congo Brazzaville\",\"description\":\"Just another Africa News Agency Sites site\",\"potentialAction\":[{\"@type\":\"SearchAction\",\"target\":{\"@type\":\"EntryPoint\",\"urlTemplate\":\"https:\/\/www.africa-press.net\/congo-brazzaville\/?s={search_term_string}\"},\"query-input\":{\"@type\":\"PropertyValueSpecification\",\"valueRequired\":true,\"valueName\":\"search_term_string\"}}],\"inLanguage\":\"fr-FR\"},{\"@type\":\"Person\",\"@id\":\"https:\/\/www.africa-press.net\/congo-brazzaville\/#\/schema\/person\/2b1cf3cd81a31e3cd26889ca66d677f1\",\"name\":\"cfeditorfr\"}]}<\/script>\n<!-- \/ Yoast SEO Premium plugin. -->","yoast_head_json":{"title":"un groupe d\u2019amiti\u00e9 parlementaire va \u00eatre cr\u00e9er entre l\u2019allemagne et le congo - Congo Brazzaville","description":"L\u2019ambassadeur de l\u2019Allemagne au Congo, Wolfgang Klapper a indique\u0301 le 3 mars a\u0300 Brazzaville que l\u2019Allemagne et le Con ...","robots":{"index":"index","follow":"follow","max-snippet":"max-snippet:-1","max-image-preview":"max-image-preview:large","max-video-preview":"max-video-preview:-1"},"canonical":"https:\/\/www.africa-press.net\/congo-brazzaville\/politique\/un-groupe-damitie-parlementaire-va-etre-creer-entre-lallemagne-et-le-congo","og_locale":"fr_FR","og_type":"article","og_title":"un groupe d\u2019amiti\u00e9 parlementaire va \u00eatre cr\u00e9er entre l\u2019allemagne et le congo","og_description":"L\u2019ambassadeur de l\u2019Allemagne au Congo, Wolfgang Klapper a indique\u0301 le 3 mars a\u0300 Brazzaville que l\u2019Allemagne et le Con ...","og_url":"https:\/\/www.africa-press.net\/congo-brazzaville\/politique\/un-groupe-damitie-parlementaire-va-etre-creer-entre-lallemagne-et-le-congo","og_site_name":"Congo Brazzaville","article_published_time":"2023-03-04T18:35:00+00:00","article_modified_time":"2023-03-04T19:52:12+00:00","og_image":[{"width":933,"height":445,"url":"https:\/\/static.africa-press.net\/congo-brazzaville\/sites\/51\/2023\/03\/postQueueImg_1677944973.26.jpg","type":"image\/jpeg"}],"author":"cfeditorfr","twitter_card":"summary_large_image","twitter_misc":{"\u00c9crit par":"cfeditorfr","Dur\u00e9e de lecture estim\u00e9e":"2 minutes"},"schema":{"@context":"https:\/\/schema.org","@graph":[{"@type":"Article","@id":"https:\/\/www.africa-press.net\/congo-brazzaville\/politique\/un-groupe-damitie-parlementaire-va-etre-creer-entre-lallemagne-et-le-congo#article","isPartOf":{"@id":"https:\/\/www.africa-press.net\/congo-brazzaville\/politique\/un-groupe-damitie-parlementaire-va-etre-creer-entre-lallemagne-et-le-congo"},"author":{"name":"cfeditorfr","@id":"https:\/\/www.africa-press.net\/congo-brazzaville\/#\/schema\/person\/2b1cf3cd81a31e3cd26889ca66d677f1"},"headline":"un groupe d\u2019amiti\u00e9 parlementaire va \u00eatre cr\u00e9er entre l\u2019allemagne et le congo","datePublished":"2023-03-04T18:35:00+00:00","dateModified":"2023-03-04T19:52:12+00:00","mainEntityOfPage":{"@id":"https:\/\/www.africa-press.net\/congo-brazzaville\/politique\/un-groupe-damitie-parlementaire-va-etre-creer-entre-lallemagne-et-le-congo"},"wordCount":438,"commentCount":0,"image":{"@id":"https:\/\/www.africa-press.net\/congo-brazzaville\/politique\/un-groupe-damitie-parlementaire-va-etre-creer-entre-lallemagne-et-le-congo#primaryimage"},"thumbnailUrl":"https:\/\/static.africa-press.net\/congo-brazzaville\/sites\/51\/2023\/03\/postQueueImg_1677944973.26.jpg","keywords":["Africa Press","Africa Press-Congo Brazzaville","Congo Brazzaville"],"articleSection":["Politique","Toutes les actualit\u00e9s"],"inLanguage":"fr-FR","potentialAction":[{"@type":"CommentAction","name":"Comment","target":["https:\/\/www.africa-press.net\/congo-brazzaville\/politique\/un-groupe-damitie-parlementaire-va-etre-creer-entre-lallemagne-et-le-congo#respond"]}]},{"@type":"WebPage","@id":"https:\/\/www.africa-press.net\/congo-brazzaville\/politique\/un-groupe-damitie-parlementaire-va-etre-creer-entre-lallemagne-et-le-congo","url":"https:\/\/www.africa-press.net\/congo-brazzaville\/politique\/un-groupe-damitie-parlementaire-va-etre-creer-entre-lallemagne-et-le-congo","name":"un groupe d\u2019amiti\u00e9 parlementaire va \u00eatre cr\u00e9er entre l\u2019allemagne et le congo - Congo Brazzaville","isPartOf":{"@id":"https:\/\/www.africa-press.net\/congo-brazzaville\/#website"},"primaryImageOfPage":{"@id":"https:\/\/www.africa-press.net\/congo-brazzaville\/politique\/un-groupe-damitie-parlementaire-va-etre-creer-entre-lallemagne-et-le-congo#primaryimage"},"image":{"@id":"https:\/\/www.africa-press.net\/congo-brazzaville\/politique\/un-groupe-damitie-parlementaire-va-etre-creer-entre-lallemagne-et-le-congo#primaryimage"},"thumbnailUrl":"https:\/\/static.africa-press.net\/congo-brazzaville\/sites\/51\/2023\/03\/postQueueImg_1677944973.26.jpg","datePublished":"2023-03-04T18:35:00+00:00","dateModified":"2023-03-04T19:52:12+00:00","author":{"@id":"https:\/\/www.africa-press.net\/congo-brazzaville\/#\/schema\/person\/2b1cf3cd81a31e3cd26889ca66d677f1"},"description":"L\u2019ambassadeur de l\u2019Allemagne au Congo, Wolfgang Klapper a indique\u0301 le 3 mars a\u0300 Brazzaville que l\u2019Allemagne et le Con ...","breadcrumb":{"@id":"https:\/\/www.africa-press.net\/congo-brazzaville\/politique\/un-groupe-damitie-parlementaire-va-etre-creer-entre-lallemagne-et-le-congo#breadcrumb"},"inLanguage":"fr-FR","potentialAction":[{"@type":"ReadAction","target":["https:\/\/www.africa-press.net\/congo-brazzaville\/politique\/un-groupe-damitie-parlementaire-va-etre-creer-entre-lallemagne-et-le-congo"]}]},{"@type":"ImageObject","inLanguage":"fr-FR","@id":"https:\/\/www.africa-press.net\/congo-brazzaville\/politique\/un-groupe-damitie-parlementaire-va-etre-creer-entre-lallemagne-et-le-congo#primaryimage","url":"https:\/\/static.africa-press.net\/congo-brazzaville\/sites\/51\/2023\/03\/postQueueImg_1677944973.26.jpg","contentUrl":"https:\/\/static.africa-press.net\/congo-brazzaville\/sites\/51\/2023\/03\/postQueueImg_1677944973.26.jpg","width":933,"height":445,"caption":"un groupe d\u2019amiti\u00e9 parlementaire va \u00eatre cr\u00e9er entre l\u2019allemagne et le congo"},{"@type":"BreadcrumbList","@id":"https:\/\/www.africa-press.net\/congo-brazzaville\/politique\/un-groupe-damitie-parlementaire-va-etre-creer-entre-lallemagne-et-le-congo#breadcrumb","itemListElement":[{"@type":"ListItem","position":1,"name":"Accueil","item":"https:\/\/www.africa-press.net\/congo-brazzaville\/"},{"@type":"ListItem","position":2,"name":"un groupe d\u2019amiti\u00e9 parlementaire va \u00eatre cr\u00e9er entre l\u2019allemagne et le congo"}]},{"@type":"WebSite","@id":"https:\/\/www.africa-press.net\/congo-brazzaville\/#website","url":"https:\/\/www.africa-press.net\/congo-brazzaville\/","name":"Congo Brazzaville","description":"Just another Africa News Agency Sites site","potentialAction":[{"@type":"SearchAction","target":{"@type":"EntryPoint","urlTemplate":"https:\/\/www.africa-press.net\/congo-brazzaville\/?s={search_term_string}"},"query-input":{"@type":"PropertyValueSpecification","valueRequired":true,"valueName":"search_term_string"}}],"inLanguage":"fr-FR"},{"@type":"Person","@id":"https:\/\/www.africa-press.net\/congo-brazzaville\/#\/schema\/person\/2b1cf3cd81a31e3cd26889ca66d677f1","name":"cfeditorfr"}]}},"_links":{"self":[{"href":"https:\/\/www.africa-press.net\/congo-brazzaville\/wp-json\/wp\/v2\/posts\/15222","targetHints":{"allow":["GET"]}}],"collection":[{"href":"https:\/\/www.africa-press.net\/congo-brazzaville\/wp-json\/wp\/v2\/posts"}],"about":[{"href":"https:\/\/www.africa-press.net\/congo-brazzaville\/wp-json\/wp\/v2\/types\/post"}],"author":[{"embeddable":true,"href":"https:\/\/www.africa-press.net\/congo-brazzaville\/wp-json\/wp\/v2\/users\/82"}],"replies":[{"embeddable":true,"href":"https:\/\/www.africa-press.net\/congo-brazzaville\/wp-json\/wp\/v2\/comments?post=15222"}],"version-history":[{"count":0,"href":"https:\/\/www.africa-press.net\/congo-brazzaville\/wp-json\/wp\/v2\/posts\/15222\/revisions"}],"wp:featuredmedia":[{"embeddable":true,"href":"https:\/\/www.africa-press.net\/congo-brazzaville\/wp-json\/wp\/v2\/media\/15221"}],"wp:attachment":[{"href":"https:\/\/www.africa-press.net\/congo-brazzaville\/wp-json\/wp\/v2\/media?parent=15222"}],"wp:term":[{"taxonomy":"category","embeddable":true,"href":"https:\/\/www.africa-press.net\/congo-brazzaville\/wp-json\/wp\/v2\/categories?post=15222"},{"taxonomy":"post_tag","embeddable":true,"href":"https:\/\/www.africa-press.net\/congo-brazzaville\/wp-json\/wp\/v2\/tags?post=15222"}],"curies":[{"name":"wp","href":"https:\/\/api.w.org\/{rel}","templated":true}]}}