{"id":1523,"date":"2021-11-17T03:00:37","date_gmt":"2021-11-17T03:00:37","guid":{"rendered":"https:\/\/www.africa-press.net\/congo-brazzaville\/?p=1523"},"modified":"2021-11-17T01:28:51","modified_gmt":"2021-11-17T01:28:51","slug":"exercice-multinational-grand-africa-nemo-2021-des-avantages-militaires-pour-le-congo","status":"publish","type":"post","link":"https:\/\/www.africa-press.net\/congo-brazzaville\/photo\/exercice-multinational-grand-africa-nemo-2021-des-avantages-militaires-pour-le-congo","title":{"rendered":"Exercice multinational Grand Africa Nemo 2021 : des avantages militaires pour le Congo"},"content":{"rendered":"<p><span style=\"color: #ff6600\"><strong>Africa-Press &#8211; Congo Brazzaville. <\/strong><\/span><b>Le commandant de la zone militaire de d\u00e9fense n\u00b01, le g\u00e9n\u00e9ral Jean Olessongo Ondaye, a indiqu\u00e9, \u00e0 l\u2019occasion de la cl\u00f4ture de la 4e \u00e9dition de l\u2019exercice Grand Africa Nemo 2021, il y a quelques jours \u00e0 Pointe-Noire, que cela a \u00e9t\u00e9 b\u00e9n\u00e9fique pour le pays.<\/b><\/p>\n<p>Selon le g\u00e9n\u00e9ral Jean Olessongo Onday, l\u2019arm\u00e9e en g\u00e9n\u00e9ral et la marine congolaise en particulier a, au cours de l&rsquo;exercice, effectu\u00e9 une s\u00e9rie de d\u00e9monstrations de dissuasion sur le th\u00e9\u00e2tre d\u2019op\u00e9ration du golfe de Guin\u00e9e. \u00ab Le fait que les marins congolais ont pu se frotter avec les marins d\u2019autres grandes puissances militaires du monde sur le golfe de Guin\u00e9e, cela repr\u00e9sente un atout pour le Congo. Ainsi, au cours de cet exercice, les marins congolais ont pu affiner leurs capacit\u00e9s de travailler en symbiose avec d\u2019autres marins du monde, ceci est tr\u00e8s important sur le plan op\u00e9rationnel et militaire surtout que dans le pass\u00e9, Pointe-Noire a abrit\u00e9 un autre exercice militaire, \u00e0 savoir Loango 2014 \u00bb, a-t-il signifi\u00e9.<\/p>\n<p>Rappelons que l\u2019exercice Grand Africa Nemo se fixe quelques objectifs en vue de lutter contre les menaces qui s\u00e9vissent dans le golfe de Guin\u00e9e sur la lutte contre la p\u00eache ill\u00e9gale, la piraterie, la pollution maritime, le sauvetage en mer et la lutte contre les trafics ill\u00e9gaux dont le narcotrafic. Cet exercice contribue au renforcement des diff\u00e9rents maillons de l\u2019architecture de coop\u00e9ration interr\u00e9gionale issue du sommet sur la s\u00e9curit\u00e9 maritime de Yaound\u00e9, allant du Centre interr\u00e9gional de coordination bas\u00e9 dans cette ville, niveau strat\u00e9gique, jusqu\u2019au niveau op\u00e9ratif, c\u2019est-\u00e0-dire les forces projet\u00e9es en mer.<\/p>\n\r\n                <style type=\"text\/css\">\r\n                    \r\n                    #td_uid_1_69f49dd7c9326  .td-doubleSlider-2 .td-item1 {\r\n                        background: url(https:\/\/static.africa-press.net\/centrafricaine\/sites\/51\/2021\/11\/img-61945ab3c0939-80x60.jpg) 0 0 no-repeat;\r\n                    }\r\n                <\/style>\r\n\r\n                <div id=\"td_uid_1_69f49dd7c9326\" class=\"td-gallery td-slide-on-2-columns\">\r\n                    <div class=\"post_td_gallery\">\r\n                        <div class=\"td-gallery-slide-top\">\r\n                           <div class=\"td-gallery-title\"><\/div>\r\n\r\n                            <div class=\"td-gallery-controls-wrapper\">\r\n                                <div class=\"td-gallery-slide-count\"><span class=\"td-gallery-slide-item-focus\">1<\/span> de 2<\/div>\r\n                                <div class=\"td-gallery-slide-prev-next-but\">\r\n                                    <i class = \"td-icon-left doubleSliderPrevButton\"><\/i>\r\n                                    <i class = \"td-icon-right doubleSliderNextButton\"><\/i>\r\n                                <\/div>\r\n                            <\/div>\r\n                        <\/div>\r\n\r\n                        <div class = \"td-doubleSlider-1 \">\r\n                            <div class = \"td-slider\">\r\n                                \r\n                    <div class = \"td-slide-item td-item1\">\r\n                        <figure class=\"td-slide-galery-figure td-slide-popup-gallery\">\r\n                            <a class=\"slide-gallery-image-link\" href=\"https:\/\/static.africa-press.net\/centrafricaine\/sites\/51\/2021\/11\/img-61945ab3c0939.jpg\" title=\"img-61945ab3c0939\"  data-caption=\"\"  data-description=\"\">\r\n                                <img decoding=\"async\" src=\"https:\/\/static.africa-press.net\/centrafricaine\/sites\/51\/2021\/11\/img-61945ab3c0939.jpg\" srcset=\"https:\/\/static.africa-press.net\/congo-brazzaville\/sites\/51\/2021\/11\/img-61945ab3c0939.jpg 720w, https:\/\/static.africa-press.net\/congo-brazzaville\/sites\/51\/2021\/11\/img-61945ab3c0939-300x225.jpg 300w, https:\/\/static.africa-press.net\/congo-brazzaville\/sites\/51\/2021\/11\/img-61945ab3c0939-80x60.jpg 80w\" sizes=\"(max-width: 720px) 100vw, 720px\" alt=\"\">\r\n                            <\/a>\r\n                            \r\n                        <\/figure>\r\n                    <\/div>\r\n                            <\/div>\r\n                        <\/div>\r\n\r\n                        <div class = \"td-doubleSlider-2\">\r\n                            <div class = \"td-slider\">\r\n                                \r\n                    <div class = \"td-button td-item1\">\r\n                        <div class = \"td-border\"><\/div>\r\n                    <\/div>\r\n                            <\/div>\r\n                        <\/div>\r\n\r\n                    <\/div>\r\n\r\n                <\/div>\r\n                \n<p><strong>Pour plus d&rsquo;informations et d&rsquo;analyses sur la <a href=\"https:\/\/www.africa-press.net\/congo-brazzaville\">Congo Brazzaville<\/a>, suivez <a href=\"https:\/\/www.africa-press.net\/\">Africa-Press<\/a><\/strong><\/p>\n","protected":false},"excerpt":{"rendered":"<p>Africa-Press &#8211; Congo Brazzaville. Le commandant de la zone militaire de d\u00e9fense n\u00b01, le g\u00e9n\u00e9ral Jean Olessongo Ondaye, a indiqu\u00e9, \u00e0 l\u2019occasion de la cl\u00f4ture de la 4e \u00e9dition de l\u2019exercice Grand Africa Nemo 2021, il y a quelques jours \u00e0 Pointe-Noire, que cela a \u00e9t\u00e9 b\u00e9n\u00e9fique pour le pays. Selon le g\u00e9n\u00e9ral Jean Olessongo [&hellip;]<\/p>\n","protected":false},"author":82,"featured_media":1522,"comment_status":"open","ping_status":"closed","sticky":false,"template":"","format":"standard","meta":{"footnotes":""},"categories":[21,11,8,10],"tags":[36,47,46],"class_list":["post-1523","post","type-post","status-publish","format-standard","has-post-thumbnail","hentry","category-communaute","category-homepage-french","category-photo","category-toutes-les-actualites","tag-africa-press","tag-africa-press-congo-brazzaville","tag-congo-brazzaville"],"yoast_head":"<!-- This site is optimized with the Yoast SEO Premium plugin v26.1 (Yoast SEO v27.0) - https:\/\/yoast.com\/product\/yoast-seo-premium-wordpress\/ -->\n<title>Exercice multinational Grand Africa Nemo 2021 : des avantages militaires pour le Congo - Congo Brazzaville<\/title>\n<meta name=\"description\" content=\"Le commandant de la zone militaire de d\u00e9fense n\u00b01, le g\u00e9n\u00e9ral Jean Olessongo Ondaye, a indiqu\u00e9, \u00e0 l\u2019occasion de la cl ...\" \/>\n<meta name=\"robots\" content=\"index, follow, max-snippet:-1, max-image-preview:large, max-video-preview:-1\" \/>\n<link rel=\"canonical\" href=\"https:\/\/www.africa-press.net\/congo-brazzaville\/photo\/exercice-multinational-grand-africa-nemo-2021-des-avantages-militaires-pour-le-congo\" \/>\n<meta property=\"og:locale\" content=\"fr_FR\" \/>\n<meta property=\"og:type\" content=\"article\" \/>\n<meta property=\"og:title\" content=\"Exercice multinational Grand Africa Nemo 2021 : des avantages militaires pour le Congo\" \/>\n<meta property=\"og:description\" content=\"Le commandant de la zone militaire de d\u00e9fense n\u00b01, le g\u00e9n\u00e9ral Jean Olessongo Ondaye, a indiqu\u00e9, \u00e0 l\u2019occasion de la cl ...\" \/>\n<meta property=\"og:url\" content=\"https:\/\/www.africa-press.net\/congo-brazzaville\/photo\/exercice-multinational-grand-africa-nemo-2021-des-avantages-militaires-pour-le-congo\" \/>\n<meta property=\"og:site_name\" content=\"Congo Brazzaville\" \/>\n<meta property=\"article:published_time\" content=\"2021-11-17T03:00:37+00:00\" \/>\n<meta property=\"og:image\" content=\"https:\/\/static.africa-press.net\/centrafricaine\/sites\/51\/2021\/11\/img-61945abb85e19.jpg\" \/>\n\t<meta property=\"og:image:width\" content=\"720\" \/>\n\t<meta property=\"og:image:height\" content=\"540\" \/>\n\t<meta property=\"og:image:type\" content=\"image\/jpeg\" \/>\n<meta name=\"author\" content=\"cfeditorfr\" \/>\n<meta name=\"twitter:card\" content=\"summary_large_image\" \/>\n<meta name=\"twitter:label1\" content=\"\u00c9crit par\" \/>\n\t<meta name=\"twitter:data1\" content=\"cfeditorfr\" \/>\n\t<meta name=\"twitter:label2\" content=\"Dur\u00e9e de lecture estim\u00e9e\" \/>\n\t<meta name=\"twitter:data2\" content=\"2 minutes\" \/>\n<script type=\"application\/ld+json\" class=\"yoast-schema-graph\">{\"@context\":\"https:\/\/schema.org\",\"@graph\":[{\"@type\":\"Article\",\"@id\":\"https:\/\/www.africa-press.net\/congo-brazzaville\/photo\/exercice-multinational-grand-africa-nemo-2021-des-avantages-militaires-pour-le-congo#article\",\"isPartOf\":{\"@id\":\"https:\/\/www.africa-press.net\/congo-brazzaville\/photo\/exercice-multinational-grand-africa-nemo-2021-des-avantages-militaires-pour-le-congo\"},\"author\":{\"name\":\"cfeditorfr\",\"@id\":\"https:\/\/www.africa-press.net\/congo-brazzaville\/#\/schema\/person\/2b1cf3cd81a31e3cd26889ca66d677f1\"},\"headline\":\"Exercice multinational Grand Africa Nemo 2021 : des avantages militaires pour le Congo\",\"datePublished\":\"2021-11-17T03:00:37+00:00\",\"mainEntityOfPage\":{\"@id\":\"https:\/\/www.africa-press.net\/congo-brazzaville\/photo\/exercice-multinational-grand-africa-nemo-2021-des-avantages-militaires-pour-le-congo\"},\"wordCount\":335,\"commentCount\":0,\"image\":{\"@id\":\"https:\/\/www.africa-press.net\/congo-brazzaville\/photo\/exercice-multinational-grand-africa-nemo-2021-des-avantages-militaires-pour-le-congo#primaryimage\"},\"thumbnailUrl\":\"https:\/\/static.africa-press.net\/centrafricaine\/sites\/51\/2021\/11\/img-61945abb85e19.jpg\",\"keywords\":[\"Africa Press\",\"Africa Press-Congo Brazzaville\",\"Congo Brazzaville\"],\"articleSection\":[\"Communaut\u00e9\",\"homepage-french\",\"Photo\",\"Toutes les actualit\u00e9s\"],\"inLanguage\":\"fr-FR\",\"potentialAction\":[{\"@type\":\"CommentAction\",\"name\":\"Comment\",\"target\":[\"https:\/\/www.africa-press.net\/congo-brazzaville\/photo\/exercice-multinational-grand-africa-nemo-2021-des-avantages-militaires-pour-le-congo#respond\"]}]},{\"@type\":\"WebPage\",\"@id\":\"https:\/\/www.africa-press.net\/congo-brazzaville\/photo\/exercice-multinational-grand-africa-nemo-2021-des-avantages-militaires-pour-le-congo\",\"url\":\"https:\/\/www.africa-press.net\/congo-brazzaville\/photo\/exercice-multinational-grand-africa-nemo-2021-des-avantages-militaires-pour-le-congo\",\"name\":\"Exercice multinational Grand Africa Nemo 2021 : des avantages militaires pour le Congo - Congo Brazzaville\",\"isPartOf\":{\"@id\":\"https:\/\/www.africa-press.net\/congo-brazzaville\/#website\"},\"primaryImageOfPage\":{\"@id\":\"https:\/\/www.africa-press.net\/congo-brazzaville\/photo\/exercice-multinational-grand-africa-nemo-2021-des-avantages-militaires-pour-le-congo#primaryimage\"},\"image\":{\"@id\":\"https:\/\/www.africa-press.net\/congo-brazzaville\/photo\/exercice-multinational-grand-africa-nemo-2021-des-avantages-militaires-pour-le-congo#primaryimage\"},\"thumbnailUrl\":\"https:\/\/static.africa-press.net\/centrafricaine\/sites\/51\/2021\/11\/img-61945abb85e19.jpg\",\"datePublished\":\"2021-11-17T03:00:37+00:00\",\"author\":{\"@id\":\"https:\/\/www.africa-press.net\/congo-brazzaville\/#\/schema\/person\/2b1cf3cd81a31e3cd26889ca66d677f1\"},\"description\":\"Le commandant de la zone militaire de d\u00e9fense n\u00b01, le g\u00e9n\u00e9ral Jean Olessongo Ondaye, a indiqu\u00e9, \u00e0 l\u2019occasion de la cl ...\",\"breadcrumb\":{\"@id\":\"https:\/\/www.africa-press.net\/congo-brazzaville\/photo\/exercice-multinational-grand-africa-nemo-2021-des-avantages-militaires-pour-le-congo#breadcrumb\"},\"inLanguage\":\"fr-FR\",\"potentialAction\":[{\"@type\":\"ReadAction\",\"target\":[\"https:\/\/www.africa-press.net\/congo-brazzaville\/photo\/exercice-multinational-grand-africa-nemo-2021-des-avantages-militaires-pour-le-congo\"]}]},{\"@type\":\"ImageObject\",\"inLanguage\":\"fr-FR\",\"@id\":\"https:\/\/www.africa-press.net\/congo-brazzaville\/photo\/exercice-multinational-grand-africa-nemo-2021-des-avantages-militaires-pour-le-congo#primaryimage\",\"url\":\"https:\/\/static.africa-press.net\/centrafricaine\/sites\/51\/2021\/11\/img-61945abb85e19.jpg\",\"contentUrl\":\"https:\/\/static.africa-press.net\/centrafricaine\/sites\/51\/2021\/11\/img-61945abb85e19.jpg\",\"width\":720,\"height\":540,\"caption\":\"Exercice multinational Grand Africa Nemo 2021 : des avantages militaires pour le Congo\"},{\"@type\":\"BreadcrumbList\",\"@id\":\"https:\/\/www.africa-press.net\/congo-brazzaville\/photo\/exercice-multinational-grand-africa-nemo-2021-des-avantages-militaires-pour-le-congo#breadcrumb\",\"itemListElement\":[{\"@type\":\"ListItem\",\"position\":1,\"name\":\"Accueil\",\"item\":\"https:\/\/www.africa-press.net\/congo-brazzaville\/\"},{\"@type\":\"ListItem\",\"position\":2,\"name\":\"Exercice multinational Grand Africa Nemo 2021 : des avantages militaires pour le Congo\"}]},{\"@type\":\"WebSite\",\"@id\":\"https:\/\/www.africa-press.net\/congo-brazzaville\/#website\",\"url\":\"https:\/\/www.africa-press.net\/congo-brazzaville\/\",\"name\":\"Congo Brazzaville\",\"description\":\"Just another Africa News Agency Sites site\",\"potentialAction\":[{\"@type\":\"SearchAction\",\"target\":{\"@type\":\"EntryPoint\",\"urlTemplate\":\"https:\/\/www.africa-press.net\/congo-brazzaville\/?s={search_term_string}\"},\"query-input\":{\"@type\":\"PropertyValueSpecification\",\"valueRequired\":true,\"valueName\":\"search_term_string\"}}],\"inLanguage\":\"fr-FR\"},{\"@type\":\"Person\",\"@id\":\"https:\/\/www.africa-press.net\/congo-brazzaville\/#\/schema\/person\/2b1cf3cd81a31e3cd26889ca66d677f1\",\"name\":\"cfeditorfr\"}]}<\/script>\n<!-- \/ Yoast SEO Premium plugin. -->","yoast_head_json":{"title":"Exercice multinational Grand Africa Nemo 2021 : des avantages militaires pour le Congo - Congo Brazzaville","description":"Le commandant de la zone militaire de d\u00e9fense n\u00b01, le g\u00e9n\u00e9ral Jean Olessongo Ondaye, a indiqu\u00e9, \u00e0 l\u2019occasion de la cl ...","robots":{"index":"index","follow":"follow","max-snippet":"max-snippet:-1","max-image-preview":"max-image-preview:large","max-video-preview":"max-video-preview:-1"},"canonical":"https:\/\/www.africa-press.net\/congo-brazzaville\/photo\/exercice-multinational-grand-africa-nemo-2021-des-avantages-militaires-pour-le-congo","og_locale":"fr_FR","og_type":"article","og_title":"Exercice multinational Grand Africa Nemo 2021 : des avantages militaires pour le Congo","og_description":"Le commandant de la zone militaire de d\u00e9fense n\u00b01, le g\u00e9n\u00e9ral Jean Olessongo Ondaye, a indiqu\u00e9, \u00e0 l\u2019occasion de la cl ...","og_url":"https:\/\/www.africa-press.net\/congo-brazzaville\/photo\/exercice-multinational-grand-africa-nemo-2021-des-avantages-militaires-pour-le-congo","og_site_name":"Congo Brazzaville","article_published_time":"2021-11-17T03:00:37+00:00","og_image":[{"width":720,"height":540,"url":"https:\/\/static.africa-press.net\/centrafricaine\/sites\/51\/2021\/11\/img-61945abb85e19.jpg","type":"image\/jpeg"}],"author":"cfeditorfr","twitter_card":"summary_large_image","twitter_misc":{"\u00c9crit par":"cfeditorfr","Dur\u00e9e de lecture estim\u00e9e":"2 minutes"},"schema":{"@context":"https:\/\/schema.org","@graph":[{"@type":"Article","@id":"https:\/\/www.africa-press.net\/congo-brazzaville\/photo\/exercice-multinational-grand-africa-nemo-2021-des-avantages-militaires-pour-le-congo#article","isPartOf":{"@id":"https:\/\/www.africa-press.net\/congo-brazzaville\/photo\/exercice-multinational-grand-africa-nemo-2021-des-avantages-militaires-pour-le-congo"},"author":{"name":"cfeditorfr","@id":"https:\/\/www.africa-press.net\/congo-brazzaville\/#\/schema\/person\/2b1cf3cd81a31e3cd26889ca66d677f1"},"headline":"Exercice multinational Grand Africa Nemo 2021 : des avantages militaires pour le Congo","datePublished":"2021-11-17T03:00:37+00:00","mainEntityOfPage":{"@id":"https:\/\/www.africa-press.net\/congo-brazzaville\/photo\/exercice-multinational-grand-africa-nemo-2021-des-avantages-militaires-pour-le-congo"},"wordCount":335,"commentCount":0,"image":{"@id":"https:\/\/www.africa-press.net\/congo-brazzaville\/photo\/exercice-multinational-grand-africa-nemo-2021-des-avantages-militaires-pour-le-congo#primaryimage"},"thumbnailUrl":"https:\/\/static.africa-press.net\/centrafricaine\/sites\/51\/2021\/11\/img-61945abb85e19.jpg","keywords":["Africa Press","Africa Press-Congo Brazzaville","Congo Brazzaville"],"articleSection":["Communaut\u00e9","homepage-french","Photo","Toutes les actualit\u00e9s"],"inLanguage":"fr-FR","potentialAction":[{"@type":"CommentAction","name":"Comment","target":["https:\/\/www.africa-press.net\/congo-brazzaville\/photo\/exercice-multinational-grand-africa-nemo-2021-des-avantages-militaires-pour-le-congo#respond"]}]},{"@type":"WebPage","@id":"https:\/\/www.africa-press.net\/congo-brazzaville\/photo\/exercice-multinational-grand-africa-nemo-2021-des-avantages-militaires-pour-le-congo","url":"https:\/\/www.africa-press.net\/congo-brazzaville\/photo\/exercice-multinational-grand-africa-nemo-2021-des-avantages-militaires-pour-le-congo","name":"Exercice multinational Grand Africa Nemo 2021 : des avantages militaires pour le Congo - Congo Brazzaville","isPartOf":{"@id":"https:\/\/www.africa-press.net\/congo-brazzaville\/#website"},"primaryImageOfPage":{"@id":"https:\/\/www.africa-press.net\/congo-brazzaville\/photo\/exercice-multinational-grand-africa-nemo-2021-des-avantages-militaires-pour-le-congo#primaryimage"},"image":{"@id":"https:\/\/www.africa-press.net\/congo-brazzaville\/photo\/exercice-multinational-grand-africa-nemo-2021-des-avantages-militaires-pour-le-congo#primaryimage"},"thumbnailUrl":"https:\/\/static.africa-press.net\/centrafricaine\/sites\/51\/2021\/11\/img-61945abb85e19.jpg","datePublished":"2021-11-17T03:00:37+00:00","author":{"@id":"https:\/\/www.africa-press.net\/congo-brazzaville\/#\/schema\/person\/2b1cf3cd81a31e3cd26889ca66d677f1"},"description":"Le commandant de la zone militaire de d\u00e9fense n\u00b01, le g\u00e9n\u00e9ral Jean Olessongo Ondaye, a indiqu\u00e9, \u00e0 l\u2019occasion de la cl ...","breadcrumb":{"@id":"https:\/\/www.africa-press.net\/congo-brazzaville\/photo\/exercice-multinational-grand-africa-nemo-2021-des-avantages-militaires-pour-le-congo#breadcrumb"},"inLanguage":"fr-FR","potentialAction":[{"@type":"ReadAction","target":["https:\/\/www.africa-press.net\/congo-brazzaville\/photo\/exercice-multinational-grand-africa-nemo-2021-des-avantages-militaires-pour-le-congo"]}]},{"@type":"ImageObject","inLanguage":"fr-FR","@id":"https:\/\/www.africa-press.net\/congo-brazzaville\/photo\/exercice-multinational-grand-africa-nemo-2021-des-avantages-militaires-pour-le-congo#primaryimage","url":"https:\/\/static.africa-press.net\/centrafricaine\/sites\/51\/2021\/11\/img-61945abb85e19.jpg","contentUrl":"https:\/\/static.africa-press.net\/centrafricaine\/sites\/51\/2021\/11\/img-61945abb85e19.jpg","width":720,"height":540,"caption":"Exercice multinational Grand Africa Nemo 2021 : des avantages militaires pour le Congo"},{"@type":"BreadcrumbList","@id":"https:\/\/www.africa-press.net\/congo-brazzaville\/photo\/exercice-multinational-grand-africa-nemo-2021-des-avantages-militaires-pour-le-congo#breadcrumb","itemListElement":[{"@type":"ListItem","position":1,"name":"Accueil","item":"https:\/\/www.africa-press.net\/congo-brazzaville\/"},{"@type":"ListItem","position":2,"name":"Exercice multinational Grand Africa Nemo 2021 : des avantages militaires pour le Congo"}]},{"@type":"WebSite","@id":"https:\/\/www.africa-press.net\/congo-brazzaville\/#website","url":"https:\/\/www.africa-press.net\/congo-brazzaville\/","name":"Congo Brazzaville","description":"Just another Africa News Agency Sites site","potentialAction":[{"@type":"SearchAction","target":{"@type":"EntryPoint","urlTemplate":"https:\/\/www.africa-press.net\/congo-brazzaville\/?s={search_term_string}"},"query-input":{"@type":"PropertyValueSpecification","valueRequired":true,"valueName":"search_term_string"}}],"inLanguage":"fr-FR"},{"@type":"Person","@id":"https:\/\/www.africa-press.net\/congo-brazzaville\/#\/schema\/person\/2b1cf3cd81a31e3cd26889ca66d677f1","name":"cfeditorfr"}]}},"_links":{"self":[{"href":"https:\/\/www.africa-press.net\/congo-brazzaville\/wp-json\/wp\/v2\/posts\/1523","targetHints":{"allow":["GET"]}}],"collection":[{"href":"https:\/\/www.africa-press.net\/congo-brazzaville\/wp-json\/wp\/v2\/posts"}],"about":[{"href":"https:\/\/www.africa-press.net\/congo-brazzaville\/wp-json\/wp\/v2\/types\/post"}],"author":[{"embeddable":true,"href":"https:\/\/www.africa-press.net\/congo-brazzaville\/wp-json\/wp\/v2\/users\/82"}],"replies":[{"embeddable":true,"href":"https:\/\/www.africa-press.net\/congo-brazzaville\/wp-json\/wp\/v2\/comments?post=1523"}],"version-history":[{"count":0,"href":"https:\/\/www.africa-press.net\/congo-brazzaville\/wp-json\/wp\/v2\/posts\/1523\/revisions"}],"wp:featuredmedia":[{"embeddable":true,"href":"https:\/\/www.africa-press.net\/congo-brazzaville\/wp-json\/wp\/v2\/media\/1522"}],"wp:attachment":[{"href":"https:\/\/www.africa-press.net\/congo-brazzaville\/wp-json\/wp\/v2\/media?parent=1523"}],"wp:term":[{"taxonomy":"category","embeddable":true,"href":"https:\/\/www.africa-press.net\/congo-brazzaville\/wp-json\/wp\/v2\/categories?post=1523"},{"taxonomy":"post_tag","embeddable":true,"href":"https:\/\/www.africa-press.net\/congo-brazzaville\/wp-json\/wp\/v2\/tags?post=1523"}],"curies":[{"name":"wp","href":"https:\/\/api.w.org\/{rel}","templated":true}]}}