{"id":15236,"date":"2023-03-06T20:05:49","date_gmt":"2023-03-06T20:05:49","guid":{"rendered":"https:\/\/www.africa-press.net\/congo-brazzaville\/politique\/fespaco-2023-le-film-kundu-remporte-le-prix-red-sea-international"},"modified":"2023-03-06T21:45:09","modified_gmt":"2023-03-06T21:45:09","slug":"fespaco-2023-le-film-kundu-remporte-le-prix-red-sea-international","status":"publish","type":"post","link":"https:\/\/www.africa-press.net\/congo-brazzaville\/culture-et-art\/fespaco-2023-le-film-kundu-remporte-le-prix-red-sea-international","title":{"rendered":"Fespaco 2023 : le film \u00ab Kundu \u00bb remporte le prix Red Sea international"},"content":{"rendered":"<p><span style=\"color: #ff6600\"><strong>Africa-Press &#8211; Congo Brazzaville. <\/strong><\/span><b>Participant dans la cate\u0301gorie Yennenga post-production, le long-me\u0301trage en cours de pre\u0301paration \u00ab Kundu \u00bb a e\u0301te\u0301 sacre\u0301 prix Red Sea international festival, lors de la 28e e\u0301dition du Festival panafricain du cine\u0301ma et de la te\u0301le\u0301vision de Ouagadougou (Fespaco) qui s\u2019est tenue du 25 fe\u0301vrier au 4 mars au Burkina Faso, sur le the\u0300me \u00ab Cine\u0301mas d&rsquo;Afrique et culture de la paix \u00bb. <\/b><\/p>\n<p>Yennenga post-production est une initiative du Fespaco qui permet aux professionnels du septie\u0300me art de trouver des financements pour la finition de leur projet. En postulant dans cette cate\u0301gorie, trois prix sont de\u0301cerne\u0301s aux laure\u0301ats dont le prix Red Sea international festival. Ce dernier est une re\u0301compense qui permet d\u2019avoir des fonds et un accompagnement technique comme des bourses.<\/p>\n<p>\u00ab Comme vous le savez, notre industrie est quasiment inexistante. Ce film, re\u0301alise\u0301 par Ori Huchi Kozia et produit par La Forge Production dont je suis la directrice que je repre\u0301sente a\u0300 ce Fespaco 2023, a se\u0301duit le jury par son originalite\u0301 et sa pertinence par rapport aux sujets qu\u2019il aborde. \u00ab\u00a0Kundu\u00a0\u00bb est une fiction qui pourrait se lancer comme saga, afin de faire connai\u0302tre chaque personnage comme les Marvel mais en version africaine \u00bb, a fait savoir Armel Luyzo Mboumba, directrice de la Forge.<\/p>\n<p>Terme kongo de\u0301signant \u00ab myste\u0300re \u00bb en franc\u0327ais, \u00ab\u00a0Kundu\u00a0\u00bb est un film science-fiction afro-futuriste qui se veut premier du genre au Congo et qui entend repositionner le cine\u0301ma congolais sur l\u2019e\u0301chiquier international du septie\u0300me art.<\/p>\n<p>A en croire sa productrice, \u00ab\u00a0Kundu\u00a0\u00bb est a\u0300 100% congolais avec une e\u0301quipe de talentueux acteurs et techniciens. On y retrouve donc des habitue\u0301s qui connaissent bien la sce\u0300ne et le devant des came\u0301ras comme Mixiana Laba, Harvey Massamba, Harvin Ismael Bihani, Boris Mikala Il, Makita Bienvenue, Patrice Kivili, Serge Roger Mayama, Guerschom Gobouang, Stan Guy Matingou. Mais aussi des jeunes forme\u0301s a\u0300 la Forge production comme Cyr Sikou, Rinel Mpika Zahoud et Japhet Gedeon Kiakelo. A co\u0302te\u0301 de cette main-d\u2019\u0153uvre locale, dans la partie technique, \u00ab\u00a0Kundu\u00a0\u00bb connai\u0302t e\u0301galement la participation de Ce\u0301drick Mbongo de la Re\u0301publique de\u0301mocratique du Congo.<\/p>\n<p>Quoiqu\u2019en cours de production, Armel Luyzo Mboumba a de\u0301clare\u0301 qu\u2019il faudra attendre 2024 pour la sortie du film. \u00ab \u00ab\u00a0Kundu\u00a0\u00bb est un be\u0301be\u0301 qui arrive en douceur. Nous avons encore du travail sur ce projet, nous allons prendre tout le temps possible pour murir ce film afin qu\u2019il soit un produit fini et capable de compe\u0301tir avec les autres. A ce propos, je lance un appel aux structures qui souhaitent nous soutenir dans cette aventure car il nous faut refaire quelques images et trouver d\u2019autres techniciens afin de concourir, dans les deux prochaines anne\u0301es, a\u0300 la cate\u0301gorie Yennenga E\u0301talon d\u2019or \u00bb, a-t-elle indique\u0301.<\/p>\n<p>Dans l\u2019ensemble, cette premie\u0300re participation au Fespaco pour Armel et Ori s\u2019est acheve\u0301e sur une note positive. \u00ab Nous avons fait d\u2019excellentes rencontres comme producteurs, re\u0301alisateurs, distributeurs et autres, qui nous permettront de repenser notre cine\u0301ma en organisant des formations de renforcement de capacite\u0301s et pourquoi pas collaborer pour de futures productions et re\u0301alisations \u00bb, a confie\u0301 Armel Luyzo Mboumba.<\/p>\n<p><strong>Pour plus d&rsquo;informations et d&rsquo;analyses sur la <a href=\"https:\/\/www.africa-press.net\/congo-brazzaville\">Congo Brazzaville<\/a>, suivez <a href=\"https:\/\/www.africa-press.net\/\">Africa-Press<\/a><\/strong><\/p>\n","protected":false},"excerpt":{"rendered":"<p>Africa-Press &#8211; Congo Brazzaville. Participant dans la cate\u0301gorie Yennenga post-production, le long-me\u0301trage en cours de pre\u0301paration \u00ab Kundu \u00bb a e\u0301te\u0301 sacre\u0301 prix Red Sea international festival, lors de la 28e e\u0301dition du Festival panafricain du cine\u0301ma et de la te\u0301le\u0301vision de Ouagadougou (Fespaco) qui s\u2019est tenue du 25 fe\u0301vrier au 4 mars au Burkina [&hellip;]<\/p>\n","protected":false},"author":82,"featured_media":15235,"comment_status":"open","ping_status":"closed","sticky":false,"template":"","format":"standard","meta":{"footnotes":""},"categories":[5,10],"tags":[36,47,46],"class_list":["post-15236","post","type-post","status-publish","format-standard","has-post-thumbnail","hentry","category-culture-et-art","category-toutes-les-actualites","tag-africa-press","tag-africa-press-congo-brazzaville","tag-congo-brazzaville"],"yoast_head":"<!-- This site is optimized with the Yoast SEO Premium plugin v26.1 (Yoast SEO v27.0) - https:\/\/yoast.com\/product\/yoast-seo-premium-wordpress\/ -->\n<title>Fespaco 2023 : le film \u00ab Kundu \u00bb remporte le prix Red Sea international - Congo Brazzaville<\/title>\n<meta name=\"description\" content=\"Participant dans la cate\u0301gorie Yennenga post-production, le long-me\u0301trage en cours de pre\u0301paration \u00ab Kundu \u00bb a e\u0301te\u0301 ...Participant dans la cate\u0301gorie Yennenga post-production, le long-me\u0301trage en cours de pre\u0301paration \u00ab Kundu \u00bb a e\u0301te\u0301 ...\" \/>\n<meta name=\"robots\" content=\"index, follow, max-snippet:-1, max-image-preview:large, max-video-preview:-1\" \/>\n<link rel=\"canonical\" href=\"https:\/\/www.africa-press.net\/congo-brazzaville\/culture-et-art\/fespaco-2023-le-film-kundu-remporte-le-prix-red-sea-international\" \/>\n<meta property=\"og:locale\" content=\"fr_FR\" \/>\n<meta property=\"og:type\" content=\"article\" \/>\n<meta property=\"og:title\" content=\"Fespaco 2023 : le film \u00ab Kundu \u00bb remporte le prix Red Sea international\" \/>\n<meta property=\"og:description\" content=\"Participant dans la cate\u0301gorie Yennenga post-production, le long-me\u0301trage en cours de pre\u0301paration \u00ab Kundu \u00bb a e\u0301te\u0301 ...Participant dans la cate\u0301gorie Yennenga post-production, le long-me\u0301trage en cours de pre\u0301paration \u00ab Kundu \u00bb a e\u0301te\u0301 ...\" \/>\n<meta property=\"og:url\" content=\"https:\/\/www.africa-press.net\/congo-brazzaville\/culture-et-art\/fespaco-2023-le-film-kundu-remporte-le-prix-red-sea-international\" \/>\n<meta property=\"og:site_name\" content=\"Congo Brazzaville\" \/>\n<meta property=\"article:published_time\" content=\"2023-03-06T20:05:49+00:00\" \/>\n<meta property=\"article:modified_time\" content=\"2023-03-06T21:45:09+00:00\" \/>\n<meta property=\"og:image\" content=\"https:\/\/static.africa-press.net\/congo-brazzaville\/sites\/51\/2023\/03\/postQueueImg_1678120560.69.jpg\" \/>\n\t<meta property=\"og:image:width\" content=\"960\" \/>\n\t<meta property=\"og:image:height\" content=\"720\" \/>\n\t<meta property=\"og:image:type\" content=\"image\/jpeg\" \/>\n<meta name=\"author\" content=\"cfeditorfr\" \/>\n<meta name=\"twitter:card\" content=\"summary_large_image\" \/>\n<meta name=\"twitter:label1\" content=\"\u00c9crit par\" \/>\n\t<meta name=\"twitter:data1\" content=\"cfeditorfr\" \/>\n\t<meta name=\"twitter:label2\" content=\"Dur\u00e9e de lecture estim\u00e9e\" \/>\n\t<meta name=\"twitter:data2\" content=\"3 minutes\" \/>\n<script type=\"application\/ld+json\" class=\"yoast-schema-graph\">{\"@context\":\"https:\/\/schema.org\",\"@graph\":[{\"@type\":\"Article\",\"@id\":\"https:\/\/www.africa-press.net\/congo-brazzaville\/culture-et-art\/fespaco-2023-le-film-kundu-remporte-le-prix-red-sea-international#article\",\"isPartOf\":{\"@id\":\"https:\/\/www.africa-press.net\/congo-brazzaville\/culture-et-art\/fespaco-2023-le-film-kundu-remporte-le-prix-red-sea-international\"},\"author\":{\"name\":\"cfeditorfr\",\"@id\":\"https:\/\/www.africa-press.net\/congo-brazzaville\/#\/schema\/person\/2b1cf3cd81a31e3cd26889ca66d677f1\"},\"headline\":\"Fespaco 2023 : le film \u00ab Kundu \u00bb remporte le prix Red Sea international\",\"datePublished\":\"2023-03-06T20:05:49+00:00\",\"dateModified\":\"2023-03-06T21:45:09+00:00\",\"mainEntityOfPage\":{\"@id\":\"https:\/\/www.africa-press.net\/congo-brazzaville\/culture-et-art\/fespaco-2023-le-film-kundu-remporte-le-prix-red-sea-international\"},\"wordCount\":580,\"commentCount\":0,\"image\":{\"@id\":\"https:\/\/www.africa-press.net\/congo-brazzaville\/culture-et-art\/fespaco-2023-le-film-kundu-remporte-le-prix-red-sea-international#primaryimage\"},\"thumbnailUrl\":\"https:\/\/static.africa-press.net\/congo-brazzaville\/sites\/51\/2023\/03\/postQueueImg_1678120560.69.jpg\",\"keywords\":[\"Africa Press\",\"Africa Press-Congo Brazzaville\",\"Congo Brazzaville\"],\"articleSection\":[\"Culture et Art\",\"Toutes les actualit\u00e9s\"],\"inLanguage\":\"fr-FR\",\"potentialAction\":[{\"@type\":\"CommentAction\",\"name\":\"Comment\",\"target\":[\"https:\/\/www.africa-press.net\/congo-brazzaville\/culture-et-art\/fespaco-2023-le-film-kundu-remporte-le-prix-red-sea-international#respond\"]}]},{\"@type\":\"WebPage\",\"@id\":\"https:\/\/www.africa-press.net\/congo-brazzaville\/culture-et-art\/fespaco-2023-le-film-kundu-remporte-le-prix-red-sea-international\",\"url\":\"https:\/\/www.africa-press.net\/congo-brazzaville\/culture-et-art\/fespaco-2023-le-film-kundu-remporte-le-prix-red-sea-international\",\"name\":\"Fespaco 2023 : le film \u00ab Kundu \u00bb remporte le prix Red Sea international - Congo Brazzaville\",\"isPartOf\":{\"@id\":\"https:\/\/www.africa-press.net\/congo-brazzaville\/#website\"},\"primaryImageOfPage\":{\"@id\":\"https:\/\/www.africa-press.net\/congo-brazzaville\/culture-et-art\/fespaco-2023-le-film-kundu-remporte-le-prix-red-sea-international#primaryimage\"},\"image\":{\"@id\":\"https:\/\/www.africa-press.net\/congo-brazzaville\/culture-et-art\/fespaco-2023-le-film-kundu-remporte-le-prix-red-sea-international#primaryimage\"},\"thumbnailUrl\":\"https:\/\/static.africa-press.net\/congo-brazzaville\/sites\/51\/2023\/03\/postQueueImg_1678120560.69.jpg\",\"datePublished\":\"2023-03-06T20:05:49+00:00\",\"dateModified\":\"2023-03-06T21:45:09+00:00\",\"author\":{\"@id\":\"https:\/\/www.africa-press.net\/congo-brazzaville\/#\/schema\/person\/2b1cf3cd81a31e3cd26889ca66d677f1\"},\"description\":\"Participant dans la cate\u0301gorie Yennenga post-production, le long-me\u0301trage en cours de pre\u0301paration \u00ab Kundu \u00bb a e\u0301te\u0301 ...Participant dans la cate\u0301gorie Yennenga post-production, le long-me\u0301trage en cours de pre\u0301paration \u00ab Kundu \u00bb a e\u0301te\u0301 ...\",\"breadcrumb\":{\"@id\":\"https:\/\/www.africa-press.net\/congo-brazzaville\/culture-et-art\/fespaco-2023-le-film-kundu-remporte-le-prix-red-sea-international#breadcrumb\"},\"inLanguage\":\"fr-FR\",\"potentialAction\":[{\"@type\":\"ReadAction\",\"target\":[\"https:\/\/www.africa-press.net\/congo-brazzaville\/culture-et-art\/fespaco-2023-le-film-kundu-remporte-le-prix-red-sea-international\"]}]},{\"@type\":\"ImageObject\",\"inLanguage\":\"fr-FR\",\"@id\":\"https:\/\/www.africa-press.net\/congo-brazzaville\/culture-et-art\/fespaco-2023-le-film-kundu-remporte-le-prix-red-sea-international#primaryimage\",\"url\":\"https:\/\/static.africa-press.net\/congo-brazzaville\/sites\/51\/2023\/03\/postQueueImg_1678120560.69.jpg\",\"contentUrl\":\"https:\/\/static.africa-press.net\/congo-brazzaville\/sites\/51\/2023\/03\/postQueueImg_1678120560.69.jpg\",\"width\":960,\"height\":720,\"caption\":\"Fespaco 2023 : le film \u00ab Kundu \u00bb remporte le prix Red Sea international\"},{\"@type\":\"BreadcrumbList\",\"@id\":\"https:\/\/www.africa-press.net\/congo-brazzaville\/culture-et-art\/fespaco-2023-le-film-kundu-remporte-le-prix-red-sea-international#breadcrumb\",\"itemListElement\":[{\"@type\":\"ListItem\",\"position\":1,\"name\":\"Accueil\",\"item\":\"https:\/\/www.africa-press.net\/congo-brazzaville\/\"},{\"@type\":\"ListItem\",\"position\":2,\"name\":\"Fespaco 2023 : le film \u00ab Kundu \u00bb remporte le prix Red Sea international\"}]},{\"@type\":\"WebSite\",\"@id\":\"https:\/\/www.africa-press.net\/congo-brazzaville\/#website\",\"url\":\"https:\/\/www.africa-press.net\/congo-brazzaville\/\",\"name\":\"Congo Brazzaville\",\"description\":\"Just another Africa News Agency Sites site\",\"potentialAction\":[{\"@type\":\"SearchAction\",\"target\":{\"@type\":\"EntryPoint\",\"urlTemplate\":\"https:\/\/www.africa-press.net\/congo-brazzaville\/?s={search_term_string}\"},\"query-input\":{\"@type\":\"PropertyValueSpecification\",\"valueRequired\":true,\"valueName\":\"search_term_string\"}}],\"inLanguage\":\"fr-FR\"},{\"@type\":\"Person\",\"@id\":\"https:\/\/www.africa-press.net\/congo-brazzaville\/#\/schema\/person\/2b1cf3cd81a31e3cd26889ca66d677f1\",\"name\":\"cfeditorfr\"}]}<\/script>\n<!-- \/ Yoast SEO Premium plugin. -->","yoast_head_json":{"title":"Fespaco 2023 : le film \u00ab Kundu \u00bb remporte le prix Red Sea international - Congo Brazzaville","description":"Participant dans la cate\u0301gorie Yennenga post-production, le long-me\u0301trage en cours de pre\u0301paration \u00ab Kundu \u00bb a e\u0301te\u0301 ...Participant dans la cate\u0301gorie Yennenga post-production, le long-me\u0301trage en cours de pre\u0301paration \u00ab Kundu \u00bb a e\u0301te\u0301 ...","robots":{"index":"index","follow":"follow","max-snippet":"max-snippet:-1","max-image-preview":"max-image-preview:large","max-video-preview":"max-video-preview:-1"},"canonical":"https:\/\/www.africa-press.net\/congo-brazzaville\/culture-et-art\/fespaco-2023-le-film-kundu-remporte-le-prix-red-sea-international","og_locale":"fr_FR","og_type":"article","og_title":"Fespaco 2023 : le film \u00ab Kundu \u00bb remporte le prix Red Sea international","og_description":"Participant dans la cate\u0301gorie Yennenga post-production, le long-me\u0301trage en cours de pre\u0301paration \u00ab Kundu \u00bb a e\u0301te\u0301 ...Participant dans la cate\u0301gorie Yennenga post-production, le long-me\u0301trage en cours de pre\u0301paration \u00ab Kundu \u00bb a e\u0301te\u0301 ...","og_url":"https:\/\/www.africa-press.net\/congo-brazzaville\/culture-et-art\/fespaco-2023-le-film-kundu-remporte-le-prix-red-sea-international","og_site_name":"Congo Brazzaville","article_published_time":"2023-03-06T20:05:49+00:00","article_modified_time":"2023-03-06T21:45:09+00:00","og_image":[{"width":960,"height":720,"url":"https:\/\/static.africa-press.net\/congo-brazzaville\/sites\/51\/2023\/03\/postQueueImg_1678120560.69.jpg","type":"image\/jpeg"}],"author":"cfeditorfr","twitter_card":"summary_large_image","twitter_misc":{"\u00c9crit par":"cfeditorfr","Dur\u00e9e de lecture estim\u00e9e":"3 minutes"},"schema":{"@context":"https:\/\/schema.org","@graph":[{"@type":"Article","@id":"https:\/\/www.africa-press.net\/congo-brazzaville\/culture-et-art\/fespaco-2023-le-film-kundu-remporte-le-prix-red-sea-international#article","isPartOf":{"@id":"https:\/\/www.africa-press.net\/congo-brazzaville\/culture-et-art\/fespaco-2023-le-film-kundu-remporte-le-prix-red-sea-international"},"author":{"name":"cfeditorfr","@id":"https:\/\/www.africa-press.net\/congo-brazzaville\/#\/schema\/person\/2b1cf3cd81a31e3cd26889ca66d677f1"},"headline":"Fespaco 2023 : le film \u00ab Kundu \u00bb remporte le prix Red Sea international","datePublished":"2023-03-06T20:05:49+00:00","dateModified":"2023-03-06T21:45:09+00:00","mainEntityOfPage":{"@id":"https:\/\/www.africa-press.net\/congo-brazzaville\/culture-et-art\/fespaco-2023-le-film-kundu-remporte-le-prix-red-sea-international"},"wordCount":580,"commentCount":0,"image":{"@id":"https:\/\/www.africa-press.net\/congo-brazzaville\/culture-et-art\/fespaco-2023-le-film-kundu-remporte-le-prix-red-sea-international#primaryimage"},"thumbnailUrl":"https:\/\/static.africa-press.net\/congo-brazzaville\/sites\/51\/2023\/03\/postQueueImg_1678120560.69.jpg","keywords":["Africa Press","Africa Press-Congo Brazzaville","Congo Brazzaville"],"articleSection":["Culture et Art","Toutes les actualit\u00e9s"],"inLanguage":"fr-FR","potentialAction":[{"@type":"CommentAction","name":"Comment","target":["https:\/\/www.africa-press.net\/congo-brazzaville\/culture-et-art\/fespaco-2023-le-film-kundu-remporte-le-prix-red-sea-international#respond"]}]},{"@type":"WebPage","@id":"https:\/\/www.africa-press.net\/congo-brazzaville\/culture-et-art\/fespaco-2023-le-film-kundu-remporte-le-prix-red-sea-international","url":"https:\/\/www.africa-press.net\/congo-brazzaville\/culture-et-art\/fespaco-2023-le-film-kundu-remporte-le-prix-red-sea-international","name":"Fespaco 2023 : le film \u00ab Kundu \u00bb remporte le prix Red Sea international - Congo Brazzaville","isPartOf":{"@id":"https:\/\/www.africa-press.net\/congo-brazzaville\/#website"},"primaryImageOfPage":{"@id":"https:\/\/www.africa-press.net\/congo-brazzaville\/culture-et-art\/fespaco-2023-le-film-kundu-remporte-le-prix-red-sea-international#primaryimage"},"image":{"@id":"https:\/\/www.africa-press.net\/congo-brazzaville\/culture-et-art\/fespaco-2023-le-film-kundu-remporte-le-prix-red-sea-international#primaryimage"},"thumbnailUrl":"https:\/\/static.africa-press.net\/congo-brazzaville\/sites\/51\/2023\/03\/postQueueImg_1678120560.69.jpg","datePublished":"2023-03-06T20:05:49+00:00","dateModified":"2023-03-06T21:45:09+00:00","author":{"@id":"https:\/\/www.africa-press.net\/congo-brazzaville\/#\/schema\/person\/2b1cf3cd81a31e3cd26889ca66d677f1"},"description":"Participant dans la cate\u0301gorie Yennenga post-production, le long-me\u0301trage en cours de pre\u0301paration \u00ab Kundu \u00bb a e\u0301te\u0301 ...Participant dans la cate\u0301gorie Yennenga post-production, le long-me\u0301trage en cours de pre\u0301paration \u00ab Kundu \u00bb a e\u0301te\u0301 ...","breadcrumb":{"@id":"https:\/\/www.africa-press.net\/congo-brazzaville\/culture-et-art\/fespaco-2023-le-film-kundu-remporte-le-prix-red-sea-international#breadcrumb"},"inLanguage":"fr-FR","potentialAction":[{"@type":"ReadAction","target":["https:\/\/www.africa-press.net\/congo-brazzaville\/culture-et-art\/fespaco-2023-le-film-kundu-remporte-le-prix-red-sea-international"]}]},{"@type":"ImageObject","inLanguage":"fr-FR","@id":"https:\/\/www.africa-press.net\/congo-brazzaville\/culture-et-art\/fespaco-2023-le-film-kundu-remporte-le-prix-red-sea-international#primaryimage","url":"https:\/\/static.africa-press.net\/congo-brazzaville\/sites\/51\/2023\/03\/postQueueImg_1678120560.69.jpg","contentUrl":"https:\/\/static.africa-press.net\/congo-brazzaville\/sites\/51\/2023\/03\/postQueueImg_1678120560.69.jpg","width":960,"height":720,"caption":"Fespaco 2023 : le film \u00ab Kundu \u00bb remporte le prix Red Sea international"},{"@type":"BreadcrumbList","@id":"https:\/\/www.africa-press.net\/congo-brazzaville\/culture-et-art\/fespaco-2023-le-film-kundu-remporte-le-prix-red-sea-international#breadcrumb","itemListElement":[{"@type":"ListItem","position":1,"name":"Accueil","item":"https:\/\/www.africa-press.net\/congo-brazzaville\/"},{"@type":"ListItem","position":2,"name":"Fespaco 2023 : le film \u00ab Kundu \u00bb remporte le prix Red Sea international"}]},{"@type":"WebSite","@id":"https:\/\/www.africa-press.net\/congo-brazzaville\/#website","url":"https:\/\/www.africa-press.net\/congo-brazzaville\/","name":"Congo Brazzaville","description":"Just another Africa News Agency Sites site","potentialAction":[{"@type":"SearchAction","target":{"@type":"EntryPoint","urlTemplate":"https:\/\/www.africa-press.net\/congo-brazzaville\/?s={search_term_string}"},"query-input":{"@type":"PropertyValueSpecification","valueRequired":true,"valueName":"search_term_string"}}],"inLanguage":"fr-FR"},{"@type":"Person","@id":"https:\/\/www.africa-press.net\/congo-brazzaville\/#\/schema\/person\/2b1cf3cd81a31e3cd26889ca66d677f1","name":"cfeditorfr"}]}},"_links":{"self":[{"href":"https:\/\/www.africa-press.net\/congo-brazzaville\/wp-json\/wp\/v2\/posts\/15236","targetHints":{"allow":["GET"]}}],"collection":[{"href":"https:\/\/www.africa-press.net\/congo-brazzaville\/wp-json\/wp\/v2\/posts"}],"about":[{"href":"https:\/\/www.africa-press.net\/congo-brazzaville\/wp-json\/wp\/v2\/types\/post"}],"author":[{"embeddable":true,"href":"https:\/\/www.africa-press.net\/congo-brazzaville\/wp-json\/wp\/v2\/users\/82"}],"replies":[{"embeddable":true,"href":"https:\/\/www.africa-press.net\/congo-brazzaville\/wp-json\/wp\/v2\/comments?post=15236"}],"version-history":[{"count":0,"href":"https:\/\/www.africa-press.net\/congo-brazzaville\/wp-json\/wp\/v2\/posts\/15236\/revisions"}],"wp:featuredmedia":[{"embeddable":true,"href":"https:\/\/www.africa-press.net\/congo-brazzaville\/wp-json\/wp\/v2\/media\/15235"}],"wp:attachment":[{"href":"https:\/\/www.africa-press.net\/congo-brazzaville\/wp-json\/wp\/v2\/media?parent=15236"}],"wp:term":[{"taxonomy":"category","embeddable":true,"href":"https:\/\/www.africa-press.net\/congo-brazzaville\/wp-json\/wp\/v2\/categories?post=15236"},{"taxonomy":"post_tag","embeddable":true,"href":"https:\/\/www.africa-press.net\/congo-brazzaville\/wp-json\/wp\/v2\/tags?post=15236"}],"curies":[{"name":"wp","href":"https:\/\/api.w.org\/{rel}","templated":true}]}}