{"id":15238,"date":"2023-03-06T20:06:25","date_gmt":"2023-03-06T20:06:25","guid":{"rendered":"https:\/\/www.africa-press.net\/congo-brazzaville\/politique\/preparatifs-du-8-mars-la-jpdc-et-les-femmes-de-djiri-se-mobilisent"},"modified":"2023-03-06T21:45:45","modified_gmt":"2023-03-06T21:45:45","slug":"preparatifs-du-8-mars-la-jpdc-et-les-femmes-de-djiri-se-mobilisent","status":"publish","type":"post","link":"https:\/\/www.africa-press.net\/congo-brazzaville\/politique\/preparatifs-du-8-mars-la-jpdc-et-les-femmes-de-djiri-se-mobilisent","title":{"rendered":"Pr\u00e9paratifs du 8 mars : la JPDC et les femmes de Djiri se mobilisent"},"content":{"rendered":"<p><span style=\"color: #ff6600\"><strong>Africa-Press &#8211; Congo Brazzaville. <\/strong><\/span>La section Djiri de la Jeunesse du parti pour le de\u0301veloppement communautaire (JPDC), dirige\u0301e par Loi\u0308c Ghislain Inkouivou, a organise\u0301, le 4 mars, une rencontre de sensibilisation, d\u2019e\u0301change et d\u2019orientation sur le ro\u0302le de la femme dans la socie\u0301te\u0301.<\/p>\n<p>Les responsables de la JPDC, dont le pre\u0301sident Slash Kamongo ainsi que les membres du bureau de la section Djiri, ont, lors des e\u0301changes avec les femmes du neuvie\u0300me arrondissement, salue\u0301 le dynamisme de ces dernie\u0300res dans l\u2019accomplissement du programme de leur parti politique.<\/p>\n<p>Ils ont, en effet, parle\u0301 de la structuration du PDC Djiri, des pre\u0301paratifs de la ce\u0301le\u0301bration, le 8 mars, de la Journe\u0301e internationale des droits des femmes. A cet effet, les responsables de la section Djiri du PDC ont offert des pagnes aux femmes pre\u0301sentes a\u0300 la rencontre qui ont promis de ce\u0301le\u0301brer avec faste la fe\u0302te et profite\u0301 de ce moment pour e\u0301mettre leurs avis concernant la vie de ce parti politique.<\/p>\n<p><strong>Pour plus d&rsquo;informations et d&rsquo;analyses sur la <a href=\"https:\/\/www.africa-press.net\/congo-brazzaville\">Congo Brazzaville<\/a>, suivez <a href=\"https:\/\/www.africa-press.net\/\">Africa-Press<\/a><\/strong><\/p>\n","protected":false},"excerpt":{"rendered":"<p>Africa-Press &#8211; Congo Brazzaville. La section Djiri de la Jeunesse du parti pour le de\u0301veloppement communautaire (JPDC), dirige\u0301e par Loi\u0308c Ghislain Inkouivou, a organise\u0301, le 4 mars, une rencontre de sensibilisation, d\u2019e\u0301change et d\u2019orientation sur le ro\u0302le de la femme dans la socie\u0301te\u0301. Les responsables de la JPDC, dont le pre\u0301sident Slash Kamongo ainsi que [&hellip;]<\/p>\n","protected":false},"author":82,"featured_media":15237,"comment_status":"open","ping_status":"closed","sticky":false,"template":"","format":"standard","meta":{"footnotes":""},"categories":[2,10],"tags":[36,47,46],"class_list":["post-15238","post","type-post","status-publish","format-standard","has-post-thumbnail","hentry","category-politique","category-toutes-les-actualites","tag-africa-press","tag-africa-press-congo-brazzaville","tag-congo-brazzaville"],"yoast_head":"<!-- This site is optimized with the Yoast SEO Premium plugin v26.1 (Yoast SEO v27.0) - https:\/\/yoast.com\/product\/yoast-seo-premium-wordpress\/ -->\n<title>Pr\u00e9paratifs du 8 mars : la JPDC et les femmes de Djiri se mobilisent - Congo Brazzaville<\/title>\n<meta name=\"description\" content=\"La section Djiri de la Jeunesse du parti pour le de\u0301veloppement communautaire (JPDC), dirige\u0301e par Loi\u0308c Ghislain Inkoui ...\" \/>\n<meta name=\"robots\" content=\"index, follow, max-snippet:-1, max-image-preview:large, max-video-preview:-1\" \/>\n<link rel=\"canonical\" href=\"https:\/\/www.africa-press.net\/congo-brazzaville\/politique\/preparatifs-du-8-mars-la-jpdc-et-les-femmes-de-djiri-se-mobilisent\" \/>\n<meta property=\"og:locale\" content=\"fr_FR\" \/>\n<meta property=\"og:type\" content=\"article\" \/>\n<meta property=\"og:title\" content=\"Pr\u00e9paratifs du 8 mars : la JPDC et les femmes de Djiri se mobilisent\" \/>\n<meta property=\"og:description\" content=\"La section Djiri de la Jeunesse du parti pour le de\u0301veloppement communautaire (JPDC), dirige\u0301e par Loi\u0308c Ghislain Inkoui ...\" \/>\n<meta property=\"og:url\" content=\"https:\/\/www.africa-press.net\/congo-brazzaville\/politique\/preparatifs-du-8-mars-la-jpdc-et-les-femmes-de-djiri-se-mobilisent\" \/>\n<meta property=\"og:site_name\" content=\"Congo Brazzaville\" \/>\n<meta property=\"article:published_time\" content=\"2023-03-06T20:06:25+00:00\" \/>\n<meta property=\"article:modified_time\" content=\"2023-03-06T21:45:45+00:00\" \/>\n<meta property=\"og:image\" content=\"https:\/\/static.africa-press.net\/congo-brazzaville\/sites\/51\/2023\/03\/postQueueImg_1678120596.34.jpg\" \/>\n\t<meta property=\"og:image:width\" content=\"1155\" \/>\n\t<meta property=\"og:image:height\" content=\"768\" \/>\n\t<meta property=\"og:image:type\" content=\"image\/jpeg\" \/>\n<meta name=\"author\" content=\"cfeditorfr\" \/>\n<meta name=\"twitter:card\" content=\"summary_large_image\" \/>\n<meta name=\"twitter:label1\" content=\"\u00c9crit par\" \/>\n\t<meta name=\"twitter:data1\" content=\"cfeditorfr\" \/>\n\t<meta name=\"twitter:label2\" content=\"Dur\u00e9e de lecture estim\u00e9e\" \/>\n\t<meta name=\"twitter:data2\" content=\"1 minute\" \/>\n<script type=\"application\/ld+json\" class=\"yoast-schema-graph\">{\"@context\":\"https:\/\/schema.org\",\"@graph\":[{\"@type\":\"Article\",\"@id\":\"https:\/\/www.africa-press.net\/congo-brazzaville\/politique\/preparatifs-du-8-mars-la-jpdc-et-les-femmes-de-djiri-se-mobilisent#article\",\"isPartOf\":{\"@id\":\"https:\/\/www.africa-press.net\/congo-brazzaville\/politique\/preparatifs-du-8-mars-la-jpdc-et-les-femmes-de-djiri-se-mobilisent\"},\"author\":{\"name\":\"cfeditorfr\",\"@id\":\"https:\/\/www.africa-press.net\/congo-brazzaville\/#\/schema\/person\/2b1cf3cd81a31e3cd26889ca66d677f1\"},\"headline\":\"Pr\u00e9paratifs du 8 mars : la JPDC et les femmes de Djiri se mobilisent\",\"datePublished\":\"2023-03-06T20:06:25+00:00\",\"dateModified\":\"2023-03-06T21:45:45+00:00\",\"mainEntityOfPage\":{\"@id\":\"https:\/\/www.africa-press.net\/congo-brazzaville\/politique\/preparatifs-du-8-mars-la-jpdc-et-les-femmes-de-djiri-se-mobilisent\"},\"wordCount\":206,\"commentCount\":0,\"image\":{\"@id\":\"https:\/\/www.africa-press.net\/congo-brazzaville\/politique\/preparatifs-du-8-mars-la-jpdc-et-les-femmes-de-djiri-se-mobilisent#primaryimage\"},\"thumbnailUrl\":\"https:\/\/static.africa-press.net\/congo-brazzaville\/sites\/51\/2023\/03\/postQueueImg_1678120596.34.jpg\",\"keywords\":[\"Africa Press\",\"Africa Press-Congo Brazzaville\",\"Congo Brazzaville\"],\"articleSection\":[\"Politique\",\"Toutes les actualit\u00e9s\"],\"inLanguage\":\"fr-FR\",\"potentialAction\":[{\"@type\":\"CommentAction\",\"name\":\"Comment\",\"target\":[\"https:\/\/www.africa-press.net\/congo-brazzaville\/politique\/preparatifs-du-8-mars-la-jpdc-et-les-femmes-de-djiri-se-mobilisent#respond\"]}]},{\"@type\":\"WebPage\",\"@id\":\"https:\/\/www.africa-press.net\/congo-brazzaville\/politique\/preparatifs-du-8-mars-la-jpdc-et-les-femmes-de-djiri-se-mobilisent\",\"url\":\"https:\/\/www.africa-press.net\/congo-brazzaville\/politique\/preparatifs-du-8-mars-la-jpdc-et-les-femmes-de-djiri-se-mobilisent\",\"name\":\"Pr\u00e9paratifs du 8 mars : la JPDC et les femmes de Djiri se mobilisent - Congo Brazzaville\",\"isPartOf\":{\"@id\":\"https:\/\/www.africa-press.net\/congo-brazzaville\/#website\"},\"primaryImageOfPage\":{\"@id\":\"https:\/\/www.africa-press.net\/congo-brazzaville\/politique\/preparatifs-du-8-mars-la-jpdc-et-les-femmes-de-djiri-se-mobilisent#primaryimage\"},\"image\":{\"@id\":\"https:\/\/www.africa-press.net\/congo-brazzaville\/politique\/preparatifs-du-8-mars-la-jpdc-et-les-femmes-de-djiri-se-mobilisent#primaryimage\"},\"thumbnailUrl\":\"https:\/\/static.africa-press.net\/congo-brazzaville\/sites\/51\/2023\/03\/postQueueImg_1678120596.34.jpg\",\"datePublished\":\"2023-03-06T20:06:25+00:00\",\"dateModified\":\"2023-03-06T21:45:45+00:00\",\"author\":{\"@id\":\"https:\/\/www.africa-press.net\/congo-brazzaville\/#\/schema\/person\/2b1cf3cd81a31e3cd26889ca66d677f1\"},\"description\":\"La section Djiri de la Jeunesse du parti pour le de\u0301veloppement communautaire (JPDC), dirige\u0301e par Loi\u0308c Ghislain Inkoui ...\",\"breadcrumb\":{\"@id\":\"https:\/\/www.africa-press.net\/congo-brazzaville\/politique\/preparatifs-du-8-mars-la-jpdc-et-les-femmes-de-djiri-se-mobilisent#breadcrumb\"},\"inLanguage\":\"fr-FR\",\"potentialAction\":[{\"@type\":\"ReadAction\",\"target\":[\"https:\/\/www.africa-press.net\/congo-brazzaville\/politique\/preparatifs-du-8-mars-la-jpdc-et-les-femmes-de-djiri-se-mobilisent\"]}]},{\"@type\":\"ImageObject\",\"inLanguage\":\"fr-FR\",\"@id\":\"https:\/\/www.africa-press.net\/congo-brazzaville\/politique\/preparatifs-du-8-mars-la-jpdc-et-les-femmes-de-djiri-se-mobilisent#primaryimage\",\"url\":\"https:\/\/static.africa-press.net\/congo-brazzaville\/sites\/51\/2023\/03\/postQueueImg_1678120596.34.jpg\",\"contentUrl\":\"https:\/\/static.africa-press.net\/congo-brazzaville\/sites\/51\/2023\/03\/postQueueImg_1678120596.34.jpg\",\"width\":1155,\"height\":768,\"caption\":\"Pr\u00e9paratifs du 8 mars : la JPDC et les femmes de Djiri se mobilisent\"},{\"@type\":\"BreadcrumbList\",\"@id\":\"https:\/\/www.africa-press.net\/congo-brazzaville\/politique\/preparatifs-du-8-mars-la-jpdc-et-les-femmes-de-djiri-se-mobilisent#breadcrumb\",\"itemListElement\":[{\"@type\":\"ListItem\",\"position\":1,\"name\":\"Accueil\",\"item\":\"https:\/\/www.africa-press.net\/congo-brazzaville\/\"},{\"@type\":\"ListItem\",\"position\":2,\"name\":\"Pr\u00e9paratifs du 8 mars : la JPDC et les femmes de Djiri se mobilisent\"}]},{\"@type\":\"WebSite\",\"@id\":\"https:\/\/www.africa-press.net\/congo-brazzaville\/#website\",\"url\":\"https:\/\/www.africa-press.net\/congo-brazzaville\/\",\"name\":\"Congo Brazzaville\",\"description\":\"Just another Africa News Agency Sites site\",\"potentialAction\":[{\"@type\":\"SearchAction\",\"target\":{\"@type\":\"EntryPoint\",\"urlTemplate\":\"https:\/\/www.africa-press.net\/congo-brazzaville\/?s={search_term_string}\"},\"query-input\":{\"@type\":\"PropertyValueSpecification\",\"valueRequired\":true,\"valueName\":\"search_term_string\"}}],\"inLanguage\":\"fr-FR\"},{\"@type\":\"Person\",\"@id\":\"https:\/\/www.africa-press.net\/congo-brazzaville\/#\/schema\/person\/2b1cf3cd81a31e3cd26889ca66d677f1\",\"name\":\"cfeditorfr\"}]}<\/script>\n<!-- \/ Yoast SEO Premium plugin. -->","yoast_head_json":{"title":"Pr\u00e9paratifs du 8 mars : la JPDC et les femmes de Djiri se mobilisent - Congo Brazzaville","description":"La section Djiri de la Jeunesse du parti pour le de\u0301veloppement communautaire (JPDC), dirige\u0301e par Loi\u0308c Ghislain Inkoui ...","robots":{"index":"index","follow":"follow","max-snippet":"max-snippet:-1","max-image-preview":"max-image-preview:large","max-video-preview":"max-video-preview:-1"},"canonical":"https:\/\/www.africa-press.net\/congo-brazzaville\/politique\/preparatifs-du-8-mars-la-jpdc-et-les-femmes-de-djiri-se-mobilisent","og_locale":"fr_FR","og_type":"article","og_title":"Pr\u00e9paratifs du 8 mars : la JPDC et les femmes de Djiri se mobilisent","og_description":"La section Djiri de la Jeunesse du parti pour le de\u0301veloppement communautaire (JPDC), dirige\u0301e par Loi\u0308c Ghislain Inkoui ...","og_url":"https:\/\/www.africa-press.net\/congo-brazzaville\/politique\/preparatifs-du-8-mars-la-jpdc-et-les-femmes-de-djiri-se-mobilisent","og_site_name":"Congo Brazzaville","article_published_time":"2023-03-06T20:06:25+00:00","article_modified_time":"2023-03-06T21:45:45+00:00","og_image":[{"width":1155,"height":768,"url":"https:\/\/static.africa-press.net\/congo-brazzaville\/sites\/51\/2023\/03\/postQueueImg_1678120596.34.jpg","type":"image\/jpeg"}],"author":"cfeditorfr","twitter_card":"summary_large_image","twitter_misc":{"\u00c9crit par":"cfeditorfr","Dur\u00e9e de lecture estim\u00e9e":"1 minute"},"schema":{"@context":"https:\/\/schema.org","@graph":[{"@type":"Article","@id":"https:\/\/www.africa-press.net\/congo-brazzaville\/politique\/preparatifs-du-8-mars-la-jpdc-et-les-femmes-de-djiri-se-mobilisent#article","isPartOf":{"@id":"https:\/\/www.africa-press.net\/congo-brazzaville\/politique\/preparatifs-du-8-mars-la-jpdc-et-les-femmes-de-djiri-se-mobilisent"},"author":{"name":"cfeditorfr","@id":"https:\/\/www.africa-press.net\/congo-brazzaville\/#\/schema\/person\/2b1cf3cd81a31e3cd26889ca66d677f1"},"headline":"Pr\u00e9paratifs du 8 mars : la JPDC et les femmes de Djiri se mobilisent","datePublished":"2023-03-06T20:06:25+00:00","dateModified":"2023-03-06T21:45:45+00:00","mainEntityOfPage":{"@id":"https:\/\/www.africa-press.net\/congo-brazzaville\/politique\/preparatifs-du-8-mars-la-jpdc-et-les-femmes-de-djiri-se-mobilisent"},"wordCount":206,"commentCount":0,"image":{"@id":"https:\/\/www.africa-press.net\/congo-brazzaville\/politique\/preparatifs-du-8-mars-la-jpdc-et-les-femmes-de-djiri-se-mobilisent#primaryimage"},"thumbnailUrl":"https:\/\/static.africa-press.net\/congo-brazzaville\/sites\/51\/2023\/03\/postQueueImg_1678120596.34.jpg","keywords":["Africa Press","Africa Press-Congo Brazzaville","Congo Brazzaville"],"articleSection":["Politique","Toutes les actualit\u00e9s"],"inLanguage":"fr-FR","potentialAction":[{"@type":"CommentAction","name":"Comment","target":["https:\/\/www.africa-press.net\/congo-brazzaville\/politique\/preparatifs-du-8-mars-la-jpdc-et-les-femmes-de-djiri-se-mobilisent#respond"]}]},{"@type":"WebPage","@id":"https:\/\/www.africa-press.net\/congo-brazzaville\/politique\/preparatifs-du-8-mars-la-jpdc-et-les-femmes-de-djiri-se-mobilisent","url":"https:\/\/www.africa-press.net\/congo-brazzaville\/politique\/preparatifs-du-8-mars-la-jpdc-et-les-femmes-de-djiri-se-mobilisent","name":"Pr\u00e9paratifs du 8 mars : la JPDC et les femmes de Djiri se mobilisent - Congo Brazzaville","isPartOf":{"@id":"https:\/\/www.africa-press.net\/congo-brazzaville\/#website"},"primaryImageOfPage":{"@id":"https:\/\/www.africa-press.net\/congo-brazzaville\/politique\/preparatifs-du-8-mars-la-jpdc-et-les-femmes-de-djiri-se-mobilisent#primaryimage"},"image":{"@id":"https:\/\/www.africa-press.net\/congo-brazzaville\/politique\/preparatifs-du-8-mars-la-jpdc-et-les-femmes-de-djiri-se-mobilisent#primaryimage"},"thumbnailUrl":"https:\/\/static.africa-press.net\/congo-brazzaville\/sites\/51\/2023\/03\/postQueueImg_1678120596.34.jpg","datePublished":"2023-03-06T20:06:25+00:00","dateModified":"2023-03-06T21:45:45+00:00","author":{"@id":"https:\/\/www.africa-press.net\/congo-brazzaville\/#\/schema\/person\/2b1cf3cd81a31e3cd26889ca66d677f1"},"description":"La section Djiri de la Jeunesse du parti pour le de\u0301veloppement communautaire (JPDC), dirige\u0301e par Loi\u0308c Ghislain Inkoui ...","breadcrumb":{"@id":"https:\/\/www.africa-press.net\/congo-brazzaville\/politique\/preparatifs-du-8-mars-la-jpdc-et-les-femmes-de-djiri-se-mobilisent#breadcrumb"},"inLanguage":"fr-FR","potentialAction":[{"@type":"ReadAction","target":["https:\/\/www.africa-press.net\/congo-brazzaville\/politique\/preparatifs-du-8-mars-la-jpdc-et-les-femmes-de-djiri-se-mobilisent"]}]},{"@type":"ImageObject","inLanguage":"fr-FR","@id":"https:\/\/www.africa-press.net\/congo-brazzaville\/politique\/preparatifs-du-8-mars-la-jpdc-et-les-femmes-de-djiri-se-mobilisent#primaryimage","url":"https:\/\/static.africa-press.net\/congo-brazzaville\/sites\/51\/2023\/03\/postQueueImg_1678120596.34.jpg","contentUrl":"https:\/\/static.africa-press.net\/congo-brazzaville\/sites\/51\/2023\/03\/postQueueImg_1678120596.34.jpg","width":1155,"height":768,"caption":"Pr\u00e9paratifs du 8 mars : la JPDC et les femmes de Djiri se mobilisent"},{"@type":"BreadcrumbList","@id":"https:\/\/www.africa-press.net\/congo-brazzaville\/politique\/preparatifs-du-8-mars-la-jpdc-et-les-femmes-de-djiri-se-mobilisent#breadcrumb","itemListElement":[{"@type":"ListItem","position":1,"name":"Accueil","item":"https:\/\/www.africa-press.net\/congo-brazzaville\/"},{"@type":"ListItem","position":2,"name":"Pr\u00e9paratifs du 8 mars : la JPDC et les femmes de Djiri se mobilisent"}]},{"@type":"WebSite","@id":"https:\/\/www.africa-press.net\/congo-brazzaville\/#website","url":"https:\/\/www.africa-press.net\/congo-brazzaville\/","name":"Congo Brazzaville","description":"Just another Africa News Agency Sites site","potentialAction":[{"@type":"SearchAction","target":{"@type":"EntryPoint","urlTemplate":"https:\/\/www.africa-press.net\/congo-brazzaville\/?s={search_term_string}"},"query-input":{"@type":"PropertyValueSpecification","valueRequired":true,"valueName":"search_term_string"}}],"inLanguage":"fr-FR"},{"@type":"Person","@id":"https:\/\/www.africa-press.net\/congo-brazzaville\/#\/schema\/person\/2b1cf3cd81a31e3cd26889ca66d677f1","name":"cfeditorfr"}]}},"_links":{"self":[{"href":"https:\/\/www.africa-press.net\/congo-brazzaville\/wp-json\/wp\/v2\/posts\/15238","targetHints":{"allow":["GET"]}}],"collection":[{"href":"https:\/\/www.africa-press.net\/congo-brazzaville\/wp-json\/wp\/v2\/posts"}],"about":[{"href":"https:\/\/www.africa-press.net\/congo-brazzaville\/wp-json\/wp\/v2\/types\/post"}],"author":[{"embeddable":true,"href":"https:\/\/www.africa-press.net\/congo-brazzaville\/wp-json\/wp\/v2\/users\/82"}],"replies":[{"embeddable":true,"href":"https:\/\/www.africa-press.net\/congo-brazzaville\/wp-json\/wp\/v2\/comments?post=15238"}],"version-history":[{"count":0,"href":"https:\/\/www.africa-press.net\/congo-brazzaville\/wp-json\/wp\/v2\/posts\/15238\/revisions"}],"wp:featuredmedia":[{"embeddable":true,"href":"https:\/\/www.africa-press.net\/congo-brazzaville\/wp-json\/wp\/v2\/media\/15237"}],"wp:attachment":[{"href":"https:\/\/www.africa-press.net\/congo-brazzaville\/wp-json\/wp\/v2\/media?parent=15238"}],"wp:term":[{"taxonomy":"category","embeddable":true,"href":"https:\/\/www.africa-press.net\/congo-brazzaville\/wp-json\/wp\/v2\/categories?post=15238"},{"taxonomy":"post_tag","embeddable":true,"href":"https:\/\/www.africa-press.net\/congo-brazzaville\/wp-json\/wp\/v2\/tags?post=15238"}],"curies":[{"name":"wp","href":"https:\/\/api.w.org\/{rel}","templated":true}]}}