{"id":15242,"date":"2023-03-06T20:07:09","date_gmt":"2023-03-06T20:07:09","guid":{"rendered":"https:\/\/www.africa-press.net\/congo-brazzaville\/politique\/afrique-centrale-les-administrations-douanieres-evaluent-les-defis-de-suivi-des-exonerations"},"modified":"2023-03-06T21:47:35","modified_gmt":"2023-03-06T21:47:35","slug":"afrique-centrale-les-administrations-douanieres-evaluent-les-defis-de-suivi-des-exonerations","status":"publish","type":"post","link":"https:\/\/www.africa-press.net\/congo-brazzaville\/economie\/afrique-centrale-les-administrations-douanieres-evaluent-les-defis-de-suivi-des-exonerations","title":{"rendered":"Afrique centrale : les administrations douani\u00e8res \u00e9valuent les d\u00e9fis de suivi des exon\u00e9rations"},"content":{"rendered":"<p><span style=\"color: #ff6600\"><strong>Africa-Press &#8211; Congo Brazzaville. <\/strong><\/span><b>Le Centre re\u0301gional de renforcement des capacite\u0301s du Fonds mone\u0301taire international pour l\u2019Afrique centrale (Afritac centre) organise, du 6 au 9 mars a\u0300 Brazzaville, un atelier re\u0301gional au profit des administrations des douanes de la sous-re\u0301gion, en matie\u0300re de suivi et de contro\u0302le des exone\u0301rations des droits et taxes ainsi que des re\u0301gimes suspensifs douaniers.<\/b><\/p>\n<p>L\u2019objectif de l&rsquo;atelier est de renforcer la collaboration entre les services compe\u0301tents des douanes de l\u2019Afrique centrale et permettre aux participants d\u2019e\u0301valuer ensemble les strate\u0301gies et mesures pratiques que leurs administrations mettent en \u0153uvre pour ame\u0301liorer la gestion, le suivi et le contro\u0302le des exone\u0301rations ainsi que des re\u0301gimes suspensifs douaniers.<\/p>\n<p>Cela leur permettra d\u2019impulser les mesures pertinentes au niveau national. L\u2019atelier formulera aussi des recommandations visant a\u0300 harmoniser davantage le cadre juridique et les proce\u0301dures pertinentes au niveau re\u0301gional.<\/p>\n<p>Sensibiliser les douanes de la Communaute\u0301 e\u0301conomique et mone\u0301taire de l&rsquo;Afrque centrale (Ce\u0301mac) aux nouvelles exigences (79 et 333) du code des douanes communautaires relatives a\u0300 l\u2019exone\u0301ration sous condition de destination particulie\u0300re, appuyer les douanes de la Ce\u0301mac a\u0300 de\u0301velopper et consolider les instruments de mise en place de l\u2019union, assister les douanes de la communaute\u0301 d\u2019Afrique de l\u2019Est ( Burundi et Re\u0301publique de\u0301mocratique du Congo) font e\u0301galement partie de cet atelier re\u0301gional.<\/p>\n<p>\u00abPour appuyer leurs programmes d\u2019investissements, de lutte contre la vie che\u0300re, en faveur des industries extractives, les gouvernements ont autorise\u0301 des exone\u0301rations. Malheureusement, les douanes des pays concerne\u0301s ne disposent pas toujours des expe\u0301riences, connaissances, outils et ressources ne\u0301cessaires pour suivre et contro\u0302ler effectivement ces mesures, source de fraudes et de pertes de recettes supple\u0301mentaires \u00bb, a explique\u0301 le conseiller en administration douanie\u0300re Afritac Centre, Bernard Zbinden.<\/p>\n<p>\u00ab Conside\u0301rant les ressources insuffisantes pour contro\u0302ler toutes les importations et compte tenu du besoin de mettre en \u0153uvre les engagements des gouvernements visant la facilitation du commerce, notamment au niveau de l\u2019Union africaine, ces mesures de suivi et contro\u0302le doivent e\u0302tre cible\u0301es et recourir a\u0300 une gestion des risques adapte\u0301e a\u0300 l\u2019environnement et aux re\u0301alite\u0301s du pays concerne\u0301 \u00bb, a-t-il releve\u0301.<\/p>\n<p>Pre\u0301sidant la ce\u0301re\u0301monie d\u2019ouverture, le ministre de l\u2019Economie et des Finances, Jean Baptiste Ondaye, a indique\u0301 qu\u2019il e\u0301tait le\u0301gitime pour les Etats de recourir aux exone\u0301rations et aux re\u0301gimes suspensifs dans la mise en \u0153uvre de leurs politiques de de\u0301veloppement e\u0301conomique et social. Cependant, a-t-il poursuivi, la pratique douanie\u0300re met en e\u0301vidence certaines faiblesses dans la mai\u0302trise du cycle de vie des re\u0301gimes de\u0301rogatoires.<\/p>\n<p>\u00ab L\u2019atelier de Brazzaville a vocation principalement a\u0300 renforcer les capacite\u0301s des gestionnaires et principaux collaborateurs des structures en charge du suivi des exone\u0301rations et des re\u0301gimes suspensifs \u00bb, a de\u0301clare\u0301 le ministre de l\u2019Economie et des Finances.<\/p>\n<p>Rappelons qu\u2019en 2022, Afritac avait organise\u0301 deux activite\u0301s d\u2019appui national au profit de la douane congolaise. Celles-ci portaient sur l\u2019inter connectivite\u0301 avec les autres douanes de la Ce\u0301mac puis sur le suivi et le contro\u0302le des exone\u0301rations et des re\u0301gimes suspensifs par la Direction ge\u0301ne\u0301rale des douanes et des droits indirects.<\/p>\n<p><strong>Pour plus d&rsquo;informations et d&rsquo;analyses sur la <a href=\"https:\/\/www.africa-press.net\/congo-brazzaville\">Congo Brazzaville<\/a>, suivez <a href=\"https:\/\/www.africa-press.net\/\">Africa-Press<\/a><\/strong><\/p>\n","protected":false},"excerpt":{"rendered":"<p>Africa-Press &#8211; Congo Brazzaville. Le Centre re\u0301gional de renforcement des capacite\u0301s du Fonds mone\u0301taire international pour l\u2019Afrique centrale (Afritac centre) organise, du 6 au 9 mars a\u0300 Brazzaville, un atelier re\u0301gional au profit des administrations des douanes de la sous-re\u0301gion, en matie\u0300re de suivi et de contro\u0302le des exone\u0301rations des droits et taxes ainsi que [&hellip;]<\/p>\n","protected":false},"author":82,"featured_media":15241,"comment_status":"open","ping_status":"closed","sticky":false,"template":"","format":"standard","meta":{"footnotes":""},"categories":[3,10],"tags":[36,47,46],"class_list":["post-15242","post","type-post","status-publish","format-standard","has-post-thumbnail","hentry","category-economie","category-toutes-les-actualites","tag-africa-press","tag-africa-press-congo-brazzaville","tag-congo-brazzaville"],"yoast_head":"<!-- This site is optimized with the Yoast SEO Premium plugin v26.1 (Yoast SEO v27.0) - https:\/\/yoast.com\/product\/yoast-seo-premium-wordpress\/ -->\n<title>Afrique centrale : les administrations douani\u00e8res \u00e9valuent les d\u00e9fis de suivi des exon\u00e9rations - Congo Brazzaville<\/title>\n<meta name=\"description\" content=\"Le Centre re\u0301gional de renforcement des capacite\u0301s du Fonds mone\u0301taire international pour l\u2019Afrique centrale (Afritac ...\" \/>\n<meta name=\"robots\" content=\"index, follow, max-snippet:-1, max-image-preview:large, max-video-preview:-1\" \/>\n<link rel=\"canonical\" href=\"https:\/\/www.africa-press.net\/congo-brazzaville\/economie\/afrique-centrale-les-administrations-douanieres-evaluent-les-defis-de-suivi-des-exonerations\" \/>\n<meta property=\"og:locale\" content=\"fr_FR\" \/>\n<meta property=\"og:type\" content=\"article\" \/>\n<meta property=\"og:title\" content=\"Afrique centrale : les administrations douani\u00e8res \u00e9valuent les d\u00e9fis de suivi des exon\u00e9rations\" \/>\n<meta property=\"og:description\" content=\"Le Centre re\u0301gional de renforcement des capacite\u0301s du Fonds mone\u0301taire international pour l\u2019Afrique centrale (Afritac ...\" \/>\n<meta property=\"og:url\" content=\"https:\/\/www.africa-press.net\/congo-brazzaville\/economie\/afrique-centrale-les-administrations-douanieres-evaluent-les-defis-de-suivi-des-exonerations\" \/>\n<meta property=\"og:site_name\" content=\"Congo Brazzaville\" \/>\n<meta property=\"article:published_time\" content=\"2023-03-06T20:07:09+00:00\" \/>\n<meta property=\"article:modified_time\" content=\"2023-03-06T21:47:35+00:00\" \/>\n<meta property=\"og:image\" content=\"https:\/\/static.africa-press.net\/congo-brazzaville\/sites\/51\/2023\/03\/postQueueImg_1678120634.32.jpg\" \/>\n\t<meta property=\"og:image:width\" content=\"1155\" \/>\n\t<meta property=\"og:image:height\" content=\"768\" \/>\n\t<meta property=\"og:image:type\" content=\"image\/jpeg\" \/>\n<meta name=\"author\" content=\"cfeditorfr\" \/>\n<meta name=\"twitter:card\" content=\"summary_large_image\" \/>\n<meta name=\"twitter:label1\" content=\"\u00c9crit par\" \/>\n\t<meta name=\"twitter:data1\" content=\"cfeditorfr\" \/>\n\t<meta name=\"twitter:label2\" content=\"Dur\u00e9e de lecture estim\u00e9e\" \/>\n\t<meta name=\"twitter:data2\" content=\"3 minutes\" \/>\n<script type=\"application\/ld+json\" class=\"yoast-schema-graph\">{\"@context\":\"https:\/\/schema.org\",\"@graph\":[{\"@type\":\"Article\",\"@id\":\"https:\/\/www.africa-press.net\/congo-brazzaville\/economie\/afrique-centrale-les-administrations-douanieres-evaluent-les-defis-de-suivi-des-exonerations#article\",\"isPartOf\":{\"@id\":\"https:\/\/www.africa-press.net\/congo-brazzaville\/economie\/afrique-centrale-les-administrations-douanieres-evaluent-les-defis-de-suivi-des-exonerations\"},\"author\":{\"name\":\"cfeditorfr\",\"@id\":\"https:\/\/www.africa-press.net\/congo-brazzaville\/#\/schema\/person\/2b1cf3cd81a31e3cd26889ca66d677f1\"},\"headline\":\"Afrique centrale : les administrations douani\u00e8res \u00e9valuent les d\u00e9fis de suivi des exon\u00e9rations\",\"datePublished\":\"2023-03-06T20:07:09+00:00\",\"dateModified\":\"2023-03-06T21:47:35+00:00\",\"mainEntityOfPage\":{\"@id\":\"https:\/\/www.africa-press.net\/congo-brazzaville\/economie\/afrique-centrale-les-administrations-douanieres-evaluent-les-defis-de-suivi-des-exonerations\"},\"wordCount\":604,\"commentCount\":0,\"image\":{\"@id\":\"https:\/\/www.africa-press.net\/congo-brazzaville\/economie\/afrique-centrale-les-administrations-douanieres-evaluent-les-defis-de-suivi-des-exonerations#primaryimage\"},\"thumbnailUrl\":\"https:\/\/static.africa-press.net\/congo-brazzaville\/sites\/51\/2023\/03\/postQueueImg_1678120634.32.jpg\",\"keywords\":[\"Africa Press\",\"Africa Press-Congo Brazzaville\",\"Congo Brazzaville\"],\"articleSection\":[\"\u00c9conomie\",\"Toutes les actualit\u00e9s\"],\"inLanguage\":\"fr-FR\",\"potentialAction\":[{\"@type\":\"CommentAction\",\"name\":\"Comment\",\"target\":[\"https:\/\/www.africa-press.net\/congo-brazzaville\/economie\/afrique-centrale-les-administrations-douanieres-evaluent-les-defis-de-suivi-des-exonerations#respond\"]}]},{\"@type\":\"WebPage\",\"@id\":\"https:\/\/www.africa-press.net\/congo-brazzaville\/economie\/afrique-centrale-les-administrations-douanieres-evaluent-les-defis-de-suivi-des-exonerations\",\"url\":\"https:\/\/www.africa-press.net\/congo-brazzaville\/economie\/afrique-centrale-les-administrations-douanieres-evaluent-les-defis-de-suivi-des-exonerations\",\"name\":\"Afrique centrale : les administrations douani\u00e8res \u00e9valuent les d\u00e9fis de suivi des exon\u00e9rations - Congo Brazzaville\",\"isPartOf\":{\"@id\":\"https:\/\/www.africa-press.net\/congo-brazzaville\/#website\"},\"primaryImageOfPage\":{\"@id\":\"https:\/\/www.africa-press.net\/congo-brazzaville\/economie\/afrique-centrale-les-administrations-douanieres-evaluent-les-defis-de-suivi-des-exonerations#primaryimage\"},\"image\":{\"@id\":\"https:\/\/www.africa-press.net\/congo-brazzaville\/economie\/afrique-centrale-les-administrations-douanieres-evaluent-les-defis-de-suivi-des-exonerations#primaryimage\"},\"thumbnailUrl\":\"https:\/\/static.africa-press.net\/congo-brazzaville\/sites\/51\/2023\/03\/postQueueImg_1678120634.32.jpg\",\"datePublished\":\"2023-03-06T20:07:09+00:00\",\"dateModified\":\"2023-03-06T21:47:35+00:00\",\"author\":{\"@id\":\"https:\/\/www.africa-press.net\/congo-brazzaville\/#\/schema\/person\/2b1cf3cd81a31e3cd26889ca66d677f1\"},\"description\":\"Le Centre re\u0301gional de renforcement des capacite\u0301s du Fonds mone\u0301taire international pour l\u2019Afrique centrale (Afritac ...\",\"breadcrumb\":{\"@id\":\"https:\/\/www.africa-press.net\/congo-brazzaville\/economie\/afrique-centrale-les-administrations-douanieres-evaluent-les-defis-de-suivi-des-exonerations#breadcrumb\"},\"inLanguage\":\"fr-FR\",\"potentialAction\":[{\"@type\":\"ReadAction\",\"target\":[\"https:\/\/www.africa-press.net\/congo-brazzaville\/economie\/afrique-centrale-les-administrations-douanieres-evaluent-les-defis-de-suivi-des-exonerations\"]}]},{\"@type\":\"ImageObject\",\"inLanguage\":\"fr-FR\",\"@id\":\"https:\/\/www.africa-press.net\/congo-brazzaville\/economie\/afrique-centrale-les-administrations-douanieres-evaluent-les-defis-de-suivi-des-exonerations#primaryimage\",\"url\":\"https:\/\/static.africa-press.net\/congo-brazzaville\/sites\/51\/2023\/03\/postQueueImg_1678120634.32.jpg\",\"contentUrl\":\"https:\/\/static.africa-press.net\/congo-brazzaville\/sites\/51\/2023\/03\/postQueueImg_1678120634.32.jpg\",\"width\":1155,\"height\":768,\"caption\":\"Afrique centrale : les administrations douani\u00e8res \u00e9valuent les d\u00e9fis de suivi des exon\u00e9rations\"},{\"@type\":\"BreadcrumbList\",\"@id\":\"https:\/\/www.africa-press.net\/congo-brazzaville\/economie\/afrique-centrale-les-administrations-douanieres-evaluent-les-defis-de-suivi-des-exonerations#breadcrumb\",\"itemListElement\":[{\"@type\":\"ListItem\",\"position\":1,\"name\":\"Accueil\",\"item\":\"https:\/\/www.africa-press.net\/congo-brazzaville\/\"},{\"@type\":\"ListItem\",\"position\":2,\"name\":\"Afrique centrale : les administrations douani\u00e8res \u00e9valuent les d\u00e9fis de suivi des exon\u00e9rations\"}]},{\"@type\":\"WebSite\",\"@id\":\"https:\/\/www.africa-press.net\/congo-brazzaville\/#website\",\"url\":\"https:\/\/www.africa-press.net\/congo-brazzaville\/\",\"name\":\"Congo Brazzaville\",\"description\":\"Just another Africa News Agency Sites site\",\"potentialAction\":[{\"@type\":\"SearchAction\",\"target\":{\"@type\":\"EntryPoint\",\"urlTemplate\":\"https:\/\/www.africa-press.net\/congo-brazzaville\/?s={search_term_string}\"},\"query-input\":{\"@type\":\"PropertyValueSpecification\",\"valueRequired\":true,\"valueName\":\"search_term_string\"}}],\"inLanguage\":\"fr-FR\"},{\"@type\":\"Person\",\"@id\":\"https:\/\/www.africa-press.net\/congo-brazzaville\/#\/schema\/person\/2b1cf3cd81a31e3cd26889ca66d677f1\",\"name\":\"cfeditorfr\"}]}<\/script>\n<!-- \/ Yoast SEO Premium plugin. -->","yoast_head_json":{"title":"Afrique centrale : les administrations douani\u00e8res \u00e9valuent les d\u00e9fis de suivi des exon\u00e9rations - Congo Brazzaville","description":"Le Centre re\u0301gional de renforcement des capacite\u0301s du Fonds mone\u0301taire international pour l\u2019Afrique centrale (Afritac ...","robots":{"index":"index","follow":"follow","max-snippet":"max-snippet:-1","max-image-preview":"max-image-preview:large","max-video-preview":"max-video-preview:-1"},"canonical":"https:\/\/www.africa-press.net\/congo-brazzaville\/economie\/afrique-centrale-les-administrations-douanieres-evaluent-les-defis-de-suivi-des-exonerations","og_locale":"fr_FR","og_type":"article","og_title":"Afrique centrale : les administrations douani\u00e8res \u00e9valuent les d\u00e9fis de suivi des exon\u00e9rations","og_description":"Le Centre re\u0301gional de renforcement des capacite\u0301s du Fonds mone\u0301taire international pour l\u2019Afrique centrale (Afritac ...","og_url":"https:\/\/www.africa-press.net\/congo-brazzaville\/economie\/afrique-centrale-les-administrations-douanieres-evaluent-les-defis-de-suivi-des-exonerations","og_site_name":"Congo Brazzaville","article_published_time":"2023-03-06T20:07:09+00:00","article_modified_time":"2023-03-06T21:47:35+00:00","og_image":[{"width":1155,"height":768,"url":"https:\/\/static.africa-press.net\/congo-brazzaville\/sites\/51\/2023\/03\/postQueueImg_1678120634.32.jpg","type":"image\/jpeg"}],"author":"cfeditorfr","twitter_card":"summary_large_image","twitter_misc":{"\u00c9crit par":"cfeditorfr","Dur\u00e9e de lecture estim\u00e9e":"3 minutes"},"schema":{"@context":"https:\/\/schema.org","@graph":[{"@type":"Article","@id":"https:\/\/www.africa-press.net\/congo-brazzaville\/economie\/afrique-centrale-les-administrations-douanieres-evaluent-les-defis-de-suivi-des-exonerations#article","isPartOf":{"@id":"https:\/\/www.africa-press.net\/congo-brazzaville\/economie\/afrique-centrale-les-administrations-douanieres-evaluent-les-defis-de-suivi-des-exonerations"},"author":{"name":"cfeditorfr","@id":"https:\/\/www.africa-press.net\/congo-brazzaville\/#\/schema\/person\/2b1cf3cd81a31e3cd26889ca66d677f1"},"headline":"Afrique centrale : les administrations douani\u00e8res \u00e9valuent les d\u00e9fis de suivi des exon\u00e9rations","datePublished":"2023-03-06T20:07:09+00:00","dateModified":"2023-03-06T21:47:35+00:00","mainEntityOfPage":{"@id":"https:\/\/www.africa-press.net\/congo-brazzaville\/economie\/afrique-centrale-les-administrations-douanieres-evaluent-les-defis-de-suivi-des-exonerations"},"wordCount":604,"commentCount":0,"image":{"@id":"https:\/\/www.africa-press.net\/congo-brazzaville\/economie\/afrique-centrale-les-administrations-douanieres-evaluent-les-defis-de-suivi-des-exonerations#primaryimage"},"thumbnailUrl":"https:\/\/static.africa-press.net\/congo-brazzaville\/sites\/51\/2023\/03\/postQueueImg_1678120634.32.jpg","keywords":["Africa Press","Africa Press-Congo Brazzaville","Congo Brazzaville"],"articleSection":["\u00c9conomie","Toutes les actualit\u00e9s"],"inLanguage":"fr-FR","potentialAction":[{"@type":"CommentAction","name":"Comment","target":["https:\/\/www.africa-press.net\/congo-brazzaville\/economie\/afrique-centrale-les-administrations-douanieres-evaluent-les-defis-de-suivi-des-exonerations#respond"]}]},{"@type":"WebPage","@id":"https:\/\/www.africa-press.net\/congo-brazzaville\/economie\/afrique-centrale-les-administrations-douanieres-evaluent-les-defis-de-suivi-des-exonerations","url":"https:\/\/www.africa-press.net\/congo-brazzaville\/economie\/afrique-centrale-les-administrations-douanieres-evaluent-les-defis-de-suivi-des-exonerations","name":"Afrique centrale : les administrations douani\u00e8res \u00e9valuent les d\u00e9fis de suivi des exon\u00e9rations - Congo Brazzaville","isPartOf":{"@id":"https:\/\/www.africa-press.net\/congo-brazzaville\/#website"},"primaryImageOfPage":{"@id":"https:\/\/www.africa-press.net\/congo-brazzaville\/economie\/afrique-centrale-les-administrations-douanieres-evaluent-les-defis-de-suivi-des-exonerations#primaryimage"},"image":{"@id":"https:\/\/www.africa-press.net\/congo-brazzaville\/economie\/afrique-centrale-les-administrations-douanieres-evaluent-les-defis-de-suivi-des-exonerations#primaryimage"},"thumbnailUrl":"https:\/\/static.africa-press.net\/congo-brazzaville\/sites\/51\/2023\/03\/postQueueImg_1678120634.32.jpg","datePublished":"2023-03-06T20:07:09+00:00","dateModified":"2023-03-06T21:47:35+00:00","author":{"@id":"https:\/\/www.africa-press.net\/congo-brazzaville\/#\/schema\/person\/2b1cf3cd81a31e3cd26889ca66d677f1"},"description":"Le Centre re\u0301gional de renforcement des capacite\u0301s du Fonds mone\u0301taire international pour l\u2019Afrique centrale (Afritac ...","breadcrumb":{"@id":"https:\/\/www.africa-press.net\/congo-brazzaville\/economie\/afrique-centrale-les-administrations-douanieres-evaluent-les-defis-de-suivi-des-exonerations#breadcrumb"},"inLanguage":"fr-FR","potentialAction":[{"@type":"ReadAction","target":["https:\/\/www.africa-press.net\/congo-brazzaville\/economie\/afrique-centrale-les-administrations-douanieres-evaluent-les-defis-de-suivi-des-exonerations"]}]},{"@type":"ImageObject","inLanguage":"fr-FR","@id":"https:\/\/www.africa-press.net\/congo-brazzaville\/economie\/afrique-centrale-les-administrations-douanieres-evaluent-les-defis-de-suivi-des-exonerations#primaryimage","url":"https:\/\/static.africa-press.net\/congo-brazzaville\/sites\/51\/2023\/03\/postQueueImg_1678120634.32.jpg","contentUrl":"https:\/\/static.africa-press.net\/congo-brazzaville\/sites\/51\/2023\/03\/postQueueImg_1678120634.32.jpg","width":1155,"height":768,"caption":"Afrique centrale : les administrations douani\u00e8res \u00e9valuent les d\u00e9fis de suivi des exon\u00e9rations"},{"@type":"BreadcrumbList","@id":"https:\/\/www.africa-press.net\/congo-brazzaville\/economie\/afrique-centrale-les-administrations-douanieres-evaluent-les-defis-de-suivi-des-exonerations#breadcrumb","itemListElement":[{"@type":"ListItem","position":1,"name":"Accueil","item":"https:\/\/www.africa-press.net\/congo-brazzaville\/"},{"@type":"ListItem","position":2,"name":"Afrique centrale : les administrations douani\u00e8res \u00e9valuent les d\u00e9fis de suivi des exon\u00e9rations"}]},{"@type":"WebSite","@id":"https:\/\/www.africa-press.net\/congo-brazzaville\/#website","url":"https:\/\/www.africa-press.net\/congo-brazzaville\/","name":"Congo Brazzaville","description":"Just another Africa News Agency Sites site","potentialAction":[{"@type":"SearchAction","target":{"@type":"EntryPoint","urlTemplate":"https:\/\/www.africa-press.net\/congo-brazzaville\/?s={search_term_string}"},"query-input":{"@type":"PropertyValueSpecification","valueRequired":true,"valueName":"search_term_string"}}],"inLanguage":"fr-FR"},{"@type":"Person","@id":"https:\/\/www.africa-press.net\/congo-brazzaville\/#\/schema\/person\/2b1cf3cd81a31e3cd26889ca66d677f1","name":"cfeditorfr"}]}},"_links":{"self":[{"href":"https:\/\/www.africa-press.net\/congo-brazzaville\/wp-json\/wp\/v2\/posts\/15242","targetHints":{"allow":["GET"]}}],"collection":[{"href":"https:\/\/www.africa-press.net\/congo-brazzaville\/wp-json\/wp\/v2\/posts"}],"about":[{"href":"https:\/\/www.africa-press.net\/congo-brazzaville\/wp-json\/wp\/v2\/types\/post"}],"author":[{"embeddable":true,"href":"https:\/\/www.africa-press.net\/congo-brazzaville\/wp-json\/wp\/v2\/users\/82"}],"replies":[{"embeddable":true,"href":"https:\/\/www.africa-press.net\/congo-brazzaville\/wp-json\/wp\/v2\/comments?post=15242"}],"version-history":[{"count":0,"href":"https:\/\/www.africa-press.net\/congo-brazzaville\/wp-json\/wp\/v2\/posts\/15242\/revisions"}],"wp:featuredmedia":[{"embeddable":true,"href":"https:\/\/www.africa-press.net\/congo-brazzaville\/wp-json\/wp\/v2\/media\/15241"}],"wp:attachment":[{"href":"https:\/\/www.africa-press.net\/congo-brazzaville\/wp-json\/wp\/v2\/media?parent=15242"}],"wp:term":[{"taxonomy":"category","embeddable":true,"href":"https:\/\/www.africa-press.net\/congo-brazzaville\/wp-json\/wp\/v2\/categories?post=15242"},{"taxonomy":"post_tag","embeddable":true,"href":"https:\/\/www.africa-press.net\/congo-brazzaville\/wp-json\/wp\/v2\/tags?post=15242"}],"curies":[{"name":"wp","href":"https:\/\/api.w.org\/{rel}","templated":true}]}}