{"id":15244,"date":"2023-03-06T20:07:29","date_gmt":"2023-03-06T20:07:29","guid":{"rendered":"https:\/\/www.africa-press.net\/congo-brazzaville\/politique\/fiscalite-sensibilisation-des-cadres-de-pointe-noire-aux-recommandations-de-limpot-des-proprietes-immobilieres"},"modified":"2023-03-06T21:48:08","modified_gmt":"2023-03-06T21:48:08","slug":"fiscalite-sensibilisation-des-cadres-de-pointe-noire-aux-recommandations-de-limpot-des-proprietes-immobilieres","status":"publish","type":"post","link":"https:\/\/www.africa-press.net\/congo-brazzaville\/economie\/fiscalite-sensibilisation-des-cadres-de-pointe-noire-aux-recommandations-de-limpot-des-proprietes-immobilieres","title":{"rendered":"Fiscalit\u00e9: sensibilisation des cadres de Pointe-Noire aux recommandations de l\u2019imp\u00f4t des propri\u00e9t\u00e9s immobili\u00e8res"},"content":{"rendered":"<p><span style=\"color: #ff6600\"><strong>Africa-Press &#8211; Congo Brazzaville. <\/strong><\/span><b>L\u2019atelier de pre\u0301sentation des recommandations de l\u2019e\u0301tude diagnostique de la mobilisation des recettes de la fiscalite\u0301 foncie\u0300re et immobilie\u0300re en Re\u0301publique du Congo aux parties prenantes a eu lieu la semaine dernie\u0300re, a\u0300 Pointe-Noire, en pre\u0301sence de Valery Emmanuel, chef de service fiscalite\u0301 repre\u0301sentant le directeur de\u0301partemental des impo\u0302ts et des domaines du Kouilou ; du coordonateur du projet Prisp, Patrick Valery Alakoua et du consultant national, Justin Nguie\u0301. <\/b><\/p>\n<p>L&rsquo;atelier a permis la pre\u0301sentation du rapport diagnostic sur la mobilisation des recettes de la fiscalite\u0301 foncie\u0300re et immobilie\u0300re en Re\u0301publique du Congo ; la pre\u0301sentation du plan d\u2019action et les recommandations y relatives ainsi que l\u2019e\u0301change des informations ne\u0301cessaires a\u0300 la mobilisation de l\u2019impo\u0302t foncier.<\/p>\n<p>Prenant la parole, le consultant national, Justin Nguie\u0301, a souligne\u0301 le contexte dans lequel le rapport du consultant international, Thierry Pichot, sur l\u2019audit de la fiscalite\u0301 foncie\u0300re et immobilie\u0300re, a e\u0301te\u0301 valide\u0301 en 2019. Il a, a\u0300 cet effet, pre\u0301sente\u0301 aux participants quelques pre\u0301occupations contenues dans le rapport Pichot, se fondant sur la loi n\u00b017\/2000. Il s\u2019agit, entre autres, de l\u2019absence d\u2019un fichier national des proprie\u0301te\u0301s immobilie\u0300res, une longue proce\u0301dure d\u2019immatriculation ; l\u2019existence de la fraude et des agents corrompus ; l\u2019absence d\u2019une strate\u0301gie approprie\u0301e pour accroi\u0302tre la pression fiscale ; le manque d\u2019informations des agents municipaux sur l\u2019abrogation d\u2019e\u0301tablissement des permis d\u2019occuper ; l\u2019absence des moyens d\u2019accompagnement des notaires pour faciliter le recouvrement de l\u2019impo\u0302t foncier ; l&rsquo;absence des patrouilles foncie\u0300res et des textes d\u2019application de la loi n\u00b026\/22 ; l&rsquo;absence des proprie\u0301taires terriens dans la prise des de\u0301cisions ; l&rsquo;immixtion des autorite\u0301s publiques dans les missions de\u0301volues aux agents de l\u2019Etat ; l&rsquo; absence de patrouilles foncie\u0300res.<\/p>\n<p>Apre\u0300s avoir pris connaissance du plan d\u2019action et des vingt-cinq recommandations propose\u0301es par le consultant international, les participants ont sugge\u0301re\u0301 que l\u2019immatriculation tienne compte de la capacite\u0301 du contribuable.<\/p>\n<p>Notons que le projet lance\u0301 en 2019 sur financement du Congo et de la Banque mondiale, a\u0300 hauteur de 40 millions de dollars, a pour objectif d\u2019ame\u0301liorer la mobilisation des ressources publiques et la recevabilite\u0301 en Re\u0301publique du Congo.<\/p>\n<p><b>Une meilleure mobilisation de l&rsquo;impo\u0302t foncier<\/b><\/p>\n<p>La se\u0301ance d\u2019e\u0301change entre les parties prenantes de Pointe-Noire sur les informations ne\u0301cessaires a\u0300 la mobilisation de l\u2019impo\u0302t foncier lie\u0301 au suivi de la mise en \u0153uvre des recommandations de ce rapport diagnostic a eu pour ro\u0302le de de\u0301clencher un changement d\u2019attitude des acteurs de terrain, des de\u0301cideurs et du public afin d\u2019adopter les options approprie\u0301es de l\u2019enregistrement de l\u2019assiette fiscale et de recouvrement de l\u2019impo\u0302t foncier.<\/p>\n<p>Les participants ont sugge\u0301re\u0301 la ne\u0301cessite\u0301 d\u2019associer toutes les parties prenantes dans le de\u0301bat y compris les proprie\u0301taires fonciers; d&rsquo;e\u0301tendre les de\u0301lais de publicite\u0301 a\u0300 un an pour des besoins d\u2019enque\u0302te; d&rsquo;adapter le rapport a\u0300 la proce\u0301dure et les forfaits devraient couvrir une pe\u0301riode de trois ans au lieu de dix.<\/p>\n<p>Pour le coordonnateur ge\u0301ne\u0301ral du Prisp, en regroupant tous les maillons de la chai\u0302ne relatifs a\u0300 la proble\u0301matique lie\u0301e au foncier a\u0300 Pointe-Noire, c\u2019est une approche de comple\u0301mentarite\u0301 et de synergie afin de mieux appre\u0301hender toutes les proble\u0301matiques rencontre\u0301es par les diffe\u0301rents acteurs repre\u0301sente\u0301s.<\/p>\n<p>Au terme de l\u2019atelier, Valery Emmanuel a remercie\u0301 les acteurs de la Banque mondiale, du ministe\u0300re du Plan et de la Statistique, de l\u2019Economie et des Finances, du Prisp et la direction ge\u0301ne\u0301rale des impo\u0302ts et des domaines pour leur contribution. \u00ab La coope\u0301ration entre nos diffe\u0301rentes administrations rele\u0300ve d\u2019une importance capitale. Il est donc important de la renforcer a\u0300 travers des ateliers comme celui-ci qui nous a permis d\u2019avoir un regard sur les goulots d\u2019e\u0301tranglement qui freinent l\u2019essor de la fiscalite\u0301 foncie\u0300re dans notre pays. A chacun, en son a\u0302me et conscience et dans la limite de ses pre\u0301rogatives de jouer sa partition pour une meilleure mobilisation de cette recette qui nous e\u0301chappe \u00bb, a indique\u0301 le repre\u0301sentant du directeur de\u0301partemental des impo\u0302ts du Kouilou et Pointe-Noire, Valery Emmanuel, chef de service fiscalite\u0301.<\/p>\n<p><strong>Pour plus d&rsquo;informations et d&rsquo;analyses sur la <a href=\"https:\/\/www.africa-press.net\/congo-brazzaville\">Congo Brazzaville<\/a>, suivez <a href=\"https:\/\/www.africa-press.net\/\">Africa-Press<\/a><\/strong><\/p>\n","protected":false},"excerpt":{"rendered":"<p>Africa-Press &#8211; Congo Brazzaville. L\u2019atelier de pre\u0301sentation des recommandations de l\u2019e\u0301tude diagnostique de la mobilisation des recettes de la fiscalite\u0301 foncie\u0300re et immobilie\u0300re en Re\u0301publique du Congo aux parties prenantes a eu lieu la semaine dernie\u0300re, a\u0300 Pointe-Noire, en pre\u0301sence de Valery Emmanuel, chef de service fiscalite\u0301 repre\u0301sentant le directeur de\u0301partemental des impo\u0302ts et des [&hellip;]<\/p>\n","protected":false},"author":82,"featured_media":15243,"comment_status":"open","ping_status":"closed","sticky":false,"template":"","format":"standard","meta":{"footnotes":""},"categories":[3,10],"tags":[36,47,46],"class_list":["post-15244","post","type-post","status-publish","format-standard","has-post-thumbnail","hentry","category-economie","category-toutes-les-actualites","tag-africa-press","tag-africa-press-congo-brazzaville","tag-congo-brazzaville"],"yoast_head":"<!-- This site is optimized with the Yoast SEO Premium plugin v26.1 (Yoast SEO v27.0) - https:\/\/yoast.com\/product\/yoast-seo-premium-wordpress\/ -->\n<title>Fiscalit\u00e9: sensibilisation des cadres de Pointe-Noire aux recommandations de l\u2019imp\u00f4t des propri\u00e9t\u00e9s immobili\u00e8res - Congo Brazzaville<\/title>\n<meta name=\"description\" content=\"L\u2019atelier de pre\u0301sentation des recommandations de l\u2019e\u0301tude diagnostique de la mobilisation des recettes de la fiscali ...\" \/>\n<meta name=\"robots\" content=\"index, follow, max-snippet:-1, max-image-preview:large, max-video-preview:-1\" \/>\n<link rel=\"canonical\" href=\"https:\/\/www.africa-press.net\/congo-brazzaville\/economie\/fiscalite-sensibilisation-des-cadres-de-pointe-noire-aux-recommandations-de-limpot-des-proprietes-immobilieres\" \/>\n<meta property=\"og:locale\" content=\"fr_FR\" \/>\n<meta property=\"og:type\" content=\"article\" \/>\n<meta property=\"og:title\" content=\"Fiscalit\u00e9: sensibilisation des cadres de Pointe-Noire aux recommandations de l\u2019imp\u00f4t des propri\u00e9t\u00e9s immobili\u00e8res\" \/>\n<meta property=\"og:description\" content=\"L\u2019atelier de pre\u0301sentation des recommandations de l\u2019e\u0301tude diagnostique de la mobilisation des recettes de la fiscali ...\" \/>\n<meta property=\"og:url\" content=\"https:\/\/www.africa-press.net\/congo-brazzaville\/economie\/fiscalite-sensibilisation-des-cadres-de-pointe-noire-aux-recommandations-de-limpot-des-proprietes-immobilieres\" \/>\n<meta property=\"og:site_name\" content=\"Congo Brazzaville\" \/>\n<meta property=\"article:published_time\" content=\"2023-03-06T20:07:29+00:00\" \/>\n<meta property=\"article:modified_time\" content=\"2023-03-06T21:48:08+00:00\" \/>\n<meta property=\"og:image\" content=\"https:\/\/static.africa-press.net\/congo-brazzaville\/sites\/51\/2023\/03\/postQueueImg_1678120660.45.jpg\" \/>\n\t<meta property=\"og:image:width\" content=\"1023\" \/>\n\t<meta property=\"og:image:height\" content=\"768\" \/>\n\t<meta property=\"og:image:type\" content=\"image\/jpeg\" \/>\n<meta name=\"author\" content=\"cfeditorfr\" \/>\n<meta name=\"twitter:card\" content=\"summary_large_image\" \/>\n<meta name=\"twitter:label1\" content=\"\u00c9crit par\" \/>\n\t<meta name=\"twitter:data1\" content=\"cfeditorfr\" \/>\n\t<meta name=\"twitter:label2\" content=\"Dur\u00e9e de lecture estim\u00e9e\" \/>\n\t<meta name=\"twitter:data2\" content=\"4 minutes\" \/>\n<script type=\"application\/ld+json\" class=\"yoast-schema-graph\">{\"@context\":\"https:\/\/schema.org\",\"@graph\":[{\"@type\":\"Article\",\"@id\":\"https:\/\/www.africa-press.net\/congo-brazzaville\/economie\/fiscalite-sensibilisation-des-cadres-de-pointe-noire-aux-recommandations-de-limpot-des-proprietes-immobilieres#article\",\"isPartOf\":{\"@id\":\"https:\/\/www.africa-press.net\/congo-brazzaville\/economie\/fiscalite-sensibilisation-des-cadres-de-pointe-noire-aux-recommandations-de-limpot-des-proprietes-immobilieres\"},\"author\":{\"name\":\"cfeditorfr\",\"@id\":\"https:\/\/www.africa-press.net\/congo-brazzaville\/#\/schema\/person\/2b1cf3cd81a31e3cd26889ca66d677f1\"},\"headline\":\"Fiscalit\u00e9: sensibilisation des cadres de Pointe-Noire aux recommandations de l\u2019imp\u00f4t des propri\u00e9t\u00e9s immobili\u00e8res\",\"datePublished\":\"2023-03-06T20:07:29+00:00\",\"dateModified\":\"2023-03-06T21:48:08+00:00\",\"mainEntityOfPage\":{\"@id\":\"https:\/\/www.africa-press.net\/congo-brazzaville\/economie\/fiscalite-sensibilisation-des-cadres-de-pointe-noire-aux-recommandations-de-limpot-des-proprietes-immobilieres\"},\"wordCount\":801,\"commentCount\":0,\"image\":{\"@id\":\"https:\/\/www.africa-press.net\/congo-brazzaville\/economie\/fiscalite-sensibilisation-des-cadres-de-pointe-noire-aux-recommandations-de-limpot-des-proprietes-immobilieres#primaryimage\"},\"thumbnailUrl\":\"https:\/\/static.africa-press.net\/congo-brazzaville\/sites\/51\/2023\/03\/postQueueImg_1678120660.45.jpg\",\"keywords\":[\"Africa Press\",\"Africa Press-Congo Brazzaville\",\"Congo Brazzaville\"],\"articleSection\":[\"\u00c9conomie\",\"Toutes les actualit\u00e9s\"],\"inLanguage\":\"fr-FR\",\"potentialAction\":[{\"@type\":\"CommentAction\",\"name\":\"Comment\",\"target\":[\"https:\/\/www.africa-press.net\/congo-brazzaville\/economie\/fiscalite-sensibilisation-des-cadres-de-pointe-noire-aux-recommandations-de-limpot-des-proprietes-immobilieres#respond\"]}]},{\"@type\":\"WebPage\",\"@id\":\"https:\/\/www.africa-press.net\/congo-brazzaville\/economie\/fiscalite-sensibilisation-des-cadres-de-pointe-noire-aux-recommandations-de-limpot-des-proprietes-immobilieres\",\"url\":\"https:\/\/www.africa-press.net\/congo-brazzaville\/economie\/fiscalite-sensibilisation-des-cadres-de-pointe-noire-aux-recommandations-de-limpot-des-proprietes-immobilieres\",\"name\":\"Fiscalit\u00e9: sensibilisation des cadres de Pointe-Noire aux recommandations de l\u2019imp\u00f4t des propri\u00e9t\u00e9s immobili\u00e8res - Congo Brazzaville\",\"isPartOf\":{\"@id\":\"https:\/\/www.africa-press.net\/congo-brazzaville\/#website\"},\"primaryImageOfPage\":{\"@id\":\"https:\/\/www.africa-press.net\/congo-brazzaville\/economie\/fiscalite-sensibilisation-des-cadres-de-pointe-noire-aux-recommandations-de-limpot-des-proprietes-immobilieres#primaryimage\"},\"image\":{\"@id\":\"https:\/\/www.africa-press.net\/congo-brazzaville\/economie\/fiscalite-sensibilisation-des-cadres-de-pointe-noire-aux-recommandations-de-limpot-des-proprietes-immobilieres#primaryimage\"},\"thumbnailUrl\":\"https:\/\/static.africa-press.net\/congo-brazzaville\/sites\/51\/2023\/03\/postQueueImg_1678120660.45.jpg\",\"datePublished\":\"2023-03-06T20:07:29+00:00\",\"dateModified\":\"2023-03-06T21:48:08+00:00\",\"author\":{\"@id\":\"https:\/\/www.africa-press.net\/congo-brazzaville\/#\/schema\/person\/2b1cf3cd81a31e3cd26889ca66d677f1\"},\"description\":\"L\u2019atelier de pre\u0301sentation des recommandations de l\u2019e\u0301tude diagnostique de la mobilisation des recettes de la fiscali ...\",\"breadcrumb\":{\"@id\":\"https:\/\/www.africa-press.net\/congo-brazzaville\/economie\/fiscalite-sensibilisation-des-cadres-de-pointe-noire-aux-recommandations-de-limpot-des-proprietes-immobilieres#breadcrumb\"},\"inLanguage\":\"fr-FR\",\"potentialAction\":[{\"@type\":\"ReadAction\",\"target\":[\"https:\/\/www.africa-press.net\/congo-brazzaville\/economie\/fiscalite-sensibilisation-des-cadres-de-pointe-noire-aux-recommandations-de-limpot-des-proprietes-immobilieres\"]}]},{\"@type\":\"ImageObject\",\"inLanguage\":\"fr-FR\",\"@id\":\"https:\/\/www.africa-press.net\/congo-brazzaville\/economie\/fiscalite-sensibilisation-des-cadres-de-pointe-noire-aux-recommandations-de-limpot-des-proprietes-immobilieres#primaryimage\",\"url\":\"https:\/\/static.africa-press.net\/congo-brazzaville\/sites\/51\/2023\/03\/postQueueImg_1678120660.45.jpg\",\"contentUrl\":\"https:\/\/static.africa-press.net\/congo-brazzaville\/sites\/51\/2023\/03\/postQueueImg_1678120660.45.jpg\",\"width\":1023,\"height\":768,\"caption\":\"Fiscalit\u00e9: sensibilisation des cadres de Pointe-Noire aux recommandations de l\u2019imp\u00f4t des propri\u00e9t\u00e9s immobili\u00e8res\"},{\"@type\":\"BreadcrumbList\",\"@id\":\"https:\/\/www.africa-press.net\/congo-brazzaville\/economie\/fiscalite-sensibilisation-des-cadres-de-pointe-noire-aux-recommandations-de-limpot-des-proprietes-immobilieres#breadcrumb\",\"itemListElement\":[{\"@type\":\"ListItem\",\"position\":1,\"name\":\"Accueil\",\"item\":\"https:\/\/www.africa-press.net\/congo-brazzaville\/\"},{\"@type\":\"ListItem\",\"position\":2,\"name\":\"Fiscalit\u00e9: sensibilisation des cadres de Pointe-Noire aux recommandations de l\u2019imp\u00f4t des propri\u00e9t\u00e9s immobili\u00e8res\"}]},{\"@type\":\"WebSite\",\"@id\":\"https:\/\/www.africa-press.net\/congo-brazzaville\/#website\",\"url\":\"https:\/\/www.africa-press.net\/congo-brazzaville\/\",\"name\":\"Congo Brazzaville\",\"description\":\"Just another Africa News Agency Sites site\",\"potentialAction\":[{\"@type\":\"SearchAction\",\"target\":{\"@type\":\"EntryPoint\",\"urlTemplate\":\"https:\/\/www.africa-press.net\/congo-brazzaville\/?s={search_term_string}\"},\"query-input\":{\"@type\":\"PropertyValueSpecification\",\"valueRequired\":true,\"valueName\":\"search_term_string\"}}],\"inLanguage\":\"fr-FR\"},{\"@type\":\"Person\",\"@id\":\"https:\/\/www.africa-press.net\/congo-brazzaville\/#\/schema\/person\/2b1cf3cd81a31e3cd26889ca66d677f1\",\"name\":\"cfeditorfr\"}]}<\/script>\n<!-- \/ Yoast SEO Premium plugin. -->","yoast_head_json":{"title":"Fiscalit\u00e9: sensibilisation des cadres de Pointe-Noire aux recommandations de l\u2019imp\u00f4t des propri\u00e9t\u00e9s immobili\u00e8res - Congo Brazzaville","description":"L\u2019atelier de pre\u0301sentation des recommandations de l\u2019e\u0301tude diagnostique de la mobilisation des recettes de la fiscali ...","robots":{"index":"index","follow":"follow","max-snippet":"max-snippet:-1","max-image-preview":"max-image-preview:large","max-video-preview":"max-video-preview:-1"},"canonical":"https:\/\/www.africa-press.net\/congo-brazzaville\/economie\/fiscalite-sensibilisation-des-cadres-de-pointe-noire-aux-recommandations-de-limpot-des-proprietes-immobilieres","og_locale":"fr_FR","og_type":"article","og_title":"Fiscalit\u00e9: sensibilisation des cadres de Pointe-Noire aux recommandations de l\u2019imp\u00f4t des propri\u00e9t\u00e9s immobili\u00e8res","og_description":"L\u2019atelier de pre\u0301sentation des recommandations de l\u2019e\u0301tude diagnostique de la mobilisation des recettes de la fiscali ...","og_url":"https:\/\/www.africa-press.net\/congo-brazzaville\/economie\/fiscalite-sensibilisation-des-cadres-de-pointe-noire-aux-recommandations-de-limpot-des-proprietes-immobilieres","og_site_name":"Congo Brazzaville","article_published_time":"2023-03-06T20:07:29+00:00","article_modified_time":"2023-03-06T21:48:08+00:00","og_image":[{"width":1023,"height":768,"url":"https:\/\/static.africa-press.net\/congo-brazzaville\/sites\/51\/2023\/03\/postQueueImg_1678120660.45.jpg","type":"image\/jpeg"}],"author":"cfeditorfr","twitter_card":"summary_large_image","twitter_misc":{"\u00c9crit par":"cfeditorfr","Dur\u00e9e de lecture estim\u00e9e":"4 minutes"},"schema":{"@context":"https:\/\/schema.org","@graph":[{"@type":"Article","@id":"https:\/\/www.africa-press.net\/congo-brazzaville\/economie\/fiscalite-sensibilisation-des-cadres-de-pointe-noire-aux-recommandations-de-limpot-des-proprietes-immobilieres#article","isPartOf":{"@id":"https:\/\/www.africa-press.net\/congo-brazzaville\/economie\/fiscalite-sensibilisation-des-cadres-de-pointe-noire-aux-recommandations-de-limpot-des-proprietes-immobilieres"},"author":{"name":"cfeditorfr","@id":"https:\/\/www.africa-press.net\/congo-brazzaville\/#\/schema\/person\/2b1cf3cd81a31e3cd26889ca66d677f1"},"headline":"Fiscalit\u00e9: sensibilisation des cadres de Pointe-Noire aux recommandations de l\u2019imp\u00f4t des propri\u00e9t\u00e9s immobili\u00e8res","datePublished":"2023-03-06T20:07:29+00:00","dateModified":"2023-03-06T21:48:08+00:00","mainEntityOfPage":{"@id":"https:\/\/www.africa-press.net\/congo-brazzaville\/economie\/fiscalite-sensibilisation-des-cadres-de-pointe-noire-aux-recommandations-de-limpot-des-proprietes-immobilieres"},"wordCount":801,"commentCount":0,"image":{"@id":"https:\/\/www.africa-press.net\/congo-brazzaville\/economie\/fiscalite-sensibilisation-des-cadres-de-pointe-noire-aux-recommandations-de-limpot-des-proprietes-immobilieres#primaryimage"},"thumbnailUrl":"https:\/\/static.africa-press.net\/congo-brazzaville\/sites\/51\/2023\/03\/postQueueImg_1678120660.45.jpg","keywords":["Africa Press","Africa Press-Congo Brazzaville","Congo Brazzaville"],"articleSection":["\u00c9conomie","Toutes les actualit\u00e9s"],"inLanguage":"fr-FR","potentialAction":[{"@type":"CommentAction","name":"Comment","target":["https:\/\/www.africa-press.net\/congo-brazzaville\/economie\/fiscalite-sensibilisation-des-cadres-de-pointe-noire-aux-recommandations-de-limpot-des-proprietes-immobilieres#respond"]}]},{"@type":"WebPage","@id":"https:\/\/www.africa-press.net\/congo-brazzaville\/economie\/fiscalite-sensibilisation-des-cadres-de-pointe-noire-aux-recommandations-de-limpot-des-proprietes-immobilieres","url":"https:\/\/www.africa-press.net\/congo-brazzaville\/economie\/fiscalite-sensibilisation-des-cadres-de-pointe-noire-aux-recommandations-de-limpot-des-proprietes-immobilieres","name":"Fiscalit\u00e9: sensibilisation des cadres de Pointe-Noire aux recommandations de l\u2019imp\u00f4t des propri\u00e9t\u00e9s immobili\u00e8res - Congo Brazzaville","isPartOf":{"@id":"https:\/\/www.africa-press.net\/congo-brazzaville\/#website"},"primaryImageOfPage":{"@id":"https:\/\/www.africa-press.net\/congo-brazzaville\/economie\/fiscalite-sensibilisation-des-cadres-de-pointe-noire-aux-recommandations-de-limpot-des-proprietes-immobilieres#primaryimage"},"image":{"@id":"https:\/\/www.africa-press.net\/congo-brazzaville\/economie\/fiscalite-sensibilisation-des-cadres-de-pointe-noire-aux-recommandations-de-limpot-des-proprietes-immobilieres#primaryimage"},"thumbnailUrl":"https:\/\/static.africa-press.net\/congo-brazzaville\/sites\/51\/2023\/03\/postQueueImg_1678120660.45.jpg","datePublished":"2023-03-06T20:07:29+00:00","dateModified":"2023-03-06T21:48:08+00:00","author":{"@id":"https:\/\/www.africa-press.net\/congo-brazzaville\/#\/schema\/person\/2b1cf3cd81a31e3cd26889ca66d677f1"},"description":"L\u2019atelier de pre\u0301sentation des recommandations de l\u2019e\u0301tude diagnostique de la mobilisation des recettes de la fiscali ...","breadcrumb":{"@id":"https:\/\/www.africa-press.net\/congo-brazzaville\/economie\/fiscalite-sensibilisation-des-cadres-de-pointe-noire-aux-recommandations-de-limpot-des-proprietes-immobilieres#breadcrumb"},"inLanguage":"fr-FR","potentialAction":[{"@type":"ReadAction","target":["https:\/\/www.africa-press.net\/congo-brazzaville\/economie\/fiscalite-sensibilisation-des-cadres-de-pointe-noire-aux-recommandations-de-limpot-des-proprietes-immobilieres"]}]},{"@type":"ImageObject","inLanguage":"fr-FR","@id":"https:\/\/www.africa-press.net\/congo-brazzaville\/economie\/fiscalite-sensibilisation-des-cadres-de-pointe-noire-aux-recommandations-de-limpot-des-proprietes-immobilieres#primaryimage","url":"https:\/\/static.africa-press.net\/congo-brazzaville\/sites\/51\/2023\/03\/postQueueImg_1678120660.45.jpg","contentUrl":"https:\/\/static.africa-press.net\/congo-brazzaville\/sites\/51\/2023\/03\/postQueueImg_1678120660.45.jpg","width":1023,"height":768,"caption":"Fiscalit\u00e9: sensibilisation des cadres de Pointe-Noire aux recommandations de l\u2019imp\u00f4t des propri\u00e9t\u00e9s immobili\u00e8res"},{"@type":"BreadcrumbList","@id":"https:\/\/www.africa-press.net\/congo-brazzaville\/economie\/fiscalite-sensibilisation-des-cadres-de-pointe-noire-aux-recommandations-de-limpot-des-proprietes-immobilieres#breadcrumb","itemListElement":[{"@type":"ListItem","position":1,"name":"Accueil","item":"https:\/\/www.africa-press.net\/congo-brazzaville\/"},{"@type":"ListItem","position":2,"name":"Fiscalit\u00e9: sensibilisation des cadres de Pointe-Noire aux recommandations de l\u2019imp\u00f4t des propri\u00e9t\u00e9s immobili\u00e8res"}]},{"@type":"WebSite","@id":"https:\/\/www.africa-press.net\/congo-brazzaville\/#website","url":"https:\/\/www.africa-press.net\/congo-brazzaville\/","name":"Congo Brazzaville","description":"Just another Africa News Agency Sites site","potentialAction":[{"@type":"SearchAction","target":{"@type":"EntryPoint","urlTemplate":"https:\/\/www.africa-press.net\/congo-brazzaville\/?s={search_term_string}"},"query-input":{"@type":"PropertyValueSpecification","valueRequired":true,"valueName":"search_term_string"}}],"inLanguage":"fr-FR"},{"@type":"Person","@id":"https:\/\/www.africa-press.net\/congo-brazzaville\/#\/schema\/person\/2b1cf3cd81a31e3cd26889ca66d677f1","name":"cfeditorfr"}]}},"_links":{"self":[{"href":"https:\/\/www.africa-press.net\/congo-brazzaville\/wp-json\/wp\/v2\/posts\/15244","targetHints":{"allow":["GET"]}}],"collection":[{"href":"https:\/\/www.africa-press.net\/congo-brazzaville\/wp-json\/wp\/v2\/posts"}],"about":[{"href":"https:\/\/www.africa-press.net\/congo-brazzaville\/wp-json\/wp\/v2\/types\/post"}],"author":[{"embeddable":true,"href":"https:\/\/www.africa-press.net\/congo-brazzaville\/wp-json\/wp\/v2\/users\/82"}],"replies":[{"embeddable":true,"href":"https:\/\/www.africa-press.net\/congo-brazzaville\/wp-json\/wp\/v2\/comments?post=15244"}],"version-history":[{"count":0,"href":"https:\/\/www.africa-press.net\/congo-brazzaville\/wp-json\/wp\/v2\/posts\/15244\/revisions"}],"wp:featuredmedia":[{"embeddable":true,"href":"https:\/\/www.africa-press.net\/congo-brazzaville\/wp-json\/wp\/v2\/media\/15243"}],"wp:attachment":[{"href":"https:\/\/www.africa-press.net\/congo-brazzaville\/wp-json\/wp\/v2\/media?parent=15244"}],"wp:term":[{"taxonomy":"category","embeddable":true,"href":"https:\/\/www.africa-press.net\/congo-brazzaville\/wp-json\/wp\/v2\/categories?post=15244"},{"taxonomy":"post_tag","embeddable":true,"href":"https:\/\/www.africa-press.net\/congo-brazzaville\/wp-json\/wp\/v2\/tags?post=15244"}],"curies":[{"name":"wp","href":"https:\/\/api.w.org\/{rel}","templated":true}]}}