{"id":15248,"date":"2023-03-06T20:07:52","date_gmt":"2023-03-06T20:07:52","guid":{"rendered":"https:\/\/www.africa-press.net\/congo-brazzaville\/politique\/ligue-du-sport-de-travail-peter-moka-prend-les-renes-de-pointe-noire"},"modified":"2023-03-06T21:48:47","modified_gmt":"2023-03-06T21:48:47","slug":"ligue-du-sport-de-travail-peter-moka-prend-les-renes-de-pointe-noire","status":"publish","type":"post","link":"https:\/\/www.africa-press.net\/congo-brazzaville\/sports\/ligue-du-sport-de-travail-peter-moka-prend-les-renes-de-pointe-noire","title":{"rendered":"Ligue du sport de travail : Peter Moka prend les r\u00eanes de Pointe-Noire"},"content":{"rendered":"<p><span style=\"color: #ff6600\"><strong>Africa-Press &#8211; Congo Brazzaville. <\/strong><\/span><b>Le bureau exe\u0301cutif de la ligue de\u0301partementale du sport de travail de Pointe-Noire a e\u0301te\u0301 restructure\u0301 le 3 mars, au complexe sportif de la ville oce\u0301ane, lors de l\u2019assemble\u0301e ge\u0301ne\u0301rale e\u0301lective organise\u0301e par la Fe\u0301de\u0301ration congolaise du sport de travail sous la houlette du directeur de\u0301partemental des sports et de l\u2019e\u0301ducation physique, Joseph Biangou Ndinga.<\/b><\/p>\n<p>Elu a\u0300 l&rsquo;unanimite\u0301 avec onze autres membres et une commission de contro\u0302le et ve\u0301rification, Peter Moka succe\u0300de a\u0300 serge Kiminou Missou. Il pre\u0301sidera aux destine\u0301es du sport de travail de Pointe-Noire pour un mandat de deux ans renouvelable. Tre\u0300s satisfait de ce re\u0301sultat, il pro\u0302ne le dialogue pour redynamiser le sport de travail. \u00ab Je suis sportif et j\u2019aime la gagne. Le sport c\u2019est notre vie, c\u0327a nous permet d\u2019e\u0302tre en bonne sante\u0301 dans le milieu professionnel, c\u2019est une source d\u2019e\u0301nergie. Bien que parents, nous devons nous donner un peu de temps pour le sport. Je suis jeune et dynamique, je vais travailler avec tous ceux qui veulent travailler, car seul on ne peut rien faire. Soyons ouverts les uns envers les autres et pro\u0302nons ensemble le dialogue pour avancer \u00bb, a dit le nouveau pre\u0301sident avant d\u2019inciter les entreprises a\u0300 la pratique du sport.<\/p>\n<p>A l\u2019issue des travaux, le repre\u0301sentant de la Fe\u0301de\u0301ration congolaise du sport de travail, Sydney Dandou, au nom du pre\u0301sident de la fe\u0301de\u0301ration, a pris acte de la tenue de l\u2019assemble\u0301e et des re\u0301sultats acquis par les diffe\u0301rents candidats. Il a remercie\u0301 les repre\u0301sentants des entreprises qui ont constitue\u0301 le corps e\u0301lectoral pour l&rsquo;effectivite\u0301 du vote et fe\u0301licite\u0301 les membres e\u0301lus pour le bon de\u0301roulement des assises. \u00ab J\u2019exhorte le nouveau bureau e\u0301lu a\u0300 soigner le rapport avec la fe\u0301de\u0301ration et de travailler en e\u0301troite collaboration avec la direction de\u0301partementale des sports \u00bb, a-t-il indique\u0301.<\/p>\n<p>De son co\u0302te\u0301, Joseph Biangou Ndinga a fe\u0301licite\u0301 tous les participants pour la bonne conduite de cette assemble\u0301e qui s\u2019est tenue dans un climat serein et de responsabilite\u0301. Il a, a\u0300 cet effet, invite\u0301 les membres du bureau e\u0301lu a\u0300 e\u0302tre a\u0300 la hauteur de leur mission afin de faire partie des ligues actives au niveau du de\u0301partement. Cependant, il a attire\u0301 leur attention sur l\u2019e\u0301tablissement et la publication des statistiques au niveau de la ligue, la promotion des compe\u0301titions, la formation des cadres techniques ainsi que la tenue des assemble\u0301es des e\u0301quipes. \u00ab Il est ne\u0301cessaire que l\u2019engagement de tout le monde ne faillisse aucunement pour que le succe\u0300s escompte\u0301 soit visible et re\u0301el \u00bb, a-t-il dit.<\/p>\n<p><b>La liste du bureau exe\u0301cutif<\/b><\/p>\n<p>&#8211; Pre\u0301sident : Peter Moka<\/p>\n<p>&#8211; 1er vice-pre\u0301sident : Franck Nzikou<\/p>\n<p>&#8211; 2e vice-pre\u0301sident : Safouley Milandou<\/p>\n<p>&#8211; 3e vice-pre\u0301sident : Micheline Diambou<\/p>\n<p>&#8211; Secre\u0301taire ge\u0301ne\u0301ral : Guy Loulendo<\/p>\n<p>&#8211; Secre\u0301taire ge\u0301ne\u0301ral adjoint : Ngoumba<\/p>\n<p>&#8211; Tre\u0301sorier ge\u0301ne\u0301ral : Tchinianga<\/p>\n<p>&#8211; Tre\u0301sorier ge\u0301ne\u0301ral adjoint : ?<\/p>\n<p>-1ere membre : Henriette Pobath<\/p>\n<p>&#8211; Commission de contro\u0302le et de ve\u0301rification : Mbouta<\/p>\n\r\n                <style type=\"text\/css\">\r\n                    \r\n                    #td_uid_1_69f1f0f4d9c3a  .td-doubleSlider-2 .td-item1 {\r\n                        background: url(https:\/\/static.africa-press.net\/congo-brazzaville\/sites\/51\/2023\/03\/postMediaimg_85_1-80x60.jpg) 0 0 no-repeat;\r\n                    }\r\n                    #td_uid_1_69f1f0f4d9c3a  .td-doubleSlider-2 .td-item2 {\r\n                        background: url(https:\/\/static.africa-press.net\/congo-brazzaville\/sites\/51\/2023\/03\/postMediaimg_85_2-80x60.jpg) 0 0 no-repeat;\r\n                    }\r\n                <\/style>\r\n\r\n                <div id=\"td_uid_1_69f1f0f4d9c3a\" class=\"td-gallery td-slide-on-2-columns\">\r\n                    <div class=\"post_td_gallery\">\r\n                        <div class=\"td-gallery-slide-top\">\r\n                           <div class=\"td-gallery-title\"><\/div>\r\n\r\n                            <div class=\"td-gallery-controls-wrapper\">\r\n                                <div class=\"td-gallery-slide-count\"><span class=\"td-gallery-slide-item-focus\">1<\/span> de 2<\/div>\r\n                                <div class=\"td-gallery-slide-prev-next-but\">\r\n                                    <i class = \"td-icon-left doubleSliderPrevButton\"><\/i>\r\n                                    <i class = \"td-icon-right doubleSliderNextButton\"><\/i>\r\n                                <\/div>\r\n                            <\/div>\r\n                        <\/div>\r\n\r\n                        <div class = \"td-doubleSlider-1 \">\r\n                            <div class = \"td-slider\">\r\n                                \r\n                    <div class = \"td-slide-item td-item1\">\r\n                        <figure class=\"td-slide-galery-figure td-slide-popup-gallery\">\r\n                            <a class=\"slide-gallery-image-link\" href=\"https:\/\/static.africa-press.net\/congo-brazzaville\/sites\/51\/2023\/03\/postMediaimg_85_1.jpg\" title=\"postMediaimg_85_1\"  data-caption=\"\"  data-description=\"\">\r\n                                <img decoding=\"async\" src=\"https:\/\/static.africa-press.net\/congo-brazzaville\/sites\/51\/2023\/03\/postMediaimg_85_1.jpg\" srcset=\"https:\/\/static.africa-press.net\/congo-brazzaville\/sites\/51\/2023\/03\/postMediaimg_85_1.jpg 1023w, https:\/\/static.africa-press.net\/congo-brazzaville\/sites\/51\/2023\/03\/postMediaimg_85_1-300x225.jpg 300w, https:\/\/static.africa-press.net\/congo-brazzaville\/sites\/51\/2023\/03\/postMediaimg_85_1-768x577.jpg 768w, https:\/\/static.africa-press.net\/congo-brazzaville\/sites\/51\/2023\/03\/postMediaimg_85_1-80x60.jpg 80w\" sizes=\"(max-width: 1023px) 100vw, 1023px\" alt=\"\">\r\n                            <\/a>\r\n                            \r\n                        <\/figure>\r\n                    <\/div>\r\n                    <div class = \"td-slide-item td-item2\">\r\n                        <figure class=\"td-slide-galery-figure td-slide-popup-gallery\">\r\n                            <a class=\"slide-gallery-image-link\" href=\"https:\/\/static.africa-press.net\/congo-brazzaville\/sites\/51\/2023\/03\/postMediaimg_85_2.jpg\" title=\"postMediaimg_85_2\"  data-caption=\"\"  data-description=\"\">\r\n                                <img decoding=\"async\" src=\"https:\/\/static.africa-press.net\/congo-brazzaville\/sites\/51\/2023\/03\/postMediaimg_85_2.jpg\" srcset=\"https:\/\/static.africa-press.net\/congo-brazzaville\/sites\/51\/2023\/03\/postMediaimg_85_2.jpg 1023w, https:\/\/static.africa-press.net\/congo-brazzaville\/sites\/51\/2023\/03\/postMediaimg_85_2-300x225.jpg 300w, https:\/\/static.africa-press.net\/congo-brazzaville\/sites\/51\/2023\/03\/postMediaimg_85_2-768x577.jpg 768w, https:\/\/static.africa-press.net\/congo-brazzaville\/sites\/51\/2023\/03\/postMediaimg_85_2-80x60.jpg 80w\" sizes=\"(max-width: 1023px) 100vw, 1023px\" alt=\"\">\r\n                            <\/a>\r\n                            \r\n                        <\/figure>\r\n                    <\/div>\r\n                            <\/div>\r\n                        <\/div>\r\n\r\n                        <div class = \"td-doubleSlider-2\">\r\n                            <div class = \"td-slider\">\r\n                                \r\n                    <div class = \"td-button td-item1\">\r\n                        <div class = \"td-border\"><\/div>\r\n                    <\/div>\r\n                    <div class = \"td-button td-item2\">\r\n                        <div class = \"td-border\"><\/div>\r\n                    <\/div>\r\n                            <\/div>\r\n                        <\/div>\r\n\r\n                    <\/div>\r\n\r\n                <\/div>\r\n                \n<p><strong>Pour plus d&rsquo;informations et d&rsquo;analyses sur la <a href=\"https:\/\/www.africa-press.net\/congo-brazzaville\">Congo Brazzaville<\/a>, suivez <a href=\"https:\/\/www.africa-press.net\/\">Africa-Press<\/a><\/strong><\/p>\n","protected":false},"excerpt":{"rendered":"<p>Africa-Press &#8211; Congo Brazzaville. Le bureau exe\u0301cutif de la ligue de\u0301partementale du sport de travail de Pointe-Noire a e\u0301te\u0301 restructure\u0301 le 3 mars, au complexe sportif de la ville oce\u0301ane, lors de l\u2019assemble\u0301e ge\u0301ne\u0301rale e\u0301lective organise\u0301e par la Fe\u0301de\u0301ration congolaise du sport de travail sous la houlette du directeur de\u0301partemental des sports et de l\u2019e\u0301ducation [&hellip;]<\/p>\n","protected":false},"author":82,"featured_media":15247,"comment_status":"open","ping_status":"closed","sticky":false,"template":"","format":"standard","meta":{"footnotes":""},"categories":[8,6,10],"tags":[36,47,46],"class_list":["post-15248","post","type-post","status-publish","format-standard","has-post-thumbnail","hentry","category-photo","category-sports","category-toutes-les-actualites","tag-africa-press","tag-africa-press-congo-brazzaville","tag-congo-brazzaville"],"yoast_head":"<!-- This site is optimized with the Yoast SEO Premium plugin v26.1 (Yoast SEO v27.0) - https:\/\/yoast.com\/product\/yoast-seo-premium-wordpress\/ -->\n<title>Ligue du sport de travail : Peter Moka prend les r\u00eanes de Pointe-Noire - Congo Brazzaville<\/title>\n<meta name=\"description\" content=\"Le bureau exe\u0301cutif de la ligue de\u0301partementale du sport de travail de Pointe-Noire a e\u0301te\u0301 restructure\u0301 le 3 mars, a ...\" \/>\n<meta name=\"robots\" content=\"index, follow, max-snippet:-1, max-image-preview:large, max-video-preview:-1\" \/>\n<link rel=\"canonical\" href=\"https:\/\/www.africa-press.net\/congo-brazzaville\/sports\/ligue-du-sport-de-travail-peter-moka-prend-les-renes-de-pointe-noire\" \/>\n<meta property=\"og:locale\" content=\"fr_FR\" \/>\n<meta property=\"og:type\" content=\"article\" \/>\n<meta property=\"og:title\" content=\"Ligue du sport de travail : Peter Moka prend les r\u00eanes de Pointe-Noire\" \/>\n<meta property=\"og:description\" content=\"Le bureau exe\u0301cutif de la ligue de\u0301partementale du sport de travail de Pointe-Noire a e\u0301te\u0301 restructure\u0301 le 3 mars, a ...\" \/>\n<meta property=\"og:url\" content=\"https:\/\/www.africa-press.net\/congo-brazzaville\/sports\/ligue-du-sport-de-travail-peter-moka-prend-les-renes-de-pointe-noire\" \/>\n<meta property=\"og:site_name\" content=\"Congo Brazzaville\" \/>\n<meta property=\"article:published_time\" content=\"2023-03-06T20:07:52+00:00\" \/>\n<meta property=\"article:modified_time\" content=\"2023-03-06T21:48:47+00:00\" \/>\n<meta property=\"og:image\" content=\"https:\/\/static.africa-press.net\/congo-brazzaville\/sites\/51\/2023\/03\/postQueueImg_1678120682.20.jpg\" \/>\n\t<meta property=\"og:image:width\" content=\"1023\" \/>\n\t<meta property=\"og:image:height\" content=\"768\" \/>\n\t<meta property=\"og:image:type\" content=\"image\/jpeg\" \/>\n<meta name=\"author\" content=\"cfeditorfr\" \/>\n<meta name=\"twitter:card\" content=\"summary_large_image\" \/>\n<meta name=\"twitter:label1\" content=\"\u00c9crit par\" \/>\n\t<meta name=\"twitter:data1\" content=\"cfeditorfr\" \/>\n\t<meta name=\"twitter:label2\" content=\"Dur\u00e9e de lecture estim\u00e9e\" \/>\n\t<meta name=\"twitter:data2\" content=\"3 minutes\" \/>\n<script type=\"application\/ld+json\" class=\"yoast-schema-graph\">{\"@context\":\"https:\/\/schema.org\",\"@graph\":[{\"@type\":\"Article\",\"@id\":\"https:\/\/www.africa-press.net\/congo-brazzaville\/sports\/ligue-du-sport-de-travail-peter-moka-prend-les-renes-de-pointe-noire#article\",\"isPartOf\":{\"@id\":\"https:\/\/www.africa-press.net\/congo-brazzaville\/sports\/ligue-du-sport-de-travail-peter-moka-prend-les-renes-de-pointe-noire\"},\"author\":{\"name\":\"cfeditorfr\",\"@id\":\"https:\/\/www.africa-press.net\/congo-brazzaville\/#\/schema\/person\/2b1cf3cd81a31e3cd26889ca66d677f1\"},\"headline\":\"Ligue du sport de travail : Peter Moka prend les r\u00eanes de Pointe-Noire\",\"datePublished\":\"2023-03-06T20:07:52+00:00\",\"dateModified\":\"2023-03-06T21:48:47+00:00\",\"mainEntityOfPage\":{\"@id\":\"https:\/\/www.africa-press.net\/congo-brazzaville\/sports\/ligue-du-sport-de-travail-peter-moka-prend-les-renes-de-pointe-noire\"},\"wordCount\":594,\"commentCount\":0,\"image\":{\"@id\":\"https:\/\/www.africa-press.net\/congo-brazzaville\/sports\/ligue-du-sport-de-travail-peter-moka-prend-les-renes-de-pointe-noire#primaryimage\"},\"thumbnailUrl\":\"https:\/\/static.africa-press.net\/congo-brazzaville\/sites\/51\/2023\/03\/postQueueImg_1678120682.20.jpg\",\"keywords\":[\"Africa Press\",\"Africa Press-Congo Brazzaville\",\"Congo Brazzaville\"],\"articleSection\":[\"Photo\",\"Sports\",\"Toutes les actualit\u00e9s\"],\"inLanguage\":\"fr-FR\",\"potentialAction\":[{\"@type\":\"CommentAction\",\"name\":\"Comment\",\"target\":[\"https:\/\/www.africa-press.net\/congo-brazzaville\/sports\/ligue-du-sport-de-travail-peter-moka-prend-les-renes-de-pointe-noire#respond\"]}]},{\"@type\":\"WebPage\",\"@id\":\"https:\/\/www.africa-press.net\/congo-brazzaville\/sports\/ligue-du-sport-de-travail-peter-moka-prend-les-renes-de-pointe-noire\",\"url\":\"https:\/\/www.africa-press.net\/congo-brazzaville\/sports\/ligue-du-sport-de-travail-peter-moka-prend-les-renes-de-pointe-noire\",\"name\":\"Ligue du sport de travail : Peter Moka prend les r\u00eanes de Pointe-Noire - Congo Brazzaville\",\"isPartOf\":{\"@id\":\"https:\/\/www.africa-press.net\/congo-brazzaville\/#website\"},\"primaryImageOfPage\":{\"@id\":\"https:\/\/www.africa-press.net\/congo-brazzaville\/sports\/ligue-du-sport-de-travail-peter-moka-prend-les-renes-de-pointe-noire#primaryimage\"},\"image\":{\"@id\":\"https:\/\/www.africa-press.net\/congo-brazzaville\/sports\/ligue-du-sport-de-travail-peter-moka-prend-les-renes-de-pointe-noire#primaryimage\"},\"thumbnailUrl\":\"https:\/\/static.africa-press.net\/congo-brazzaville\/sites\/51\/2023\/03\/postQueueImg_1678120682.20.jpg\",\"datePublished\":\"2023-03-06T20:07:52+00:00\",\"dateModified\":\"2023-03-06T21:48:47+00:00\",\"author\":{\"@id\":\"https:\/\/www.africa-press.net\/congo-brazzaville\/#\/schema\/person\/2b1cf3cd81a31e3cd26889ca66d677f1\"},\"description\":\"Le bureau exe\u0301cutif de la ligue de\u0301partementale du sport de travail de Pointe-Noire a e\u0301te\u0301 restructure\u0301 le 3 mars, a ...\",\"breadcrumb\":{\"@id\":\"https:\/\/www.africa-press.net\/congo-brazzaville\/sports\/ligue-du-sport-de-travail-peter-moka-prend-les-renes-de-pointe-noire#breadcrumb\"},\"inLanguage\":\"fr-FR\",\"potentialAction\":[{\"@type\":\"ReadAction\",\"target\":[\"https:\/\/www.africa-press.net\/congo-brazzaville\/sports\/ligue-du-sport-de-travail-peter-moka-prend-les-renes-de-pointe-noire\"]}]},{\"@type\":\"ImageObject\",\"inLanguage\":\"fr-FR\",\"@id\":\"https:\/\/www.africa-press.net\/congo-brazzaville\/sports\/ligue-du-sport-de-travail-peter-moka-prend-les-renes-de-pointe-noire#primaryimage\",\"url\":\"https:\/\/static.africa-press.net\/congo-brazzaville\/sites\/51\/2023\/03\/postQueueImg_1678120682.20.jpg\",\"contentUrl\":\"https:\/\/static.africa-press.net\/congo-brazzaville\/sites\/51\/2023\/03\/postQueueImg_1678120682.20.jpg\",\"width\":1023,\"height\":768,\"caption\":\"Ligue du sport de travail : Peter Moka prend les r\u00eanes de Pointe-Noire\"},{\"@type\":\"BreadcrumbList\",\"@id\":\"https:\/\/www.africa-press.net\/congo-brazzaville\/sports\/ligue-du-sport-de-travail-peter-moka-prend-les-renes-de-pointe-noire#breadcrumb\",\"itemListElement\":[{\"@type\":\"ListItem\",\"position\":1,\"name\":\"Accueil\",\"item\":\"https:\/\/www.africa-press.net\/congo-brazzaville\/\"},{\"@type\":\"ListItem\",\"position\":2,\"name\":\"Ligue du sport de travail : Peter Moka prend les r\u00eanes de Pointe-Noire\"}]},{\"@type\":\"WebSite\",\"@id\":\"https:\/\/www.africa-press.net\/congo-brazzaville\/#website\",\"url\":\"https:\/\/www.africa-press.net\/congo-brazzaville\/\",\"name\":\"Congo Brazzaville\",\"description\":\"Just another Africa News Agency Sites site\",\"potentialAction\":[{\"@type\":\"SearchAction\",\"target\":{\"@type\":\"EntryPoint\",\"urlTemplate\":\"https:\/\/www.africa-press.net\/congo-brazzaville\/?s={search_term_string}\"},\"query-input\":{\"@type\":\"PropertyValueSpecification\",\"valueRequired\":true,\"valueName\":\"search_term_string\"}}],\"inLanguage\":\"fr-FR\"},{\"@type\":\"Person\",\"@id\":\"https:\/\/www.africa-press.net\/congo-brazzaville\/#\/schema\/person\/2b1cf3cd81a31e3cd26889ca66d677f1\",\"name\":\"cfeditorfr\"}]}<\/script>\n<!-- \/ Yoast SEO Premium plugin. -->","yoast_head_json":{"title":"Ligue du sport de travail : Peter Moka prend les r\u00eanes de Pointe-Noire - Congo Brazzaville","description":"Le bureau exe\u0301cutif de la ligue de\u0301partementale du sport de travail de Pointe-Noire a e\u0301te\u0301 restructure\u0301 le 3 mars, a ...","robots":{"index":"index","follow":"follow","max-snippet":"max-snippet:-1","max-image-preview":"max-image-preview:large","max-video-preview":"max-video-preview:-1"},"canonical":"https:\/\/www.africa-press.net\/congo-brazzaville\/sports\/ligue-du-sport-de-travail-peter-moka-prend-les-renes-de-pointe-noire","og_locale":"fr_FR","og_type":"article","og_title":"Ligue du sport de travail : Peter Moka prend les r\u00eanes de Pointe-Noire","og_description":"Le bureau exe\u0301cutif de la ligue de\u0301partementale du sport de travail de Pointe-Noire a e\u0301te\u0301 restructure\u0301 le 3 mars, a ...","og_url":"https:\/\/www.africa-press.net\/congo-brazzaville\/sports\/ligue-du-sport-de-travail-peter-moka-prend-les-renes-de-pointe-noire","og_site_name":"Congo Brazzaville","article_published_time":"2023-03-06T20:07:52+00:00","article_modified_time":"2023-03-06T21:48:47+00:00","og_image":[{"width":1023,"height":768,"url":"https:\/\/static.africa-press.net\/congo-brazzaville\/sites\/51\/2023\/03\/postQueueImg_1678120682.20.jpg","type":"image\/jpeg"}],"author":"cfeditorfr","twitter_card":"summary_large_image","twitter_misc":{"\u00c9crit par":"cfeditorfr","Dur\u00e9e de lecture estim\u00e9e":"3 minutes"},"schema":{"@context":"https:\/\/schema.org","@graph":[{"@type":"Article","@id":"https:\/\/www.africa-press.net\/congo-brazzaville\/sports\/ligue-du-sport-de-travail-peter-moka-prend-les-renes-de-pointe-noire#article","isPartOf":{"@id":"https:\/\/www.africa-press.net\/congo-brazzaville\/sports\/ligue-du-sport-de-travail-peter-moka-prend-les-renes-de-pointe-noire"},"author":{"name":"cfeditorfr","@id":"https:\/\/www.africa-press.net\/congo-brazzaville\/#\/schema\/person\/2b1cf3cd81a31e3cd26889ca66d677f1"},"headline":"Ligue du sport de travail : Peter Moka prend les r\u00eanes de Pointe-Noire","datePublished":"2023-03-06T20:07:52+00:00","dateModified":"2023-03-06T21:48:47+00:00","mainEntityOfPage":{"@id":"https:\/\/www.africa-press.net\/congo-brazzaville\/sports\/ligue-du-sport-de-travail-peter-moka-prend-les-renes-de-pointe-noire"},"wordCount":594,"commentCount":0,"image":{"@id":"https:\/\/www.africa-press.net\/congo-brazzaville\/sports\/ligue-du-sport-de-travail-peter-moka-prend-les-renes-de-pointe-noire#primaryimage"},"thumbnailUrl":"https:\/\/static.africa-press.net\/congo-brazzaville\/sites\/51\/2023\/03\/postQueueImg_1678120682.20.jpg","keywords":["Africa Press","Africa Press-Congo Brazzaville","Congo Brazzaville"],"articleSection":["Photo","Sports","Toutes les actualit\u00e9s"],"inLanguage":"fr-FR","potentialAction":[{"@type":"CommentAction","name":"Comment","target":["https:\/\/www.africa-press.net\/congo-brazzaville\/sports\/ligue-du-sport-de-travail-peter-moka-prend-les-renes-de-pointe-noire#respond"]}]},{"@type":"WebPage","@id":"https:\/\/www.africa-press.net\/congo-brazzaville\/sports\/ligue-du-sport-de-travail-peter-moka-prend-les-renes-de-pointe-noire","url":"https:\/\/www.africa-press.net\/congo-brazzaville\/sports\/ligue-du-sport-de-travail-peter-moka-prend-les-renes-de-pointe-noire","name":"Ligue du sport de travail : Peter Moka prend les r\u00eanes de Pointe-Noire - Congo Brazzaville","isPartOf":{"@id":"https:\/\/www.africa-press.net\/congo-brazzaville\/#website"},"primaryImageOfPage":{"@id":"https:\/\/www.africa-press.net\/congo-brazzaville\/sports\/ligue-du-sport-de-travail-peter-moka-prend-les-renes-de-pointe-noire#primaryimage"},"image":{"@id":"https:\/\/www.africa-press.net\/congo-brazzaville\/sports\/ligue-du-sport-de-travail-peter-moka-prend-les-renes-de-pointe-noire#primaryimage"},"thumbnailUrl":"https:\/\/static.africa-press.net\/congo-brazzaville\/sites\/51\/2023\/03\/postQueueImg_1678120682.20.jpg","datePublished":"2023-03-06T20:07:52+00:00","dateModified":"2023-03-06T21:48:47+00:00","author":{"@id":"https:\/\/www.africa-press.net\/congo-brazzaville\/#\/schema\/person\/2b1cf3cd81a31e3cd26889ca66d677f1"},"description":"Le bureau exe\u0301cutif de la ligue de\u0301partementale du sport de travail de Pointe-Noire a e\u0301te\u0301 restructure\u0301 le 3 mars, a ...","breadcrumb":{"@id":"https:\/\/www.africa-press.net\/congo-brazzaville\/sports\/ligue-du-sport-de-travail-peter-moka-prend-les-renes-de-pointe-noire#breadcrumb"},"inLanguage":"fr-FR","potentialAction":[{"@type":"ReadAction","target":["https:\/\/www.africa-press.net\/congo-brazzaville\/sports\/ligue-du-sport-de-travail-peter-moka-prend-les-renes-de-pointe-noire"]}]},{"@type":"ImageObject","inLanguage":"fr-FR","@id":"https:\/\/www.africa-press.net\/congo-brazzaville\/sports\/ligue-du-sport-de-travail-peter-moka-prend-les-renes-de-pointe-noire#primaryimage","url":"https:\/\/static.africa-press.net\/congo-brazzaville\/sites\/51\/2023\/03\/postQueueImg_1678120682.20.jpg","contentUrl":"https:\/\/static.africa-press.net\/congo-brazzaville\/sites\/51\/2023\/03\/postQueueImg_1678120682.20.jpg","width":1023,"height":768,"caption":"Ligue du sport de travail : Peter Moka prend les r\u00eanes de Pointe-Noire"},{"@type":"BreadcrumbList","@id":"https:\/\/www.africa-press.net\/congo-brazzaville\/sports\/ligue-du-sport-de-travail-peter-moka-prend-les-renes-de-pointe-noire#breadcrumb","itemListElement":[{"@type":"ListItem","position":1,"name":"Accueil","item":"https:\/\/www.africa-press.net\/congo-brazzaville\/"},{"@type":"ListItem","position":2,"name":"Ligue du sport de travail : Peter Moka prend les r\u00eanes de Pointe-Noire"}]},{"@type":"WebSite","@id":"https:\/\/www.africa-press.net\/congo-brazzaville\/#website","url":"https:\/\/www.africa-press.net\/congo-brazzaville\/","name":"Congo Brazzaville","description":"Just another Africa News Agency Sites site","potentialAction":[{"@type":"SearchAction","target":{"@type":"EntryPoint","urlTemplate":"https:\/\/www.africa-press.net\/congo-brazzaville\/?s={search_term_string}"},"query-input":{"@type":"PropertyValueSpecification","valueRequired":true,"valueName":"search_term_string"}}],"inLanguage":"fr-FR"},{"@type":"Person","@id":"https:\/\/www.africa-press.net\/congo-brazzaville\/#\/schema\/person\/2b1cf3cd81a31e3cd26889ca66d677f1","name":"cfeditorfr"}]}},"_links":{"self":[{"href":"https:\/\/www.africa-press.net\/congo-brazzaville\/wp-json\/wp\/v2\/posts\/15248","targetHints":{"allow":["GET"]}}],"collection":[{"href":"https:\/\/www.africa-press.net\/congo-brazzaville\/wp-json\/wp\/v2\/posts"}],"about":[{"href":"https:\/\/www.africa-press.net\/congo-brazzaville\/wp-json\/wp\/v2\/types\/post"}],"author":[{"embeddable":true,"href":"https:\/\/www.africa-press.net\/congo-brazzaville\/wp-json\/wp\/v2\/users\/82"}],"replies":[{"embeddable":true,"href":"https:\/\/www.africa-press.net\/congo-brazzaville\/wp-json\/wp\/v2\/comments?post=15248"}],"version-history":[{"count":0,"href":"https:\/\/www.africa-press.net\/congo-brazzaville\/wp-json\/wp\/v2\/posts\/15248\/revisions"}],"wp:featuredmedia":[{"embeddable":true,"href":"https:\/\/www.africa-press.net\/congo-brazzaville\/wp-json\/wp\/v2\/media\/15247"}],"wp:attachment":[{"href":"https:\/\/www.africa-press.net\/congo-brazzaville\/wp-json\/wp\/v2\/media?parent=15248"}],"wp:term":[{"taxonomy":"category","embeddable":true,"href":"https:\/\/www.africa-press.net\/congo-brazzaville\/wp-json\/wp\/v2\/categories?post=15248"},{"taxonomy":"post_tag","embeddable":true,"href":"https:\/\/www.africa-press.net\/congo-brazzaville\/wp-json\/wp\/v2\/tags?post=15248"}],"curies":[{"name":"wp","href":"https:\/\/api.w.org\/{rel}","templated":true}]}}