{"id":15250,"date":"2023-03-06T20:08:07","date_gmt":"2023-03-06T20:08:07","guid":{"rendered":"https:\/\/www.africa-press.net\/congo-brazzaville\/politique\/mouvement-associatif-lautonomisation-des-femmes-au-coeur-des-echanges-a-pointe-noire"},"modified":"2023-03-06T21:49:17","modified_gmt":"2023-03-06T21:49:17","slug":"mouvement-associatif-lautonomisation-des-femmes-au-coeur-des-echanges-a-pointe-noire","status":"publish","type":"post","link":"https:\/\/www.africa-press.net\/congo-brazzaville\/toutes-les-actualites\/mouvement-associatif-lautonomisation-des-femmes-au-coeur-des-echanges-a-pointe-noire","title":{"rendered":"Mouvement associatif : l\u2019autonomisation des femmes au c\u0153ur des \u00e9changes \u00e0 Pointe-Noire"},"content":{"rendered":"<p><span style=\"color: #ff6600\"><strong>Africa-Press &#8211; Congo Brazzaville. <\/strong><\/span><b>Dirige\u0301e par Aime\u0301e Clarisse Abambila, l\u2019Association des femmes de\u0301voue\u0301es (AFD) a fait sa sortie officielle le 4 mars, au cours d\u2019un focus en pre\u0301sence de Re\u0301gine Goma, coordonnatrice des organisations de la socie\u0301te\u0301 civile de Pointe-Noire et du Kouilou.<\/b><\/p>\n<p>L\u2019AFD s\u2019assigne comme objectif principal d\u2019aider les personnes de\u0301munies, les orphelins et les veuves a\u0300 sortir de l\u2019assistanat et a\u0300 s\u2019autonomiser. \u00ab Le chemin a\u0300 parcourir est encore long et nous avons besoin de votre soutien afin de re\u0301colter les re\u0301sultats escompte\u0301s \u00bb, a dit Aime\u0301e Clarisse Abambila, pre\u0301sidente de l&rsquo;AFD. Elle a ajoute\u0301 que \u00abla formation de ce jour s\u2019investit dans cette logique. Elle permettra aussi d\u2019ame\u0301liorer les attitudes et les comportements des acteurs charge\u0301s de la mise en \u0153uvre des diffe\u0301rentes activite\u0301s faisant partie de leur plan d\u2019action. C\u2019est un processus qui ne\u0301cessite l\u2019engagement, l\u2019efficacite\u0301 individuelle et collective par la prise de conscience de toutes \u00bb.<\/p>\n<p>Compose\u0301 d\u2019une dizaine de membres, le bureau de l\u2019AFD a e\u0301te\u0301 pre\u0301sente\u0301 a\u0300 l\u2019assistance et congratule\u0301 par Re\u0301gine Goma. Elle a demande\u0301 a\u0300 chaque membre d\u2019exceller dans le travail, l\u2019amour du prochain et la solidarite\u0301 comme l\u2019exige l\u2019humanisme, le cre\u0301do que de\u0301fend l\u2019AFD.<\/p>\n<p>\u00ab L\u2019autonomisation de la femme et la gestion de son revenu \u00bb est le the\u0300me du focus qui a e\u0301te\u0301 anime\u0301 par Noemy Mokobo, formatrice et consultante. L\u2019importance de l\u2019autonomisation; comment amener les femmes a\u0300 l\u2019autonomisation ? Comment avoir acce\u0300s aux ressources financie\u0300res? Les cle\u0301s d\u2019une bonne gestion de revenus sont, entre autres, les sous\u2013the\u0300mes de\u0301veloppe\u0301s par l\u2019oratrice, e\u0301taye\u0301s d\u2019exemples qui ont e\u0301difie\u0301 les participantes.<\/p>\n<p>Soulignons que cette activite\u0301 a e\u0301te\u0301 organise\u0301e en pre\u0301lude a\u0300 la Journe\u0301e internationale des droits des femmes qui sera ce\u0301le\u0301bre\u0301e le 8 mars.<\/p>\n<p><strong>Pour plus d&rsquo;informations et d&rsquo;analyses sur la <a href=\"https:\/\/www.africa-press.net\/congo-brazzaville\">Congo Brazzaville<\/a>, suivez <a href=\"https:\/\/www.africa-press.net\/\">Africa-Press<\/a><\/strong><\/p>\n","protected":false},"excerpt":{"rendered":"<p>Africa-Press &#8211; Congo Brazzaville. Dirige\u0301e par Aime\u0301e Clarisse Abambila, l\u2019Association des femmes de\u0301voue\u0301es (AFD) a fait sa sortie officielle le 4 mars, au cours d\u2019un focus en pre\u0301sence de Re\u0301gine Goma, coordonnatrice des organisations de la socie\u0301te\u0301 civile de Pointe-Noire et du Kouilou. L\u2019AFD s\u2019assigne comme objectif principal d\u2019aider les personnes de\u0301munies, les orphelins et [&hellip;]<\/p>\n","protected":false},"author":82,"featured_media":15249,"comment_status":"open","ping_status":"closed","sticky":false,"template":"","format":"standard","meta":{"footnotes":""},"categories":[21,10],"tags":[36,47,46],"class_list":["post-15250","post","type-post","status-publish","format-standard","has-post-thumbnail","hentry","category-communaute","category-toutes-les-actualites","tag-africa-press","tag-africa-press-congo-brazzaville","tag-congo-brazzaville"],"yoast_head":"<!-- This site is optimized with the Yoast SEO Premium plugin v26.1 (Yoast SEO v27.0) - https:\/\/yoast.com\/product\/yoast-seo-premium-wordpress\/ -->\n<title>Mouvement associatif : l\u2019autonomisation des femmes au c\u0153ur des \u00e9changes \u00e0 Pointe-Noire - Congo Brazzaville<\/title>\n<meta name=\"description\" content=\"Dirige\u0301e par Aime\u0301e Clarisse Abambila, l\u2019Association des femmes de\u0301voue\u0301es (AFD) a fait sa sortie officielle le 4 mar ...\" \/>\n<meta name=\"robots\" content=\"index, follow, max-snippet:-1, max-image-preview:large, max-video-preview:-1\" \/>\n<link rel=\"canonical\" href=\"https:\/\/www.africa-press.net\/congo-brazzaville\/toutes-les-actualites\/mouvement-associatif-lautonomisation-des-femmes-au-coeur-des-echanges-a-pointe-noire\" \/>\n<meta property=\"og:locale\" content=\"fr_FR\" \/>\n<meta property=\"og:type\" content=\"article\" \/>\n<meta property=\"og:title\" content=\"Mouvement associatif : l\u2019autonomisation des femmes au c\u0153ur des \u00e9changes \u00e0 Pointe-Noire\" \/>\n<meta property=\"og:description\" content=\"Dirige\u0301e par Aime\u0301e Clarisse Abambila, l\u2019Association des femmes de\u0301voue\u0301es (AFD) a fait sa sortie officielle le 4 mar ...\" \/>\n<meta property=\"og:url\" content=\"https:\/\/www.africa-press.net\/congo-brazzaville\/toutes-les-actualites\/mouvement-associatif-lautonomisation-des-femmes-au-coeur-des-echanges-a-pointe-noire\" \/>\n<meta property=\"og:site_name\" content=\"Congo Brazzaville\" \/>\n<meta property=\"article:published_time\" content=\"2023-03-06T20:08:07+00:00\" \/>\n<meta property=\"article:modified_time\" content=\"2023-03-06T21:49:17+00:00\" \/>\n<meta property=\"og:image\" content=\"https:\/\/static.africa-press.net\/congo-brazzaville\/sites\/51\/2023\/03\/postQueueImg_1678120695.55.jpg\" \/>\n\t<meta property=\"og:image:width\" content=\"1024\" \/>\n\t<meta property=\"og:image:height\" content=\"768\" \/>\n\t<meta property=\"og:image:type\" content=\"image\/jpeg\" \/>\n<meta name=\"author\" content=\"cfeditorfr\" \/>\n<meta name=\"twitter:card\" content=\"summary_large_image\" \/>\n<meta name=\"twitter:label1\" content=\"\u00c9crit par\" \/>\n\t<meta name=\"twitter:data1\" content=\"cfeditorfr\" \/>\n\t<meta name=\"twitter:label2\" content=\"Dur\u00e9e de lecture estim\u00e9e\" \/>\n\t<meta name=\"twitter:data2\" content=\"2 minutes\" \/>\n<script type=\"application\/ld+json\" class=\"yoast-schema-graph\">{\"@context\":\"https:\/\/schema.org\",\"@graph\":[{\"@type\":\"Article\",\"@id\":\"https:\/\/www.africa-press.net\/congo-brazzaville\/toutes-les-actualites\/mouvement-associatif-lautonomisation-des-femmes-au-coeur-des-echanges-a-pointe-noire#article\",\"isPartOf\":{\"@id\":\"https:\/\/www.africa-press.net\/congo-brazzaville\/toutes-les-actualites\/mouvement-associatif-lautonomisation-des-femmes-au-coeur-des-echanges-a-pointe-noire\"},\"author\":{\"name\":\"cfeditorfr\",\"@id\":\"https:\/\/www.africa-press.net\/congo-brazzaville\/#\/schema\/person\/2b1cf3cd81a31e3cd26889ca66d677f1\"},\"headline\":\"Mouvement associatif : l\u2019autonomisation des femmes au c\u0153ur des \u00e9changes \u00e0 Pointe-Noire\",\"datePublished\":\"2023-03-06T20:08:07+00:00\",\"dateModified\":\"2023-03-06T21:49:17+00:00\",\"mainEntityOfPage\":{\"@id\":\"https:\/\/www.africa-press.net\/congo-brazzaville\/toutes-les-actualites\/mouvement-associatif-lautonomisation-des-femmes-au-coeur-des-echanges-a-pointe-noire\"},\"wordCount\":370,\"commentCount\":0,\"image\":{\"@id\":\"https:\/\/www.africa-press.net\/congo-brazzaville\/toutes-les-actualites\/mouvement-associatif-lautonomisation-des-femmes-au-coeur-des-echanges-a-pointe-noire#primaryimage\"},\"thumbnailUrl\":\"https:\/\/static.africa-press.net\/congo-brazzaville\/sites\/51\/2023\/03\/postQueueImg_1678120695.55.jpg\",\"keywords\":[\"Africa Press\",\"Africa Press-Congo Brazzaville\",\"Congo Brazzaville\"],\"articleSection\":[\"Communaut\u00e9\",\"Toutes les actualit\u00e9s\"],\"inLanguage\":\"fr-FR\",\"potentialAction\":[{\"@type\":\"CommentAction\",\"name\":\"Comment\",\"target\":[\"https:\/\/www.africa-press.net\/congo-brazzaville\/toutes-les-actualites\/mouvement-associatif-lautonomisation-des-femmes-au-coeur-des-echanges-a-pointe-noire#respond\"]}]},{\"@type\":\"WebPage\",\"@id\":\"https:\/\/www.africa-press.net\/congo-brazzaville\/toutes-les-actualites\/mouvement-associatif-lautonomisation-des-femmes-au-coeur-des-echanges-a-pointe-noire\",\"url\":\"https:\/\/www.africa-press.net\/congo-brazzaville\/toutes-les-actualites\/mouvement-associatif-lautonomisation-des-femmes-au-coeur-des-echanges-a-pointe-noire\",\"name\":\"Mouvement associatif : l\u2019autonomisation des femmes au c\u0153ur des \u00e9changes \u00e0 Pointe-Noire - Congo Brazzaville\",\"isPartOf\":{\"@id\":\"https:\/\/www.africa-press.net\/congo-brazzaville\/#website\"},\"primaryImageOfPage\":{\"@id\":\"https:\/\/www.africa-press.net\/congo-brazzaville\/toutes-les-actualites\/mouvement-associatif-lautonomisation-des-femmes-au-coeur-des-echanges-a-pointe-noire#primaryimage\"},\"image\":{\"@id\":\"https:\/\/www.africa-press.net\/congo-brazzaville\/toutes-les-actualites\/mouvement-associatif-lautonomisation-des-femmes-au-coeur-des-echanges-a-pointe-noire#primaryimage\"},\"thumbnailUrl\":\"https:\/\/static.africa-press.net\/congo-brazzaville\/sites\/51\/2023\/03\/postQueueImg_1678120695.55.jpg\",\"datePublished\":\"2023-03-06T20:08:07+00:00\",\"dateModified\":\"2023-03-06T21:49:17+00:00\",\"author\":{\"@id\":\"https:\/\/www.africa-press.net\/congo-brazzaville\/#\/schema\/person\/2b1cf3cd81a31e3cd26889ca66d677f1\"},\"description\":\"Dirige\u0301e par Aime\u0301e Clarisse Abambila, l\u2019Association des femmes de\u0301voue\u0301es (AFD) a fait sa sortie officielle le 4 mar ...\",\"breadcrumb\":{\"@id\":\"https:\/\/www.africa-press.net\/congo-brazzaville\/toutes-les-actualites\/mouvement-associatif-lautonomisation-des-femmes-au-coeur-des-echanges-a-pointe-noire#breadcrumb\"},\"inLanguage\":\"fr-FR\",\"potentialAction\":[{\"@type\":\"ReadAction\",\"target\":[\"https:\/\/www.africa-press.net\/congo-brazzaville\/toutes-les-actualites\/mouvement-associatif-lautonomisation-des-femmes-au-coeur-des-echanges-a-pointe-noire\"]}]},{\"@type\":\"ImageObject\",\"inLanguage\":\"fr-FR\",\"@id\":\"https:\/\/www.africa-press.net\/congo-brazzaville\/toutes-les-actualites\/mouvement-associatif-lautonomisation-des-femmes-au-coeur-des-echanges-a-pointe-noire#primaryimage\",\"url\":\"https:\/\/static.africa-press.net\/congo-brazzaville\/sites\/51\/2023\/03\/postQueueImg_1678120695.55.jpg\",\"contentUrl\":\"https:\/\/static.africa-press.net\/congo-brazzaville\/sites\/51\/2023\/03\/postQueueImg_1678120695.55.jpg\",\"width\":1024,\"height\":768,\"caption\":\"Mouvement associatif : l\u2019autonomisation des femmes au c\u0153ur des \u00e9changes \u00e0 Pointe-Noire\"},{\"@type\":\"BreadcrumbList\",\"@id\":\"https:\/\/www.africa-press.net\/congo-brazzaville\/toutes-les-actualites\/mouvement-associatif-lautonomisation-des-femmes-au-coeur-des-echanges-a-pointe-noire#breadcrumb\",\"itemListElement\":[{\"@type\":\"ListItem\",\"position\":1,\"name\":\"Accueil\",\"item\":\"https:\/\/www.africa-press.net\/congo-brazzaville\/\"},{\"@type\":\"ListItem\",\"position\":2,\"name\":\"Mouvement associatif : l\u2019autonomisation des femmes au c\u0153ur des \u00e9changes \u00e0 Pointe-Noire\"}]},{\"@type\":\"WebSite\",\"@id\":\"https:\/\/www.africa-press.net\/congo-brazzaville\/#website\",\"url\":\"https:\/\/www.africa-press.net\/congo-brazzaville\/\",\"name\":\"Congo Brazzaville\",\"description\":\"Just another Africa News Agency Sites site\",\"potentialAction\":[{\"@type\":\"SearchAction\",\"target\":{\"@type\":\"EntryPoint\",\"urlTemplate\":\"https:\/\/www.africa-press.net\/congo-brazzaville\/?s={search_term_string}\"},\"query-input\":{\"@type\":\"PropertyValueSpecification\",\"valueRequired\":true,\"valueName\":\"search_term_string\"}}],\"inLanguage\":\"fr-FR\"},{\"@type\":\"Person\",\"@id\":\"https:\/\/www.africa-press.net\/congo-brazzaville\/#\/schema\/person\/2b1cf3cd81a31e3cd26889ca66d677f1\",\"name\":\"cfeditorfr\"}]}<\/script>\n<!-- \/ Yoast SEO Premium plugin. -->","yoast_head_json":{"title":"Mouvement associatif : l\u2019autonomisation des femmes au c\u0153ur des \u00e9changes \u00e0 Pointe-Noire - Congo Brazzaville","description":"Dirige\u0301e par Aime\u0301e Clarisse Abambila, l\u2019Association des femmes de\u0301voue\u0301es (AFD) a fait sa sortie officielle le 4 mar ...","robots":{"index":"index","follow":"follow","max-snippet":"max-snippet:-1","max-image-preview":"max-image-preview:large","max-video-preview":"max-video-preview:-1"},"canonical":"https:\/\/www.africa-press.net\/congo-brazzaville\/toutes-les-actualites\/mouvement-associatif-lautonomisation-des-femmes-au-coeur-des-echanges-a-pointe-noire","og_locale":"fr_FR","og_type":"article","og_title":"Mouvement associatif : l\u2019autonomisation des femmes au c\u0153ur des \u00e9changes \u00e0 Pointe-Noire","og_description":"Dirige\u0301e par Aime\u0301e Clarisse Abambila, l\u2019Association des femmes de\u0301voue\u0301es (AFD) a fait sa sortie officielle le 4 mar ...","og_url":"https:\/\/www.africa-press.net\/congo-brazzaville\/toutes-les-actualites\/mouvement-associatif-lautonomisation-des-femmes-au-coeur-des-echanges-a-pointe-noire","og_site_name":"Congo Brazzaville","article_published_time":"2023-03-06T20:08:07+00:00","article_modified_time":"2023-03-06T21:49:17+00:00","og_image":[{"width":1024,"height":768,"url":"https:\/\/static.africa-press.net\/congo-brazzaville\/sites\/51\/2023\/03\/postQueueImg_1678120695.55.jpg","type":"image\/jpeg"}],"author":"cfeditorfr","twitter_card":"summary_large_image","twitter_misc":{"\u00c9crit par":"cfeditorfr","Dur\u00e9e de lecture estim\u00e9e":"2 minutes"},"schema":{"@context":"https:\/\/schema.org","@graph":[{"@type":"Article","@id":"https:\/\/www.africa-press.net\/congo-brazzaville\/toutes-les-actualites\/mouvement-associatif-lautonomisation-des-femmes-au-coeur-des-echanges-a-pointe-noire#article","isPartOf":{"@id":"https:\/\/www.africa-press.net\/congo-brazzaville\/toutes-les-actualites\/mouvement-associatif-lautonomisation-des-femmes-au-coeur-des-echanges-a-pointe-noire"},"author":{"name":"cfeditorfr","@id":"https:\/\/www.africa-press.net\/congo-brazzaville\/#\/schema\/person\/2b1cf3cd81a31e3cd26889ca66d677f1"},"headline":"Mouvement associatif : l\u2019autonomisation des femmes au c\u0153ur des \u00e9changes \u00e0 Pointe-Noire","datePublished":"2023-03-06T20:08:07+00:00","dateModified":"2023-03-06T21:49:17+00:00","mainEntityOfPage":{"@id":"https:\/\/www.africa-press.net\/congo-brazzaville\/toutes-les-actualites\/mouvement-associatif-lautonomisation-des-femmes-au-coeur-des-echanges-a-pointe-noire"},"wordCount":370,"commentCount":0,"image":{"@id":"https:\/\/www.africa-press.net\/congo-brazzaville\/toutes-les-actualites\/mouvement-associatif-lautonomisation-des-femmes-au-coeur-des-echanges-a-pointe-noire#primaryimage"},"thumbnailUrl":"https:\/\/static.africa-press.net\/congo-brazzaville\/sites\/51\/2023\/03\/postQueueImg_1678120695.55.jpg","keywords":["Africa Press","Africa Press-Congo Brazzaville","Congo Brazzaville"],"articleSection":["Communaut\u00e9","Toutes les actualit\u00e9s"],"inLanguage":"fr-FR","potentialAction":[{"@type":"CommentAction","name":"Comment","target":["https:\/\/www.africa-press.net\/congo-brazzaville\/toutes-les-actualites\/mouvement-associatif-lautonomisation-des-femmes-au-coeur-des-echanges-a-pointe-noire#respond"]}]},{"@type":"WebPage","@id":"https:\/\/www.africa-press.net\/congo-brazzaville\/toutes-les-actualites\/mouvement-associatif-lautonomisation-des-femmes-au-coeur-des-echanges-a-pointe-noire","url":"https:\/\/www.africa-press.net\/congo-brazzaville\/toutes-les-actualites\/mouvement-associatif-lautonomisation-des-femmes-au-coeur-des-echanges-a-pointe-noire","name":"Mouvement associatif : l\u2019autonomisation des femmes au c\u0153ur des \u00e9changes \u00e0 Pointe-Noire - Congo Brazzaville","isPartOf":{"@id":"https:\/\/www.africa-press.net\/congo-brazzaville\/#website"},"primaryImageOfPage":{"@id":"https:\/\/www.africa-press.net\/congo-brazzaville\/toutes-les-actualites\/mouvement-associatif-lautonomisation-des-femmes-au-coeur-des-echanges-a-pointe-noire#primaryimage"},"image":{"@id":"https:\/\/www.africa-press.net\/congo-brazzaville\/toutes-les-actualites\/mouvement-associatif-lautonomisation-des-femmes-au-coeur-des-echanges-a-pointe-noire#primaryimage"},"thumbnailUrl":"https:\/\/static.africa-press.net\/congo-brazzaville\/sites\/51\/2023\/03\/postQueueImg_1678120695.55.jpg","datePublished":"2023-03-06T20:08:07+00:00","dateModified":"2023-03-06T21:49:17+00:00","author":{"@id":"https:\/\/www.africa-press.net\/congo-brazzaville\/#\/schema\/person\/2b1cf3cd81a31e3cd26889ca66d677f1"},"description":"Dirige\u0301e par Aime\u0301e Clarisse Abambila, l\u2019Association des femmes de\u0301voue\u0301es (AFD) a fait sa sortie officielle le 4 mar ...","breadcrumb":{"@id":"https:\/\/www.africa-press.net\/congo-brazzaville\/toutes-les-actualites\/mouvement-associatif-lautonomisation-des-femmes-au-coeur-des-echanges-a-pointe-noire#breadcrumb"},"inLanguage":"fr-FR","potentialAction":[{"@type":"ReadAction","target":["https:\/\/www.africa-press.net\/congo-brazzaville\/toutes-les-actualites\/mouvement-associatif-lautonomisation-des-femmes-au-coeur-des-echanges-a-pointe-noire"]}]},{"@type":"ImageObject","inLanguage":"fr-FR","@id":"https:\/\/www.africa-press.net\/congo-brazzaville\/toutes-les-actualites\/mouvement-associatif-lautonomisation-des-femmes-au-coeur-des-echanges-a-pointe-noire#primaryimage","url":"https:\/\/static.africa-press.net\/congo-brazzaville\/sites\/51\/2023\/03\/postQueueImg_1678120695.55.jpg","contentUrl":"https:\/\/static.africa-press.net\/congo-brazzaville\/sites\/51\/2023\/03\/postQueueImg_1678120695.55.jpg","width":1024,"height":768,"caption":"Mouvement associatif : l\u2019autonomisation des femmes au c\u0153ur des \u00e9changes \u00e0 Pointe-Noire"},{"@type":"BreadcrumbList","@id":"https:\/\/www.africa-press.net\/congo-brazzaville\/toutes-les-actualites\/mouvement-associatif-lautonomisation-des-femmes-au-coeur-des-echanges-a-pointe-noire#breadcrumb","itemListElement":[{"@type":"ListItem","position":1,"name":"Accueil","item":"https:\/\/www.africa-press.net\/congo-brazzaville\/"},{"@type":"ListItem","position":2,"name":"Mouvement associatif : l\u2019autonomisation des femmes au c\u0153ur des \u00e9changes \u00e0 Pointe-Noire"}]},{"@type":"WebSite","@id":"https:\/\/www.africa-press.net\/congo-brazzaville\/#website","url":"https:\/\/www.africa-press.net\/congo-brazzaville\/","name":"Congo Brazzaville","description":"Just another Africa News Agency Sites site","potentialAction":[{"@type":"SearchAction","target":{"@type":"EntryPoint","urlTemplate":"https:\/\/www.africa-press.net\/congo-brazzaville\/?s={search_term_string}"},"query-input":{"@type":"PropertyValueSpecification","valueRequired":true,"valueName":"search_term_string"}}],"inLanguage":"fr-FR"},{"@type":"Person","@id":"https:\/\/www.africa-press.net\/congo-brazzaville\/#\/schema\/person\/2b1cf3cd81a31e3cd26889ca66d677f1","name":"cfeditorfr"}]}},"_links":{"self":[{"href":"https:\/\/www.africa-press.net\/congo-brazzaville\/wp-json\/wp\/v2\/posts\/15250","targetHints":{"allow":["GET"]}}],"collection":[{"href":"https:\/\/www.africa-press.net\/congo-brazzaville\/wp-json\/wp\/v2\/posts"}],"about":[{"href":"https:\/\/www.africa-press.net\/congo-brazzaville\/wp-json\/wp\/v2\/types\/post"}],"author":[{"embeddable":true,"href":"https:\/\/www.africa-press.net\/congo-brazzaville\/wp-json\/wp\/v2\/users\/82"}],"replies":[{"embeddable":true,"href":"https:\/\/www.africa-press.net\/congo-brazzaville\/wp-json\/wp\/v2\/comments?post=15250"}],"version-history":[{"count":0,"href":"https:\/\/www.africa-press.net\/congo-brazzaville\/wp-json\/wp\/v2\/posts\/15250\/revisions"}],"wp:featuredmedia":[{"embeddable":true,"href":"https:\/\/www.africa-press.net\/congo-brazzaville\/wp-json\/wp\/v2\/media\/15249"}],"wp:attachment":[{"href":"https:\/\/www.africa-press.net\/congo-brazzaville\/wp-json\/wp\/v2\/media?parent=15250"}],"wp:term":[{"taxonomy":"category","embeddable":true,"href":"https:\/\/www.africa-press.net\/congo-brazzaville\/wp-json\/wp\/v2\/categories?post=15250"},{"taxonomy":"post_tag","embeddable":true,"href":"https:\/\/www.africa-press.net\/congo-brazzaville\/wp-json\/wp\/v2\/tags?post=15250"}],"curies":[{"name":"wp","href":"https:\/\/api.w.org\/{rel}","templated":true}]}}