{"id":15254,"date":"2023-03-06T20:08:36","date_gmt":"2023-03-06T20:08:36","guid":{"rendered":"https:\/\/www.africa-press.net\/congo-brazzaville\/politique\/cooperation-lue-et-le-congo-echangent-sur-des-questions-bilaterales"},"modified":"2023-03-06T21:50:28","modified_gmt":"2023-03-06T21:50:28","slug":"cooperation-lue-et-le-congo-echangent-sur-des-questions-bilaterales","status":"publish","type":"post","link":"https:\/\/www.africa-press.net\/congo-brazzaville\/politique\/cooperation-lue-et-le-congo-echangent-sur-des-questions-bilaterales","title":{"rendered":"Coop\u00e9ration : l\u2019UE et le Congo \u00e9changent sur des questions bilat\u00e9rales"},"content":{"rendered":"<p><span style=\"color: #ff6600\"><strong>Africa-Press &#8211; Congo Brazzaville. <\/strong><\/span><b>En se\u0301jour de travail au Congo, une de\u0301le\u0301gation des groupes Afrique-ACP du Conseil de l\u2019Union europe\u0301enne(UE) conduite par l\u2019ambassadeur Durazzo Giacomo a e\u0301change\u0301 le 6 mars a\u0300 Brazzaville avec le parlement congolais sur plusieurs questions, notamment celles lie\u0301es aux relations bilate\u0301rales. <\/b><\/p>\n<p>Ouvrant la rencontre, le pre\u0301sident de l\u2019Assemble\u0301e nationale, Isidore Mvouba, a d\u2019abord salue\u0301 le partenariat entre l\u2019UE, le Congo et les pays africains avant de rappeler les de\u0301fis environnementaux lie\u0301s au changement climatique auxquels toutes les parties doivent s\u2019atteler.<\/p>\n<p>De\u0300s l\u2019entame de la rencontre, les premiers vice-pre\u0301sidents de l\u2019Assemble\u0301e nationale et du Se\u0301nat, Le\u0301on Alfred Opimbat et Michel Mahinga ont informe\u0301 les groupes Afrique et ACP du Conseil de l\u2019Union europe\u0301enne de la composition de leurs chambres respectives, de leur fonctionnement, des attributions des membres de bureau et celles des commissions, du contro\u0302le que les deux chambres exercent au niveau de l\u2019action gouvernementale et bien d\u2019autres missions.<\/p>\n<p>Quant a\u0300 la de\u0301le\u0301gation de l\u2019UE, celle-ci a laisse\u0301 entendre que ce de\u0301placement s\u2019inscrit dans le cadre d\u2019une visite de suivi et d\u2019e\u0301tudes pour approfondir les connaissances sur le Congo, conforter la vision renouvele\u0301e de ce partenariat tel qu\u2019exprime\u0301 par les deux parties lors du sommet Union europe\u0301enne-Afrique de fe\u0301vrier 2022. Il s&rsquo;agit aussi de voir ensemble comment sceller davantage la coope\u0301ration avec le Congo, a rappele\u0301 un membre de la de\u0301le\u0301gation.<\/p>\n<p>\u00ab L\u2019ide\u0301e de ce voyage est de venir sur le terrain, d\u2019e\u0301changer avec les contreparties, tant au niveau du Parlement, du gouvernement que de la socie\u0301te\u0301 civile. Nous venons d\u2019avoir une excellente discussion, un e\u0301change de vue avec les parlementaires. On a aborde\u0301 plusieurs sujets, notamment ceux lie\u0301s aux relations bilate\u0301rales, a\u0300 la se\u0301curite\u0301 de la re\u0301gion, et la jeunesse \u00bb, a renche\u0301ri ce dernier.<\/p>\n<p><strong>Pour plus d&rsquo;informations et d&rsquo;analyses sur la <a href=\"https:\/\/www.africa-press.net\/congo-brazzaville\">Congo Brazzaville<\/a>, suivez <a href=\"https:\/\/www.africa-press.net\/\">Africa-Press<\/a><\/strong><\/p>\n","protected":false},"excerpt":{"rendered":"<p>Africa-Press &#8211; Congo Brazzaville. En se\u0301jour de travail au Congo, une de\u0301le\u0301gation des groupes Afrique-ACP du Conseil de l\u2019Union europe\u0301enne(UE) conduite par l\u2019ambassadeur Durazzo Giacomo a e\u0301change\u0301 le 6 mars a\u0300 Brazzaville avec le parlement congolais sur plusieurs questions, notamment celles lie\u0301es aux relations bilate\u0301rales. Ouvrant la rencontre, le pre\u0301sident de l\u2019Assemble\u0301e nationale, Isidore Mvouba, [&hellip;]<\/p>\n","protected":false},"author":82,"featured_media":15253,"comment_status":"open","ping_status":"closed","sticky":false,"template":"","format":"standard","meta":{"footnotes":""},"categories":[2,10],"tags":[36,47,46],"class_list":["post-15254","post","type-post","status-publish","format-standard","has-post-thumbnail","hentry","category-politique","category-toutes-les-actualites","tag-africa-press","tag-africa-press-congo-brazzaville","tag-congo-brazzaville"],"yoast_head":"<!-- This site is optimized with the Yoast SEO Premium plugin v26.1 (Yoast SEO v27.0) - https:\/\/yoast.com\/product\/yoast-seo-premium-wordpress\/ -->\n<title>Coop\u00e9ration : l\u2019UE et le Congo \u00e9changent sur des questions bilat\u00e9rales - Congo Brazzaville<\/title>\n<meta name=\"description\" content=\"En se\u0301jour de travail au Congo, une de\u0301le\u0301gation des groupes Afrique-ACP du Conseil de l\u2019Union europe\u0301enne(UE) condui ...\" \/>\n<meta name=\"robots\" content=\"index, follow, max-snippet:-1, max-image-preview:large, max-video-preview:-1\" \/>\n<link rel=\"canonical\" href=\"https:\/\/www.africa-press.net\/congo-brazzaville\/politique\/cooperation-lue-et-le-congo-echangent-sur-des-questions-bilaterales\" \/>\n<meta property=\"og:locale\" content=\"fr_FR\" \/>\n<meta property=\"og:type\" content=\"article\" \/>\n<meta property=\"og:title\" content=\"Coop\u00e9ration : l\u2019UE et le Congo \u00e9changent sur des questions bilat\u00e9rales\" \/>\n<meta property=\"og:description\" content=\"En se\u0301jour de travail au Congo, une de\u0301le\u0301gation des groupes Afrique-ACP du Conseil de l\u2019Union europe\u0301enne(UE) condui ...\" \/>\n<meta property=\"og:url\" content=\"https:\/\/www.africa-press.net\/congo-brazzaville\/politique\/cooperation-lue-et-le-congo-echangent-sur-des-questions-bilaterales\" \/>\n<meta property=\"og:site_name\" content=\"Congo Brazzaville\" \/>\n<meta property=\"article:published_time\" content=\"2023-03-06T20:08:36+00:00\" \/>\n<meta property=\"article:modified_time\" content=\"2023-03-06T21:50:28+00:00\" \/>\n<meta property=\"og:image\" content=\"https:\/\/static.africa-press.net\/congo-brazzaville\/sites\/51\/2023\/03\/postQueueImg_1678120720.35.jpg\" \/>\n\t<meta property=\"og:image:width\" content=\"1024\" \/>\n\t<meta property=\"og:image:height\" content=\"768\" \/>\n\t<meta property=\"og:image:type\" content=\"image\/jpeg\" \/>\n<meta name=\"author\" content=\"cfeditorfr\" \/>\n<meta name=\"twitter:card\" content=\"summary_large_image\" \/>\n<meta name=\"twitter:label1\" content=\"\u00c9crit par\" \/>\n\t<meta name=\"twitter:data1\" content=\"cfeditorfr\" \/>\n\t<meta name=\"twitter:label2\" content=\"Dur\u00e9e de lecture estim\u00e9e\" \/>\n\t<meta name=\"twitter:data2\" content=\"2 minutes\" \/>\n<script type=\"application\/ld+json\" class=\"yoast-schema-graph\">{\"@context\":\"https:\/\/schema.org\",\"@graph\":[{\"@type\":\"Article\",\"@id\":\"https:\/\/www.africa-press.net\/congo-brazzaville\/politique\/cooperation-lue-et-le-congo-echangent-sur-des-questions-bilaterales#article\",\"isPartOf\":{\"@id\":\"https:\/\/www.africa-press.net\/congo-brazzaville\/politique\/cooperation-lue-et-le-congo-echangent-sur-des-questions-bilaterales\"},\"author\":{\"name\":\"cfeditorfr\",\"@id\":\"https:\/\/www.africa-press.net\/congo-brazzaville\/#\/schema\/person\/2b1cf3cd81a31e3cd26889ca66d677f1\"},\"headline\":\"Coop\u00e9ration : l\u2019UE et le Congo \u00e9changent sur des questions bilat\u00e9rales\",\"datePublished\":\"2023-03-06T20:08:36+00:00\",\"dateModified\":\"2023-03-06T21:50:28+00:00\",\"mainEntityOfPage\":{\"@id\":\"https:\/\/www.africa-press.net\/congo-brazzaville\/politique\/cooperation-lue-et-le-congo-echangent-sur-des-questions-bilaterales\"},\"wordCount\":369,\"commentCount\":0,\"image\":{\"@id\":\"https:\/\/www.africa-press.net\/congo-brazzaville\/politique\/cooperation-lue-et-le-congo-echangent-sur-des-questions-bilaterales#primaryimage\"},\"thumbnailUrl\":\"https:\/\/static.africa-press.net\/congo-brazzaville\/sites\/51\/2023\/03\/postQueueImg_1678120720.35.jpg\",\"keywords\":[\"Africa Press\",\"Africa Press-Congo Brazzaville\",\"Congo Brazzaville\"],\"articleSection\":[\"Politique\",\"Toutes les actualit\u00e9s\"],\"inLanguage\":\"fr-FR\",\"potentialAction\":[{\"@type\":\"CommentAction\",\"name\":\"Comment\",\"target\":[\"https:\/\/www.africa-press.net\/congo-brazzaville\/politique\/cooperation-lue-et-le-congo-echangent-sur-des-questions-bilaterales#respond\"]}]},{\"@type\":\"WebPage\",\"@id\":\"https:\/\/www.africa-press.net\/congo-brazzaville\/politique\/cooperation-lue-et-le-congo-echangent-sur-des-questions-bilaterales\",\"url\":\"https:\/\/www.africa-press.net\/congo-brazzaville\/politique\/cooperation-lue-et-le-congo-echangent-sur-des-questions-bilaterales\",\"name\":\"Coop\u00e9ration : l\u2019UE et le Congo \u00e9changent sur des questions bilat\u00e9rales - Congo Brazzaville\",\"isPartOf\":{\"@id\":\"https:\/\/www.africa-press.net\/congo-brazzaville\/#website\"},\"primaryImageOfPage\":{\"@id\":\"https:\/\/www.africa-press.net\/congo-brazzaville\/politique\/cooperation-lue-et-le-congo-echangent-sur-des-questions-bilaterales#primaryimage\"},\"image\":{\"@id\":\"https:\/\/www.africa-press.net\/congo-brazzaville\/politique\/cooperation-lue-et-le-congo-echangent-sur-des-questions-bilaterales#primaryimage\"},\"thumbnailUrl\":\"https:\/\/static.africa-press.net\/congo-brazzaville\/sites\/51\/2023\/03\/postQueueImg_1678120720.35.jpg\",\"datePublished\":\"2023-03-06T20:08:36+00:00\",\"dateModified\":\"2023-03-06T21:50:28+00:00\",\"author\":{\"@id\":\"https:\/\/www.africa-press.net\/congo-brazzaville\/#\/schema\/person\/2b1cf3cd81a31e3cd26889ca66d677f1\"},\"description\":\"En se\u0301jour de travail au Congo, une de\u0301le\u0301gation des groupes Afrique-ACP du Conseil de l\u2019Union europe\u0301enne(UE) condui ...\",\"breadcrumb\":{\"@id\":\"https:\/\/www.africa-press.net\/congo-brazzaville\/politique\/cooperation-lue-et-le-congo-echangent-sur-des-questions-bilaterales#breadcrumb\"},\"inLanguage\":\"fr-FR\",\"potentialAction\":[{\"@type\":\"ReadAction\",\"target\":[\"https:\/\/www.africa-press.net\/congo-brazzaville\/politique\/cooperation-lue-et-le-congo-echangent-sur-des-questions-bilaterales\"]}]},{\"@type\":\"ImageObject\",\"inLanguage\":\"fr-FR\",\"@id\":\"https:\/\/www.africa-press.net\/congo-brazzaville\/politique\/cooperation-lue-et-le-congo-echangent-sur-des-questions-bilaterales#primaryimage\",\"url\":\"https:\/\/static.africa-press.net\/congo-brazzaville\/sites\/51\/2023\/03\/postQueueImg_1678120720.35.jpg\",\"contentUrl\":\"https:\/\/static.africa-press.net\/congo-brazzaville\/sites\/51\/2023\/03\/postQueueImg_1678120720.35.jpg\",\"width\":1024,\"height\":768,\"caption\":\"Coop\u00e9ration : l\u2019UE et le Congo \u00e9changent sur des questions bilat\u00e9rales\"},{\"@type\":\"BreadcrumbList\",\"@id\":\"https:\/\/www.africa-press.net\/congo-brazzaville\/politique\/cooperation-lue-et-le-congo-echangent-sur-des-questions-bilaterales#breadcrumb\",\"itemListElement\":[{\"@type\":\"ListItem\",\"position\":1,\"name\":\"Accueil\",\"item\":\"https:\/\/www.africa-press.net\/congo-brazzaville\/\"},{\"@type\":\"ListItem\",\"position\":2,\"name\":\"Coop\u00e9ration : l\u2019UE et le Congo \u00e9changent sur des questions bilat\u00e9rales\"}]},{\"@type\":\"WebSite\",\"@id\":\"https:\/\/www.africa-press.net\/congo-brazzaville\/#website\",\"url\":\"https:\/\/www.africa-press.net\/congo-brazzaville\/\",\"name\":\"Congo Brazzaville\",\"description\":\"Just another Africa News Agency Sites site\",\"potentialAction\":[{\"@type\":\"SearchAction\",\"target\":{\"@type\":\"EntryPoint\",\"urlTemplate\":\"https:\/\/www.africa-press.net\/congo-brazzaville\/?s={search_term_string}\"},\"query-input\":{\"@type\":\"PropertyValueSpecification\",\"valueRequired\":true,\"valueName\":\"search_term_string\"}}],\"inLanguage\":\"fr-FR\"},{\"@type\":\"Person\",\"@id\":\"https:\/\/www.africa-press.net\/congo-brazzaville\/#\/schema\/person\/2b1cf3cd81a31e3cd26889ca66d677f1\",\"name\":\"cfeditorfr\"}]}<\/script>\n<!-- \/ Yoast SEO Premium plugin. -->","yoast_head_json":{"title":"Coop\u00e9ration : l\u2019UE et le Congo \u00e9changent sur des questions bilat\u00e9rales - Congo Brazzaville","description":"En se\u0301jour de travail au Congo, une de\u0301le\u0301gation des groupes Afrique-ACP du Conseil de l\u2019Union europe\u0301enne(UE) condui ...","robots":{"index":"index","follow":"follow","max-snippet":"max-snippet:-1","max-image-preview":"max-image-preview:large","max-video-preview":"max-video-preview:-1"},"canonical":"https:\/\/www.africa-press.net\/congo-brazzaville\/politique\/cooperation-lue-et-le-congo-echangent-sur-des-questions-bilaterales","og_locale":"fr_FR","og_type":"article","og_title":"Coop\u00e9ration : l\u2019UE et le Congo \u00e9changent sur des questions bilat\u00e9rales","og_description":"En se\u0301jour de travail au Congo, une de\u0301le\u0301gation des groupes Afrique-ACP du Conseil de l\u2019Union europe\u0301enne(UE) condui ...","og_url":"https:\/\/www.africa-press.net\/congo-brazzaville\/politique\/cooperation-lue-et-le-congo-echangent-sur-des-questions-bilaterales","og_site_name":"Congo Brazzaville","article_published_time":"2023-03-06T20:08:36+00:00","article_modified_time":"2023-03-06T21:50:28+00:00","og_image":[{"width":1024,"height":768,"url":"https:\/\/static.africa-press.net\/congo-brazzaville\/sites\/51\/2023\/03\/postQueueImg_1678120720.35.jpg","type":"image\/jpeg"}],"author":"cfeditorfr","twitter_card":"summary_large_image","twitter_misc":{"\u00c9crit par":"cfeditorfr","Dur\u00e9e de lecture estim\u00e9e":"2 minutes"},"schema":{"@context":"https:\/\/schema.org","@graph":[{"@type":"Article","@id":"https:\/\/www.africa-press.net\/congo-brazzaville\/politique\/cooperation-lue-et-le-congo-echangent-sur-des-questions-bilaterales#article","isPartOf":{"@id":"https:\/\/www.africa-press.net\/congo-brazzaville\/politique\/cooperation-lue-et-le-congo-echangent-sur-des-questions-bilaterales"},"author":{"name":"cfeditorfr","@id":"https:\/\/www.africa-press.net\/congo-brazzaville\/#\/schema\/person\/2b1cf3cd81a31e3cd26889ca66d677f1"},"headline":"Coop\u00e9ration : l\u2019UE et le Congo \u00e9changent sur des questions bilat\u00e9rales","datePublished":"2023-03-06T20:08:36+00:00","dateModified":"2023-03-06T21:50:28+00:00","mainEntityOfPage":{"@id":"https:\/\/www.africa-press.net\/congo-brazzaville\/politique\/cooperation-lue-et-le-congo-echangent-sur-des-questions-bilaterales"},"wordCount":369,"commentCount":0,"image":{"@id":"https:\/\/www.africa-press.net\/congo-brazzaville\/politique\/cooperation-lue-et-le-congo-echangent-sur-des-questions-bilaterales#primaryimage"},"thumbnailUrl":"https:\/\/static.africa-press.net\/congo-brazzaville\/sites\/51\/2023\/03\/postQueueImg_1678120720.35.jpg","keywords":["Africa Press","Africa Press-Congo Brazzaville","Congo Brazzaville"],"articleSection":["Politique","Toutes les actualit\u00e9s"],"inLanguage":"fr-FR","potentialAction":[{"@type":"CommentAction","name":"Comment","target":["https:\/\/www.africa-press.net\/congo-brazzaville\/politique\/cooperation-lue-et-le-congo-echangent-sur-des-questions-bilaterales#respond"]}]},{"@type":"WebPage","@id":"https:\/\/www.africa-press.net\/congo-brazzaville\/politique\/cooperation-lue-et-le-congo-echangent-sur-des-questions-bilaterales","url":"https:\/\/www.africa-press.net\/congo-brazzaville\/politique\/cooperation-lue-et-le-congo-echangent-sur-des-questions-bilaterales","name":"Coop\u00e9ration : l\u2019UE et le Congo \u00e9changent sur des questions bilat\u00e9rales - Congo Brazzaville","isPartOf":{"@id":"https:\/\/www.africa-press.net\/congo-brazzaville\/#website"},"primaryImageOfPage":{"@id":"https:\/\/www.africa-press.net\/congo-brazzaville\/politique\/cooperation-lue-et-le-congo-echangent-sur-des-questions-bilaterales#primaryimage"},"image":{"@id":"https:\/\/www.africa-press.net\/congo-brazzaville\/politique\/cooperation-lue-et-le-congo-echangent-sur-des-questions-bilaterales#primaryimage"},"thumbnailUrl":"https:\/\/static.africa-press.net\/congo-brazzaville\/sites\/51\/2023\/03\/postQueueImg_1678120720.35.jpg","datePublished":"2023-03-06T20:08:36+00:00","dateModified":"2023-03-06T21:50:28+00:00","author":{"@id":"https:\/\/www.africa-press.net\/congo-brazzaville\/#\/schema\/person\/2b1cf3cd81a31e3cd26889ca66d677f1"},"description":"En se\u0301jour de travail au Congo, une de\u0301le\u0301gation des groupes Afrique-ACP du Conseil de l\u2019Union europe\u0301enne(UE) condui ...","breadcrumb":{"@id":"https:\/\/www.africa-press.net\/congo-brazzaville\/politique\/cooperation-lue-et-le-congo-echangent-sur-des-questions-bilaterales#breadcrumb"},"inLanguage":"fr-FR","potentialAction":[{"@type":"ReadAction","target":["https:\/\/www.africa-press.net\/congo-brazzaville\/politique\/cooperation-lue-et-le-congo-echangent-sur-des-questions-bilaterales"]}]},{"@type":"ImageObject","inLanguage":"fr-FR","@id":"https:\/\/www.africa-press.net\/congo-brazzaville\/politique\/cooperation-lue-et-le-congo-echangent-sur-des-questions-bilaterales#primaryimage","url":"https:\/\/static.africa-press.net\/congo-brazzaville\/sites\/51\/2023\/03\/postQueueImg_1678120720.35.jpg","contentUrl":"https:\/\/static.africa-press.net\/congo-brazzaville\/sites\/51\/2023\/03\/postQueueImg_1678120720.35.jpg","width":1024,"height":768,"caption":"Coop\u00e9ration : l\u2019UE et le Congo \u00e9changent sur des questions bilat\u00e9rales"},{"@type":"BreadcrumbList","@id":"https:\/\/www.africa-press.net\/congo-brazzaville\/politique\/cooperation-lue-et-le-congo-echangent-sur-des-questions-bilaterales#breadcrumb","itemListElement":[{"@type":"ListItem","position":1,"name":"Accueil","item":"https:\/\/www.africa-press.net\/congo-brazzaville\/"},{"@type":"ListItem","position":2,"name":"Coop\u00e9ration : l\u2019UE et le Congo \u00e9changent sur des questions bilat\u00e9rales"}]},{"@type":"WebSite","@id":"https:\/\/www.africa-press.net\/congo-brazzaville\/#website","url":"https:\/\/www.africa-press.net\/congo-brazzaville\/","name":"Congo Brazzaville","description":"Just another Africa News Agency Sites site","potentialAction":[{"@type":"SearchAction","target":{"@type":"EntryPoint","urlTemplate":"https:\/\/www.africa-press.net\/congo-brazzaville\/?s={search_term_string}"},"query-input":{"@type":"PropertyValueSpecification","valueRequired":true,"valueName":"search_term_string"}}],"inLanguage":"fr-FR"},{"@type":"Person","@id":"https:\/\/www.africa-press.net\/congo-brazzaville\/#\/schema\/person\/2b1cf3cd81a31e3cd26889ca66d677f1","name":"cfeditorfr"}]}},"_links":{"self":[{"href":"https:\/\/www.africa-press.net\/congo-brazzaville\/wp-json\/wp\/v2\/posts\/15254","targetHints":{"allow":["GET"]}}],"collection":[{"href":"https:\/\/www.africa-press.net\/congo-brazzaville\/wp-json\/wp\/v2\/posts"}],"about":[{"href":"https:\/\/www.africa-press.net\/congo-brazzaville\/wp-json\/wp\/v2\/types\/post"}],"author":[{"embeddable":true,"href":"https:\/\/www.africa-press.net\/congo-brazzaville\/wp-json\/wp\/v2\/users\/82"}],"replies":[{"embeddable":true,"href":"https:\/\/www.africa-press.net\/congo-brazzaville\/wp-json\/wp\/v2\/comments?post=15254"}],"version-history":[{"count":0,"href":"https:\/\/www.africa-press.net\/congo-brazzaville\/wp-json\/wp\/v2\/posts\/15254\/revisions"}],"wp:featuredmedia":[{"embeddable":true,"href":"https:\/\/www.africa-press.net\/congo-brazzaville\/wp-json\/wp\/v2\/media\/15253"}],"wp:attachment":[{"href":"https:\/\/www.africa-press.net\/congo-brazzaville\/wp-json\/wp\/v2\/media?parent=15254"}],"wp:term":[{"taxonomy":"category","embeddable":true,"href":"https:\/\/www.africa-press.net\/congo-brazzaville\/wp-json\/wp\/v2\/categories?post=15254"},{"taxonomy":"post_tag","embeddable":true,"href":"https:\/\/www.africa-press.net\/congo-brazzaville\/wp-json\/wp\/v2\/tags?post=15254"}],"curies":[{"name":"wp","href":"https:\/\/api.w.org\/{rel}","templated":true}]}}