{"id":15258,"date":"2023-03-06T20:09:11","date_gmt":"2023-03-06T20:09:11","guid":{"rendered":"https:\/\/www.africa-press.net\/congo-brazzaville\/politique\/sante-publique-une-prise-en-charge-gratuite-dermatologique-des-albinos"},"modified":"2023-03-06T21:54:11","modified_gmt":"2023-03-06T21:54:11","slug":"sante-publique-une-prise-en-charge-gratuite-dermatologique-des-albinos","status":"publish","type":"post","link":"https:\/\/www.africa-press.net\/congo-brazzaville\/toutes-les-actualites\/sante-publique-une-prise-en-charge-gratuite-dermatologique-des-albinos","title":{"rendered":"Sant\u00e9 publique: une prise en charge gratuite dermatologique des albinos"},"content":{"rendered":"<p><span style=\"color: #ff6600\"><strong>Africa-Press &#8211; Congo Brazzaville. <\/strong><\/span><b>Les consultations gratuites des personnes atteintes d\u2019albinisme ont e\u0301te\u0301 lance\u0301es officiellement le 4 mars, au sie\u0300ge de la clinique me\u0301dico-sociale de l\u2019association Johnny Chancel pour les albinos (AJCA), a\u0300 Brazzaville. <\/b><\/p>\n<p>Les examens concernent les proble\u0300mes dermatologiques et ophtalmologiques afin de soulager tant soit peu les albinos au quotidien. Les soins sont administre\u0301s par des spe\u0301cialistes venus d&rsquo;Espagne pour donner une formation aux me\u0301decins locaux sur les nouvelles techniques de traitement de la peau sensible.<\/p>\n<p>La ce\u0301re\u0301monie a e\u0301te\u0301 marque\u0301e par le partage de l&rsquo;expe\u0301rience personnelle du ministre de la Communication et des Me\u0301dias, Thierry Le\u0301zin Moungalla, et des allocutions de la ministre des Affaires sociales et de l\u2019Action humanitaire, Ire\u0300ne Mboukou Kimbatsa, et des partenaires financiers de l\u2019association, a\u0300 savoir le consul honoraire de la Re\u0301publique de Saint-Marin au Congo, Marcelo Della Corte ; l\u2019ambassadeur d\u2019Italie au Congo, Luigi Diodati.<\/p>\n<p>Le ministre Thierry Le\u0301zin Moungalla a martele\u0301 sur la de\u0301solation des parents a\u0300 avoir un enfant albinos. Il a exhorte\u0301 a\u0300 cette occasion les parents a\u0300 l\u2019acceptation de leurs enfants albinos car ils sont comme tout autre enfant, malgre\u0301 les proble\u0300mes ge\u0301ne\u0301tiques.<\/p>\n<p>De son co\u0302te\u0301, la ministre Ire\u0300ne Mboukou Kimbatsa a souligne\u0301 la me\u0301connaissance de l\u2019albinisme par les humains. Selon elle, les albinos subissent des discriminations et des pratiques traditionnelles. Elle a invite\u0301 la population, les partenaires financiers et les acteurs de la socie\u0301te\u0301 civile a\u0300 veiller a\u0300 la protection et au respect des droits humains des personnes atteintes de l\u2019albinisme.<\/p>\n<p>\u00ab Le ministe\u0300re s\u2019engage a\u0300 veiller au respect des instruments juridiques internationaux sur la pre\u0301vention des agressions et de la discrimination a\u0300 l\u2019endroit de cette cate\u0301gorie de personnes vulne\u0301rables \u00bb, a-t-elle indique\u0301, ajoutant que \u00ab le gouvernement mettra tout en \u0153uvre pour que les enfants albinos en a\u0302ge de scolarisation ne vivent pas l\u2019exclusion en promettant sensibiliser les parents a\u0300 l\u2019acceptation de ces enfants dans la famille \u00bb.<\/p>\n<p>Par ailleurs, le plan d\u2019action 2023-2025 de la politique nationale d\u2019action sociale, en cours d\u2019adoption, accordera une place de choix a\u0300 une strate\u0301gie portant sur la prise en charge des personnes sans me\u0301lanine ainsi que de leurs droits fondamentaux.<\/p>\n<p>Pour sa part, le Dr Chus Torres a pre\u0301sente\u0301 son projet de formation des me\u0301decins locaux a\u0300 l\u2019albinisme afin que chaque pays soit autonome. Cette formation leur permettra d\u2019administrer le traitement aux albinos. Elle a e\u0301mis le souhait d&rsquo;un suivi car il y a beaucoup de types d\u2019albinisme.<\/p>\n<p>Le pre\u0301sident de l\u2019association e\u0301ponyme, Johnny Chancel, s\u2019est dit rassurant de la pre\u0301sence des membres du gouvernement pour leur apport. Les activite\u0301s mene\u0301es au sein de la clinique, notamment les consultations, les ope\u0301rations chirurgicales gratuites ainsi que la distribution des cre\u0300mes et lunettes solaires ont permis de re\u0301duire le nombre de de\u0301ce\u0300s des albinos au Congo. De 2015 a\u0300 maintenant, le nombre de de\u0301ce\u0300s s\u2019e\u0301le\u0300ve a\u0300 sept au lieu de trois ou quatre par mois, soit un de\u0301ce\u0300s par an.<\/p>\n<p>Notons que les certificats d\u2019honneur et de me\u0301rite pour l\u2019accompagnement a\u0300 l\u2019association ont e\u0301te\u0301 remis aux partenaires financiers.<\/p>\n<p><strong>Pour plus d&rsquo;informations et d&rsquo;analyses sur la <a href=\"https:\/\/www.africa-press.net\/congo-brazzaville\">Congo Brazzaville<\/a>, suivez <a href=\"https:\/\/www.africa-press.net\/\">Africa-Press<\/a><\/strong><\/p>\n","protected":false},"excerpt":{"rendered":"<p>Africa-Press &#8211; Congo Brazzaville. Les consultations gratuites des personnes atteintes d\u2019albinisme ont e\u0301te\u0301 lance\u0301es officiellement le 4 mars, au sie\u0300ge de la clinique me\u0301dico-sociale de l\u2019association Johnny Chancel pour les albinos (AJCA), a\u0300 Brazzaville. Les examens concernent les proble\u0300mes dermatologiques et ophtalmologiques afin de soulager tant soit peu les albinos au quotidien. Les soins sont [&hellip;]<\/p>\n","protected":false},"author":82,"featured_media":15257,"comment_status":"open","ping_status":"closed","sticky":false,"template":"","format":"standard","meta":{"footnotes":""},"categories":[21,10],"tags":[36,47,46],"class_list":["post-15258","post","type-post","status-publish","format-standard","has-post-thumbnail","hentry","category-communaute","category-toutes-les-actualites","tag-africa-press","tag-africa-press-congo-brazzaville","tag-congo-brazzaville"],"yoast_head":"<!-- This site is optimized with the Yoast SEO Premium plugin v26.1 (Yoast SEO v27.0) - https:\/\/yoast.com\/product\/yoast-seo-premium-wordpress\/ -->\n<title>Sant\u00e9 publique: une prise en charge gratuite dermatologique des albinos - Congo Brazzaville<\/title>\n<meta name=\"description\" content=\"Les consultations gratuites des personnes atteintes d\u2019albinisme ont e\u0301te\u0301 lance\u0301es officiellement le 4 mars, au sie\u0300g ...\" \/>\n<meta name=\"robots\" content=\"index, follow, max-snippet:-1, max-image-preview:large, max-video-preview:-1\" \/>\n<link rel=\"canonical\" href=\"https:\/\/www.africa-press.net\/congo-brazzaville\/toutes-les-actualites\/sante-publique-une-prise-en-charge-gratuite-dermatologique-des-albinos\" \/>\n<meta property=\"og:locale\" content=\"fr_FR\" \/>\n<meta property=\"og:type\" content=\"article\" \/>\n<meta property=\"og:title\" content=\"Sant\u00e9 publique: une prise en charge gratuite dermatologique des albinos\" \/>\n<meta property=\"og:description\" content=\"Les consultations gratuites des personnes atteintes d\u2019albinisme ont e\u0301te\u0301 lance\u0301es officiellement le 4 mars, au sie\u0300g ...\" \/>\n<meta property=\"og:url\" content=\"https:\/\/www.africa-press.net\/congo-brazzaville\/toutes-les-actualites\/sante-publique-une-prise-en-charge-gratuite-dermatologique-des-albinos\" \/>\n<meta property=\"og:site_name\" content=\"Congo Brazzaville\" \/>\n<meta property=\"article:published_time\" content=\"2023-03-06T20:09:11+00:00\" \/>\n<meta property=\"article:modified_time\" content=\"2023-03-06T21:54:11+00:00\" \/>\n<meta property=\"og:image\" content=\"https:\/\/static.africa-press.net\/congo-brazzaville\/sites\/51\/2023\/03\/postQueueImg_1678120755.17.jpg\" \/>\n\t<meta property=\"og:image:width\" content=\"1749\" \/>\n\t<meta property=\"og:image:height\" content=\"768\" \/>\n\t<meta property=\"og:image:type\" content=\"image\/jpeg\" \/>\n<meta name=\"author\" content=\"cfeditorfr\" \/>\n<meta name=\"twitter:card\" content=\"summary_large_image\" \/>\n<meta name=\"twitter:label1\" content=\"\u00c9crit par\" \/>\n\t<meta name=\"twitter:data1\" content=\"cfeditorfr\" \/>\n\t<meta name=\"twitter:label2\" content=\"Dur\u00e9e de lecture estim\u00e9e\" \/>\n\t<meta name=\"twitter:data2\" content=\"3 minutes\" \/>\n<script type=\"application\/ld+json\" class=\"yoast-schema-graph\">{\"@context\":\"https:\/\/schema.org\",\"@graph\":[{\"@type\":\"Article\",\"@id\":\"https:\/\/www.africa-press.net\/congo-brazzaville\/toutes-les-actualites\/sante-publique-une-prise-en-charge-gratuite-dermatologique-des-albinos#article\",\"isPartOf\":{\"@id\":\"https:\/\/www.africa-press.net\/congo-brazzaville\/toutes-les-actualites\/sante-publique-une-prise-en-charge-gratuite-dermatologique-des-albinos\"},\"author\":{\"name\":\"cfeditorfr\",\"@id\":\"https:\/\/www.africa-press.net\/congo-brazzaville\/#\/schema\/person\/2b1cf3cd81a31e3cd26889ca66d677f1\"},\"headline\":\"Sant\u00e9 publique: une prise en charge gratuite dermatologique des albinos\",\"datePublished\":\"2023-03-06T20:09:11+00:00\",\"dateModified\":\"2023-03-06T21:54:11+00:00\",\"mainEntityOfPage\":{\"@id\":\"https:\/\/www.africa-press.net\/congo-brazzaville\/toutes-les-actualites\/sante-publique-une-prise-en-charge-gratuite-dermatologique-des-albinos\"},\"wordCount\":596,\"commentCount\":0,\"image\":{\"@id\":\"https:\/\/www.africa-press.net\/congo-brazzaville\/toutes-les-actualites\/sante-publique-une-prise-en-charge-gratuite-dermatologique-des-albinos#primaryimage\"},\"thumbnailUrl\":\"https:\/\/static.africa-press.net\/congo-brazzaville\/sites\/51\/2023\/03\/postQueueImg_1678120755.17.jpg\",\"keywords\":[\"Africa Press\",\"Africa Press-Congo Brazzaville\",\"Congo Brazzaville\"],\"articleSection\":[\"Communaut\u00e9\",\"Toutes les actualit\u00e9s\"],\"inLanguage\":\"fr-FR\",\"potentialAction\":[{\"@type\":\"CommentAction\",\"name\":\"Comment\",\"target\":[\"https:\/\/www.africa-press.net\/congo-brazzaville\/toutes-les-actualites\/sante-publique-une-prise-en-charge-gratuite-dermatologique-des-albinos#respond\"]}]},{\"@type\":\"WebPage\",\"@id\":\"https:\/\/www.africa-press.net\/congo-brazzaville\/toutes-les-actualites\/sante-publique-une-prise-en-charge-gratuite-dermatologique-des-albinos\",\"url\":\"https:\/\/www.africa-press.net\/congo-brazzaville\/toutes-les-actualites\/sante-publique-une-prise-en-charge-gratuite-dermatologique-des-albinos\",\"name\":\"Sant\u00e9 publique: une prise en charge gratuite dermatologique des albinos - Congo Brazzaville\",\"isPartOf\":{\"@id\":\"https:\/\/www.africa-press.net\/congo-brazzaville\/#website\"},\"primaryImageOfPage\":{\"@id\":\"https:\/\/www.africa-press.net\/congo-brazzaville\/toutes-les-actualites\/sante-publique-une-prise-en-charge-gratuite-dermatologique-des-albinos#primaryimage\"},\"image\":{\"@id\":\"https:\/\/www.africa-press.net\/congo-brazzaville\/toutes-les-actualites\/sante-publique-une-prise-en-charge-gratuite-dermatologique-des-albinos#primaryimage\"},\"thumbnailUrl\":\"https:\/\/static.africa-press.net\/congo-brazzaville\/sites\/51\/2023\/03\/postQueueImg_1678120755.17.jpg\",\"datePublished\":\"2023-03-06T20:09:11+00:00\",\"dateModified\":\"2023-03-06T21:54:11+00:00\",\"author\":{\"@id\":\"https:\/\/www.africa-press.net\/congo-brazzaville\/#\/schema\/person\/2b1cf3cd81a31e3cd26889ca66d677f1\"},\"description\":\"Les consultations gratuites des personnes atteintes d\u2019albinisme ont e\u0301te\u0301 lance\u0301es officiellement le 4 mars, au sie\u0300g ...\",\"breadcrumb\":{\"@id\":\"https:\/\/www.africa-press.net\/congo-brazzaville\/toutes-les-actualites\/sante-publique-une-prise-en-charge-gratuite-dermatologique-des-albinos#breadcrumb\"},\"inLanguage\":\"fr-FR\",\"potentialAction\":[{\"@type\":\"ReadAction\",\"target\":[\"https:\/\/www.africa-press.net\/congo-brazzaville\/toutes-les-actualites\/sante-publique-une-prise-en-charge-gratuite-dermatologique-des-albinos\"]}]},{\"@type\":\"ImageObject\",\"inLanguage\":\"fr-FR\",\"@id\":\"https:\/\/www.africa-press.net\/congo-brazzaville\/toutes-les-actualites\/sante-publique-une-prise-en-charge-gratuite-dermatologique-des-albinos#primaryimage\",\"url\":\"https:\/\/static.africa-press.net\/congo-brazzaville\/sites\/51\/2023\/03\/postQueueImg_1678120755.17.jpg\",\"contentUrl\":\"https:\/\/static.africa-press.net\/congo-brazzaville\/sites\/51\/2023\/03\/postQueueImg_1678120755.17.jpg\",\"width\":1749,\"height\":768,\"caption\":\"Sant\u00e9 publique: une prise en charge gratuite dermatologique des albinos\"},{\"@type\":\"BreadcrumbList\",\"@id\":\"https:\/\/www.africa-press.net\/congo-brazzaville\/toutes-les-actualites\/sante-publique-une-prise-en-charge-gratuite-dermatologique-des-albinos#breadcrumb\",\"itemListElement\":[{\"@type\":\"ListItem\",\"position\":1,\"name\":\"Accueil\",\"item\":\"https:\/\/www.africa-press.net\/congo-brazzaville\/\"},{\"@type\":\"ListItem\",\"position\":2,\"name\":\"Sant\u00e9 publique: une prise en charge gratuite dermatologique des albinos\"}]},{\"@type\":\"WebSite\",\"@id\":\"https:\/\/www.africa-press.net\/congo-brazzaville\/#website\",\"url\":\"https:\/\/www.africa-press.net\/congo-brazzaville\/\",\"name\":\"Congo Brazzaville\",\"description\":\"Just another Africa News Agency Sites site\",\"potentialAction\":[{\"@type\":\"SearchAction\",\"target\":{\"@type\":\"EntryPoint\",\"urlTemplate\":\"https:\/\/www.africa-press.net\/congo-brazzaville\/?s={search_term_string}\"},\"query-input\":{\"@type\":\"PropertyValueSpecification\",\"valueRequired\":true,\"valueName\":\"search_term_string\"}}],\"inLanguage\":\"fr-FR\"},{\"@type\":\"Person\",\"@id\":\"https:\/\/www.africa-press.net\/congo-brazzaville\/#\/schema\/person\/2b1cf3cd81a31e3cd26889ca66d677f1\",\"name\":\"cfeditorfr\"}]}<\/script>\n<!-- \/ Yoast SEO Premium plugin. -->","yoast_head_json":{"title":"Sant\u00e9 publique: une prise en charge gratuite dermatologique des albinos - Congo Brazzaville","description":"Les consultations gratuites des personnes atteintes d\u2019albinisme ont e\u0301te\u0301 lance\u0301es officiellement le 4 mars, au sie\u0300g ...","robots":{"index":"index","follow":"follow","max-snippet":"max-snippet:-1","max-image-preview":"max-image-preview:large","max-video-preview":"max-video-preview:-1"},"canonical":"https:\/\/www.africa-press.net\/congo-brazzaville\/toutes-les-actualites\/sante-publique-une-prise-en-charge-gratuite-dermatologique-des-albinos","og_locale":"fr_FR","og_type":"article","og_title":"Sant\u00e9 publique: une prise en charge gratuite dermatologique des albinos","og_description":"Les consultations gratuites des personnes atteintes d\u2019albinisme ont e\u0301te\u0301 lance\u0301es officiellement le 4 mars, au sie\u0300g ...","og_url":"https:\/\/www.africa-press.net\/congo-brazzaville\/toutes-les-actualites\/sante-publique-une-prise-en-charge-gratuite-dermatologique-des-albinos","og_site_name":"Congo Brazzaville","article_published_time":"2023-03-06T20:09:11+00:00","article_modified_time":"2023-03-06T21:54:11+00:00","og_image":[{"width":1749,"height":768,"url":"https:\/\/static.africa-press.net\/congo-brazzaville\/sites\/51\/2023\/03\/postQueueImg_1678120755.17.jpg","type":"image\/jpeg"}],"author":"cfeditorfr","twitter_card":"summary_large_image","twitter_misc":{"\u00c9crit par":"cfeditorfr","Dur\u00e9e de lecture estim\u00e9e":"3 minutes"},"schema":{"@context":"https:\/\/schema.org","@graph":[{"@type":"Article","@id":"https:\/\/www.africa-press.net\/congo-brazzaville\/toutes-les-actualites\/sante-publique-une-prise-en-charge-gratuite-dermatologique-des-albinos#article","isPartOf":{"@id":"https:\/\/www.africa-press.net\/congo-brazzaville\/toutes-les-actualites\/sante-publique-une-prise-en-charge-gratuite-dermatologique-des-albinos"},"author":{"name":"cfeditorfr","@id":"https:\/\/www.africa-press.net\/congo-brazzaville\/#\/schema\/person\/2b1cf3cd81a31e3cd26889ca66d677f1"},"headline":"Sant\u00e9 publique: une prise en charge gratuite dermatologique des albinos","datePublished":"2023-03-06T20:09:11+00:00","dateModified":"2023-03-06T21:54:11+00:00","mainEntityOfPage":{"@id":"https:\/\/www.africa-press.net\/congo-brazzaville\/toutes-les-actualites\/sante-publique-une-prise-en-charge-gratuite-dermatologique-des-albinos"},"wordCount":596,"commentCount":0,"image":{"@id":"https:\/\/www.africa-press.net\/congo-brazzaville\/toutes-les-actualites\/sante-publique-une-prise-en-charge-gratuite-dermatologique-des-albinos#primaryimage"},"thumbnailUrl":"https:\/\/static.africa-press.net\/congo-brazzaville\/sites\/51\/2023\/03\/postQueueImg_1678120755.17.jpg","keywords":["Africa Press","Africa Press-Congo Brazzaville","Congo Brazzaville"],"articleSection":["Communaut\u00e9","Toutes les actualit\u00e9s"],"inLanguage":"fr-FR","potentialAction":[{"@type":"CommentAction","name":"Comment","target":["https:\/\/www.africa-press.net\/congo-brazzaville\/toutes-les-actualites\/sante-publique-une-prise-en-charge-gratuite-dermatologique-des-albinos#respond"]}]},{"@type":"WebPage","@id":"https:\/\/www.africa-press.net\/congo-brazzaville\/toutes-les-actualites\/sante-publique-une-prise-en-charge-gratuite-dermatologique-des-albinos","url":"https:\/\/www.africa-press.net\/congo-brazzaville\/toutes-les-actualites\/sante-publique-une-prise-en-charge-gratuite-dermatologique-des-albinos","name":"Sant\u00e9 publique: une prise en charge gratuite dermatologique des albinos - Congo Brazzaville","isPartOf":{"@id":"https:\/\/www.africa-press.net\/congo-brazzaville\/#website"},"primaryImageOfPage":{"@id":"https:\/\/www.africa-press.net\/congo-brazzaville\/toutes-les-actualites\/sante-publique-une-prise-en-charge-gratuite-dermatologique-des-albinos#primaryimage"},"image":{"@id":"https:\/\/www.africa-press.net\/congo-brazzaville\/toutes-les-actualites\/sante-publique-une-prise-en-charge-gratuite-dermatologique-des-albinos#primaryimage"},"thumbnailUrl":"https:\/\/static.africa-press.net\/congo-brazzaville\/sites\/51\/2023\/03\/postQueueImg_1678120755.17.jpg","datePublished":"2023-03-06T20:09:11+00:00","dateModified":"2023-03-06T21:54:11+00:00","author":{"@id":"https:\/\/www.africa-press.net\/congo-brazzaville\/#\/schema\/person\/2b1cf3cd81a31e3cd26889ca66d677f1"},"description":"Les consultations gratuites des personnes atteintes d\u2019albinisme ont e\u0301te\u0301 lance\u0301es officiellement le 4 mars, au sie\u0300g ...","breadcrumb":{"@id":"https:\/\/www.africa-press.net\/congo-brazzaville\/toutes-les-actualites\/sante-publique-une-prise-en-charge-gratuite-dermatologique-des-albinos#breadcrumb"},"inLanguage":"fr-FR","potentialAction":[{"@type":"ReadAction","target":["https:\/\/www.africa-press.net\/congo-brazzaville\/toutes-les-actualites\/sante-publique-une-prise-en-charge-gratuite-dermatologique-des-albinos"]}]},{"@type":"ImageObject","inLanguage":"fr-FR","@id":"https:\/\/www.africa-press.net\/congo-brazzaville\/toutes-les-actualites\/sante-publique-une-prise-en-charge-gratuite-dermatologique-des-albinos#primaryimage","url":"https:\/\/static.africa-press.net\/congo-brazzaville\/sites\/51\/2023\/03\/postQueueImg_1678120755.17.jpg","contentUrl":"https:\/\/static.africa-press.net\/congo-brazzaville\/sites\/51\/2023\/03\/postQueueImg_1678120755.17.jpg","width":1749,"height":768,"caption":"Sant\u00e9 publique: une prise en charge gratuite dermatologique des albinos"},{"@type":"BreadcrumbList","@id":"https:\/\/www.africa-press.net\/congo-brazzaville\/toutes-les-actualites\/sante-publique-une-prise-en-charge-gratuite-dermatologique-des-albinos#breadcrumb","itemListElement":[{"@type":"ListItem","position":1,"name":"Accueil","item":"https:\/\/www.africa-press.net\/congo-brazzaville\/"},{"@type":"ListItem","position":2,"name":"Sant\u00e9 publique: une prise en charge gratuite dermatologique des albinos"}]},{"@type":"WebSite","@id":"https:\/\/www.africa-press.net\/congo-brazzaville\/#website","url":"https:\/\/www.africa-press.net\/congo-brazzaville\/","name":"Congo Brazzaville","description":"Just another Africa News Agency Sites site","potentialAction":[{"@type":"SearchAction","target":{"@type":"EntryPoint","urlTemplate":"https:\/\/www.africa-press.net\/congo-brazzaville\/?s={search_term_string}"},"query-input":{"@type":"PropertyValueSpecification","valueRequired":true,"valueName":"search_term_string"}}],"inLanguage":"fr-FR"},{"@type":"Person","@id":"https:\/\/www.africa-press.net\/congo-brazzaville\/#\/schema\/person\/2b1cf3cd81a31e3cd26889ca66d677f1","name":"cfeditorfr"}]}},"_links":{"self":[{"href":"https:\/\/www.africa-press.net\/congo-brazzaville\/wp-json\/wp\/v2\/posts\/15258","targetHints":{"allow":["GET"]}}],"collection":[{"href":"https:\/\/www.africa-press.net\/congo-brazzaville\/wp-json\/wp\/v2\/posts"}],"about":[{"href":"https:\/\/www.africa-press.net\/congo-brazzaville\/wp-json\/wp\/v2\/types\/post"}],"author":[{"embeddable":true,"href":"https:\/\/www.africa-press.net\/congo-brazzaville\/wp-json\/wp\/v2\/users\/82"}],"replies":[{"embeddable":true,"href":"https:\/\/www.africa-press.net\/congo-brazzaville\/wp-json\/wp\/v2\/comments?post=15258"}],"version-history":[{"count":0,"href":"https:\/\/www.africa-press.net\/congo-brazzaville\/wp-json\/wp\/v2\/posts\/15258\/revisions"}],"wp:featuredmedia":[{"embeddable":true,"href":"https:\/\/www.africa-press.net\/congo-brazzaville\/wp-json\/wp\/v2\/media\/15257"}],"wp:attachment":[{"href":"https:\/\/www.africa-press.net\/congo-brazzaville\/wp-json\/wp\/v2\/media?parent=15258"}],"wp:term":[{"taxonomy":"category","embeddable":true,"href":"https:\/\/www.africa-press.net\/congo-brazzaville\/wp-json\/wp\/v2\/categories?post=15258"},{"taxonomy":"post_tag","embeddable":true,"href":"https:\/\/www.africa-press.net\/congo-brazzaville\/wp-json\/wp\/v2\/tags?post=15258"}],"curies":[{"name":"wp","href":"https:\/\/api.w.org\/{rel}","templated":true}]}}