{"id":1527,"date":"2021-11-17T03:10:27","date_gmt":"2021-11-17T03:10:27","guid":{"rendered":"https:\/\/www.africa-press.net\/congo-brazzaville\/?p=1527"},"modified":"2021-11-17T01:29:40","modified_gmt":"2021-11-17T01:29:40","slug":"congo-fmi-la-france-mise-sur-la-signature-dun-nouvel-accord","status":"publish","type":"post","link":"https:\/\/www.africa-press.net\/congo-brazzaville\/politique\/congo-fmi-la-france-mise-sur-la-signature-dun-nouvel-accord","title":{"rendered":"Congo\/FMI : la France mise sur la signature d\u2019un nouvel accord"},"content":{"rendered":"<p><span style=\"color: #ff6600\"><strong>Africa-Press &#8211; Congo Brazzaville. <\/strong><\/span><b>Re\u00e7u en audience le 15 novembre \u00e0 Brazzaville par le Premier ministre, Anatole Collinet Makosso, l\u2019ambassadeur de France au Congo, Fran\u00e7ois Barateau, a indiqu\u00e9 que la signature de l\u2019accord<\/b><\/p>\n<p>avec le Fonds mon\u00e9taire international (FMI) marquera le retour des partenaires financiers dont la France.<\/p>\n<p>\u00ab Cet accord avec le FMI, nous l\u2019attendons tous, ce sera un signal tr\u00e8s positif de r\u00e9tablissement de la confiance\u2026Nous attendons que cet accord soit sign\u00e9 comme nous l\u2019avions fait en 2019 pour apporter notre pierre. C\u2019est un signal positif du point de vue \u00e9conomique et financier. Je suis venu r\u00e9affirmer au Premier ministre, apr\u00e8s notre ministre de Finances \u00e0 Paris, que nous sommes dispos\u00e9s \u00e0 appuyer cette dynamique positive \u00bb, a expliqu\u00e9 le diplomate fran\u00e7ais en poste \u00e0 Brazzaville.<\/p>\n<p>Insistant sur la relance \u00e9conomique, Fran\u00e7ois Barateau a rappel\u00e9 que cet aspect \u00e9tait prioritaire au regard du contexte assez favorable de remont\u00e9e de cours du p\u00e9trole qui donne un peu de marge financi\u00e8re \u00e0 la R\u00e9publique du Congo. Une occasion d\u2019all\u00e9ger la dette et de faciliter les n\u00e9gociations avec le FMI.<\/p>\n<p><b>\u00ab Il faut remettre l\u2019\u00e9conomie congolaise sur des rails corrects&#8230; Donc, ce travail est en train d\u2019\u00eatre fait et la France apporte toute sa contribution \u00e0 Washington, aupr\u00e8s du FMI. Ici, nous avons, par exemple, plac\u00e9 un expert technique tout r\u00e9cemment aupr\u00e8s de la direction g\u00e9n\u00e9rale des finances \u00bb<\/b><\/p>\n<p>, a poursuivi l\u2019ambassadeur de France, pr\u00e9cisant que son pays travaille actuellement sur l\u2019all\u00e9gement de la dette, afin de remettre le Congo sur les bons rails de la diversification \u00e9conomique et du d\u00e9veloppement.<\/p>\n<p>Fran\u00e7ois Barateau a \u00e9chang\u00e9 avec le chef du gouvernement, trois mois apr\u00e8s la visite de Collinet Makosso \u00e0 Paris, en France. En effet, les deux personnalit\u00e9s ont fait le point de ce d\u00e9placement. \u00ab Je crois qu\u2019il est jug\u00e9 tr\u00e8s positif sinc\u00e8rement. Nous avons aussi fait le point des attentes qui ont \u00e9t\u00e9 exprim\u00e9es, lors de ces nombreux entretiens que le Premier ministre a eus \u00e0 Paris ; des engagements mutuels qui ont \u00e9t\u00e9 pris de part et d\u2019autre pour avancer vers la diversification \u00e9conomique. Donc, c\u2019est un point d\u2019\u00e9tape plus int\u00e9ressant qui nous aura permis de balayer un certain nombre de sujets \u00bb, a-t-il pr\u00e9cis\u00e9.<\/p>\n<p>Fran\u00e7ois Barateau a, par ailleurs, salu\u00e9 les conclusions de la conf\u00e9rence internationale sur la Libye \u00e0 laquelle ont pris part plusieurs chefs d\u2019Etat et de gouvernement dont le Congolais Denis Sassou N\u2019Guesso. Selon lui, la Libye qui a connu une crise tr\u00e8s forte est en bonne voie. Cette conf\u00e9rence avait, a-t-il dit, pour objet d\u2019aider \u00e0 ce que tous les partenaires impliqu\u00e9s dans ce dossier s\u2019entendent, parlent d\u2019une m\u00eame voix et travaillent dans le m\u00eame sens. \u00ab Le pr\u00e9sident Macron avait tenu effectivement \u00e0 ce que le pr\u00e9sident Sassou qui dirige le comit\u00e9 de haut niveau de l\u2019Union africaine sur le dossier libyen soit l\u00e0. C\u2019\u00e9tait l\u2019essentiel que l\u2019Afrique dise ce qu\u2019elle a \u00e0 dire sur le dossier libyen, c\u2019est naturellement primordial \u00bb, a-t-il conclu.<\/p>\n\r\n                <style type=\"text\/css\">\r\n                    \r\n                    #td_uid_1_69f49dd781941  .td-doubleSlider-2 .td-item1 {\r\n                        background: url(https:\/\/static.africa-press.net\/centrafricaine\/sites\/51\/2021\/11\/img-61945ae0a7f16-80x60.jpg) 0 0 no-repeat;\r\n                    }\r\n                <\/style>\r\n\r\n                <div id=\"td_uid_1_69f49dd781941\" class=\"td-gallery td-slide-on-2-columns\">\r\n                    <div class=\"post_td_gallery\">\r\n                        <div class=\"td-gallery-slide-top\">\r\n                           <div class=\"td-gallery-title\"><\/div>\r\n\r\n                            <div class=\"td-gallery-controls-wrapper\">\r\n                                <div class=\"td-gallery-slide-count\"><span class=\"td-gallery-slide-item-focus\">1<\/span> de 2<\/div>\r\n                                <div class=\"td-gallery-slide-prev-next-but\">\r\n                                    <i class = \"td-icon-left doubleSliderPrevButton\"><\/i>\r\n                                    <i class = \"td-icon-right doubleSliderNextButton\"><\/i>\r\n                                <\/div>\r\n                            <\/div>\r\n                        <\/div>\r\n\r\n                        <div class = \"td-doubleSlider-1 \">\r\n                            <div class = \"td-slider\">\r\n                                \r\n                    <div class = \"td-slide-item td-item1\">\r\n                        <figure class=\"td-slide-galery-figure td-slide-popup-gallery\">\r\n                            <a class=\"slide-gallery-image-link\" href=\"https:\/\/static.africa-press.net\/centrafricaine\/sites\/51\/2021\/11\/img-61945ae0a7f16.jpg\" title=\"img-61945ae0a7f16\"  data-caption=\"\"  data-description=\"\">\r\n                                <img decoding=\"async\" src=\"https:\/\/static.africa-press.net\/centrafricaine\/sites\/51\/2021\/11\/img-61945ae0a7f16.jpg\" srcset=\"https:\/\/static.africa-press.net\/congo-brazzaville\/sites\/51\/2021\/11\/img-61945ae0a7f16.jpg 1080w, https:\/\/static.africa-press.net\/congo-brazzaville\/sites\/51\/2021\/11\/img-61945ae0a7f16-300x198.jpg 300w, https:\/\/static.africa-press.net\/congo-brazzaville\/sites\/51\/2021\/11\/img-61945ae0a7f16-1024x676.jpg 1024w, https:\/\/static.africa-press.net\/congo-brazzaville\/sites\/51\/2021\/11\/img-61945ae0a7f16-768x507.jpg 768w\" sizes=\"(max-width: 1080px) 100vw, 1080px\" alt=\"\">\r\n                            <\/a>\r\n                            \r\n                        <\/figure>\r\n                    <\/div>\r\n                            <\/div>\r\n                        <\/div>\r\n\r\n                        <div class = \"td-doubleSlider-2\">\r\n                            <div class = \"td-slider\">\r\n                                \r\n                    <div class = \"td-button td-item1\">\r\n                        <div class = \"td-border\"><\/div>\r\n                    <\/div>\r\n                            <\/div>\r\n                        <\/div>\r\n\r\n                    <\/div>\r\n\r\n                <\/div>\r\n                \n<p><strong>Pour plus d&rsquo;informations et d&rsquo;analyses sur la <a href=\"https:\/\/www.africa-press.net\/congo-brazzaville\">Congo Brazzaville<\/a>, suivez <a href=\"https:\/\/www.africa-press.net\/\">Africa-Press<\/a><\/strong><\/p>\n","protected":false},"excerpt":{"rendered":"<p>Africa-Press &#8211; Congo Brazzaville. Re\u00e7u en audience le 15 novembre \u00e0 Brazzaville par le Premier ministre, Anatole Collinet Makosso, l\u2019ambassadeur de France au Congo, Fran\u00e7ois Barateau, a indiqu\u00e9 que la signature de l\u2019accord avec le Fonds mon\u00e9taire international (FMI) marquera le retour des partenaires financiers dont la France. \u00ab Cet accord avec le FMI, nous [&hellip;]<\/p>\n","protected":false},"author":82,"featured_media":1526,"comment_status":"open","ping_status":"closed","sticky":false,"template":"","format":"standard","meta":{"footnotes":""},"categories":[11,8,2,20,10],"tags":[36,47,46],"class_list":["post-1527","post","type-post","status-publish","format-standard","has-post-thumbnail","hentry","category-homepage-french","category-photo","category-politique","category-top-nouvelles","category-toutes-les-actualites","tag-africa-press","tag-africa-press-congo-brazzaville","tag-congo-brazzaville"],"yoast_head":"<!-- This site is optimized with the Yoast SEO Premium plugin v26.1 (Yoast SEO v27.0) - https:\/\/yoast.com\/product\/yoast-seo-premium-wordpress\/ -->\n<title>Congo\/FMI : la France mise sur la signature d\u2019un nouvel accord - Congo Brazzaville<\/title>\n<meta name=\"description\" content=\"Re\u00e7u en audience le 15 novembre \u00e0 Brazzaville par le Premier ministre, Anatole Collinet Makosso, l\u2019ambassadeur de Fra ...\" \/>\n<meta name=\"robots\" content=\"index, follow, max-snippet:-1, max-image-preview:large, max-video-preview:-1\" \/>\n<link rel=\"canonical\" href=\"https:\/\/www.africa-press.net\/congo-brazzaville\/politique\/congo-fmi-la-france-mise-sur-la-signature-dun-nouvel-accord\" \/>\n<meta property=\"og:locale\" content=\"fr_FR\" \/>\n<meta property=\"og:type\" content=\"article\" \/>\n<meta property=\"og:title\" content=\"Congo\/FMI : la France mise sur la signature d\u2019un nouvel accord\" \/>\n<meta property=\"og:description\" content=\"Re\u00e7u en audience le 15 novembre \u00e0 Brazzaville par le Premier ministre, Anatole Collinet Makosso, l\u2019ambassadeur de Fra ...\" \/>\n<meta property=\"og:url\" content=\"https:\/\/www.africa-press.net\/congo-brazzaville\/politique\/congo-fmi-la-france-mise-sur-la-signature-dun-nouvel-accord\" \/>\n<meta property=\"og:site_name\" content=\"Congo Brazzaville\" \/>\n<meta property=\"article:published_time\" content=\"2021-11-17T03:10:27+00:00\" \/>\n<meta property=\"og:image\" content=\"https:\/\/static.africa-press.net\/centrafricaine\/sites\/51\/2021\/11\/img-61945aea93b7c.jpg\" \/>\n\t<meta property=\"og:image:width\" content=\"1080\" \/>\n\t<meta property=\"og:image:height\" content=\"713\" \/>\n\t<meta property=\"og:image:type\" content=\"image\/jpeg\" \/>\n<meta name=\"author\" content=\"cfeditorfr\" \/>\n<meta name=\"twitter:card\" content=\"summary_large_image\" \/>\n<meta name=\"twitter:label1\" content=\"\u00c9crit par\" \/>\n\t<meta name=\"twitter:data1\" content=\"cfeditorfr\" \/>\n\t<meta name=\"twitter:label2\" content=\"Dur\u00e9e de lecture estim\u00e9e\" \/>\n\t<meta name=\"twitter:data2\" content=\"3 minutes\" \/>\n<script type=\"application\/ld+json\" class=\"yoast-schema-graph\">{\"@context\":\"https:\/\/schema.org\",\"@graph\":[{\"@type\":\"Article\",\"@id\":\"https:\/\/www.africa-press.net\/congo-brazzaville\/politique\/congo-fmi-la-france-mise-sur-la-signature-dun-nouvel-accord#article\",\"isPartOf\":{\"@id\":\"https:\/\/www.africa-press.net\/congo-brazzaville\/politique\/congo-fmi-la-france-mise-sur-la-signature-dun-nouvel-accord\"},\"author\":{\"name\":\"cfeditorfr\",\"@id\":\"https:\/\/www.africa-press.net\/congo-brazzaville\/#\/schema\/person\/2b1cf3cd81a31e3cd26889ca66d677f1\"},\"headline\":\"Congo\/FMI : la France mise sur la signature d\u2019un nouvel accord\",\"datePublished\":\"2021-11-17T03:10:27+00:00\",\"mainEntityOfPage\":{\"@id\":\"https:\/\/www.africa-press.net\/congo-brazzaville\/politique\/congo-fmi-la-france-mise-sur-la-signature-dun-nouvel-accord\"},\"wordCount\":571,\"commentCount\":0,\"image\":{\"@id\":\"https:\/\/www.africa-press.net\/congo-brazzaville\/politique\/congo-fmi-la-france-mise-sur-la-signature-dun-nouvel-accord#primaryimage\"},\"thumbnailUrl\":\"https:\/\/static.africa-press.net\/centrafricaine\/sites\/51\/2021\/11\/img-61945aea93b7c.jpg\",\"keywords\":[\"Africa Press\",\"Africa Press-Congo Brazzaville\",\"Congo Brazzaville\"],\"articleSection\":[\"homepage-french\",\"Photo\",\"Politique\",\"Top Nouvelles\",\"Toutes les actualit\u00e9s\"],\"inLanguage\":\"fr-FR\",\"potentialAction\":[{\"@type\":\"CommentAction\",\"name\":\"Comment\",\"target\":[\"https:\/\/www.africa-press.net\/congo-brazzaville\/politique\/congo-fmi-la-france-mise-sur-la-signature-dun-nouvel-accord#respond\"]}]},{\"@type\":\"WebPage\",\"@id\":\"https:\/\/www.africa-press.net\/congo-brazzaville\/politique\/congo-fmi-la-france-mise-sur-la-signature-dun-nouvel-accord\",\"url\":\"https:\/\/www.africa-press.net\/congo-brazzaville\/politique\/congo-fmi-la-france-mise-sur-la-signature-dun-nouvel-accord\",\"name\":\"Congo\/FMI : la France mise sur la signature d\u2019un nouvel accord - Congo Brazzaville\",\"isPartOf\":{\"@id\":\"https:\/\/www.africa-press.net\/congo-brazzaville\/#website\"},\"primaryImageOfPage\":{\"@id\":\"https:\/\/www.africa-press.net\/congo-brazzaville\/politique\/congo-fmi-la-france-mise-sur-la-signature-dun-nouvel-accord#primaryimage\"},\"image\":{\"@id\":\"https:\/\/www.africa-press.net\/congo-brazzaville\/politique\/congo-fmi-la-france-mise-sur-la-signature-dun-nouvel-accord#primaryimage\"},\"thumbnailUrl\":\"https:\/\/static.africa-press.net\/centrafricaine\/sites\/51\/2021\/11\/img-61945aea93b7c.jpg\",\"datePublished\":\"2021-11-17T03:10:27+00:00\",\"author\":{\"@id\":\"https:\/\/www.africa-press.net\/congo-brazzaville\/#\/schema\/person\/2b1cf3cd81a31e3cd26889ca66d677f1\"},\"description\":\"Re\u00e7u en audience le 15 novembre \u00e0 Brazzaville par le Premier ministre, Anatole Collinet Makosso, l\u2019ambassadeur de Fra ...\",\"breadcrumb\":{\"@id\":\"https:\/\/www.africa-press.net\/congo-brazzaville\/politique\/congo-fmi-la-france-mise-sur-la-signature-dun-nouvel-accord#breadcrumb\"},\"inLanguage\":\"fr-FR\",\"potentialAction\":[{\"@type\":\"ReadAction\",\"target\":[\"https:\/\/www.africa-press.net\/congo-brazzaville\/politique\/congo-fmi-la-france-mise-sur-la-signature-dun-nouvel-accord\"]}]},{\"@type\":\"ImageObject\",\"inLanguage\":\"fr-FR\",\"@id\":\"https:\/\/www.africa-press.net\/congo-brazzaville\/politique\/congo-fmi-la-france-mise-sur-la-signature-dun-nouvel-accord#primaryimage\",\"url\":\"https:\/\/static.africa-press.net\/centrafricaine\/sites\/51\/2021\/11\/img-61945aea93b7c.jpg\",\"contentUrl\":\"https:\/\/static.africa-press.net\/centrafricaine\/sites\/51\/2021\/11\/img-61945aea93b7c.jpg\",\"width\":1080,\"height\":713,\"caption\":\"Congo\/FMI : la France mise sur la signature d\u2019un nouvel accord\"},{\"@type\":\"BreadcrumbList\",\"@id\":\"https:\/\/www.africa-press.net\/congo-brazzaville\/politique\/congo-fmi-la-france-mise-sur-la-signature-dun-nouvel-accord#breadcrumb\",\"itemListElement\":[{\"@type\":\"ListItem\",\"position\":1,\"name\":\"Accueil\",\"item\":\"https:\/\/www.africa-press.net\/congo-brazzaville\/\"},{\"@type\":\"ListItem\",\"position\":2,\"name\":\"Congo\/FMI : la France mise sur la signature d\u2019un nouvel accord\"}]},{\"@type\":\"WebSite\",\"@id\":\"https:\/\/www.africa-press.net\/congo-brazzaville\/#website\",\"url\":\"https:\/\/www.africa-press.net\/congo-brazzaville\/\",\"name\":\"Congo Brazzaville\",\"description\":\"Just another Africa News Agency Sites site\",\"potentialAction\":[{\"@type\":\"SearchAction\",\"target\":{\"@type\":\"EntryPoint\",\"urlTemplate\":\"https:\/\/www.africa-press.net\/congo-brazzaville\/?s={search_term_string}\"},\"query-input\":{\"@type\":\"PropertyValueSpecification\",\"valueRequired\":true,\"valueName\":\"search_term_string\"}}],\"inLanguage\":\"fr-FR\"},{\"@type\":\"Person\",\"@id\":\"https:\/\/www.africa-press.net\/congo-brazzaville\/#\/schema\/person\/2b1cf3cd81a31e3cd26889ca66d677f1\",\"name\":\"cfeditorfr\"}]}<\/script>\n<!-- \/ Yoast SEO Premium plugin. -->","yoast_head_json":{"title":"Congo\/FMI : la France mise sur la signature d\u2019un nouvel accord - Congo Brazzaville","description":"Re\u00e7u en audience le 15 novembre \u00e0 Brazzaville par le Premier ministre, Anatole Collinet Makosso, l\u2019ambassadeur de Fra ...","robots":{"index":"index","follow":"follow","max-snippet":"max-snippet:-1","max-image-preview":"max-image-preview:large","max-video-preview":"max-video-preview:-1"},"canonical":"https:\/\/www.africa-press.net\/congo-brazzaville\/politique\/congo-fmi-la-france-mise-sur-la-signature-dun-nouvel-accord","og_locale":"fr_FR","og_type":"article","og_title":"Congo\/FMI : la France mise sur la signature d\u2019un nouvel accord","og_description":"Re\u00e7u en audience le 15 novembre \u00e0 Brazzaville par le Premier ministre, Anatole Collinet Makosso, l\u2019ambassadeur de Fra ...","og_url":"https:\/\/www.africa-press.net\/congo-brazzaville\/politique\/congo-fmi-la-france-mise-sur-la-signature-dun-nouvel-accord","og_site_name":"Congo Brazzaville","article_published_time":"2021-11-17T03:10:27+00:00","og_image":[{"width":1080,"height":713,"url":"https:\/\/static.africa-press.net\/centrafricaine\/sites\/51\/2021\/11\/img-61945aea93b7c.jpg","type":"image\/jpeg"}],"author":"cfeditorfr","twitter_card":"summary_large_image","twitter_misc":{"\u00c9crit par":"cfeditorfr","Dur\u00e9e de lecture estim\u00e9e":"3 minutes"},"schema":{"@context":"https:\/\/schema.org","@graph":[{"@type":"Article","@id":"https:\/\/www.africa-press.net\/congo-brazzaville\/politique\/congo-fmi-la-france-mise-sur-la-signature-dun-nouvel-accord#article","isPartOf":{"@id":"https:\/\/www.africa-press.net\/congo-brazzaville\/politique\/congo-fmi-la-france-mise-sur-la-signature-dun-nouvel-accord"},"author":{"name":"cfeditorfr","@id":"https:\/\/www.africa-press.net\/congo-brazzaville\/#\/schema\/person\/2b1cf3cd81a31e3cd26889ca66d677f1"},"headline":"Congo\/FMI : la France mise sur la signature d\u2019un nouvel accord","datePublished":"2021-11-17T03:10:27+00:00","mainEntityOfPage":{"@id":"https:\/\/www.africa-press.net\/congo-brazzaville\/politique\/congo-fmi-la-france-mise-sur-la-signature-dun-nouvel-accord"},"wordCount":571,"commentCount":0,"image":{"@id":"https:\/\/www.africa-press.net\/congo-brazzaville\/politique\/congo-fmi-la-france-mise-sur-la-signature-dun-nouvel-accord#primaryimage"},"thumbnailUrl":"https:\/\/static.africa-press.net\/centrafricaine\/sites\/51\/2021\/11\/img-61945aea93b7c.jpg","keywords":["Africa Press","Africa Press-Congo Brazzaville","Congo Brazzaville"],"articleSection":["homepage-french","Photo","Politique","Top Nouvelles","Toutes les actualit\u00e9s"],"inLanguage":"fr-FR","potentialAction":[{"@type":"CommentAction","name":"Comment","target":["https:\/\/www.africa-press.net\/congo-brazzaville\/politique\/congo-fmi-la-france-mise-sur-la-signature-dun-nouvel-accord#respond"]}]},{"@type":"WebPage","@id":"https:\/\/www.africa-press.net\/congo-brazzaville\/politique\/congo-fmi-la-france-mise-sur-la-signature-dun-nouvel-accord","url":"https:\/\/www.africa-press.net\/congo-brazzaville\/politique\/congo-fmi-la-france-mise-sur-la-signature-dun-nouvel-accord","name":"Congo\/FMI : la France mise sur la signature d\u2019un nouvel accord - Congo Brazzaville","isPartOf":{"@id":"https:\/\/www.africa-press.net\/congo-brazzaville\/#website"},"primaryImageOfPage":{"@id":"https:\/\/www.africa-press.net\/congo-brazzaville\/politique\/congo-fmi-la-france-mise-sur-la-signature-dun-nouvel-accord#primaryimage"},"image":{"@id":"https:\/\/www.africa-press.net\/congo-brazzaville\/politique\/congo-fmi-la-france-mise-sur-la-signature-dun-nouvel-accord#primaryimage"},"thumbnailUrl":"https:\/\/static.africa-press.net\/centrafricaine\/sites\/51\/2021\/11\/img-61945aea93b7c.jpg","datePublished":"2021-11-17T03:10:27+00:00","author":{"@id":"https:\/\/www.africa-press.net\/congo-brazzaville\/#\/schema\/person\/2b1cf3cd81a31e3cd26889ca66d677f1"},"description":"Re\u00e7u en audience le 15 novembre \u00e0 Brazzaville par le Premier ministre, Anatole Collinet Makosso, l\u2019ambassadeur de Fra ...","breadcrumb":{"@id":"https:\/\/www.africa-press.net\/congo-brazzaville\/politique\/congo-fmi-la-france-mise-sur-la-signature-dun-nouvel-accord#breadcrumb"},"inLanguage":"fr-FR","potentialAction":[{"@type":"ReadAction","target":["https:\/\/www.africa-press.net\/congo-brazzaville\/politique\/congo-fmi-la-france-mise-sur-la-signature-dun-nouvel-accord"]}]},{"@type":"ImageObject","inLanguage":"fr-FR","@id":"https:\/\/www.africa-press.net\/congo-brazzaville\/politique\/congo-fmi-la-france-mise-sur-la-signature-dun-nouvel-accord#primaryimage","url":"https:\/\/static.africa-press.net\/centrafricaine\/sites\/51\/2021\/11\/img-61945aea93b7c.jpg","contentUrl":"https:\/\/static.africa-press.net\/centrafricaine\/sites\/51\/2021\/11\/img-61945aea93b7c.jpg","width":1080,"height":713,"caption":"Congo\/FMI : la France mise sur la signature d\u2019un nouvel accord"},{"@type":"BreadcrumbList","@id":"https:\/\/www.africa-press.net\/congo-brazzaville\/politique\/congo-fmi-la-france-mise-sur-la-signature-dun-nouvel-accord#breadcrumb","itemListElement":[{"@type":"ListItem","position":1,"name":"Accueil","item":"https:\/\/www.africa-press.net\/congo-brazzaville\/"},{"@type":"ListItem","position":2,"name":"Congo\/FMI : la France mise sur la signature d\u2019un nouvel accord"}]},{"@type":"WebSite","@id":"https:\/\/www.africa-press.net\/congo-brazzaville\/#website","url":"https:\/\/www.africa-press.net\/congo-brazzaville\/","name":"Congo Brazzaville","description":"Just another Africa News Agency Sites site","potentialAction":[{"@type":"SearchAction","target":{"@type":"EntryPoint","urlTemplate":"https:\/\/www.africa-press.net\/congo-brazzaville\/?s={search_term_string}"},"query-input":{"@type":"PropertyValueSpecification","valueRequired":true,"valueName":"search_term_string"}}],"inLanguage":"fr-FR"},{"@type":"Person","@id":"https:\/\/www.africa-press.net\/congo-brazzaville\/#\/schema\/person\/2b1cf3cd81a31e3cd26889ca66d677f1","name":"cfeditorfr"}]}},"_links":{"self":[{"href":"https:\/\/www.africa-press.net\/congo-brazzaville\/wp-json\/wp\/v2\/posts\/1527","targetHints":{"allow":["GET"]}}],"collection":[{"href":"https:\/\/www.africa-press.net\/congo-brazzaville\/wp-json\/wp\/v2\/posts"}],"about":[{"href":"https:\/\/www.africa-press.net\/congo-brazzaville\/wp-json\/wp\/v2\/types\/post"}],"author":[{"embeddable":true,"href":"https:\/\/www.africa-press.net\/congo-brazzaville\/wp-json\/wp\/v2\/users\/82"}],"replies":[{"embeddable":true,"href":"https:\/\/www.africa-press.net\/congo-brazzaville\/wp-json\/wp\/v2\/comments?post=1527"}],"version-history":[{"count":0,"href":"https:\/\/www.africa-press.net\/congo-brazzaville\/wp-json\/wp\/v2\/posts\/1527\/revisions"}],"wp:featuredmedia":[{"embeddable":true,"href":"https:\/\/www.africa-press.net\/congo-brazzaville\/wp-json\/wp\/v2\/media\/1526"}],"wp:attachment":[{"href":"https:\/\/www.africa-press.net\/congo-brazzaville\/wp-json\/wp\/v2\/media?parent=1527"}],"wp:term":[{"taxonomy":"category","embeddable":true,"href":"https:\/\/www.africa-press.net\/congo-brazzaville\/wp-json\/wp\/v2\/categories?post=1527"},{"taxonomy":"post_tag","embeddable":true,"href":"https:\/\/www.africa-press.net\/congo-brazzaville\/wp-json\/wp\/v2\/tags?post=1527"}],"curies":[{"name":"wp","href":"https:\/\/api.w.org\/{rel}","templated":true}]}}