{"id":15276,"date":"2023-03-07T12:41:56","date_gmt":"2023-03-07T12:41:56","guid":{"rendered":"https:\/\/www.africa-press.net\/congo-brazzaville\/politique\/arts-de-scene-liit-congo-restitue-les-assises-de-fujairah"},"modified":"2023-03-07T13:17:53","modified_gmt":"2023-03-07T13:17:53","slug":"arts-de-scene-liit-congo-restitue-les-assises-de-fujairah","status":"publish","type":"post","link":"https:\/\/www.africa-press.net\/congo-brazzaville\/culture-et-art\/arts-de-scene-liit-congo-restitue-les-assises-de-fujairah","title":{"rendered":"Arts de sc\u00e8ne : l\u2019IIT Congo restitue les assises de Fujairah"},"content":{"rendered":"<p><span style=\"color: #ff6600\"><strong>Africa-Press &#8211; Congo Brazzaville. <\/strong><\/span><b>Apre\u0300s avoir participe\u0301 au 36e Congre\u0300s mondial de l\u2019Institut international du the\u0301a\u0302tre (IIT) qui a eu lieu du 20 au 25 fe\u0301vrier a\u0300 Fujairah, ville voisine de Dubai, aux Emirats arabes unis, Yvon Wilfrid Lewa-Let Mandah, pre\u0301sident national de l\u2019IIT Congo, a anime\u0301 le 4 mars au muse\u0301e Cercle africain un point de presse sur la participation congolaise a\u0300 ces assises et leurs retombe\u0301es. <\/b><\/p>\n<p>Aux co\u0302te\u0301s des diffe\u0301rentes de\u0301le\u0301gations venues des cinq continents, Yvon Wilfrid Lewa-Let Mandah a repre\u0301sente\u0301 le Congo au sommet mondial du the\u0301a\u0302tre, de la danse et des arts de sce\u0300ne qui s\u2019est tenu sur le the\u0300me \u00ab Re\u0301unir pour les arts de la sce\u0300ne et l\u2019humanisme \u00bb. Ainsi, il a pre\u0301sente\u0301 le rapport d&rsquo;activite\u0301s mene\u0301es par le Centre IIT de la Re\u0301publique du Congo de 2017 a\u0300 2022. Des activite\u0301s domine\u0301es par l\u2019organisation annuelle du Festival international du the\u0301a\u0302tre et des autres arts de la sce\u0300ne.<\/p>\n<p>A Fujairah, le de\u0301le\u0301gue\u0301 congolais a e\u0301galement pris part au comite\u0301 international des dramaturges ainsi qu&rsquo;aux diffe\u0301rentes confe\u0301rences et ateliers organise\u0301s durant les cinq jours des travaux. Aussi a-t-il assiste\u0301 a\u0300 la journe\u0301e re\u0301serve\u0301e au tourisme organise\u0301e en marge des assises et aux diffe\u0301rentes e\u0301lections qui ont eu lieu au niveau international.<\/p>\n<p>\u00ab En pre\u0301sentant l\u2019anthologie des auteurs congolais sur le coronavirus initie\u0301 par l\u2019IIT Congo Brazzaville, la louable ide\u0301e a se\u0301duit l\u2019IIT Inde qui n\u2019a pas he\u0301site\u0301, par le biais de son pre\u0301sident, a\u0300 nous inviter a\u0300 conduire un projet similaire dans son pays. Plusieurs formations, bourses et des participations aux diffe\u0301rents festivals sont les autres opportunite\u0301s dont peuvent jouir les adhe\u0301rents et membres de l\u2019IIT \u00bb, a-t-il ajoute\u0301.<\/p>\n<p>Au cours de la rencontre, il a e\u0301te\u0301 e\u0301galement ouvert l\u2019adhe\u0301sion des nouveaux membres de l&rsquo;IIT. \u00ab Que les artistes excellant dans les arts de la sce\u0300ne, les communicateurs, les amoureux de la culture et des arts adhe\u0300rent a\u0300 l\u2019IIT et profitent des avantages qui en de\u0301coulent quand on est membre \u00bb, a invite\u0301 Yvon Wilfrid Lewa-Let Mandah.<\/p>\n<p>Le lancement officiel de la 6e e\u0301dition du Festival du the\u0301a\u0302tre et des autres arts de la sce\u0300ne pre\u0301vu du 27 au 29 mars a\u0300 Brazzaville, et du 29 mars au 1er avril a\u0300 Pointe-Noire, a e\u0301te\u0301 fait aussi lors de ces e\u0301changes. \u00ab Panorama du the\u0301a\u0302tre congolais \u00bb est le the\u0300me de cette e\u0301dition.<\/p>\n<p>L\u2019IIT a e\u0301te\u0301 cre\u0301e\u0301 au lendemain de la Seconde Guerre mondiale. L&rsquo;objectif de ses fondateurs e\u0301tait de construire une organisation qui soit en cohe\u0301rence avec les objectifs de l&rsquo;Unesco sur la culture, l&rsquo;e\u0301ducation et les arts, et qui concentre ses efforts sur l&rsquo;ame\u0301lioration du statut de tous les membres des professions des arts du spectacle. Ils envisageaient une organisation qui cre\u0301e des plateformes d&rsquo;e\u0301change international et pour l&rsquo;engagement dans l&rsquo;e\u0301ducation des arts de la sce\u0300ne, pour les de\u0301butants et les professionnels ainsi que l&rsquo;utilisation des arts de la sce\u0300ne pour la compre\u0301hension mutuelle et la paix. Aujourd\u2019hui, l\u2019IIT est la plus grande organisation au monde pour les arts de la sce\u0300ne, avec plus de 90 centres re\u0301partis sur tous les continents.<\/p>\n<p>Signalons que la 37e e\u0301dition du Congre\u0300s mondial de l\u2019IIT aura lieu en septembre 2024, en Belgique.<\/p>\n<p><strong>Pour plus d&rsquo;informations et d&rsquo;analyses sur la <a href=\"https:\/\/www.africa-press.net\/congo-brazzaville\">Congo Brazzaville<\/a>, suivez <a href=\"https:\/\/www.africa-press.net\/\">Africa-Press<\/a><\/strong><\/p>\n","protected":false},"excerpt":{"rendered":"<p>Africa-Press &#8211; Congo Brazzaville. Apre\u0300s avoir participe\u0301 au 36e Congre\u0300s mondial de l\u2019Institut international du the\u0301a\u0302tre (IIT) qui a eu lieu du 20 au 25 fe\u0301vrier a\u0300 Fujairah, ville voisine de Dubai, aux Emirats arabes unis, Yvon Wilfrid Lewa-Let Mandah, pre\u0301sident national de l\u2019IIT Congo, a anime\u0301 le 4 mars au muse\u0301e Cercle africain un [&hellip;]<\/p>\n","protected":false},"author":82,"featured_media":15275,"comment_status":"open","ping_status":"closed","sticky":false,"template":"","format":"standard","meta":{"footnotes":""},"categories":[5,10],"tags":[36,47,46],"class_list":["post-15276","post","type-post","status-publish","format-standard","has-post-thumbnail","hentry","category-culture-et-art","category-toutes-les-actualites","tag-africa-press","tag-africa-press-congo-brazzaville","tag-congo-brazzaville"],"yoast_head":"<!-- This site is optimized with the Yoast SEO Premium plugin v26.1 (Yoast SEO v27.0) - https:\/\/yoast.com\/product\/yoast-seo-premium-wordpress\/ -->\n<title>Arts de sc\u00e8ne : l\u2019IIT Congo restitue les assises de Fujairah - Congo Brazzaville<\/title>\n<meta name=\"description\" content=\"Apre\u0300s avoir participe\u0301 au 36e Congre\u0300s mondial de l\u2019Institut international du the\u0301a\u0302tre (IIT) qui a eu lieu du 20 au ...\" \/>\n<meta name=\"robots\" content=\"index, follow, max-snippet:-1, max-image-preview:large, max-video-preview:-1\" \/>\n<link rel=\"canonical\" href=\"https:\/\/www.africa-press.net\/congo-brazzaville\/culture-et-art\/arts-de-scene-liit-congo-restitue-les-assises-de-fujairah\" \/>\n<meta property=\"og:locale\" content=\"fr_FR\" \/>\n<meta property=\"og:type\" content=\"article\" \/>\n<meta property=\"og:title\" content=\"Arts de sc\u00e8ne : l\u2019IIT Congo restitue les assises de Fujairah\" \/>\n<meta property=\"og:description\" content=\"Apre\u0300s avoir participe\u0301 au 36e Congre\u0300s mondial de l\u2019Institut international du the\u0301a\u0302tre (IIT) qui a eu lieu du 20 au ...\" \/>\n<meta property=\"og:url\" content=\"https:\/\/www.africa-press.net\/congo-brazzaville\/culture-et-art\/arts-de-scene-liit-congo-restitue-les-assises-de-fujairah\" \/>\n<meta property=\"og:site_name\" content=\"Congo Brazzaville\" \/>\n<meta property=\"article:published_time\" content=\"2023-03-07T12:41:56+00:00\" \/>\n<meta property=\"article:modified_time\" content=\"2023-03-07T13:17:53+00:00\" \/>\n<meta property=\"og:image\" content=\"https:\/\/static.africa-press.net\/congo-brazzaville\/sites\/51\/2023\/03\/postQueueImg_1678180321.16.jpg\" \/>\n\t<meta property=\"og:image:width\" content=\"1024\" \/>\n\t<meta property=\"og:image:height\" content=\"768\" \/>\n\t<meta property=\"og:image:type\" content=\"image\/jpeg\" \/>\n<meta name=\"author\" content=\"cfeditorfr\" \/>\n<meta name=\"twitter:card\" content=\"summary_large_image\" \/>\n<meta name=\"twitter:label1\" content=\"\u00c9crit par\" \/>\n\t<meta name=\"twitter:data1\" content=\"cfeditorfr\" \/>\n\t<meta name=\"twitter:label2\" content=\"Dur\u00e9e de lecture estim\u00e9e\" \/>\n\t<meta name=\"twitter:data2\" content=\"3 minutes\" \/>\n<script type=\"application\/ld+json\" class=\"yoast-schema-graph\">{\"@context\":\"https:\/\/schema.org\",\"@graph\":[{\"@type\":\"Article\",\"@id\":\"https:\/\/www.africa-press.net\/congo-brazzaville\/culture-et-art\/arts-de-scene-liit-congo-restitue-les-assises-de-fujairah#article\",\"isPartOf\":{\"@id\":\"https:\/\/www.africa-press.net\/congo-brazzaville\/culture-et-art\/arts-de-scene-liit-congo-restitue-les-assises-de-fujairah\"},\"author\":{\"name\":\"cfeditorfr\",\"@id\":\"https:\/\/www.africa-press.net\/congo-brazzaville\/#\/schema\/person\/2b1cf3cd81a31e3cd26889ca66d677f1\"},\"headline\":\"Arts de sc\u00e8ne : l\u2019IIT Congo restitue les assises de Fujairah\",\"datePublished\":\"2023-03-07T12:41:56+00:00\",\"dateModified\":\"2023-03-07T13:17:53+00:00\",\"mainEntityOfPage\":{\"@id\":\"https:\/\/www.africa-press.net\/congo-brazzaville\/culture-et-art\/arts-de-scene-liit-congo-restitue-les-assises-de-fujairah\"},\"wordCount\":642,\"commentCount\":0,\"image\":{\"@id\":\"https:\/\/www.africa-press.net\/congo-brazzaville\/culture-et-art\/arts-de-scene-liit-congo-restitue-les-assises-de-fujairah#primaryimage\"},\"thumbnailUrl\":\"https:\/\/static.africa-press.net\/congo-brazzaville\/sites\/51\/2023\/03\/postQueueImg_1678180321.16.jpg\",\"keywords\":[\"Africa Press\",\"Africa Press-Congo Brazzaville\",\"Congo Brazzaville\"],\"articleSection\":[\"Culture et Art\",\"Toutes les actualit\u00e9s\"],\"inLanguage\":\"fr-FR\",\"potentialAction\":[{\"@type\":\"CommentAction\",\"name\":\"Comment\",\"target\":[\"https:\/\/www.africa-press.net\/congo-brazzaville\/culture-et-art\/arts-de-scene-liit-congo-restitue-les-assises-de-fujairah#respond\"]}]},{\"@type\":\"WebPage\",\"@id\":\"https:\/\/www.africa-press.net\/congo-brazzaville\/culture-et-art\/arts-de-scene-liit-congo-restitue-les-assises-de-fujairah\",\"url\":\"https:\/\/www.africa-press.net\/congo-brazzaville\/culture-et-art\/arts-de-scene-liit-congo-restitue-les-assises-de-fujairah\",\"name\":\"Arts de sc\u00e8ne : l\u2019IIT Congo restitue les assises de Fujairah - Congo Brazzaville\",\"isPartOf\":{\"@id\":\"https:\/\/www.africa-press.net\/congo-brazzaville\/#website\"},\"primaryImageOfPage\":{\"@id\":\"https:\/\/www.africa-press.net\/congo-brazzaville\/culture-et-art\/arts-de-scene-liit-congo-restitue-les-assises-de-fujairah#primaryimage\"},\"image\":{\"@id\":\"https:\/\/www.africa-press.net\/congo-brazzaville\/culture-et-art\/arts-de-scene-liit-congo-restitue-les-assises-de-fujairah#primaryimage\"},\"thumbnailUrl\":\"https:\/\/static.africa-press.net\/congo-brazzaville\/sites\/51\/2023\/03\/postQueueImg_1678180321.16.jpg\",\"datePublished\":\"2023-03-07T12:41:56+00:00\",\"dateModified\":\"2023-03-07T13:17:53+00:00\",\"author\":{\"@id\":\"https:\/\/www.africa-press.net\/congo-brazzaville\/#\/schema\/person\/2b1cf3cd81a31e3cd26889ca66d677f1\"},\"description\":\"Apre\u0300s avoir participe\u0301 au 36e Congre\u0300s mondial de l\u2019Institut international du the\u0301a\u0302tre (IIT) qui a eu lieu du 20 au ...\",\"breadcrumb\":{\"@id\":\"https:\/\/www.africa-press.net\/congo-brazzaville\/culture-et-art\/arts-de-scene-liit-congo-restitue-les-assises-de-fujairah#breadcrumb\"},\"inLanguage\":\"fr-FR\",\"potentialAction\":[{\"@type\":\"ReadAction\",\"target\":[\"https:\/\/www.africa-press.net\/congo-brazzaville\/culture-et-art\/arts-de-scene-liit-congo-restitue-les-assises-de-fujairah\"]}]},{\"@type\":\"ImageObject\",\"inLanguage\":\"fr-FR\",\"@id\":\"https:\/\/www.africa-press.net\/congo-brazzaville\/culture-et-art\/arts-de-scene-liit-congo-restitue-les-assises-de-fujairah#primaryimage\",\"url\":\"https:\/\/static.africa-press.net\/congo-brazzaville\/sites\/51\/2023\/03\/postQueueImg_1678180321.16.jpg\",\"contentUrl\":\"https:\/\/static.africa-press.net\/congo-brazzaville\/sites\/51\/2023\/03\/postQueueImg_1678180321.16.jpg\",\"width\":1024,\"height\":768,\"caption\":\"Arts de sc\u00e8ne : l\u2019IIT Congo restitue les assises de Fujairah\"},{\"@type\":\"BreadcrumbList\",\"@id\":\"https:\/\/www.africa-press.net\/congo-brazzaville\/culture-et-art\/arts-de-scene-liit-congo-restitue-les-assises-de-fujairah#breadcrumb\",\"itemListElement\":[{\"@type\":\"ListItem\",\"position\":1,\"name\":\"Accueil\",\"item\":\"https:\/\/www.africa-press.net\/congo-brazzaville\/\"},{\"@type\":\"ListItem\",\"position\":2,\"name\":\"Arts de sc\u00e8ne : l\u2019IIT Congo restitue les assises de Fujairah\"}]},{\"@type\":\"WebSite\",\"@id\":\"https:\/\/www.africa-press.net\/congo-brazzaville\/#website\",\"url\":\"https:\/\/www.africa-press.net\/congo-brazzaville\/\",\"name\":\"Congo Brazzaville\",\"description\":\"Just another Africa News Agency Sites site\",\"potentialAction\":[{\"@type\":\"SearchAction\",\"target\":{\"@type\":\"EntryPoint\",\"urlTemplate\":\"https:\/\/www.africa-press.net\/congo-brazzaville\/?s={search_term_string}\"},\"query-input\":{\"@type\":\"PropertyValueSpecification\",\"valueRequired\":true,\"valueName\":\"search_term_string\"}}],\"inLanguage\":\"fr-FR\"},{\"@type\":\"Person\",\"@id\":\"https:\/\/www.africa-press.net\/congo-brazzaville\/#\/schema\/person\/2b1cf3cd81a31e3cd26889ca66d677f1\",\"name\":\"cfeditorfr\"}]}<\/script>\n<!-- \/ Yoast SEO Premium plugin. -->","yoast_head_json":{"title":"Arts de sc\u00e8ne : l\u2019IIT Congo restitue les assises de Fujairah - Congo Brazzaville","description":"Apre\u0300s avoir participe\u0301 au 36e Congre\u0300s mondial de l\u2019Institut international du the\u0301a\u0302tre (IIT) qui a eu lieu du 20 au ...","robots":{"index":"index","follow":"follow","max-snippet":"max-snippet:-1","max-image-preview":"max-image-preview:large","max-video-preview":"max-video-preview:-1"},"canonical":"https:\/\/www.africa-press.net\/congo-brazzaville\/culture-et-art\/arts-de-scene-liit-congo-restitue-les-assises-de-fujairah","og_locale":"fr_FR","og_type":"article","og_title":"Arts de sc\u00e8ne : l\u2019IIT Congo restitue les assises de Fujairah","og_description":"Apre\u0300s avoir participe\u0301 au 36e Congre\u0300s mondial de l\u2019Institut international du the\u0301a\u0302tre (IIT) qui a eu lieu du 20 au ...","og_url":"https:\/\/www.africa-press.net\/congo-brazzaville\/culture-et-art\/arts-de-scene-liit-congo-restitue-les-assises-de-fujairah","og_site_name":"Congo Brazzaville","article_published_time":"2023-03-07T12:41:56+00:00","article_modified_time":"2023-03-07T13:17:53+00:00","og_image":[{"width":1024,"height":768,"url":"https:\/\/static.africa-press.net\/congo-brazzaville\/sites\/51\/2023\/03\/postQueueImg_1678180321.16.jpg","type":"image\/jpeg"}],"author":"cfeditorfr","twitter_card":"summary_large_image","twitter_misc":{"\u00c9crit par":"cfeditorfr","Dur\u00e9e de lecture estim\u00e9e":"3 minutes"},"schema":{"@context":"https:\/\/schema.org","@graph":[{"@type":"Article","@id":"https:\/\/www.africa-press.net\/congo-brazzaville\/culture-et-art\/arts-de-scene-liit-congo-restitue-les-assises-de-fujairah#article","isPartOf":{"@id":"https:\/\/www.africa-press.net\/congo-brazzaville\/culture-et-art\/arts-de-scene-liit-congo-restitue-les-assises-de-fujairah"},"author":{"name":"cfeditorfr","@id":"https:\/\/www.africa-press.net\/congo-brazzaville\/#\/schema\/person\/2b1cf3cd81a31e3cd26889ca66d677f1"},"headline":"Arts de sc\u00e8ne : l\u2019IIT Congo restitue les assises de Fujairah","datePublished":"2023-03-07T12:41:56+00:00","dateModified":"2023-03-07T13:17:53+00:00","mainEntityOfPage":{"@id":"https:\/\/www.africa-press.net\/congo-brazzaville\/culture-et-art\/arts-de-scene-liit-congo-restitue-les-assises-de-fujairah"},"wordCount":642,"commentCount":0,"image":{"@id":"https:\/\/www.africa-press.net\/congo-brazzaville\/culture-et-art\/arts-de-scene-liit-congo-restitue-les-assises-de-fujairah#primaryimage"},"thumbnailUrl":"https:\/\/static.africa-press.net\/congo-brazzaville\/sites\/51\/2023\/03\/postQueueImg_1678180321.16.jpg","keywords":["Africa Press","Africa Press-Congo Brazzaville","Congo Brazzaville"],"articleSection":["Culture et Art","Toutes les actualit\u00e9s"],"inLanguage":"fr-FR","potentialAction":[{"@type":"CommentAction","name":"Comment","target":["https:\/\/www.africa-press.net\/congo-brazzaville\/culture-et-art\/arts-de-scene-liit-congo-restitue-les-assises-de-fujairah#respond"]}]},{"@type":"WebPage","@id":"https:\/\/www.africa-press.net\/congo-brazzaville\/culture-et-art\/arts-de-scene-liit-congo-restitue-les-assises-de-fujairah","url":"https:\/\/www.africa-press.net\/congo-brazzaville\/culture-et-art\/arts-de-scene-liit-congo-restitue-les-assises-de-fujairah","name":"Arts de sc\u00e8ne : l\u2019IIT Congo restitue les assises de Fujairah - Congo Brazzaville","isPartOf":{"@id":"https:\/\/www.africa-press.net\/congo-brazzaville\/#website"},"primaryImageOfPage":{"@id":"https:\/\/www.africa-press.net\/congo-brazzaville\/culture-et-art\/arts-de-scene-liit-congo-restitue-les-assises-de-fujairah#primaryimage"},"image":{"@id":"https:\/\/www.africa-press.net\/congo-brazzaville\/culture-et-art\/arts-de-scene-liit-congo-restitue-les-assises-de-fujairah#primaryimage"},"thumbnailUrl":"https:\/\/static.africa-press.net\/congo-brazzaville\/sites\/51\/2023\/03\/postQueueImg_1678180321.16.jpg","datePublished":"2023-03-07T12:41:56+00:00","dateModified":"2023-03-07T13:17:53+00:00","author":{"@id":"https:\/\/www.africa-press.net\/congo-brazzaville\/#\/schema\/person\/2b1cf3cd81a31e3cd26889ca66d677f1"},"description":"Apre\u0300s avoir participe\u0301 au 36e Congre\u0300s mondial de l\u2019Institut international du the\u0301a\u0302tre (IIT) qui a eu lieu du 20 au ...","breadcrumb":{"@id":"https:\/\/www.africa-press.net\/congo-brazzaville\/culture-et-art\/arts-de-scene-liit-congo-restitue-les-assises-de-fujairah#breadcrumb"},"inLanguage":"fr-FR","potentialAction":[{"@type":"ReadAction","target":["https:\/\/www.africa-press.net\/congo-brazzaville\/culture-et-art\/arts-de-scene-liit-congo-restitue-les-assises-de-fujairah"]}]},{"@type":"ImageObject","inLanguage":"fr-FR","@id":"https:\/\/www.africa-press.net\/congo-brazzaville\/culture-et-art\/arts-de-scene-liit-congo-restitue-les-assises-de-fujairah#primaryimage","url":"https:\/\/static.africa-press.net\/congo-brazzaville\/sites\/51\/2023\/03\/postQueueImg_1678180321.16.jpg","contentUrl":"https:\/\/static.africa-press.net\/congo-brazzaville\/sites\/51\/2023\/03\/postQueueImg_1678180321.16.jpg","width":1024,"height":768,"caption":"Arts de sc\u00e8ne : l\u2019IIT Congo restitue les assises de Fujairah"},{"@type":"BreadcrumbList","@id":"https:\/\/www.africa-press.net\/congo-brazzaville\/culture-et-art\/arts-de-scene-liit-congo-restitue-les-assises-de-fujairah#breadcrumb","itemListElement":[{"@type":"ListItem","position":1,"name":"Accueil","item":"https:\/\/www.africa-press.net\/congo-brazzaville\/"},{"@type":"ListItem","position":2,"name":"Arts de sc\u00e8ne : l\u2019IIT Congo restitue les assises de Fujairah"}]},{"@type":"WebSite","@id":"https:\/\/www.africa-press.net\/congo-brazzaville\/#website","url":"https:\/\/www.africa-press.net\/congo-brazzaville\/","name":"Congo Brazzaville","description":"Just another Africa News Agency Sites site","potentialAction":[{"@type":"SearchAction","target":{"@type":"EntryPoint","urlTemplate":"https:\/\/www.africa-press.net\/congo-brazzaville\/?s={search_term_string}"},"query-input":{"@type":"PropertyValueSpecification","valueRequired":true,"valueName":"search_term_string"}}],"inLanguage":"fr-FR"},{"@type":"Person","@id":"https:\/\/www.africa-press.net\/congo-brazzaville\/#\/schema\/person\/2b1cf3cd81a31e3cd26889ca66d677f1","name":"cfeditorfr"}]}},"_links":{"self":[{"href":"https:\/\/www.africa-press.net\/congo-brazzaville\/wp-json\/wp\/v2\/posts\/15276","targetHints":{"allow":["GET"]}}],"collection":[{"href":"https:\/\/www.africa-press.net\/congo-brazzaville\/wp-json\/wp\/v2\/posts"}],"about":[{"href":"https:\/\/www.africa-press.net\/congo-brazzaville\/wp-json\/wp\/v2\/types\/post"}],"author":[{"embeddable":true,"href":"https:\/\/www.africa-press.net\/congo-brazzaville\/wp-json\/wp\/v2\/users\/82"}],"replies":[{"embeddable":true,"href":"https:\/\/www.africa-press.net\/congo-brazzaville\/wp-json\/wp\/v2\/comments?post=15276"}],"version-history":[{"count":0,"href":"https:\/\/www.africa-press.net\/congo-brazzaville\/wp-json\/wp\/v2\/posts\/15276\/revisions"}],"wp:featuredmedia":[{"embeddable":true,"href":"https:\/\/www.africa-press.net\/congo-brazzaville\/wp-json\/wp\/v2\/media\/15275"}],"wp:attachment":[{"href":"https:\/\/www.africa-press.net\/congo-brazzaville\/wp-json\/wp\/v2\/media?parent=15276"}],"wp:term":[{"taxonomy":"category","embeddable":true,"href":"https:\/\/www.africa-press.net\/congo-brazzaville\/wp-json\/wp\/v2\/categories?post=15276"},{"taxonomy":"post_tag","embeddable":true,"href":"https:\/\/www.africa-press.net\/congo-brazzaville\/wp-json\/wp\/v2\/tags?post=15276"}],"curies":[{"name":"wp","href":"https:\/\/api.w.org\/{rel}","templated":true}]}}